{"id":7916,"date":"2024-05-10T00:55:13","date_gmt":"2024-05-10T03:55:13","guid":{"rendered":"https:\/\/nahuelproducciones.com.ar\/radioquijano\/?p=7916"},"modified":"2024-05-10T00:55:14","modified_gmt":"2024-05-10T03:55:14","slug":"se-asistieron-a-mas-de-40-municipios-por-emergencias-climaticas-en-el-periodo-estival","status":"publish","type":"post","link":"https:\/\/nahuelproducciones.com.ar\/radioquijano\/se-asistieron-a-mas-de-40-municipios-por-emergencias-climaticas-en-el-periodo-estival\/","title":{"rendered":"Se asistieron a m\u00e1s de 40 municipios por emergencias clim\u00e1ticas en el periodo estival"},"content":{"rendered":"\n<p>Desde el Ministerio de Desarrollo Social se brind\u00f3 un balance del trabajo realizado desde diciembre a abril en el que se registraron m\u00e1s de 106 alertas meteorol\u00f3gicas y se pudo asistir a miles de salte\u00f1os afectados por las lluvias.<\/p>\n\n\n\n<p>Siendo el&nbsp;<strong>Ministerio de Desarrollo Social<\/strong>&nbsp;el responsable del comit\u00e9 de emergencia climatol\u00f3gica del gobierno provincial, se brind\u00f3 un balance de la asistencia de esta cartera en el periodo estival. Seg\u00fan detall\u00f3 el ministro&nbsp;<strong>Mario Mimessi<\/strong>&nbsp;se asistieron a 43 municipios salte\u00f1os ante las inclemencias clim\u00e1ticas en un a\u00f1o que tuvo la particularidad de estar bajo el fen\u00f3meno de El Ni\u00f1o.<\/p>\n\n\n\n<p>En muchos casos los municipios fueron asistidos en reiteradas oportunidades debido a las intensas lluvias. Fueron m\u00e1s de 5.000 familias a las se les brind\u00f3 una contenci\u00f3n en casos de anegamientos de los distintos parajes y municipios salte\u00f1os. En el caso de las asistencias a\u00e9reas, con m\u00e1s de 5 mil m\u00f3dulos se pudieron realizar m\u00e1s de 40 vuelos de asistencia a\u00e9rea para las comunidades originarias que se encontraban aisladas. Respecto a las asistencias terrestres se brindaron m\u00e1s de 5 mil m\u00f3dulos, chapas, colchones y dem\u00e1s elementos de primera necesidad.<\/p>\n\n\n\n<p>Cabe destacar que desde Desarrollo Social por medio de la direcci\u00f3n de Asistencia Cr\u00edtica se realizan constantes consultas con los municipios ante las precipitaciones para conocer la necesidad de asistencia que requiera cada comuna. Es all\u00ed donde se articulan los trabajos para brindar la contenci\u00f3n a las familias que lo requieran. En este sentido se destac\u00f3 el \u00f3ptimo funcionamiento de los CRECS (Centros de Recursos para Emergencias Clim\u00e1ticas), que tienen por finalidad anticiparse y planificar previamente la contenci\u00f3n ante la temporada de lluvias y crecidas, para proporcionar recursos a las familias que permanezcan en sus lugares de residencia pese a las contingencias clim\u00e1ticas.&nbsp;<\/p>\n\n\n\n<p>\u201cDurante casi cinco meses trabajamos codo a codo junto a los municipios ante las m\u00e1s de 100 alertas meteorol\u00f3gicas que se registraron, teniendo en cuenta que la diversidad geogr\u00e1fica nos requiere de intervenciones terrestres y a\u00e9reas. Ante cada precipitaci\u00f3n el gobierno de la Provincia estuvo presente en cada uno de los municipios, con asistencias alimentarias y de otros elementos como chapas, kits de limpieza, colchones y dem\u00e1s\u201d dijo Mimessi.<br>&nbsp;<\/p>\n\n\n<div class=\"wp-block-image\">\n<figure class=\"aligncenter is-resized\"><a href=\"https:\/\/www.salta.gob.ar\/public\/images\/noticias\/contenidos\/11983-se-asistieron-a-mas-de-40-municipios-por-emergencias-climaticas-en-el-periodo-estival.jpeg\"><img loading=\"lazy\" decoding=\"async\" src=\"https:\/\/www.salta.gob.ar\/public\/images\/noticias\/contenidos\/11983-se-asistieron-a-mas-de-40-municipios-por-emergencias-climaticas-en-el-periodo-estival.jpeg\" alt=\"Se asistieron a m\u00e1s de 40 municipios por emergencias clim\u00e1ticas en el periodo estival\" width=\"515\" height=\"289\"\/><\/a><\/figure><\/div>\n\n\n<p>Adem\u00e1s, el Ministro resalt\u00f3 que este a\u00f1o se est\u00e1n implementando asistencias post emergencia. El \u00abProyecto Post-Emergencia\u00bb, es una iniciativa que busca complementar la asistencia que brinda el estado ante una contingencia; a trav\u00e9s del trabajo que realizan en una pr\u00f3xima instancia equipos t\u00e9cnicos de la Direcci\u00f3n de Integraci\u00f3n Socio Urbana.&nbsp;<\/p>\n\n\n\n<p>Se realizan trabajos en la mitigaci\u00f3n de eventuales emergencias que puedan afectar con posterioridad ante nuevas contingencias, a familias que resultan damnificadas por eventos clim\u00e1ticos. Se les brind\u00f3 capacitaciones en cuestiones t\u00e9cnicas junto a los equipos municipales para poder establecer esquemas de prioridades que posibiliten una respuesta m\u00e1s eficaz ante una contingencia.<br>&nbsp;<\/p>\n\n\n\n<p>\u201cFue un a\u00f1o especial con 106 alertas meteorol\u00f3gicas por la gran cantidad de agua que cay\u00f3, pero logramos estar en cada lugar en el que fue necesaria la presencia del estado. Las precipitaciones de diciembre hasta marzo fueron significativas superando la media\u201d destac\u00f3 el Ministro.<\/p>\n\n\n\n<p>Finalmente, Mimessi aprovech\u00f3 la oportunidad para agradecer al equipo del Ministerio que trabaj\u00f3 incansablemente para llegar a cada rinc\u00f3n de la provincia especialmente a la Direcci\u00f3n de Asistencia Cr\u00edtica y Protocolo, quienes son los principales responsables de brindar la asistencia. Este equipo depende de la secretar\u00eda de Pol\u00edticas Sociales que trabaja de forma coordinada con otras \u00e1reas de este ministerio.<br>&nbsp;<\/p>\n\n\n<div class=\"wp-block-image\">\n<figure class=\"aligncenter is-resized\"><a href=\"https:\/\/www.salta.gob.ar\/public\/images\/noticias\/contenidos\/11984-se-asistieron-a-mas-de-40-municipios-por-emergencias-climaticas-en-el-periodo-estival.jpeg\"><img loading=\"lazy\" decoding=\"async\" src=\"https:\/\/www.salta.gob.ar\/public\/images\/noticias\/contenidos\/11984-se-asistieron-a-mas-de-40-municipios-por-emergencias-climaticas-en-el-periodo-estival.jpeg\" alt=\"Se asistieron a m\u00e1s de 40 municipios por emergencias clim\u00e1ticas en el periodo estival\" width=\"515\" height=\"289\"\/><\/a><\/figure><\/div>\n\n<div class=\"wp-block-image\">\n<figure class=\"aligncenter size-full is-resized\"><img loading=\"lazy\" decoding=\"async\" src=\"https:\/\/nahuelproducciones.com.ar\/radioquijano\/wp-content\/uploads\/2024\/05\/image-2.png\" alt=\"\" class=\"wp-image-7918\" width=\"515\" height=\"290\" srcset=\"https:\/\/nahuelproducciones.com.ar\/radioquijano\/wp-content\/uploads\/2024\/05\/image-2.png 560w, https:\/\/nahuelproducciones.com.ar\/radioquijano\/wp-content\/uploads\/2024\/05\/image-2-300x169.png 300w, https:\/\/nahuelproducciones.com.ar\/radioquijano\/wp-content\/uploads\/2024\/05\/image-2-150x84.png 150w\" sizes=\"auto, (max-width: 515px) 100vw, 515px\" \/><\/figure><\/div>\n\n\n<p><a href=\"https:\/\/www.salta.gob.ar\/public\/images\/noticias\/fotos\/6698-se-asistieron-a-mas-de-40-municipios-por-emergencias-climaticas-en-el-periodo-estival.jpeg\"><\/a><\/p>\n\n\n\n<p><a href=\"https:\/\/www.salta.gob.ar\/public\/images\/noticias\/fotos\/6699-se-asistieron-a-mas-de-40-municipios-por-emergencias-climaticas-en-el-periodo-estival.jpeg\"><\/a><\/p>\n\n\n\n<hr class=\"wp-block-separator has-alpha-channel-opacity\"\/>\n\n\n\n<h2 class=\"wp-block-heading\">Video Relacionado<\/h2>\n\n\n\n<hr class=\"wp-block-separator has-alpha-channel-opacity\"\/>\n\n\n\n<figure class=\"wp-block-embed is-type-rich is-provider-gestor-del-servicio wp-block-embed-gestor-del-servicio wp-embed-aspect-16-9 wp-has-aspect-ratio\"><div class=\"wp-block-embed__wrapper\">\n<iframe loading=\"lazy\" title=\"Se asistieron a m\u00e1s de 40 municipios por emergencias clim\u00e1ticas en el periodo estival\" width=\"640\" height=\"360\" src=\"https:\/\/www.youtube.com\/embed\/Sbz8Ojf_jPg?feature=oembed\" frameborder=\"0\" allow=\"accelerometer; autoplay; clipboard-write; encrypted-media; gyroscope; picture-in-picture; web-share\" referrerpolicy=\"strict-origin-when-cross-origin\" allowfullscreen><\/iframe>\n<\/div><\/figure>\n\n\n\n<p>Fuente:&nbsp;<strong>Secretar\u00eda de Prensa y Comunicaci\u00f3n<\/strong><\/p>\n","protected":false},"excerpt":{"rendered":"<p>Desde el Ministerio de Desarrollo Social se brind\u00f3 un balance del trabajo realizado desde diciembre a abril en el que se registraron m\u00e1s de 106 alertas meteorol\u00f3gicas y se pudo asistir a miles de salte\u00f1os afectados por las lluvias. Siendo el&nbsp;Ministerio de Desarrollo Social&nbsp;el responsable del comit\u00e9 de emergencia climatol\u00f3gica del gobierno provincial, se brind\u00f3 [&hellip;]<\/p>\n","protected":false},"author":8,"featured_media":7919,"comment_status":"open","ping_status":"open","sticky":false,"template":"","format":"standard","meta":{"_monsterinsights_skip_tracking":false,"_monsterinsights_sitenote_active":false,"_monsterinsights_sitenote_note":"","_monsterinsights_sitenote_category":0,"footnotes":""},"categories":[16],"tags":[],"class_list":["post-7916","post","type-post","status-publish","format-standard","has-post-thumbnail","hentry","category-noticias"],"yoast_head":"<!-- This site is optimized with the Yoast SEO plugin v20.8 - https:\/\/yoast.com\/wordpress\/plugins\/seo\/ -->\n<title>Se asistieron a m\u00e1s de 40 municipios por emergencias clim\u00e1ticas en el periodo estival - RQ 99.9<\/title>\n<meta name=\"description\" content=\"Ante cada precipitaci\u00f3n el gobierno de la Provincia estuvo presente en cada uno de los municipios, con asistencias alimentarias y de otros elementos como chapas, kits de limpieza, colchones y dem\u00e1s\u201d dijo Mimessi.\" \/>\n<meta name=\"robots\" content=\"index, follow, max-snippet:-1, max-image-preview:large, max-video-preview:-1\" \/>\n<link rel=\"canonical\" href=\"https:\/\/nahuelproducciones.com.ar\/radioquijano\/se-asistieron-a-mas-de-40-municipios-por-emergencias-climaticas-en-el-periodo-estival\/\" \/>\n<meta property=\"og:locale\" content=\"es_ES\" \/>\n<meta property=\"og:type\" content=\"article\" \/>\n<meta property=\"og:title\" content=\"Se asistieron a m\u00e1s de 40 municipios por emergencias clim\u00e1ticas en el periodo estival - RQ 99.9\" \/>\n<meta property=\"og:description\" content=\"Ante cada precipitaci\u00f3n el gobierno de la Provincia estuvo presente en cada uno de los municipios, con asistencias alimentarias y de otros elementos como chapas, kits de limpieza, colchones y dem\u00e1s\u201d dijo Mimessi.\" \/>\n<meta property=\"og:url\" content=\"https:\/\/nahuelproducciones.com.ar\/radioquijano\/se-asistieron-a-mas-de-40-municipios-por-emergencias-climaticas-en-el-periodo-estival\/\" \/>\n<meta property=\"og:site_name\" content=\"RQ 99.9\" \/>\n<meta property=\"article:publisher\" content=\"https:\/\/www.facebook.com\/nahuelproducciones999\/\" \/>\n<meta property=\"article:published_time\" content=\"2024-05-10T03:55:13+00:00\" \/>\n<meta property=\"article:modified_time\" content=\"2024-05-10T03:55:14+00:00\" \/>\n<meta property=\"og:image\" content=\"https:\/\/nahuelproducciones.com.ar\/radioquijano\/wp-content\/uploads\/2024\/05\/95494-se-asistieron-a-mas-de-40-municipios-por-emergencias-climaticas-en-el-periodo-estival-e1715312859963.jpg\" \/>\n\t<meta property=\"og:image:width\" content=\"700\" \/>\n\t<meta property=\"og:image:height\" content=\"394\" \/>\n\t<meta property=\"og:image:type\" content=\"image\/jpeg\" \/>\n<meta name=\"author\" content=\"Cecilia Pastrana\" \/>\n<meta name=\"twitter:card\" content=\"summary_large_image\" \/>\n<meta name=\"twitter:creator\" content=\"@nahuproduciones\" \/>\n<meta name=\"twitter:site\" content=\"@nahuproduciones\" \/>\n<meta name=\"twitter:label1\" content=\"Escrito por\" \/>\n\t<meta name=\"twitter:data1\" content=\"Cecilia Pastrana\" \/>\n\t<meta name=\"twitter:label2\" content=\"Tiempo de lectura\" \/>\n\t<meta name=\"twitter:data2\" content=\"4 minutos\" \/>\n<script type=\"application\/ld+json\" class=\"yoast-schema-graph\">{\"@context\":\"https:\/\/schema.org\",\"@graph\":[{\"@type\":\"WebPage\",\"@id\":\"https:\/\/nahuelproducciones.com.ar\/radioquijano\/se-asistieron-a-mas-de-40-municipios-por-emergencias-climaticas-en-el-periodo-estival\/\",\"url\":\"https:\/\/nahuelproducciones.com.ar\/radioquijano\/se-asistieron-a-mas-de-40-municipios-por-emergencias-climaticas-en-el-periodo-estival\/\",\"name\":\"Se asistieron a m\u00e1s de 40 municipios por emergencias clim\u00e1ticas en el periodo estival - RQ 99.9\",\"isPartOf\":{\"@id\":\"https:\/\/nahuelproducciones.com.ar\/radioquijano\/#website\"},\"datePublished\":\"2024-05-10T03:55:13+00:00\",\"dateModified\":\"2024-05-10T03:55:14+00:00\",\"author\":{\"@id\":\"https:\/\/nahuelproducciones.com.ar\/radioquijano\/#\/schema\/person\/e8a4f939e2cb487fe6d0c54042c9d32c\"},\"description\":\"Ante cada precipitaci\u00f3n el gobierno de la Provincia estuvo presente en cada uno de los municipios, con asistencias alimentarias y de otros elementos como chapas, kits de limpieza, colchones y dem\u00e1s\u201d dijo Mimessi.\",\"breadcrumb\":{\"@id\":\"https:\/\/nahuelproducciones.com.ar\/radioquijano\/se-asistieron-a-mas-de-40-municipios-por-emergencias-climaticas-en-el-periodo-estival\/#breadcrumb\"},\"inLanguage\":\"es\",\"potentialAction\":[{\"@type\":\"ReadAction\",\"target\":[\"https:\/\/nahuelproducciones.com.ar\/radioquijano\/se-asistieron-a-mas-de-40-municipios-por-emergencias-climaticas-en-el-periodo-estival\/\"]}]},{\"@type\":\"BreadcrumbList\",\"@id\":\"https:\/\/nahuelproducciones.com.ar\/radioquijano\/se-asistieron-a-mas-de-40-municipios-por-emergencias-climaticas-en-el-periodo-estival\/#breadcrumb\",\"itemListElement\":[{\"@type\":\"ListItem\",\"position\":1,\"name\":\"Portada\",\"item\":\"https:\/\/nahuelproducciones.com.ar\/radioquijano\/\"},{\"@type\":\"ListItem\",\"position\":2,\"name\":\"Se asistieron a m\u00e1s de 40 municipios por emergencias clim\u00e1ticas en el periodo estival\"}]},{\"@type\":\"WebSite\",\"@id\":\"https:\/\/nahuelproducciones.com.ar\/radioquijano\/#website\",\"url\":\"https:\/\/nahuelproducciones.com.ar\/radioquijano\/\",\"name\":\"RQ 99.9\",\"description\":\"Radio Quijano 99.9 MHz\",\"potentialAction\":[{\"@type\":\"SearchAction\",\"target\":{\"@type\":\"EntryPoint\",\"urlTemplate\":\"https:\/\/nahuelproducciones.com.ar\/radioquijano\/?s={search_term_string}\"},\"query-input\":\"required name=search_term_string\"}],\"inLanguage\":\"es\"},{\"@type\":\"Person\",\"@id\":\"https:\/\/nahuelproducciones.com.ar\/radioquijano\/#\/schema\/person\/e8a4f939e2cb487fe6d0c54042c9d32c\",\"name\":\"Cecilia Pastrana\",\"image\":{\"@type\":\"ImageObject\",\"inLanguage\":\"es\",\"@id\":\"https:\/\/nahuelproducciones.com.ar\/radioquijano\/#\/schema\/person\/image\/\",\"url\":\"https:\/\/secure.gravatar.com\/avatar\/661a3ef63a8488d4f2794ed44af8cf71420f7e106f3072c40125114df5157749?s=96&d=mm&r=g\",\"contentUrl\":\"https:\/\/secure.gravatar.com\/avatar\/661a3ef63a8488d4f2794ed44af8cf71420f7e106f3072c40125114df5157749?s=96&d=mm&r=g\",\"caption\":\"Cecilia Pastrana\"},\"sameAs\":[\"cecy\"],\"url\":\"https:\/\/nahuelproducciones.com.ar\/radioquijano\/author\/cecy\/\"}]}<\/script>\n<!-- \/ Yoast SEO plugin. -->","yoast_head_json":{"title":"Se asistieron a m\u00e1s de 40 municipios por emergencias clim\u00e1ticas en el periodo estival - RQ 99.9","description":"Ante cada precipitaci\u00f3n el gobierno de la Provincia estuvo presente en cada uno de los municipios, con asistencias alimentarias y de otros elementos como chapas, kits de limpieza, colchones y dem\u00e1s\u201d dijo Mimessi.","robots":{"index":"index","follow":"follow","max-snippet":"max-snippet:-1","max-image-preview":"max-image-preview:large","max-video-preview":"max-video-preview:-1"},"canonical":"https:\/\/nahuelproducciones.com.ar\/radioquijano\/se-asistieron-a-mas-de-40-municipios-por-emergencias-climaticas-en-el-periodo-estival\/","og_locale":"es_ES","og_type":"article","og_title":"Se asistieron a m\u00e1s de 40 municipios por emergencias clim\u00e1ticas en el periodo estival - RQ 99.9","og_description":"Ante cada precipitaci\u00f3n el gobierno de la Provincia estuvo presente en cada uno de los municipios, con asistencias alimentarias y de otros elementos como chapas, kits de limpieza, colchones y dem\u00e1s\u201d dijo Mimessi.","og_url":"https:\/\/nahuelproducciones.com.ar\/radioquijano\/se-asistieron-a-mas-de-40-municipios-por-emergencias-climaticas-en-el-periodo-estival\/","og_site_name":"RQ 99.9","article_publisher":"https:\/\/www.facebook.com\/nahuelproducciones999\/","article_published_time":"2024-05-10T03:55:13+00:00","article_modified_time":"2024-05-10T03:55:14+00:00","og_image":[{"width":700,"height":394,"url":"https:\/\/nahuelproducciones.com.ar\/radioquijano\/wp-content\/uploads\/2024\/05\/95494-se-asistieron-a-mas-de-40-municipios-por-emergencias-climaticas-en-el-periodo-estival-e1715312859963.jpg","type":"image\/jpeg"}],"author":"Cecilia Pastrana","twitter_card":"summary_large_image","twitter_creator":"@nahuproduciones","twitter_site":"@nahuproduciones","twitter_misc":{"Escrito por":"Cecilia Pastrana","Tiempo de lectura":"4 minutos"},"schema":{"@context":"https:\/\/schema.org","@graph":[{"@type":"WebPage","@id":"https:\/\/nahuelproducciones.com.ar\/radioquijano\/se-asistieron-a-mas-de-40-municipios-por-emergencias-climaticas-en-el-periodo-estival\/","url":"https:\/\/nahuelproducciones.com.ar\/radioquijano\/se-asistieron-a-mas-de-40-municipios-por-emergencias-climaticas-en-el-periodo-estival\/","name":"Se asistieron a m\u00e1s de 40 municipios por emergencias clim\u00e1ticas en el periodo estival - RQ 99.9","isPartOf":{"@id":"https:\/\/nahuelproducciones.com.ar\/radioquijano\/#website"},"datePublished":"2024-05-10T03:55:13+00:00","dateModified":"2024-05-10T03:55:14+00:00","author":{"@id":"https:\/\/nahuelproducciones.com.ar\/radioquijano\/#\/schema\/person\/e8a4f939e2cb487fe6d0c54042c9d32c"},"description":"Ante cada precipitaci\u00f3n el gobierno de la Provincia estuvo presente en cada uno de los municipios, con asistencias alimentarias y de otros elementos como chapas, kits de limpieza, colchones y dem\u00e1s\u201d dijo Mimessi.","breadcrumb":{"@id":"https:\/\/nahuelproducciones.com.ar\/radioquijano\/se-asistieron-a-mas-de-40-municipios-por-emergencias-climaticas-en-el-periodo-estival\/#breadcrumb"},"inLanguage":"es","potentialAction":[{"@type":"ReadAction","target":["https:\/\/nahuelproducciones.com.ar\/radioquijano\/se-asistieron-a-mas-de-40-municipios-por-emergencias-climaticas-en-el-periodo-estival\/"]}]},{"@type":"BreadcrumbList","@id":"https:\/\/nahuelproducciones.com.ar\/radioquijano\/se-asistieron-a-mas-de-40-municipios-por-emergencias-climaticas-en-el-periodo-estival\/#breadcrumb","itemListElement":[{"@type":"ListItem","position":1,"name":"Portada","item":"https:\/\/nahuelproducciones.com.ar\/radioquijano\/"},{"@type":"ListItem","position":2,"name":"Se asistieron a m\u00e1s de 40 municipios por emergencias clim\u00e1ticas en el periodo estival"}]},{"@type":"WebSite","@id":"https:\/\/nahuelproducciones.com.ar\/radioquijano\/#website","url":"https:\/\/nahuelproducciones.com.ar\/radioquijano\/","name":"RQ 99.9","description":"Radio Quijano 99.9 MHz","potentialAction":[{"@type":"SearchAction","target":{"@type":"EntryPoint","urlTemplate":"https:\/\/nahuelproducciones.com.ar\/radioquijano\/?s={search_term_string}"},"query-input":"required name=search_term_string"}],"inLanguage":"es"},{"@type":"Person","@id":"https:\/\/nahuelproducciones.com.ar\/radioquijano\/#\/schema\/person\/e8a4f939e2cb487fe6d0c54042c9d32c","name":"Cecilia Pastrana","image":{"@type":"ImageObject","inLanguage":"es","@id":"https:\/\/nahuelproducciones.com.ar\/radioquijano\/#\/schema\/person\/image\/","url":"https:\/\/secure.gravatar.com\/avatar\/661a3ef63a8488d4f2794ed44af8cf71420f7e106f3072c40125114df5157749?s=96&d=mm&r=g","contentUrl":"https:\/\/secure.gravatar.com\/avatar\/661a3ef63a8488d4f2794ed44af8cf71420f7e106f3072c40125114df5157749?s=96&d=mm&r=g","caption":"Cecilia Pastrana"},"sameAs":["cecy"],"url":"https:\/\/nahuelproducciones.com.ar\/radioquijano\/author\/cecy\/"}]}},"_links":{"self":[{"href":"https:\/\/nahuelproducciones.com.ar\/radioquijano\/wp-json\/wp\/v2\/posts\/7916","targetHints":{"allow":["GET"]}}],"collection":[{"href":"https:\/\/nahuelproducciones.com.ar\/radioquijano\/wp-json\/wp\/v2\/posts"}],"about":[{"href":"https:\/\/nahuelproducciones.com.ar\/radioquijano\/wp-json\/wp\/v2\/types\/post"}],"author":[{"embeddable":true,"href":"https:\/\/nahuelproducciones.com.ar\/radioquijano\/wp-json\/wp\/v2\/users\/8"}],"replies":[{"embeddable":true,"href":"https:\/\/nahuelproducciones.com.ar\/radioquijano\/wp-json\/wp\/v2\/comments?post=7916"}],"version-history":[{"count":1,"href":"https:\/\/nahuelproducciones.com.ar\/radioquijano\/wp-json\/wp\/v2\/posts\/7916\/revisions"}],"predecessor-version":[{"id":7921,"href":"https:\/\/nahuelproducciones.com.ar\/radioquijano\/wp-json\/wp\/v2\/posts\/7916\/revisions\/7921"}],"wp:featuredmedia":[{"embeddable":true,"href":"https:\/\/nahuelproducciones.com.ar\/radioquijano\/wp-json\/wp\/v2\/media\/7919"}],"wp:attachment":[{"href":"https:\/\/nahuelproducciones.com.ar\/radioquijano\/wp-json\/wp\/v2\/media?parent=7916"}],"wp:term":[{"taxonomy":"category","embeddable":true,"href":"https:\/\/nahuelproducciones.com.ar\/radioquijano\/wp-json\/wp\/v2\/categories?post=7916"},{"taxonomy":"post_tag","embeddable":true,"href":"https:\/\/nahuelproducciones.com.ar\/radioquijano\/wp-json\/wp\/v2\/tags?post=7916"}],"curies":[{"name":"wp","href":"https:\/\/api.w.org\/{rel}","templated":true}]}}