{"id":7927,"date":"2024-05-10T01:28:25","date_gmt":"2024-05-10T04:28:25","guid":{"rendered":"https:\/\/nahuelproducciones.com.ar\/radioquijano\/?p=7927"},"modified":"2024-05-10T01:28:27","modified_gmt":"2024-05-10T04:28:27","slug":"18-de-mayo-desfile-de-moda-temporada-otono-invierno-desde-la-parroquia","status":"publish","type":"post","link":"https:\/\/nahuelproducciones.com.ar\/radioquijano\/18-de-mayo-desfile-de-moda-temporada-otono-invierno-desde-la-parroquia\/","title":{"rendered":"\u00a018 de mayo \u00abDesfile de moda, temporada Oto\u00f1o &#8211; Invierno\u00bb\u00a0desde la Parroquia."},"content":{"rendered":"\n<p>De cara a la temporada llega el Desfile de moda organizado por La legi\u00f3n de Mar\u00eda de la Parroquia Santiago Ap\u00f3stol.<\/p>\n\n\n\n<p>En comunicaci\u00f3n telef\u00f3nica con RQ9.9Mhz, el Presidente del Apostolado de La Legi\u00f3n de Mar\u00eda,  Javier M\u00e9ndez cont\u00f3 que el Padre de la Parroquia les cedi\u00f3 el espacio que antes era de la  biblioteca para que realicen sus reuniones, pero  est\u00e1n buscando ahora ampliarlo y por eso est\u00e1n solicitando la ayuda de la comunidad.<\/p>\n\n\n\n<p>Para esta causa est\u00e1n organizando un desfile de Moda en donde los emprendedores est\u00e1n invitados a mostrar sus trabajos en la Pasarela y que ser\u00e1 una buena oportunidad para vender sus producciones.\u00a0<\/p>\n\n\n\n<p>Invit\u00f3 a toda la comunidad a participar el 18 de mayo a hs 20:00 hs en Casa de la Cultura y acompa\u00f1ar con la compra de la entrada que tiene un monto de 1.500 pesos.<\/p>\n\n\n\n<p>Los emprendedores que quieran participar en la venta y en la muestras de sus producciones pueden presentarse hasta el 15 o 16 de mayo para coordinar.<\/p>\n\n\n\n<p>Desfile, tendencias y experiencias que se vivir\u00e1n con el fin de ampliar y refuncionalizar un espacio de la Parroquia que ser\u00e1 en beneficio de todos.<\/p>\n\n\n\n<p>Reserva tu entrada al:\u00a0387 5040122 de Estela \u00a0y el 387 2132225 de Adriana.<\/p>\n\n\n\n<p><\/p>\n\n\n\n<figure class=\"wp-block-audio\"><audio controls src=\"https:\/\/nahuelproducciones.com.ar\/radioquijano\/wp-content\/uploads\/2024\/05\/08-05-2024-JAVIERMENDEZ-DESFILE-DE-MODA-POR-LA-PARROQUIA-PAEA-MEJORAR-EL-SALON-DE-LA-EXBIBKIOTECA.mp3\"><\/audio><\/figure>\n","protected":false},"excerpt":{"rendered":"<p>De cara a la temporada llega el Desfile de moda organizado por La legi\u00f3n de Mar\u00eda de la Parroquia Santiago Ap\u00f3stol. En comunicaci\u00f3n telef\u00f3nica con RQ9.9Mhz, el Presidente del Apostolado de La Legi\u00f3n de Mar\u00eda, Javier M\u00e9ndez cont\u00f3 que el Padre de la Parroquia les cedi\u00f3 el espacio que antes era de la biblioteca para [&hellip;]<\/p>\n","protected":false},"author":8,"featured_media":7929,"comment_status":"open","ping_status":"open","sticky":false,"template":"","format":"standard","meta":{"_monsterinsights_skip_tracking":false,"_monsterinsights_sitenote_active":false,"_monsterinsights_sitenote_note":"","_monsterinsights_sitenote_category":0,"footnotes":""},"categories":[16],"tags":[1536,100,1537],"class_list":["post-7927","post","type-post","status-publish","format-standard","has-post-thumbnail","hentry","category-noticias","tag-desfile-de-moda","tag-municipio-de-campo-quijano","tag-temporada-otono-invierno"],"yoast_head":"<!-- This site is optimized with the Yoast SEO plugin v20.8 - https:\/\/yoast.com\/wordpress\/plugins\/seo\/ -->\n<title>\u00a018 de mayo &quot;Desfile de moda, temporada Oto\u00f1o - Invierno&quot;\u00a0desde la Parroquia. - RQ 99.9<\/title>\n<meta name=\"description\" content=\"Invit\u00f3 a toda la comunidad a participar el 18 de mayo a hs 20:00 hs en Casa de la Cultura\" \/>\n<meta name=\"robots\" content=\"index, follow, max-snippet:-1, max-image-preview:large, max-video-preview:-1\" \/>\n<link rel=\"canonical\" href=\"https:\/\/nahuelproducciones.com.ar\/radioquijano\/18-de-mayo-desfile-de-moda-temporada-otono-invierno-desde-la-parroquia\/\" \/>\n<meta property=\"og:locale\" content=\"es_ES\" \/>\n<meta property=\"og:type\" content=\"article\" \/>\n<meta property=\"og:title\" content=\"\u00a018 de mayo &quot;Desfile de moda, temporada Oto\u00f1o - Invierno&quot;\u00a0desde la Parroquia. - RQ 99.9\" \/>\n<meta property=\"og:description\" content=\"Invit\u00f3 a toda la comunidad a participar el 18 de mayo a hs 20:00 hs en Casa de la Cultura\" \/>\n<meta property=\"og:url\" content=\"https:\/\/nahuelproducciones.com.ar\/radioquijano\/18-de-mayo-desfile-de-moda-temporada-otono-invierno-desde-la-parroquia\/\" \/>\n<meta property=\"og:site_name\" content=\"RQ 99.9\" \/>\n<meta property=\"article:publisher\" content=\"https:\/\/www.facebook.com\/nahuelproducciones999\/\" \/>\n<meta property=\"article:published_time\" content=\"2024-05-10T04:28:25+00:00\" \/>\n<meta property=\"article:modified_time\" content=\"2024-05-10T04:28:27+00:00\" \/>\n<meta property=\"og:image\" content=\"https:\/\/nahuelproducciones.com.ar\/radioquijano\/wp-content\/uploads\/2024\/05\/440336456_448467621035402_131220909431392436_n-e1715315299280.jpg\" \/>\n\t<meta property=\"og:image:width\" content=\"700\" \/>\n\t<meta property=\"og:image:height\" content=\"700\" \/>\n\t<meta property=\"og:image:type\" content=\"image\/jpeg\" \/>\n<meta name=\"author\" content=\"Cecilia Pastrana\" \/>\n<meta name=\"twitter:card\" content=\"summary_large_image\" \/>\n<meta name=\"twitter:creator\" content=\"@nahuproduciones\" \/>\n<meta name=\"twitter:site\" content=\"@nahuproduciones\" \/>\n<meta name=\"twitter:label1\" content=\"Escrito por\" \/>\n\t<meta name=\"twitter:data1\" content=\"Cecilia Pastrana\" \/>\n\t<meta name=\"twitter:label2\" content=\"Tiempo de lectura\" \/>\n\t<meta name=\"twitter:data2\" content=\"1 minuto\" \/>\n<script type=\"application\/ld+json\" class=\"yoast-schema-graph\">{\"@context\":\"https:\/\/schema.org\",\"@graph\":[{\"@type\":\"WebPage\",\"@id\":\"https:\/\/nahuelproducciones.com.ar\/radioquijano\/18-de-mayo-desfile-de-moda-temporada-otono-invierno-desde-la-parroquia\/\",\"url\":\"https:\/\/nahuelproducciones.com.ar\/radioquijano\/18-de-mayo-desfile-de-moda-temporada-otono-invierno-desde-la-parroquia\/\",\"name\":\"\u00a018 de mayo \\\"Desfile de moda, temporada Oto\u00f1o - Invierno\\\"\u00a0desde la Parroquia. - RQ 99.9\",\"isPartOf\":{\"@id\":\"https:\/\/nahuelproducciones.com.ar\/radioquijano\/#website\"},\"datePublished\":\"2024-05-10T04:28:25+00:00\",\"dateModified\":\"2024-05-10T04:28:27+00:00\",\"author\":{\"@id\":\"https:\/\/nahuelproducciones.com.ar\/radioquijano\/#\/schema\/person\/e8a4f939e2cb487fe6d0c54042c9d32c\"},\"description\":\"Invit\u00f3 a toda la comunidad a participar el 18 de mayo a hs 20:00 hs en Casa de la Cultura\",\"breadcrumb\":{\"@id\":\"https:\/\/nahuelproducciones.com.ar\/radioquijano\/18-de-mayo-desfile-de-moda-temporada-otono-invierno-desde-la-parroquia\/#breadcrumb\"},\"inLanguage\":\"es\",\"potentialAction\":[{\"@type\":\"ReadAction\",\"target\":[\"https:\/\/nahuelproducciones.com.ar\/radioquijano\/18-de-mayo-desfile-de-moda-temporada-otono-invierno-desde-la-parroquia\/\"]}]},{\"@type\":\"BreadcrumbList\",\"@id\":\"https:\/\/nahuelproducciones.com.ar\/radioquijano\/18-de-mayo-desfile-de-moda-temporada-otono-invierno-desde-la-parroquia\/#breadcrumb\",\"itemListElement\":[{\"@type\":\"ListItem\",\"position\":1,\"name\":\"Portada\",\"item\":\"https:\/\/nahuelproducciones.com.ar\/radioquijano\/\"},{\"@type\":\"ListItem\",\"position\":2,\"name\":\"\u00a018 de mayo &#8220;Desfile de moda, temporada Oto\u00f1o &#8211; Invierno&#8221;\u00a0desde la Parroquia.\"}]},{\"@type\":\"WebSite\",\"@id\":\"https:\/\/nahuelproducciones.com.ar\/radioquijano\/#website\",\"url\":\"https:\/\/nahuelproducciones.com.ar\/radioquijano\/\",\"name\":\"RQ 99.9\",\"description\":\"Radio Quijano 99.9 MHz\",\"potentialAction\":[{\"@type\":\"SearchAction\",\"target\":{\"@type\":\"EntryPoint\",\"urlTemplate\":\"https:\/\/nahuelproducciones.com.ar\/radioquijano\/?s={search_term_string}\"},\"query-input\":\"required name=search_term_string\"}],\"inLanguage\":\"es\"},{\"@type\":\"Person\",\"@id\":\"https:\/\/nahuelproducciones.com.ar\/radioquijano\/#\/schema\/person\/e8a4f939e2cb487fe6d0c54042c9d32c\",\"name\":\"Cecilia Pastrana\",\"image\":{\"@type\":\"ImageObject\",\"inLanguage\":\"es\",\"@id\":\"https:\/\/nahuelproducciones.com.ar\/radioquijano\/#\/schema\/person\/image\/\",\"url\":\"https:\/\/secure.gravatar.com\/avatar\/661a3ef63a8488d4f2794ed44af8cf71420f7e106f3072c40125114df5157749?s=96&d=mm&r=g\",\"contentUrl\":\"https:\/\/secure.gravatar.com\/avatar\/661a3ef63a8488d4f2794ed44af8cf71420f7e106f3072c40125114df5157749?s=96&d=mm&r=g\",\"caption\":\"Cecilia Pastrana\"},\"sameAs\":[\"cecy\"],\"url\":\"https:\/\/nahuelproducciones.com.ar\/radioquijano\/author\/cecy\/\"}]}<\/script>\n<!-- \/ Yoast SEO plugin. -->","yoast_head_json":{"title":"\u00a018 de mayo \"Desfile de moda, temporada Oto\u00f1o - Invierno\"\u00a0desde la Parroquia. - RQ 99.9","description":"Invit\u00f3 a toda la comunidad a participar el 18 de mayo a hs 20:00 hs en Casa de la Cultura","robots":{"index":"index","follow":"follow","max-snippet":"max-snippet:-1","max-image-preview":"max-image-preview:large","max-video-preview":"max-video-preview:-1"},"canonical":"https:\/\/nahuelproducciones.com.ar\/radioquijano\/18-de-mayo-desfile-de-moda-temporada-otono-invierno-desde-la-parroquia\/","og_locale":"es_ES","og_type":"article","og_title":"\u00a018 de mayo \"Desfile de moda, temporada Oto\u00f1o - Invierno\"\u00a0desde la Parroquia. - RQ 99.9","og_description":"Invit\u00f3 a toda la comunidad a participar el 18 de mayo a hs 20:00 hs en Casa de la Cultura","og_url":"https:\/\/nahuelproducciones.com.ar\/radioquijano\/18-de-mayo-desfile-de-moda-temporada-otono-invierno-desde-la-parroquia\/","og_site_name":"RQ 99.9","article_publisher":"https:\/\/www.facebook.com\/nahuelproducciones999\/","article_published_time":"2024-05-10T04:28:25+00:00","article_modified_time":"2024-05-10T04:28:27+00:00","og_image":[{"width":700,"height":700,"url":"https:\/\/nahuelproducciones.com.ar\/radioquijano\/wp-content\/uploads\/2024\/05\/440336456_448467621035402_131220909431392436_n-e1715315299280.jpg","type":"image\/jpeg"}],"author":"Cecilia Pastrana","twitter_card":"summary_large_image","twitter_creator":"@nahuproduciones","twitter_site":"@nahuproduciones","twitter_misc":{"Escrito por":"Cecilia Pastrana","Tiempo de lectura":"1 minuto"},"schema":{"@context":"https:\/\/schema.org","@graph":[{"@type":"WebPage","@id":"https:\/\/nahuelproducciones.com.ar\/radioquijano\/18-de-mayo-desfile-de-moda-temporada-otono-invierno-desde-la-parroquia\/","url":"https:\/\/nahuelproducciones.com.ar\/radioquijano\/18-de-mayo-desfile-de-moda-temporada-otono-invierno-desde-la-parroquia\/","name":"\u00a018 de mayo \"Desfile de moda, temporada Oto\u00f1o - Invierno\"\u00a0desde la Parroquia. - RQ 99.9","isPartOf":{"@id":"https:\/\/nahuelproducciones.com.ar\/radioquijano\/#website"},"datePublished":"2024-05-10T04:28:25+00:00","dateModified":"2024-05-10T04:28:27+00:00","author":{"@id":"https:\/\/nahuelproducciones.com.ar\/radioquijano\/#\/schema\/person\/e8a4f939e2cb487fe6d0c54042c9d32c"},"description":"Invit\u00f3 a toda la comunidad a participar el 18 de mayo a hs 20:00 hs en Casa de la Cultura","breadcrumb":{"@id":"https:\/\/nahuelproducciones.com.ar\/radioquijano\/18-de-mayo-desfile-de-moda-temporada-otono-invierno-desde-la-parroquia\/#breadcrumb"},"inLanguage":"es","potentialAction":[{"@type":"ReadAction","target":["https:\/\/nahuelproducciones.com.ar\/radioquijano\/18-de-mayo-desfile-de-moda-temporada-otono-invierno-desde-la-parroquia\/"]}]},{"@type":"BreadcrumbList","@id":"https:\/\/nahuelproducciones.com.ar\/radioquijano\/18-de-mayo-desfile-de-moda-temporada-otono-invierno-desde-la-parroquia\/#breadcrumb","itemListElement":[{"@type":"ListItem","position":1,"name":"Portada","item":"https:\/\/nahuelproducciones.com.ar\/radioquijano\/"},{"@type":"ListItem","position":2,"name":"\u00a018 de mayo &#8220;Desfile de moda, temporada Oto\u00f1o &#8211; Invierno&#8221;\u00a0desde la Parroquia."}]},{"@type":"WebSite","@id":"https:\/\/nahuelproducciones.com.ar\/radioquijano\/#website","url":"https:\/\/nahuelproducciones.com.ar\/radioquijano\/","name":"RQ 99.9","description":"Radio Quijano 99.9 MHz","potentialAction":[{"@type":"SearchAction","target":{"@type":"EntryPoint","urlTemplate":"https:\/\/nahuelproducciones.com.ar\/radioquijano\/?s={search_term_string}"},"query-input":"required name=search_term_string"}],"inLanguage":"es"},{"@type":"Person","@id":"https:\/\/nahuelproducciones.com.ar\/radioquijano\/#\/schema\/person\/e8a4f939e2cb487fe6d0c54042c9d32c","name":"Cecilia Pastrana","image":{"@type":"ImageObject","inLanguage":"es","@id":"https:\/\/nahuelproducciones.com.ar\/radioquijano\/#\/schema\/person\/image\/","url":"https:\/\/secure.gravatar.com\/avatar\/661a3ef63a8488d4f2794ed44af8cf71420f7e106f3072c40125114df5157749?s=96&d=mm&r=g","contentUrl":"https:\/\/secure.gravatar.com\/avatar\/661a3ef63a8488d4f2794ed44af8cf71420f7e106f3072c40125114df5157749?s=96&d=mm&r=g","caption":"Cecilia Pastrana"},"sameAs":["cecy"],"url":"https:\/\/nahuelproducciones.com.ar\/radioquijano\/author\/cecy\/"}]}},"_links":{"self":[{"href":"https:\/\/nahuelproducciones.com.ar\/radioquijano\/wp-json\/wp\/v2\/posts\/7927","targetHints":{"allow":["GET"]}}],"collection":[{"href":"https:\/\/nahuelproducciones.com.ar\/radioquijano\/wp-json\/wp\/v2\/posts"}],"about":[{"href":"https:\/\/nahuelproducciones.com.ar\/radioquijano\/wp-json\/wp\/v2\/types\/post"}],"author":[{"embeddable":true,"href":"https:\/\/nahuelproducciones.com.ar\/radioquijano\/wp-json\/wp\/v2\/users\/8"}],"replies":[{"embeddable":true,"href":"https:\/\/nahuelproducciones.com.ar\/radioquijano\/wp-json\/wp\/v2\/comments?post=7927"}],"version-history":[{"count":1,"href":"https:\/\/nahuelproducciones.com.ar\/radioquijano\/wp-json\/wp\/v2\/posts\/7927\/revisions"}],"predecessor-version":[{"id":7930,"href":"https:\/\/nahuelproducciones.com.ar\/radioquijano\/wp-json\/wp\/v2\/posts\/7927\/revisions\/7930"}],"wp:featuredmedia":[{"embeddable":true,"href":"https:\/\/nahuelproducciones.com.ar\/radioquijano\/wp-json\/wp\/v2\/media\/7929"}],"wp:attachment":[{"href":"https:\/\/nahuelproducciones.com.ar\/radioquijano\/wp-json\/wp\/v2\/media?parent=7927"}],"wp:term":[{"taxonomy":"category","embeddable":true,"href":"https:\/\/nahuelproducciones.com.ar\/radioquijano\/wp-json\/wp\/v2\/categories?post=7927"},{"taxonomy":"post_tag","embeddable":true,"href":"https:\/\/nahuelproducciones.com.ar\/radioquijano\/wp-json\/wp\/v2\/tags?post=7927"}],"curies":[{"name":"wp","href":"https:\/\/api.w.org\/{rel}","templated":true}]}}