{"id":8024,"date":"2024-05-14T10:10:41","date_gmt":"2024-05-14T13:10:41","guid":{"rendered":"https:\/\/nahuelproducciones.com.ar\/radioquijano\/?p=8024"},"modified":"2024-05-14T10:11:05","modified_gmt":"2024-05-14T13:11:05","slug":"el-registro-civil-realizara-un-operativo-de-identificacion-en-campo-quijano","status":"publish","type":"post","link":"https:\/\/nahuelproducciones.com.ar\/radioquijano\/el-registro-civil-realizara-un-operativo-de-identificacion-en-campo-quijano\/","title":{"rendered":"El Registro Civil realizar\u00e1 un operativo de identificaci\u00f3n en Campo Quijano."},"content":{"rendered":"\n<p>Continuando con el cronograma de actividades que realiza el m\u00f3vil del Registro Civil, se llevar\u00e1 adelante un operativo de identificaciones en Campo Quijano.<\/p>\n\n\n\n<p>Las actividades iniciar\u00e1n <strong>martes 15 mayo y mi\u00e9rcoles frente de la Municipalidad<\/strong>,el<strong> jueves en la localidad de La Silleta<\/strong> en La Delegaci\u00f3n y finalizando el servicio el <strong>viernes en la Escuela de Jard\u00edn de Infantes N\u00b0 4908, <\/strong>sito en calle Los Crespones del<strong> Barrio San Antonio<\/strong> de la localidad de<strong> El Enc\u00f3n.<\/strong><\/p>\n\n\n\n<p>En comunicaci\u00f3n con RQ99.9Mhz,\u00a0la Directora de Relaciones Institucionales, Miriam Zambrano invit\u00f3 a toda los vecinos a visitar el m\u00f3vil del operativo que estar\u00e1 desde las 09:00hs hasta las 15:00hs.<\/p>\n\n\n\n<p>Los ciudadanos interesados podr\u00e1n realizar tr\u00e1mites de DNI, nuevos ejemplares, cambios de domicilio, actualizaciones de mayores y menores como as\u00ed tambi\u00e9n Pasaportes.\u00a0<\/p>\n\n\n\n<p>Se recuerda que el precio del ejemplar de DNI regular es de $3.000 pesos y del Pasaporte de $35.000.<\/p>\n\n\n\n<p>Escucha la entrevista:<\/p>\n\n\n\n<figure class=\"wp-block-audio\"><audio controls src=\"https:\/\/nahuelproducciones.com.ar\/radioquijano\/wp-content\/uploads\/2024\/05\/14-05-2024-DIRECT-DE-RELAC-INSTITUCIONAL-MIRIAM-ZAMBRANO-OPERAIVO-REG-CIVIL.mp3\"><\/audio><\/figure>\n","protected":false},"excerpt":{"rendered":"<p>Continuando con el cronograma de actividades que realiza el m\u00f3vil del Registro Civil, se llevar\u00e1 adelante un operativo de identificaciones en Campo Quijano. Las actividades iniciar\u00e1n martes 15 mayo y mi\u00e9rcoles frente de la Municipalidad,el jueves en la localidad de La Silleta en La Delegaci\u00f3n y finalizando el servicio el viernes en la Escuela de [&hellip;]<\/p>\n","protected":false},"author":8,"featured_media":8028,"comment_status":"open","ping_status":"open","sticky":false,"template":"","format":"standard","meta":{"_monsterinsights_skip_tracking":false,"_monsterinsights_sitenote_active":false,"_monsterinsights_sitenote_note":"","_monsterinsights_sitenote_category":0,"footnotes":""},"categories":[16],"tags":[100,787],"class_list":["post-8024","post","type-post","status-publish","format-standard","has-post-thumbnail","hentry","category-noticias","tag-municipio-de-campo-quijano","tag-registro-civil"],"yoast_head":"<!-- This site is optimized with the Yoast SEO plugin v20.8 - https:\/\/yoast.com\/wordpress\/plugins\/seo\/ -->\n<title>El Registro Civil realizar\u00e1 un operativo de identificaci\u00f3n en Campo Quijano. - RQ 99.9<\/title>\n<meta name=\"description\" content=\"La Directora de Relaciones Institucionales, Miriam Zambrano invit\u00f3 a toda los vecinos a visitar el m\u00f3vil del operativo que estar\u00e1 desde las 09:00hs hasta las 15:00hs.\" \/>\n<meta name=\"robots\" content=\"index, follow, max-snippet:-1, max-image-preview:large, max-video-preview:-1\" \/>\n<link rel=\"canonical\" href=\"https:\/\/nahuelproducciones.com.ar\/radioquijano\/el-registro-civil-realizara-un-operativo-de-identificacion-en-campo-quijano\/\" \/>\n<meta property=\"og:locale\" content=\"es_ES\" \/>\n<meta property=\"og:type\" content=\"article\" \/>\n<meta property=\"og:title\" content=\"El Registro Civil realizar\u00e1 un operativo de identificaci\u00f3n en Campo Quijano. - RQ 99.9\" \/>\n<meta property=\"og:description\" content=\"La Directora de Relaciones Institucionales, Miriam Zambrano invit\u00f3 a toda los vecinos a visitar el m\u00f3vil del operativo que estar\u00e1 desde las 09:00hs hasta las 15:00hs.\" \/>\n<meta property=\"og:url\" content=\"https:\/\/nahuelproducciones.com.ar\/radioquijano\/el-registro-civil-realizara-un-operativo-de-identificacion-en-campo-quijano\/\" \/>\n<meta property=\"og:site_name\" content=\"RQ 99.9\" \/>\n<meta property=\"article:publisher\" content=\"https:\/\/www.facebook.com\/nahuelproducciones999\/\" \/>\n<meta property=\"article:published_time\" content=\"2024-05-14T13:10:41+00:00\" \/>\n<meta property=\"article:modified_time\" content=\"2024-05-14T13:11:05+00:00\" \/>\n<meta property=\"og:image\" content=\"https:\/\/nahuelproducciones.com.ar\/radioquijano\/wp-content\/uploads\/2024\/05\/12040-foto-de-archivo.jpg\" \/>\n\t<meta property=\"og:image:width\" content=\"730\" \/>\n\t<meta property=\"og:image:height\" content=\"441\" \/>\n\t<meta property=\"og:image:type\" content=\"image\/jpeg\" \/>\n<meta name=\"author\" content=\"Cecilia Pastrana\" \/>\n<meta name=\"twitter:card\" content=\"summary_large_image\" \/>\n<meta name=\"twitter:creator\" content=\"@nahuproduciones\" \/>\n<meta name=\"twitter:site\" content=\"@nahuproduciones\" \/>\n<meta name=\"twitter:label1\" content=\"Escrito por\" \/>\n\t<meta name=\"twitter:data1\" content=\"Cecilia Pastrana\" \/>\n\t<meta name=\"twitter:label2\" content=\"Tiempo de lectura\" \/>\n\t<meta name=\"twitter:data2\" content=\"1 minuto\" \/>\n<script type=\"application\/ld+json\" class=\"yoast-schema-graph\">{\"@context\":\"https:\/\/schema.org\",\"@graph\":[{\"@type\":\"WebPage\",\"@id\":\"https:\/\/nahuelproducciones.com.ar\/radioquijano\/el-registro-civil-realizara-un-operativo-de-identificacion-en-campo-quijano\/\",\"url\":\"https:\/\/nahuelproducciones.com.ar\/radioquijano\/el-registro-civil-realizara-un-operativo-de-identificacion-en-campo-quijano\/\",\"name\":\"El Registro Civil realizar\u00e1 un operativo de identificaci\u00f3n en Campo Quijano. - RQ 99.9\",\"isPartOf\":{\"@id\":\"https:\/\/nahuelproducciones.com.ar\/radioquijano\/#website\"},\"datePublished\":\"2024-05-14T13:10:41+00:00\",\"dateModified\":\"2024-05-14T13:11:05+00:00\",\"author\":{\"@id\":\"https:\/\/nahuelproducciones.com.ar\/radioquijano\/#\/schema\/person\/e8a4f939e2cb487fe6d0c54042c9d32c\"},\"description\":\"La Directora de Relaciones Institucionales, Miriam Zambrano invit\u00f3 a toda los vecinos a visitar el m\u00f3vil del operativo que estar\u00e1 desde las 09:00hs hasta las 15:00hs.\",\"breadcrumb\":{\"@id\":\"https:\/\/nahuelproducciones.com.ar\/radioquijano\/el-registro-civil-realizara-un-operativo-de-identificacion-en-campo-quijano\/#breadcrumb\"},\"inLanguage\":\"es\",\"potentialAction\":[{\"@type\":\"ReadAction\",\"target\":[\"https:\/\/nahuelproducciones.com.ar\/radioquijano\/el-registro-civil-realizara-un-operativo-de-identificacion-en-campo-quijano\/\"]}]},{\"@type\":\"BreadcrumbList\",\"@id\":\"https:\/\/nahuelproducciones.com.ar\/radioquijano\/el-registro-civil-realizara-un-operativo-de-identificacion-en-campo-quijano\/#breadcrumb\",\"itemListElement\":[{\"@type\":\"ListItem\",\"position\":1,\"name\":\"Portada\",\"item\":\"https:\/\/nahuelproducciones.com.ar\/radioquijano\/\"},{\"@type\":\"ListItem\",\"position\":2,\"name\":\"El Registro Civil realizar\u00e1 un operativo de identificaci\u00f3n en Campo Quijano.\"}]},{\"@type\":\"WebSite\",\"@id\":\"https:\/\/nahuelproducciones.com.ar\/radioquijano\/#website\",\"url\":\"https:\/\/nahuelproducciones.com.ar\/radioquijano\/\",\"name\":\"RQ 99.9\",\"description\":\"Radio Quijano 99.9 MHz\",\"potentialAction\":[{\"@type\":\"SearchAction\",\"target\":{\"@type\":\"EntryPoint\",\"urlTemplate\":\"https:\/\/nahuelproducciones.com.ar\/radioquijano\/?s={search_term_string}\"},\"query-input\":\"required name=search_term_string\"}],\"inLanguage\":\"es\"},{\"@type\":\"Person\",\"@id\":\"https:\/\/nahuelproducciones.com.ar\/radioquijano\/#\/schema\/person\/e8a4f939e2cb487fe6d0c54042c9d32c\",\"name\":\"Cecilia Pastrana\",\"image\":{\"@type\":\"ImageObject\",\"inLanguage\":\"es\",\"@id\":\"https:\/\/nahuelproducciones.com.ar\/radioquijano\/#\/schema\/person\/image\/\",\"url\":\"https:\/\/secure.gravatar.com\/avatar\/661a3ef63a8488d4f2794ed44af8cf71420f7e106f3072c40125114df5157749?s=96&d=mm&r=g\",\"contentUrl\":\"https:\/\/secure.gravatar.com\/avatar\/661a3ef63a8488d4f2794ed44af8cf71420f7e106f3072c40125114df5157749?s=96&d=mm&r=g\",\"caption\":\"Cecilia Pastrana\"},\"sameAs\":[\"cecy\"],\"url\":\"https:\/\/nahuelproducciones.com.ar\/radioquijano\/author\/cecy\/\"}]}<\/script>\n<!-- \/ Yoast SEO plugin. -->","yoast_head_json":{"title":"El Registro Civil realizar\u00e1 un operativo de identificaci\u00f3n en Campo Quijano. - RQ 99.9","description":"La Directora de Relaciones Institucionales, Miriam Zambrano invit\u00f3 a toda los vecinos a visitar el m\u00f3vil del operativo que estar\u00e1 desde las 09:00hs hasta las 15:00hs.","robots":{"index":"index","follow":"follow","max-snippet":"max-snippet:-1","max-image-preview":"max-image-preview:large","max-video-preview":"max-video-preview:-1"},"canonical":"https:\/\/nahuelproducciones.com.ar\/radioquijano\/el-registro-civil-realizara-un-operativo-de-identificacion-en-campo-quijano\/","og_locale":"es_ES","og_type":"article","og_title":"El Registro Civil realizar\u00e1 un operativo de identificaci\u00f3n en Campo Quijano. - RQ 99.9","og_description":"La Directora de Relaciones Institucionales, Miriam Zambrano invit\u00f3 a toda los vecinos a visitar el m\u00f3vil del operativo que estar\u00e1 desde las 09:00hs hasta las 15:00hs.","og_url":"https:\/\/nahuelproducciones.com.ar\/radioquijano\/el-registro-civil-realizara-un-operativo-de-identificacion-en-campo-quijano\/","og_site_name":"RQ 99.9","article_publisher":"https:\/\/www.facebook.com\/nahuelproducciones999\/","article_published_time":"2024-05-14T13:10:41+00:00","article_modified_time":"2024-05-14T13:11:05+00:00","og_image":[{"width":730,"height":441,"url":"https:\/\/nahuelproducciones.com.ar\/radioquijano\/wp-content\/uploads\/2024\/05\/12040-foto-de-archivo.jpg","type":"image\/jpeg"}],"author":"Cecilia Pastrana","twitter_card":"summary_large_image","twitter_creator":"@nahuproduciones","twitter_site":"@nahuproduciones","twitter_misc":{"Escrito por":"Cecilia Pastrana","Tiempo de lectura":"1 minuto"},"schema":{"@context":"https:\/\/schema.org","@graph":[{"@type":"WebPage","@id":"https:\/\/nahuelproducciones.com.ar\/radioquijano\/el-registro-civil-realizara-un-operativo-de-identificacion-en-campo-quijano\/","url":"https:\/\/nahuelproducciones.com.ar\/radioquijano\/el-registro-civil-realizara-un-operativo-de-identificacion-en-campo-quijano\/","name":"El Registro Civil realizar\u00e1 un operativo de identificaci\u00f3n en Campo Quijano. - RQ 99.9","isPartOf":{"@id":"https:\/\/nahuelproducciones.com.ar\/radioquijano\/#website"},"datePublished":"2024-05-14T13:10:41+00:00","dateModified":"2024-05-14T13:11:05+00:00","author":{"@id":"https:\/\/nahuelproducciones.com.ar\/radioquijano\/#\/schema\/person\/e8a4f939e2cb487fe6d0c54042c9d32c"},"description":"La Directora de Relaciones Institucionales, Miriam Zambrano invit\u00f3 a toda los vecinos a visitar el m\u00f3vil del operativo que estar\u00e1 desde las 09:00hs hasta las 15:00hs.","breadcrumb":{"@id":"https:\/\/nahuelproducciones.com.ar\/radioquijano\/el-registro-civil-realizara-un-operativo-de-identificacion-en-campo-quijano\/#breadcrumb"},"inLanguage":"es","potentialAction":[{"@type":"ReadAction","target":["https:\/\/nahuelproducciones.com.ar\/radioquijano\/el-registro-civil-realizara-un-operativo-de-identificacion-en-campo-quijano\/"]}]},{"@type":"BreadcrumbList","@id":"https:\/\/nahuelproducciones.com.ar\/radioquijano\/el-registro-civil-realizara-un-operativo-de-identificacion-en-campo-quijano\/#breadcrumb","itemListElement":[{"@type":"ListItem","position":1,"name":"Portada","item":"https:\/\/nahuelproducciones.com.ar\/radioquijano\/"},{"@type":"ListItem","position":2,"name":"El Registro Civil realizar\u00e1 un operativo de identificaci\u00f3n en Campo Quijano."}]},{"@type":"WebSite","@id":"https:\/\/nahuelproducciones.com.ar\/radioquijano\/#website","url":"https:\/\/nahuelproducciones.com.ar\/radioquijano\/","name":"RQ 99.9","description":"Radio Quijano 99.9 MHz","potentialAction":[{"@type":"SearchAction","target":{"@type":"EntryPoint","urlTemplate":"https:\/\/nahuelproducciones.com.ar\/radioquijano\/?s={search_term_string}"},"query-input":"required name=search_term_string"}],"inLanguage":"es"},{"@type":"Person","@id":"https:\/\/nahuelproducciones.com.ar\/radioquijano\/#\/schema\/person\/e8a4f939e2cb487fe6d0c54042c9d32c","name":"Cecilia Pastrana","image":{"@type":"ImageObject","inLanguage":"es","@id":"https:\/\/nahuelproducciones.com.ar\/radioquijano\/#\/schema\/person\/image\/","url":"https:\/\/secure.gravatar.com\/avatar\/661a3ef63a8488d4f2794ed44af8cf71420f7e106f3072c40125114df5157749?s=96&d=mm&r=g","contentUrl":"https:\/\/secure.gravatar.com\/avatar\/661a3ef63a8488d4f2794ed44af8cf71420f7e106f3072c40125114df5157749?s=96&d=mm&r=g","caption":"Cecilia Pastrana"},"sameAs":["cecy"],"url":"https:\/\/nahuelproducciones.com.ar\/radioquijano\/author\/cecy\/"}]}},"_links":{"self":[{"href":"https:\/\/nahuelproducciones.com.ar\/radioquijano\/wp-json\/wp\/v2\/posts\/8024","targetHints":{"allow":["GET"]}}],"collection":[{"href":"https:\/\/nahuelproducciones.com.ar\/radioquijano\/wp-json\/wp\/v2\/posts"}],"about":[{"href":"https:\/\/nahuelproducciones.com.ar\/radioquijano\/wp-json\/wp\/v2\/types\/post"}],"author":[{"embeddable":true,"href":"https:\/\/nahuelproducciones.com.ar\/radioquijano\/wp-json\/wp\/v2\/users\/8"}],"replies":[{"embeddable":true,"href":"https:\/\/nahuelproducciones.com.ar\/radioquijano\/wp-json\/wp\/v2\/comments?post=8024"}],"version-history":[{"count":1,"href":"https:\/\/nahuelproducciones.com.ar\/radioquijano\/wp-json\/wp\/v2\/posts\/8024\/revisions"}],"predecessor-version":[{"id":8029,"href":"https:\/\/nahuelproducciones.com.ar\/radioquijano\/wp-json\/wp\/v2\/posts\/8024\/revisions\/8029"}],"wp:featuredmedia":[{"embeddable":true,"href":"https:\/\/nahuelproducciones.com.ar\/radioquijano\/wp-json\/wp\/v2\/media\/8028"}],"wp:attachment":[{"href":"https:\/\/nahuelproducciones.com.ar\/radioquijano\/wp-json\/wp\/v2\/media?parent=8024"}],"wp:term":[{"taxonomy":"category","embeddable":true,"href":"https:\/\/nahuelproducciones.com.ar\/radioquijano\/wp-json\/wp\/v2\/categories?post=8024"},{"taxonomy":"post_tag","embeddable":true,"href":"https:\/\/nahuelproducciones.com.ar\/radioquijano\/wp-json\/wp\/v2\/tags?post=8024"}],"curies":[{"name":"wp","href":"https:\/\/api.w.org\/{rel}","templated":true}]}}