{"id":8030,"date":"2024-05-14T11:32:46","date_gmt":"2024-05-14T14:32:46","guid":{"rendered":"https:\/\/nahuelproducciones.com.ar\/radioquijano\/?p=8030"},"modified":"2024-05-14T11:32:47","modified_gmt":"2024-05-14T14:32:47","slug":"vecinos-del-barrio-progreso-cortaran-la-ruta-prov-n-36-piden-mayores-medidas-de-seguridad","status":"publish","type":"post","link":"https:\/\/nahuelproducciones.com.ar\/radioquijano\/vecinos-del-barrio-progreso-cortaran-la-ruta-prov-n-36-piden-mayores-medidas-de-seguridad\/","title":{"rendered":"Vecinos del Barrio Progreso cortar\u00e1n la Ruta Prov. N \u00b036 piden mayores medidas de seguridad."},"content":{"rendered":"\n<p>En comunicaci\u00f3n con RQ99.9Mhz, la vecina Bel\u00e9n Viveros inform\u00f3 en nombre de toda la barriada, la decisi\u00f3n que tomaron ayer en la noche. Dijo que los vecinos decidieron cortar la ruta ante tantos hechos de inseguridad y la falta de medidas que le den tranquilidad.<\/p>\n\n\n\n<p>Esperan la visita del intendente Lino Yonar para entregarle una nota, un petitorio.<\/p>\n\n\n\n<p>En la tarde del dia lunes 13, se reunieron los vecinos con la polic\u00eda, algunos concejales que llegaron como Cruz, Orosco, Ger\u00f3,y la Dip. prov. Galleguillos, y aceptaron las propuestas para mejora del lugar, pero son a futuro,  pero ante los problemas que hoy tienen y ante tanta impotencia decidieron continuar con la idea del corte de ruta.<\/p>\n\n\n\n<p>No es de ahora, hace rato que venimos sufriendo los robos y no queremos que nos tomen el barrio los delincuentes dijo la vecina.<\/p>\n\n\n\n<p>Bel\u00e9n cuenta que ya se producen situaciones de delincuencia a cualquier hora del d\u00eda y da miedo salir a comprar o dejar la casa y luego no encontrar nada.<\/p>\n\n\n\n<p>El tema que preocupa es la cantidad de altos pastos en terrenos que teniendo due\u00f1os no los cortan. Esos son lugares donde los delincuentes se esconden o dejan lo que roban y luego los retiran. Piden que vayan y corte.<\/p>\n\n\n\n<p>Piden a la intendencia que lleven a los operarios a cortar y multar a los que tengan sus lotes en esas condiciones.<\/p>\n\n\n\n<p>Entre tantas cosas, Vivero explic\u00f3 que con el corte de ruta no quieren perjudicar a los vecinos, es que la forma que encontraron de visibilizar lo que viven y que los escuchen.<\/p>\n\n\n\n<p>Escucha la entrevista:<\/p>\n\n\n\n<figure class=\"wp-block-audio\"><audio controls src=\"https:\/\/nahuelproducciones.com.ar\/radioquijano\/wp-content\/uploads\/2024\/05\/14-05-2024-belen-viveros-corte-en-barrio-progedo-ruta-36.mp3\"><\/audio><\/figure>\n\n\n\n<p>foto ilustrativa.<\/p>\n","protected":false},"excerpt":{"rendered":"<p>En comunicaci\u00f3n con RQ99.9Mhz, la vecina Bel\u00e9n Viveros inform\u00f3 en nombre de toda la barriada, la decisi\u00f3n que tomaron ayer en la noche. Dijo que los vecinos decidieron cortar la ruta ante tantos hechos de inseguridad y la falta de medidas que le den tranquilidad. Esperan la visita del intendente Lino Yonar para entregarle una [&hellip;]<\/p>\n","protected":false},"author":8,"featured_media":8032,"comment_status":"open","ping_status":"open","sticky":false,"template":"","format":"standard","meta":{"_monsterinsights_skip_tracking":false,"_monsterinsights_sitenote_active":false,"_monsterinsights_sitenote_note":"","_monsterinsights_sitenote_category":0,"footnotes":""},"categories":[16],"tags":[683,100],"class_list":["post-8030","post","type-post","status-publish","format-standard","has-post-thumbnail","hentry","category-noticias","tag-barrio-progreso","tag-municipio-de-campo-quijano"],"yoast_head":"<!-- This site is optimized with the Yoast SEO plugin v20.8 - https:\/\/yoast.com\/wordpress\/plugins\/seo\/ -->\n<title>Vecinos del Barrio Progreso cortar\u00e1n la Ruta Prov. N \u00b036 piden mayores medidas de seguridad. - RQ 99.9<\/title>\n<meta name=\"description\" content=\"Vivero explic\u00f3 que con el corte de ruta no quieren perjudicar a los vecinos, es que la forma que encontraron de visibilizar lo que viven y que los escuchen.\" \/>\n<meta name=\"robots\" content=\"index, follow, max-snippet:-1, max-image-preview:large, max-video-preview:-1\" \/>\n<link rel=\"canonical\" href=\"https:\/\/nahuelproducciones.com.ar\/radioquijano\/vecinos-del-barrio-progreso-cortaran-la-ruta-prov-n-36-piden-mayores-medidas-de-seguridad\/\" \/>\n<meta property=\"og:locale\" content=\"es_ES\" \/>\n<meta property=\"og:type\" content=\"article\" \/>\n<meta property=\"og:title\" content=\"Vecinos del Barrio Progreso cortar\u00e1n la Ruta Prov. N \u00b036 piden mayores medidas de seguridad. - RQ 99.9\" \/>\n<meta property=\"og:description\" content=\"Vivero explic\u00f3 que con el corte de ruta no quieren perjudicar a los vecinos, es que la forma que encontraron de visibilizar lo que viven y que los escuchen.\" \/>\n<meta property=\"og:url\" content=\"https:\/\/nahuelproducciones.com.ar\/radioquijano\/vecinos-del-barrio-progreso-cortaran-la-ruta-prov-n-36-piden-mayores-medidas-de-seguridad\/\" \/>\n<meta property=\"og:site_name\" content=\"RQ 99.9\" \/>\n<meta property=\"article:publisher\" content=\"https:\/\/www.facebook.com\/nahuelproducciones999\/\" \/>\n<meta property=\"article:published_time\" content=\"2024-05-14T14:32:46+00:00\" \/>\n<meta property=\"article:modified_time\" content=\"2024-05-14T14:32:47+00:00\" \/>\n<meta property=\"og:image\" content=\"https:\/\/nahuelproducciones.com.ar\/radioquijano\/wp-content\/uploads\/2024\/05\/80541-refaccionan-sistema-de-iluminacion-publica-en-campo-quijano.jpg\" \/>\n\t<meta property=\"og:image:width\" content=\"560\" \/>\n\t<meta property=\"og:image:height\" content=\"438\" \/>\n\t<meta property=\"og:image:type\" content=\"image\/jpeg\" \/>\n<meta name=\"author\" content=\"Cecilia Pastrana\" \/>\n<meta name=\"twitter:card\" content=\"summary_large_image\" \/>\n<meta name=\"twitter:creator\" content=\"@nahuproduciones\" \/>\n<meta name=\"twitter:site\" content=\"@nahuproduciones\" \/>\n<meta name=\"twitter:label1\" content=\"Escrito por\" \/>\n\t<meta name=\"twitter:data1\" content=\"Cecilia Pastrana\" \/>\n\t<meta name=\"twitter:label2\" content=\"Tiempo de lectura\" \/>\n\t<meta name=\"twitter:data2\" content=\"2 minutos\" \/>\n<script type=\"application\/ld+json\" class=\"yoast-schema-graph\">{\"@context\":\"https:\/\/schema.org\",\"@graph\":[{\"@type\":\"WebPage\",\"@id\":\"https:\/\/nahuelproducciones.com.ar\/radioquijano\/vecinos-del-barrio-progreso-cortaran-la-ruta-prov-n-36-piden-mayores-medidas-de-seguridad\/\",\"url\":\"https:\/\/nahuelproducciones.com.ar\/radioquijano\/vecinos-del-barrio-progreso-cortaran-la-ruta-prov-n-36-piden-mayores-medidas-de-seguridad\/\",\"name\":\"Vecinos del Barrio Progreso cortar\u00e1n la Ruta Prov. N \u00b036 piden mayores medidas de seguridad. - RQ 99.9\",\"isPartOf\":{\"@id\":\"https:\/\/nahuelproducciones.com.ar\/radioquijano\/#website\"},\"datePublished\":\"2024-05-14T14:32:46+00:00\",\"dateModified\":\"2024-05-14T14:32:47+00:00\",\"author\":{\"@id\":\"https:\/\/nahuelproducciones.com.ar\/radioquijano\/#\/schema\/person\/e8a4f939e2cb487fe6d0c54042c9d32c\"},\"description\":\"Vivero explic\u00f3 que con el corte de ruta no quieren perjudicar a los vecinos, es que la forma que encontraron de visibilizar lo que viven y que los escuchen.\",\"breadcrumb\":{\"@id\":\"https:\/\/nahuelproducciones.com.ar\/radioquijano\/vecinos-del-barrio-progreso-cortaran-la-ruta-prov-n-36-piden-mayores-medidas-de-seguridad\/#breadcrumb\"},\"inLanguage\":\"es\",\"potentialAction\":[{\"@type\":\"ReadAction\",\"target\":[\"https:\/\/nahuelproducciones.com.ar\/radioquijano\/vecinos-del-barrio-progreso-cortaran-la-ruta-prov-n-36-piden-mayores-medidas-de-seguridad\/\"]}]},{\"@type\":\"BreadcrumbList\",\"@id\":\"https:\/\/nahuelproducciones.com.ar\/radioquijano\/vecinos-del-barrio-progreso-cortaran-la-ruta-prov-n-36-piden-mayores-medidas-de-seguridad\/#breadcrumb\",\"itemListElement\":[{\"@type\":\"ListItem\",\"position\":1,\"name\":\"Portada\",\"item\":\"https:\/\/nahuelproducciones.com.ar\/radioquijano\/\"},{\"@type\":\"ListItem\",\"position\":2,\"name\":\"Vecinos del Barrio Progreso cortar\u00e1n la Ruta Prov. N \u00b036 piden mayores medidas de seguridad.\"}]},{\"@type\":\"WebSite\",\"@id\":\"https:\/\/nahuelproducciones.com.ar\/radioquijano\/#website\",\"url\":\"https:\/\/nahuelproducciones.com.ar\/radioquijano\/\",\"name\":\"RQ 99.9\",\"description\":\"Radio Quijano 99.9 MHz\",\"potentialAction\":[{\"@type\":\"SearchAction\",\"target\":{\"@type\":\"EntryPoint\",\"urlTemplate\":\"https:\/\/nahuelproducciones.com.ar\/radioquijano\/?s={search_term_string}\"},\"query-input\":\"required name=search_term_string\"}],\"inLanguage\":\"es\"},{\"@type\":\"Person\",\"@id\":\"https:\/\/nahuelproducciones.com.ar\/radioquijano\/#\/schema\/person\/e8a4f939e2cb487fe6d0c54042c9d32c\",\"name\":\"Cecilia Pastrana\",\"image\":{\"@type\":\"ImageObject\",\"inLanguage\":\"es\",\"@id\":\"https:\/\/nahuelproducciones.com.ar\/radioquijano\/#\/schema\/person\/image\/\",\"url\":\"https:\/\/secure.gravatar.com\/avatar\/661a3ef63a8488d4f2794ed44af8cf71420f7e106f3072c40125114df5157749?s=96&d=mm&r=g\",\"contentUrl\":\"https:\/\/secure.gravatar.com\/avatar\/661a3ef63a8488d4f2794ed44af8cf71420f7e106f3072c40125114df5157749?s=96&d=mm&r=g\",\"caption\":\"Cecilia Pastrana\"},\"sameAs\":[\"cecy\"],\"url\":\"https:\/\/nahuelproducciones.com.ar\/radioquijano\/author\/cecy\/\"}]}<\/script>\n<!-- \/ Yoast SEO plugin. -->","yoast_head_json":{"title":"Vecinos del Barrio Progreso cortar\u00e1n la Ruta Prov. N \u00b036 piden mayores medidas de seguridad. - RQ 99.9","description":"Vivero explic\u00f3 que con el corte de ruta no quieren perjudicar a los vecinos, es que la forma que encontraron de visibilizar lo que viven y que los escuchen.","robots":{"index":"index","follow":"follow","max-snippet":"max-snippet:-1","max-image-preview":"max-image-preview:large","max-video-preview":"max-video-preview:-1"},"canonical":"https:\/\/nahuelproducciones.com.ar\/radioquijano\/vecinos-del-barrio-progreso-cortaran-la-ruta-prov-n-36-piden-mayores-medidas-de-seguridad\/","og_locale":"es_ES","og_type":"article","og_title":"Vecinos del Barrio Progreso cortar\u00e1n la Ruta Prov. N \u00b036 piden mayores medidas de seguridad. - RQ 99.9","og_description":"Vivero explic\u00f3 que con el corte de ruta no quieren perjudicar a los vecinos, es que la forma que encontraron de visibilizar lo que viven y que los escuchen.","og_url":"https:\/\/nahuelproducciones.com.ar\/radioquijano\/vecinos-del-barrio-progreso-cortaran-la-ruta-prov-n-36-piden-mayores-medidas-de-seguridad\/","og_site_name":"RQ 99.9","article_publisher":"https:\/\/www.facebook.com\/nahuelproducciones999\/","article_published_time":"2024-05-14T14:32:46+00:00","article_modified_time":"2024-05-14T14:32:47+00:00","og_image":[{"width":560,"height":438,"url":"https:\/\/nahuelproducciones.com.ar\/radioquijano\/wp-content\/uploads\/2024\/05\/80541-refaccionan-sistema-de-iluminacion-publica-en-campo-quijano.jpg","type":"image\/jpeg"}],"author":"Cecilia Pastrana","twitter_card":"summary_large_image","twitter_creator":"@nahuproduciones","twitter_site":"@nahuproduciones","twitter_misc":{"Escrito por":"Cecilia Pastrana","Tiempo de lectura":"2 minutos"},"schema":{"@context":"https:\/\/schema.org","@graph":[{"@type":"WebPage","@id":"https:\/\/nahuelproducciones.com.ar\/radioquijano\/vecinos-del-barrio-progreso-cortaran-la-ruta-prov-n-36-piden-mayores-medidas-de-seguridad\/","url":"https:\/\/nahuelproducciones.com.ar\/radioquijano\/vecinos-del-barrio-progreso-cortaran-la-ruta-prov-n-36-piden-mayores-medidas-de-seguridad\/","name":"Vecinos del Barrio Progreso cortar\u00e1n la Ruta Prov. N \u00b036 piden mayores medidas de seguridad. - RQ 99.9","isPartOf":{"@id":"https:\/\/nahuelproducciones.com.ar\/radioquijano\/#website"},"datePublished":"2024-05-14T14:32:46+00:00","dateModified":"2024-05-14T14:32:47+00:00","author":{"@id":"https:\/\/nahuelproducciones.com.ar\/radioquijano\/#\/schema\/person\/e8a4f939e2cb487fe6d0c54042c9d32c"},"description":"Vivero explic\u00f3 que con el corte de ruta no quieren perjudicar a los vecinos, es que la forma que encontraron de visibilizar lo que viven y que los escuchen.","breadcrumb":{"@id":"https:\/\/nahuelproducciones.com.ar\/radioquijano\/vecinos-del-barrio-progreso-cortaran-la-ruta-prov-n-36-piden-mayores-medidas-de-seguridad\/#breadcrumb"},"inLanguage":"es","potentialAction":[{"@type":"ReadAction","target":["https:\/\/nahuelproducciones.com.ar\/radioquijano\/vecinos-del-barrio-progreso-cortaran-la-ruta-prov-n-36-piden-mayores-medidas-de-seguridad\/"]}]},{"@type":"BreadcrumbList","@id":"https:\/\/nahuelproducciones.com.ar\/radioquijano\/vecinos-del-barrio-progreso-cortaran-la-ruta-prov-n-36-piden-mayores-medidas-de-seguridad\/#breadcrumb","itemListElement":[{"@type":"ListItem","position":1,"name":"Portada","item":"https:\/\/nahuelproducciones.com.ar\/radioquijano\/"},{"@type":"ListItem","position":2,"name":"Vecinos del Barrio Progreso cortar\u00e1n la Ruta Prov. N \u00b036 piden mayores medidas de seguridad."}]},{"@type":"WebSite","@id":"https:\/\/nahuelproducciones.com.ar\/radioquijano\/#website","url":"https:\/\/nahuelproducciones.com.ar\/radioquijano\/","name":"RQ 99.9","description":"Radio Quijano 99.9 MHz","potentialAction":[{"@type":"SearchAction","target":{"@type":"EntryPoint","urlTemplate":"https:\/\/nahuelproducciones.com.ar\/radioquijano\/?s={search_term_string}"},"query-input":"required name=search_term_string"}],"inLanguage":"es"},{"@type":"Person","@id":"https:\/\/nahuelproducciones.com.ar\/radioquijano\/#\/schema\/person\/e8a4f939e2cb487fe6d0c54042c9d32c","name":"Cecilia Pastrana","image":{"@type":"ImageObject","inLanguage":"es","@id":"https:\/\/nahuelproducciones.com.ar\/radioquijano\/#\/schema\/person\/image\/","url":"https:\/\/secure.gravatar.com\/avatar\/661a3ef63a8488d4f2794ed44af8cf71420f7e106f3072c40125114df5157749?s=96&d=mm&r=g","contentUrl":"https:\/\/secure.gravatar.com\/avatar\/661a3ef63a8488d4f2794ed44af8cf71420f7e106f3072c40125114df5157749?s=96&d=mm&r=g","caption":"Cecilia Pastrana"},"sameAs":["cecy"],"url":"https:\/\/nahuelproducciones.com.ar\/radioquijano\/author\/cecy\/"}]}},"_links":{"self":[{"href":"https:\/\/nahuelproducciones.com.ar\/radioquijano\/wp-json\/wp\/v2\/posts\/8030","targetHints":{"allow":["GET"]}}],"collection":[{"href":"https:\/\/nahuelproducciones.com.ar\/radioquijano\/wp-json\/wp\/v2\/posts"}],"about":[{"href":"https:\/\/nahuelproducciones.com.ar\/radioquijano\/wp-json\/wp\/v2\/types\/post"}],"author":[{"embeddable":true,"href":"https:\/\/nahuelproducciones.com.ar\/radioquijano\/wp-json\/wp\/v2\/users\/8"}],"replies":[{"embeddable":true,"href":"https:\/\/nahuelproducciones.com.ar\/radioquijano\/wp-json\/wp\/v2\/comments?post=8030"}],"version-history":[{"count":1,"href":"https:\/\/nahuelproducciones.com.ar\/radioquijano\/wp-json\/wp\/v2\/posts\/8030\/revisions"}],"predecessor-version":[{"id":8033,"href":"https:\/\/nahuelproducciones.com.ar\/radioquijano\/wp-json\/wp\/v2\/posts\/8030\/revisions\/8033"}],"wp:featuredmedia":[{"embeddable":true,"href":"https:\/\/nahuelproducciones.com.ar\/radioquijano\/wp-json\/wp\/v2\/media\/8032"}],"wp:attachment":[{"href":"https:\/\/nahuelproducciones.com.ar\/radioquijano\/wp-json\/wp\/v2\/media?parent=8030"}],"wp:term":[{"taxonomy":"category","embeddable":true,"href":"https:\/\/nahuelproducciones.com.ar\/radioquijano\/wp-json\/wp\/v2\/categories?post=8030"},{"taxonomy":"post_tag","embeddable":true,"href":"https:\/\/nahuelproducciones.com.ar\/radioquijano\/wp-json\/wp\/v2\/tags?post=8030"}],"curies":[{"name":"wp","href":"https:\/\/api.w.org\/{rel}","templated":true}]}}