{"id":8034,"date":"2024-05-15T10:57:30","date_gmt":"2024-05-15T13:57:30","guid":{"rendered":"https:\/\/nahuelproducciones.com.ar\/radioquijano\/?p=8034"},"modified":"2024-05-15T10:57:31","modified_gmt":"2024-05-15T13:57:31","slug":"15-de-mayo-2da-jornadas-de-taller-para-emprendedores","status":"publish","type":"post","link":"https:\/\/nahuelproducciones.com.ar\/radioquijano\/15-de-mayo-2da-jornadas-de-taller-para-emprendedores\/","title":{"rendered":"15 de mayo : 2da Jornadas de Taller para \u00abEmprendedores\u00bb"},"content":{"rendered":"\n<p>La Municipalidad de Campo Quijano, invita a participar del C\u00edrculo de emprendedores\/as que es un programa creado por la Fundaci\u00f3n nuestros ni\u00f1os, cuyo objetivo es cultivar el esp\u00edritu emprendedor, fortalecer los conocimientos para emprender y afianzar el trabajo colectivo y cooperativo.<\/p>\n\n\n\n<p>\u00a0En comunicaci\u00f3n telef\u00f3nica con RQ9.9Mhz, el Director de Empleo, Capacitaci\u00f3n y Producci\u00f3n Luis Nu\u00f1o coment\u00f3 que el taller contar\u00e1 con 6 encuentros en donde podr\u00e1n aprender las herramientas necesarias para comenzar un emprendimiento.<\/p>\n\n\n\n<p>El 15 de mayo se brinda la 2da Jornadas de Taller para \u00abEmprendedores\u00bb.<\/p>\n\n\n\n<p>Record\u00f3 que los encuentros ser\u00e1n presenciales .<\/p>\n\n\n\n<p><strong>Cronogr\u00e1ma de Actividades y d\u00edas de encuentros:<\/strong><\/p>\n\n\n\n<p>1\u00ba Encuentro: mi\u00e9rcoles 17 de abril<\/p>\n\n\n\n<p>2\u00ba Encuentro: mi\u00e9rcoles 15 de mayo<\/p>\n\n\n\n<p>3\u00b0 Encuentro: mi\u00e9rcoles 26 de junio<\/p>\n\n\n\n<p>4\u00b0Encuentro: mi\u00e9rcoles 17 de julio<\/p>\n\n\n\n<p>5\u00ba Encuentro: mi\u00e9rcoles 14 de agosto<\/p>\n\n\n\n<p>6\u00b0 Encuentro: mi\u00e9rcoles 18 de septiembre<\/p>\n\n\n\n<p>Todos los encuentros ser\u00e1n en Casa de la cultura sito en Av. 9 de julio 499 , desde las 15:00 hs a 18:00 hs<\/p>\n\n\n\n<p>Para mayor informaci\u00f3n , comunicarse al 387 5184209.<\/p>\n\n\n\n<p>Escucha la entrevista en donde tambi\u00e9n se habl\u00f3 de otros temas:<\/p>\n\n\n\n<figure class=\"wp-block-audio\"><audio controls src=\"https:\/\/nahuelproducciones.com.ar\/radioquijano\/wp-content\/uploads\/2024\/05\/15-05-2024-luis-numo-director-de-empleo-tema-2da-JORNADA-DE-EMPRENDEDORES.mp3\"><\/audio><\/figure>\n","protected":false},"excerpt":{"rendered":"<p>La Municipalidad de Campo Quijano, invita a participar del C\u00edrculo de emprendedores\/as que es un programa creado por la Fundaci\u00f3n nuestros ni\u00f1os, cuyo objetivo es cultivar el esp\u00edritu emprendedor, fortalecer los conocimientos para emprender y afianzar el trabajo colectivo y cooperativo. \u00a0En comunicaci\u00f3n telef\u00f3nica con RQ9.9Mhz, el Director de Empleo, Capacitaci\u00f3n y Producci\u00f3n Luis Nu\u00f1o [&hellip;]<\/p>\n","protected":false},"author":8,"featured_media":7704,"comment_status":"open","ping_status":"open","sticky":false,"template":"","format":"standard","meta":{"_monsterinsights_skip_tracking":false,"_monsterinsights_sitenote_active":false,"_monsterinsights_sitenote_note":"","_monsterinsights_sitenote_category":0,"footnotes":""},"categories":[16],"tags":[1516,100],"class_list":["post-8034","post","type-post","status-publish","format-standard","has-post-thumbnail","hentry","category-noticias","tag-direccion-de-empleo","tag-municipio-de-campo-quijano"],"yoast_head":"<!-- This site is optimized with the Yoast SEO plugin v20.8 - https:\/\/yoast.com\/wordpress\/plugins\/seo\/ -->\n<title>15 de mayo : 2da Jornadas de Taller para \u00abEmprendedores\u00bb - RQ 99.9<\/title>\n<meta name=\"description\" content=\"Todos los encuentros ser\u00e1n en Casa de la cultura sito en Av. 9 de julio 499 , desde las 15:00 hs a 18:00 hs\" \/>\n<meta name=\"robots\" content=\"index, follow, max-snippet:-1, max-image-preview:large, max-video-preview:-1\" \/>\n<link rel=\"canonical\" href=\"https:\/\/nahuelproducciones.com.ar\/radioquijano\/15-de-mayo-2da-jornadas-de-taller-para-emprendedores\/\" \/>\n<meta property=\"og:locale\" content=\"es_ES\" \/>\n<meta property=\"og:type\" content=\"article\" \/>\n<meta property=\"og:title\" content=\"15 de mayo : 2da Jornadas de Taller para \u00abEmprendedores\u00bb - RQ 99.9\" \/>\n<meta property=\"og:description\" content=\"Todos los encuentros ser\u00e1n en Casa de la cultura sito en Av. 9 de julio 499 , desde las 15:00 hs a 18:00 hs\" \/>\n<meta property=\"og:url\" content=\"https:\/\/nahuelproducciones.com.ar\/radioquijano\/15-de-mayo-2da-jornadas-de-taller-para-emprendedores\/\" \/>\n<meta property=\"og:site_name\" content=\"RQ 99.9\" \/>\n<meta property=\"article:publisher\" content=\"https:\/\/www.facebook.com\/nahuelproducciones999\/\" \/>\n<meta property=\"article:published_time\" content=\"2024-05-15T13:57:30+00:00\" \/>\n<meta property=\"article:modified_time\" content=\"2024-05-15T13:57:31+00:00\" \/>\n<meta property=\"og:image\" content=\"https:\/\/nahuelproducciones.com.ar\/radioquijano\/wp-content\/uploads\/2024\/04\/435078266_828884032601342_4291394098337866124_n-e1713198952349.jpg\" \/>\n\t<meta property=\"og:image:width\" content=\"700\" \/>\n\t<meta property=\"og:image:height\" content=\"990\" \/>\n\t<meta property=\"og:image:type\" content=\"image\/jpeg\" \/>\n<meta name=\"author\" content=\"Cecilia Pastrana\" \/>\n<meta name=\"twitter:card\" content=\"summary_large_image\" \/>\n<meta name=\"twitter:creator\" content=\"@nahuproduciones\" \/>\n<meta name=\"twitter:site\" content=\"@nahuproduciones\" \/>\n<meta name=\"twitter:label1\" content=\"Escrito por\" \/>\n\t<meta name=\"twitter:data1\" content=\"Cecilia Pastrana\" \/>\n\t<meta name=\"twitter:label2\" content=\"Tiempo de lectura\" \/>\n\t<meta name=\"twitter:data2\" content=\"1 minuto\" \/>\n<script type=\"application\/ld+json\" class=\"yoast-schema-graph\">{\"@context\":\"https:\/\/schema.org\",\"@graph\":[{\"@type\":\"WebPage\",\"@id\":\"https:\/\/nahuelproducciones.com.ar\/radioquijano\/15-de-mayo-2da-jornadas-de-taller-para-emprendedores\/\",\"url\":\"https:\/\/nahuelproducciones.com.ar\/radioquijano\/15-de-mayo-2da-jornadas-de-taller-para-emprendedores\/\",\"name\":\"15 de mayo : 2da Jornadas de Taller para \u00abEmprendedores\u00bb - RQ 99.9\",\"isPartOf\":{\"@id\":\"https:\/\/nahuelproducciones.com.ar\/radioquijano\/#website\"},\"datePublished\":\"2024-05-15T13:57:30+00:00\",\"dateModified\":\"2024-05-15T13:57:31+00:00\",\"author\":{\"@id\":\"https:\/\/nahuelproducciones.com.ar\/radioquijano\/#\/schema\/person\/e8a4f939e2cb487fe6d0c54042c9d32c\"},\"description\":\"Todos los encuentros ser\u00e1n en Casa de la cultura sito en Av. 9 de julio 499 , desde las 15:00 hs a 18:00 hs\",\"breadcrumb\":{\"@id\":\"https:\/\/nahuelproducciones.com.ar\/radioquijano\/15-de-mayo-2da-jornadas-de-taller-para-emprendedores\/#breadcrumb\"},\"inLanguage\":\"es\",\"potentialAction\":[{\"@type\":\"ReadAction\",\"target\":[\"https:\/\/nahuelproducciones.com.ar\/radioquijano\/15-de-mayo-2da-jornadas-de-taller-para-emprendedores\/\"]}]},{\"@type\":\"BreadcrumbList\",\"@id\":\"https:\/\/nahuelproducciones.com.ar\/radioquijano\/15-de-mayo-2da-jornadas-de-taller-para-emprendedores\/#breadcrumb\",\"itemListElement\":[{\"@type\":\"ListItem\",\"position\":1,\"name\":\"Portada\",\"item\":\"https:\/\/nahuelproducciones.com.ar\/radioquijano\/\"},{\"@type\":\"ListItem\",\"position\":2,\"name\":\"15 de mayo : 2da Jornadas de Taller para \u00abEmprendedores\u00bb\"}]},{\"@type\":\"WebSite\",\"@id\":\"https:\/\/nahuelproducciones.com.ar\/radioquijano\/#website\",\"url\":\"https:\/\/nahuelproducciones.com.ar\/radioquijano\/\",\"name\":\"RQ 99.9\",\"description\":\"Radio Quijano 99.9 MHz\",\"potentialAction\":[{\"@type\":\"SearchAction\",\"target\":{\"@type\":\"EntryPoint\",\"urlTemplate\":\"https:\/\/nahuelproducciones.com.ar\/radioquijano\/?s={search_term_string}\"},\"query-input\":\"required name=search_term_string\"}],\"inLanguage\":\"es\"},{\"@type\":\"Person\",\"@id\":\"https:\/\/nahuelproducciones.com.ar\/radioquijano\/#\/schema\/person\/e8a4f939e2cb487fe6d0c54042c9d32c\",\"name\":\"Cecilia Pastrana\",\"image\":{\"@type\":\"ImageObject\",\"inLanguage\":\"es\",\"@id\":\"https:\/\/nahuelproducciones.com.ar\/radioquijano\/#\/schema\/person\/image\/\",\"url\":\"https:\/\/secure.gravatar.com\/avatar\/661a3ef63a8488d4f2794ed44af8cf71420f7e106f3072c40125114df5157749?s=96&d=mm&r=g\",\"contentUrl\":\"https:\/\/secure.gravatar.com\/avatar\/661a3ef63a8488d4f2794ed44af8cf71420f7e106f3072c40125114df5157749?s=96&d=mm&r=g\",\"caption\":\"Cecilia Pastrana\"},\"sameAs\":[\"cecy\"],\"url\":\"https:\/\/nahuelproducciones.com.ar\/radioquijano\/author\/cecy\/\"}]}<\/script>\n<!-- \/ Yoast SEO plugin. -->","yoast_head_json":{"title":"15 de mayo : 2da Jornadas de Taller para \u00abEmprendedores\u00bb - RQ 99.9","description":"Todos los encuentros ser\u00e1n en Casa de la cultura sito en Av. 9 de julio 499 , desde las 15:00 hs a 18:00 hs","robots":{"index":"index","follow":"follow","max-snippet":"max-snippet:-1","max-image-preview":"max-image-preview:large","max-video-preview":"max-video-preview:-1"},"canonical":"https:\/\/nahuelproducciones.com.ar\/radioquijano\/15-de-mayo-2da-jornadas-de-taller-para-emprendedores\/","og_locale":"es_ES","og_type":"article","og_title":"15 de mayo : 2da Jornadas de Taller para \u00abEmprendedores\u00bb - RQ 99.9","og_description":"Todos los encuentros ser\u00e1n en Casa de la cultura sito en Av. 9 de julio 499 , desde las 15:00 hs a 18:00 hs","og_url":"https:\/\/nahuelproducciones.com.ar\/radioquijano\/15-de-mayo-2da-jornadas-de-taller-para-emprendedores\/","og_site_name":"RQ 99.9","article_publisher":"https:\/\/www.facebook.com\/nahuelproducciones999\/","article_published_time":"2024-05-15T13:57:30+00:00","article_modified_time":"2024-05-15T13:57:31+00:00","og_image":[{"width":700,"height":990,"url":"https:\/\/nahuelproducciones.com.ar\/radioquijano\/wp-content\/uploads\/2024\/04\/435078266_828884032601342_4291394098337866124_n-e1713198952349.jpg","type":"image\/jpeg"}],"author":"Cecilia Pastrana","twitter_card":"summary_large_image","twitter_creator":"@nahuproduciones","twitter_site":"@nahuproduciones","twitter_misc":{"Escrito por":"Cecilia Pastrana","Tiempo de lectura":"1 minuto"},"schema":{"@context":"https:\/\/schema.org","@graph":[{"@type":"WebPage","@id":"https:\/\/nahuelproducciones.com.ar\/radioquijano\/15-de-mayo-2da-jornadas-de-taller-para-emprendedores\/","url":"https:\/\/nahuelproducciones.com.ar\/radioquijano\/15-de-mayo-2da-jornadas-de-taller-para-emprendedores\/","name":"15 de mayo : 2da Jornadas de Taller para \u00abEmprendedores\u00bb - RQ 99.9","isPartOf":{"@id":"https:\/\/nahuelproducciones.com.ar\/radioquijano\/#website"},"datePublished":"2024-05-15T13:57:30+00:00","dateModified":"2024-05-15T13:57:31+00:00","author":{"@id":"https:\/\/nahuelproducciones.com.ar\/radioquijano\/#\/schema\/person\/e8a4f939e2cb487fe6d0c54042c9d32c"},"description":"Todos los encuentros ser\u00e1n en Casa de la cultura sito en Av. 9 de julio 499 , desde las 15:00 hs a 18:00 hs","breadcrumb":{"@id":"https:\/\/nahuelproducciones.com.ar\/radioquijano\/15-de-mayo-2da-jornadas-de-taller-para-emprendedores\/#breadcrumb"},"inLanguage":"es","potentialAction":[{"@type":"ReadAction","target":["https:\/\/nahuelproducciones.com.ar\/radioquijano\/15-de-mayo-2da-jornadas-de-taller-para-emprendedores\/"]}]},{"@type":"BreadcrumbList","@id":"https:\/\/nahuelproducciones.com.ar\/radioquijano\/15-de-mayo-2da-jornadas-de-taller-para-emprendedores\/#breadcrumb","itemListElement":[{"@type":"ListItem","position":1,"name":"Portada","item":"https:\/\/nahuelproducciones.com.ar\/radioquijano\/"},{"@type":"ListItem","position":2,"name":"15 de mayo : 2da Jornadas de Taller para \u00abEmprendedores\u00bb"}]},{"@type":"WebSite","@id":"https:\/\/nahuelproducciones.com.ar\/radioquijano\/#website","url":"https:\/\/nahuelproducciones.com.ar\/radioquijano\/","name":"RQ 99.9","description":"Radio Quijano 99.9 MHz","potentialAction":[{"@type":"SearchAction","target":{"@type":"EntryPoint","urlTemplate":"https:\/\/nahuelproducciones.com.ar\/radioquijano\/?s={search_term_string}"},"query-input":"required name=search_term_string"}],"inLanguage":"es"},{"@type":"Person","@id":"https:\/\/nahuelproducciones.com.ar\/radioquijano\/#\/schema\/person\/e8a4f939e2cb487fe6d0c54042c9d32c","name":"Cecilia Pastrana","image":{"@type":"ImageObject","inLanguage":"es","@id":"https:\/\/nahuelproducciones.com.ar\/radioquijano\/#\/schema\/person\/image\/","url":"https:\/\/secure.gravatar.com\/avatar\/661a3ef63a8488d4f2794ed44af8cf71420f7e106f3072c40125114df5157749?s=96&d=mm&r=g","contentUrl":"https:\/\/secure.gravatar.com\/avatar\/661a3ef63a8488d4f2794ed44af8cf71420f7e106f3072c40125114df5157749?s=96&d=mm&r=g","caption":"Cecilia Pastrana"},"sameAs":["cecy"],"url":"https:\/\/nahuelproducciones.com.ar\/radioquijano\/author\/cecy\/"}]}},"_links":{"self":[{"href":"https:\/\/nahuelproducciones.com.ar\/radioquijano\/wp-json\/wp\/v2\/posts\/8034","targetHints":{"allow":["GET"]}}],"collection":[{"href":"https:\/\/nahuelproducciones.com.ar\/radioquijano\/wp-json\/wp\/v2\/posts"}],"about":[{"href":"https:\/\/nahuelproducciones.com.ar\/radioquijano\/wp-json\/wp\/v2\/types\/post"}],"author":[{"embeddable":true,"href":"https:\/\/nahuelproducciones.com.ar\/radioquijano\/wp-json\/wp\/v2\/users\/8"}],"replies":[{"embeddable":true,"href":"https:\/\/nahuelproducciones.com.ar\/radioquijano\/wp-json\/wp\/v2\/comments?post=8034"}],"version-history":[{"count":1,"href":"https:\/\/nahuelproducciones.com.ar\/radioquijano\/wp-json\/wp\/v2\/posts\/8034\/revisions"}],"predecessor-version":[{"id":8037,"href":"https:\/\/nahuelproducciones.com.ar\/radioquijano\/wp-json\/wp\/v2\/posts\/8034\/revisions\/8037"}],"wp:featuredmedia":[{"embeddable":true,"href":"https:\/\/nahuelproducciones.com.ar\/radioquijano\/wp-json\/wp\/v2\/media\/7704"}],"wp:attachment":[{"href":"https:\/\/nahuelproducciones.com.ar\/radioquijano\/wp-json\/wp\/v2\/media?parent=8034"}],"wp:term":[{"taxonomy":"category","embeddable":true,"href":"https:\/\/nahuelproducciones.com.ar\/radioquijano\/wp-json\/wp\/v2\/categories?post=8034"},{"taxonomy":"post_tag","embeddable":true,"href":"https:\/\/nahuelproducciones.com.ar\/radioquijano\/wp-json\/wp\/v2\/tags?post=8034"}],"curies":[{"name":"wp","href":"https:\/\/api.w.org\/{rel}","templated":true}]}}