{"id":8038,"date":"2024-05-15T11:46:22","date_gmt":"2024-05-15T14:46:22","guid":{"rendered":"https:\/\/nahuelproducciones.com.ar\/radioquijano\/?p=8038"},"modified":"2024-05-15T11:46:23","modified_gmt":"2024-05-15T14:46:23","slug":"documentacion-que-tenes-que-llevar-en-el-auto","status":"publish","type":"post","link":"https:\/\/nahuelproducciones.com.ar\/radioquijano\/documentacion-que-tenes-que-llevar-en-el-auto\/","title":{"rendered":"Documentaci\u00f3n que ten\u00e9s que llevar en el auto."},"content":{"rendered":"\n<p>El Gobierno ya hab\u00eda anticipado, a principio de mes, la derogaci\u00f3n de la c\u00e9dula azul para conducir un veh\u00edculo. Hoy, a trav\u00e9s del Ministerio de Justicia, se oficializ\u00f3 la medida al entender que ese instrumento\u00a0<strong>\u201ccarece de sustento y aplicaci\u00f3n pr\u00e1cticos\u201d<\/strong>. Adem\u00e1s, se introdujo un importante cambio en la c\u00e9dula verde: ahora no tendr\u00e1 fecha de vencimiento.<\/p>\n\n\n\n<p>La c\u00e9dula azul era una documentaci\u00f3n hasta ahora obligatoria para que una persona pueda circular al volante de un veh\u00edculo que no era de su propiedad. La decisi\u00f3n qued\u00f3 formalizada este lunes a trav\u00e9s de la<strong>\u00a0Disposici\u00f3n 29\/2024<\/strong>\u00a0de la Direcci\u00f3n Nacional de los Registros Nacionales de la Propiedad del Automotor (DNRPA), publicada en el\u00a0<a href=\"https:\/\/www.boletinoficial.gob.ar\/detalleAviso\/primera\/307350\/20240513\" target=\"_blank\" rel=\"noreferrer noopener\">Bolet\u00edn Oficial<\/a>.<\/p>\n\n\n\n<h2 class=\"wp-block-heading\">C\u00c9DULA AZUL<\/h2>\n\n\n\n<p>Hasta el momento, la c\u00e9dula azul serv\u00eda para que el due\u00f1o de un veh\u00edculo autorizara a un tercero a manejarlo, sin su presencia. Seg\u00fan el texto oficial, \u201cestablecido en el&nbsp;<strong>Decreto de Necesidad y Urgencia 70\/2023N\u00b0<\/strong>&nbsp;el no vencimiento de las c\u00e9dulas de identificaci\u00f3n, la existencia de la c\u00e9dula de identificaci\u00f3n para autorizado a conducir carece de sustento y de aplicaci\u00f3n pr\u00e1ctica, raz\u00f3n por la cual deviene pertinente proceder a la derogaci\u00f3n\u201d.<\/p>\n\n\n\n<p>Como se hab\u00eda advertido,<strong>\u00a0se elimina al 40% de los registros de propiedad del automotor por considerarse tr\u00e1mites burocr\u00e1ticos<\/strong>. La intenci\u00f3n es reducir costos. Dicha reducci\u00f3n se dar\u00e1 en el marco de un plan de retiros voluntarios y jubilaciones anticipadas, seg\u00fan informaron.<\/p>\n\n\n\n<p>Seg\u00fan se detall\u00f3 en el Bolet\u00edn Oficial,&nbsp;<strong>el Registro expedir\u00e1 la C\u00e9dula en dos formatos: digital y f\u00edsico<\/strong>. El f\u00edsico quedar\u00e1 a disposici\u00f3n dentro del legajo del dominio para su retiro por parte del peticionario que as\u00ed lo requiriera, mientras que la c\u00e9dula en formato digital ser\u00e1 puesta a disposici\u00f3n del titular registral de manera autom\u00e1tica a trav\u00e9s de su perfil digital del ciudadano en la aplicaci\u00f3n&nbsp;<strong>\u201cMi Argentina\u201d<\/strong>.<\/p>\n\n\n\n<p>Ahora, por la decisi\u00f3n del Gobierno de Milei, las c\u00e9dulas no caducar\u00e1n mientras no haya cambios en la titularidad del veh\u00edculo. Adem\u00e1s, tambi\u00e9n dispuso que la expedici\u00f3n de duplicado de la c\u00e9dula de identificaci\u00f3n del Automotor o sus adicionales podr\u00e1n ser peticionadas y expedidas en forma completamente electr\u00f3nica.<\/p>\n\n\n\n<p>Al igual que los originales, los duplicados de c\u00e9dula se extender\u00e1n sin vencimiento, excepto cuando normas vigentes fijen un plazo determinado. En este caso,&nbsp;<strong>la fecha de vencimiento ser\u00e1 la oportunamente consignada en la c\u00e9dula original<\/strong>.<\/p>\n\n\n\n<p>Por su parte, la DNRPA aclar\u00f3 que las c\u00e9dulas verdes que fueron emitidas antes de esta medida -y que tienen una fecha de vencimiento impresa- tampoco caducan. Tambi\u00e9n seguir\u00e1n estando vigentes las c\u00e9dulas azules emitidas, hasta que sean revocadas quien la pidi\u00f3.<\/p>\n\n\n\n<blockquote class=\"wp-block-quote is-layout-flow wp-block-quote-is-layout-flow\">\n<p>La documentaci\u00f3n y elementos necesarios para circular hoy son:<\/p>\n\n\n\n<ul class=\"wp-block-list\">\n<li>Documento Nacional de Identidad (DNI).<\/li>\n\n\n\n<li>Licencia Nacional de Conducir.<\/li>\n\n\n\n<li>C\u00e9dula verde.<\/li>\n\n\n\n<li>Comprobante de seguro vigente.<\/li>\n\n\n\n<li>Constancia de Revisi\u00f3n T\u00e9cnica Obligatoria (RTO) o Verificaci\u00f3n T\u00e9cnica Vehicular (VTV).<\/li>\n\n\n\n<li>Chapas patente colocadas visibles, sin alteraciones y en buen estado.<\/li>\n\n\n\n<li>Matafuegos con fecha vigente y balizas triangulares.<\/li>\n<\/ul>\n<\/blockquote>\n","protected":false},"excerpt":{"rendered":"<p>El Gobierno ya hab\u00eda anticipado, a principio de mes, la derogaci\u00f3n de la c\u00e9dula azul para conducir un veh\u00edculo. Hoy, a trav\u00e9s del Ministerio de Justicia, se oficializ\u00f3 la medida al entender que ese instrumento\u00a0\u201ccarece de sustento y aplicaci\u00f3n pr\u00e1cticos\u201d. Adem\u00e1s, se introdujo un importante cambio en la c\u00e9dula verde: ahora no tendr\u00e1 fecha de [&hellip;]<\/p>\n","protected":false},"author":8,"featured_media":8039,"comment_status":"open","ping_status":"open","sticky":false,"template":"","format":"standard","meta":{"_monsterinsights_skip_tracking":false,"_monsterinsights_sitenote_active":false,"_monsterinsights_sitenote_note":"","_monsterinsights_sitenote_category":0,"footnotes":""},"categories":[16],"tags":[1542,100],"class_list":["post-8038","post","type-post","status-publish","format-standard","has-post-thumbnail","hentry","category-noticias","tag-direccion-nacional-de-los-registros-nacionales-de-la-propiedad-del-automotor","tag-municipio-de-campo-quijano"],"yoast_head":"<!-- This site is optimized with the Yoast SEO plugin v20.8 - https:\/\/yoast.com\/wordpress\/plugins\/seo\/ -->\n<title>Documentaci\u00f3n que ten\u00e9s que llevar en el auto. - RQ 99.9<\/title>\n<meta name=\"description\" content=\"Adem\u00e1s, se introdujo un importante cambio en la c\u00e9dula verde: ahora no tendr\u00e1 fecha de vencimiento.\" \/>\n<meta name=\"robots\" content=\"index, follow, max-snippet:-1, max-image-preview:large, max-video-preview:-1\" \/>\n<link rel=\"canonical\" href=\"https:\/\/nahuelproducciones.com.ar\/radioquijano\/documentacion-que-tenes-que-llevar-en-el-auto\/\" \/>\n<meta property=\"og:locale\" content=\"es_ES\" \/>\n<meta property=\"og:type\" content=\"article\" \/>\n<meta property=\"og:title\" content=\"Documentaci\u00f3n que ten\u00e9s que llevar en el auto. - RQ 99.9\" \/>\n<meta property=\"og:description\" content=\"Adem\u00e1s, se introdujo un importante cambio en la c\u00e9dula verde: ahora no tendr\u00e1 fecha de vencimiento.\" \/>\n<meta property=\"og:url\" content=\"https:\/\/nahuelproducciones.com.ar\/radioquijano\/documentacion-que-tenes-que-llevar-en-el-auto\/\" \/>\n<meta property=\"og:site_name\" content=\"RQ 99.9\" \/>\n<meta property=\"article:publisher\" content=\"https:\/\/www.facebook.com\/nahuelproducciones999\/\" \/>\n<meta property=\"article:published_time\" content=\"2024-05-15T14:46:22+00:00\" \/>\n<meta property=\"article:modified_time\" content=\"2024-05-15T14:46:23+00:00\" \/>\n<meta property=\"og:image\" content=\"https:\/\/nahuelproducciones.com.ar\/radioquijano\/wp-content\/uploads\/2024\/05\/1715608507240513310-750x439-1-e1715784339497.jpg\" \/>\n\t<meta property=\"og:image:width\" content=\"700\" \/>\n\t<meta property=\"og:image:height\" content=\"410\" \/>\n\t<meta property=\"og:image:type\" content=\"image\/jpeg\" \/>\n<meta name=\"author\" content=\"Cecilia Pastrana\" \/>\n<meta name=\"twitter:card\" content=\"summary_large_image\" \/>\n<meta name=\"twitter:creator\" content=\"@nahuproduciones\" \/>\n<meta name=\"twitter:site\" content=\"@nahuproduciones\" \/>\n<meta name=\"twitter:label1\" content=\"Escrito por\" \/>\n\t<meta name=\"twitter:data1\" content=\"Cecilia Pastrana\" \/>\n\t<meta name=\"twitter:label2\" content=\"Tiempo de lectura\" \/>\n\t<meta name=\"twitter:data2\" content=\"3 minutos\" \/>\n<script type=\"application\/ld+json\" class=\"yoast-schema-graph\">{\"@context\":\"https:\/\/schema.org\",\"@graph\":[{\"@type\":\"WebPage\",\"@id\":\"https:\/\/nahuelproducciones.com.ar\/radioquijano\/documentacion-que-tenes-que-llevar-en-el-auto\/\",\"url\":\"https:\/\/nahuelproducciones.com.ar\/radioquijano\/documentacion-que-tenes-que-llevar-en-el-auto\/\",\"name\":\"Documentaci\u00f3n que ten\u00e9s que llevar en el auto. - RQ 99.9\",\"isPartOf\":{\"@id\":\"https:\/\/nahuelproducciones.com.ar\/radioquijano\/#website\"},\"datePublished\":\"2024-05-15T14:46:22+00:00\",\"dateModified\":\"2024-05-15T14:46:23+00:00\",\"author\":{\"@id\":\"https:\/\/nahuelproducciones.com.ar\/radioquijano\/#\/schema\/person\/e8a4f939e2cb487fe6d0c54042c9d32c\"},\"description\":\"Adem\u00e1s, se introdujo un importante cambio en la c\u00e9dula verde: ahora no tendr\u00e1 fecha de vencimiento.\",\"breadcrumb\":{\"@id\":\"https:\/\/nahuelproducciones.com.ar\/radioquijano\/documentacion-que-tenes-que-llevar-en-el-auto\/#breadcrumb\"},\"inLanguage\":\"es\",\"potentialAction\":[{\"@type\":\"ReadAction\",\"target\":[\"https:\/\/nahuelproducciones.com.ar\/radioquijano\/documentacion-que-tenes-que-llevar-en-el-auto\/\"]}]},{\"@type\":\"BreadcrumbList\",\"@id\":\"https:\/\/nahuelproducciones.com.ar\/radioquijano\/documentacion-que-tenes-que-llevar-en-el-auto\/#breadcrumb\",\"itemListElement\":[{\"@type\":\"ListItem\",\"position\":1,\"name\":\"Portada\",\"item\":\"https:\/\/nahuelproducciones.com.ar\/radioquijano\/\"},{\"@type\":\"ListItem\",\"position\":2,\"name\":\"Documentaci\u00f3n que ten\u00e9s que llevar en el auto.\"}]},{\"@type\":\"WebSite\",\"@id\":\"https:\/\/nahuelproducciones.com.ar\/radioquijano\/#website\",\"url\":\"https:\/\/nahuelproducciones.com.ar\/radioquijano\/\",\"name\":\"RQ 99.9\",\"description\":\"Radio Quijano 99.9 MHz\",\"potentialAction\":[{\"@type\":\"SearchAction\",\"target\":{\"@type\":\"EntryPoint\",\"urlTemplate\":\"https:\/\/nahuelproducciones.com.ar\/radioquijano\/?s={search_term_string}\"},\"query-input\":\"required name=search_term_string\"}],\"inLanguage\":\"es\"},{\"@type\":\"Person\",\"@id\":\"https:\/\/nahuelproducciones.com.ar\/radioquijano\/#\/schema\/person\/e8a4f939e2cb487fe6d0c54042c9d32c\",\"name\":\"Cecilia Pastrana\",\"image\":{\"@type\":\"ImageObject\",\"inLanguage\":\"es\",\"@id\":\"https:\/\/nahuelproducciones.com.ar\/radioquijano\/#\/schema\/person\/image\/\",\"url\":\"https:\/\/secure.gravatar.com\/avatar\/661a3ef63a8488d4f2794ed44af8cf71420f7e106f3072c40125114df5157749?s=96&d=mm&r=g\",\"contentUrl\":\"https:\/\/secure.gravatar.com\/avatar\/661a3ef63a8488d4f2794ed44af8cf71420f7e106f3072c40125114df5157749?s=96&d=mm&r=g\",\"caption\":\"Cecilia Pastrana\"},\"sameAs\":[\"cecy\"],\"url\":\"https:\/\/nahuelproducciones.com.ar\/radioquijano\/author\/cecy\/\"}]}<\/script>\n<!-- \/ Yoast SEO plugin. -->","yoast_head_json":{"title":"Documentaci\u00f3n que ten\u00e9s que llevar en el auto. - RQ 99.9","description":"Adem\u00e1s, se introdujo un importante cambio en la c\u00e9dula verde: ahora no tendr\u00e1 fecha de vencimiento.","robots":{"index":"index","follow":"follow","max-snippet":"max-snippet:-1","max-image-preview":"max-image-preview:large","max-video-preview":"max-video-preview:-1"},"canonical":"https:\/\/nahuelproducciones.com.ar\/radioquijano\/documentacion-que-tenes-que-llevar-en-el-auto\/","og_locale":"es_ES","og_type":"article","og_title":"Documentaci\u00f3n que ten\u00e9s que llevar en el auto. - RQ 99.9","og_description":"Adem\u00e1s, se introdujo un importante cambio en la c\u00e9dula verde: ahora no tendr\u00e1 fecha de vencimiento.","og_url":"https:\/\/nahuelproducciones.com.ar\/radioquijano\/documentacion-que-tenes-que-llevar-en-el-auto\/","og_site_name":"RQ 99.9","article_publisher":"https:\/\/www.facebook.com\/nahuelproducciones999\/","article_published_time":"2024-05-15T14:46:22+00:00","article_modified_time":"2024-05-15T14:46:23+00:00","og_image":[{"width":700,"height":410,"url":"https:\/\/nahuelproducciones.com.ar\/radioquijano\/wp-content\/uploads\/2024\/05\/1715608507240513310-750x439-1-e1715784339497.jpg","type":"image\/jpeg"}],"author":"Cecilia Pastrana","twitter_card":"summary_large_image","twitter_creator":"@nahuproduciones","twitter_site":"@nahuproduciones","twitter_misc":{"Escrito por":"Cecilia Pastrana","Tiempo de lectura":"3 minutos"},"schema":{"@context":"https:\/\/schema.org","@graph":[{"@type":"WebPage","@id":"https:\/\/nahuelproducciones.com.ar\/radioquijano\/documentacion-que-tenes-que-llevar-en-el-auto\/","url":"https:\/\/nahuelproducciones.com.ar\/radioquijano\/documentacion-que-tenes-que-llevar-en-el-auto\/","name":"Documentaci\u00f3n que ten\u00e9s que llevar en el auto. - RQ 99.9","isPartOf":{"@id":"https:\/\/nahuelproducciones.com.ar\/radioquijano\/#website"},"datePublished":"2024-05-15T14:46:22+00:00","dateModified":"2024-05-15T14:46:23+00:00","author":{"@id":"https:\/\/nahuelproducciones.com.ar\/radioquijano\/#\/schema\/person\/e8a4f939e2cb487fe6d0c54042c9d32c"},"description":"Adem\u00e1s, se introdujo un importante cambio en la c\u00e9dula verde: ahora no tendr\u00e1 fecha de vencimiento.","breadcrumb":{"@id":"https:\/\/nahuelproducciones.com.ar\/radioquijano\/documentacion-que-tenes-que-llevar-en-el-auto\/#breadcrumb"},"inLanguage":"es","potentialAction":[{"@type":"ReadAction","target":["https:\/\/nahuelproducciones.com.ar\/radioquijano\/documentacion-que-tenes-que-llevar-en-el-auto\/"]}]},{"@type":"BreadcrumbList","@id":"https:\/\/nahuelproducciones.com.ar\/radioquijano\/documentacion-que-tenes-que-llevar-en-el-auto\/#breadcrumb","itemListElement":[{"@type":"ListItem","position":1,"name":"Portada","item":"https:\/\/nahuelproducciones.com.ar\/radioquijano\/"},{"@type":"ListItem","position":2,"name":"Documentaci\u00f3n que ten\u00e9s que llevar en el auto."}]},{"@type":"WebSite","@id":"https:\/\/nahuelproducciones.com.ar\/radioquijano\/#website","url":"https:\/\/nahuelproducciones.com.ar\/radioquijano\/","name":"RQ 99.9","description":"Radio Quijano 99.9 MHz","potentialAction":[{"@type":"SearchAction","target":{"@type":"EntryPoint","urlTemplate":"https:\/\/nahuelproducciones.com.ar\/radioquijano\/?s={search_term_string}"},"query-input":"required name=search_term_string"}],"inLanguage":"es"},{"@type":"Person","@id":"https:\/\/nahuelproducciones.com.ar\/radioquijano\/#\/schema\/person\/e8a4f939e2cb487fe6d0c54042c9d32c","name":"Cecilia Pastrana","image":{"@type":"ImageObject","inLanguage":"es","@id":"https:\/\/nahuelproducciones.com.ar\/radioquijano\/#\/schema\/person\/image\/","url":"https:\/\/secure.gravatar.com\/avatar\/661a3ef63a8488d4f2794ed44af8cf71420f7e106f3072c40125114df5157749?s=96&d=mm&r=g","contentUrl":"https:\/\/secure.gravatar.com\/avatar\/661a3ef63a8488d4f2794ed44af8cf71420f7e106f3072c40125114df5157749?s=96&d=mm&r=g","caption":"Cecilia Pastrana"},"sameAs":["cecy"],"url":"https:\/\/nahuelproducciones.com.ar\/radioquijano\/author\/cecy\/"}]}},"_links":{"self":[{"href":"https:\/\/nahuelproducciones.com.ar\/radioquijano\/wp-json\/wp\/v2\/posts\/8038","targetHints":{"allow":["GET"]}}],"collection":[{"href":"https:\/\/nahuelproducciones.com.ar\/radioquijano\/wp-json\/wp\/v2\/posts"}],"about":[{"href":"https:\/\/nahuelproducciones.com.ar\/radioquijano\/wp-json\/wp\/v2\/types\/post"}],"author":[{"embeddable":true,"href":"https:\/\/nahuelproducciones.com.ar\/radioquijano\/wp-json\/wp\/v2\/users\/8"}],"replies":[{"embeddable":true,"href":"https:\/\/nahuelproducciones.com.ar\/radioquijano\/wp-json\/wp\/v2\/comments?post=8038"}],"version-history":[{"count":1,"href":"https:\/\/nahuelproducciones.com.ar\/radioquijano\/wp-json\/wp\/v2\/posts\/8038\/revisions"}],"predecessor-version":[{"id":8040,"href":"https:\/\/nahuelproducciones.com.ar\/radioquijano\/wp-json\/wp\/v2\/posts\/8038\/revisions\/8040"}],"wp:featuredmedia":[{"embeddable":true,"href":"https:\/\/nahuelproducciones.com.ar\/radioquijano\/wp-json\/wp\/v2\/media\/8039"}],"wp:attachment":[{"href":"https:\/\/nahuelproducciones.com.ar\/radioquijano\/wp-json\/wp\/v2\/media?parent=8038"}],"wp:term":[{"taxonomy":"category","embeddable":true,"href":"https:\/\/nahuelproducciones.com.ar\/radioquijano\/wp-json\/wp\/v2\/categories?post=8038"},{"taxonomy":"post_tag","embeddable":true,"href":"https:\/\/nahuelproducciones.com.ar\/radioquijano\/wp-json\/wp\/v2\/tags?post=8038"}],"curies":[{"name":"wp","href":"https:\/\/api.w.org\/{rel}","templated":true}]}}