{"id":8048,"date":"2024-05-16T02:45:48","date_gmt":"2024-05-16T05:45:48","guid":{"rendered":"https:\/\/nahuelproducciones.com.ar\/radioquijano\/?p=8048"},"modified":"2024-05-16T11:27:17","modified_gmt":"2024-05-16T14:27:17","slug":"concejal-torres-pide-suprimir-el-articulo-vinculado-a-la-readecuacion-de-tarifas-a-partir-de-julio","status":"publish","type":"post","link":"https:\/\/nahuelproducciones.com.ar\/radioquijano\/concejal-torres-pide-suprimir-el-articulo-vinculado-a-la-readecuacion-de-tarifas-a-partir-de-julio\/","title":{"rendered":"Concejal Torres pide suprimir el art\u00edculo vinculado a la readecuaci\u00f3n de tarifas a partir de julio."},"content":{"rendered":"\n<p>Lorena Torres,\u00a0concejal\u00a0de la UCR, present\u00f3 un  Proyecto de ordenanza que prev\u00e9 la modificaci\u00f3n del art\u00edculo 160 de la Ordenanza Tarifaria N\u00b0 149\/24.<\/p>\n\n\n\n<p>Recuerda que el art\u00edculo del proyecto  ingres\u00f3 a \u00faltima hora en el recinto , donde se trato el proyecto de ordenanza para la pr\u00f3rroga del presupuesto 2023 para este a\u00f1o y el aumento de la tarifaria .<\/p>\n\n\n\n<p>A principio de a\u00f1o, los aumentos fueron considerables, tanto en el impuesto inmobiliario , en  la tasa de Mantenimiento y Limpieza, y un aumento de alrededor del 300 % en el impuesto automotor, variando seg\u00fan el modelo del veh\u00edculo.<\/p>\n\n\n\n<p>Torres mantiene que si el art\u00edculo contin\u00faa con la misma redacci\u00f3n en la ordenanza permitir\u00e1  que se incrementen las tarifas a partir de julio de 2.024, por tal motivo en el Trabajo de Comisi\u00f3n del d\u00eda lunes se logr\u00f3 un Dictamen por Minor\u00eda con la firma de los Concejales Cruz, Copa y Torres solicitando suprimir el art\u00edculo vinculado a la readecuaci\u00f3n de tarifas a partir de julio.<\/p>\n\n\n\n<p>La Concejal Torres plantea que la  Ordenanza Tarifaria N\u00b0 149\/24, se aprob\u00f3 con el consentimiento de los Concejales Oficialista , y que fue un voto de confianza al inicio de de la gesti\u00f3n del nuevo intendente, Lino Yonar.  Considera que si el intendente no present\u00f3 la rendici\u00f3n de un informe del Primer Trimestre, si el concejo no cuenta con informaci\u00f3n para evaluar el impacto de los incrementos en la gesti\u00f3n , ya no se puede seguir dando un voto de confianza.<\/p>\n\n\n\n<p>La edil reconoci\u00f3 que el Intendente no se manifest\u00f3 hasta ahora que se producir\u00e1 el aumento y cont\u00f3 que el mismo concejal Montero argumento que Yonar no tiene intenciones de aumentar las tarifas. Ella afirma que de ser as\u00ed no tendr\u00e1n problemas de suprimir este art\u00edculo.<\/p>\n\n\n\n<p>En la Sesi\u00f3n Ordinaria N\u00b09 y en su Orden del d\u00eda est\u00e1 incorporado el Dictamen por minor\u00eda y otros temas  a tratar.<\/p>\n\n\n\n<p>Escucha la entrevista:<\/p>\n\n\n\n<figure class=\"wp-block-audio\"><audio controls src=\"https:\/\/nahuelproducciones.com.ar\/radioquijano\/wp-content\/uploads\/2024\/05\/15-04-2024-LORENA-TORRES-PIDE-MODIFICAR-ART-160-DE-LA-ORDENANZA-N149.24.mp3\"><\/audio><\/figure>\n\n\n\n<p class=\"wp-block-pdfemb-pdf-embedder-viewer\"><\/p>\n","protected":false},"excerpt":{"rendered":"<p>Lorena Torres,\u00a0concejal\u00a0de la UCR, present\u00f3 un Proyecto de ordenanza que prev\u00e9 la modificaci\u00f3n del art\u00edculo 160 de la Ordenanza Tarifaria N\u00b0 149\/24. Recuerda que el art\u00edculo del proyecto ingres\u00f3 a \u00faltima hora en el recinto , donde se trato el proyecto de ordenanza para la pr\u00f3rroga del presupuesto 2023 para este a\u00f1o y el aumento [&hellip;]<\/p>\n","protected":false},"author":8,"featured_media":8051,"comment_status":"open","ping_status":"open","sticky":false,"template":"","format":"standard","meta":{"_monsterinsights_skip_tracking":false,"_monsterinsights_sitenote_active":false,"_monsterinsights_sitenote_note":"","_monsterinsights_sitenote_category":0,"footnotes":""},"categories":[16],"tags":[1391,100],"class_list":["post-8048","post","type-post","status-publish","format-standard","has-post-thumbnail","hentry","category-noticias","tag-concejal-lorena-torres","tag-municipio-de-campo-quijano"],"yoast_head":"<!-- This site is optimized with the Yoast SEO plugin v20.8 - https:\/\/yoast.com\/wordpress\/plugins\/seo\/ -->\n<title>Concejal Torres pide suprimir el art\u00edculo vinculado a la readecuaci\u00f3n de tarifas a partir de julio. - RQ 99.9<\/title>\n<meta name=\"description\" content=\"En la Sesi\u00f3n Ordinaria N\u00b09 y en su Orden del d\u00eda est\u00e1 incorporado el Dictamen por minor\u00eda y otros temas a tratar.\" \/>\n<meta name=\"robots\" content=\"index, follow, max-snippet:-1, max-image-preview:large, max-video-preview:-1\" \/>\n<link rel=\"canonical\" href=\"https:\/\/nahuelproducciones.com.ar\/radioquijano\/concejal-torres-pide-suprimir-el-articulo-vinculado-a-la-readecuacion-de-tarifas-a-partir-de-julio\/\" \/>\n<meta property=\"og:locale\" content=\"es_ES\" \/>\n<meta property=\"og:type\" content=\"article\" \/>\n<meta property=\"og:title\" content=\"Concejal Torres pide suprimir el art\u00edculo vinculado a la readecuaci\u00f3n de tarifas a partir de julio. - RQ 99.9\" \/>\n<meta property=\"og:description\" content=\"En la Sesi\u00f3n Ordinaria N\u00b09 y en su Orden del d\u00eda est\u00e1 incorporado el Dictamen por minor\u00eda y otros temas a tratar.\" \/>\n<meta property=\"og:url\" content=\"https:\/\/nahuelproducciones.com.ar\/radioquijano\/concejal-torres-pide-suprimir-el-articulo-vinculado-a-la-readecuacion-de-tarifas-a-partir-de-julio\/\" \/>\n<meta property=\"og:site_name\" content=\"RQ 99.9\" \/>\n<meta property=\"article:publisher\" content=\"https:\/\/www.facebook.com\/nahuelproducciones999\/\" \/>\n<meta property=\"article:published_time\" content=\"2024-05-16T05:45:48+00:00\" \/>\n<meta property=\"article:modified_time\" content=\"2024-05-16T14:27:17+00:00\" \/>\n<meta property=\"og:image\" content=\"https:\/\/nahuelproducciones.com.ar\/radioquijano\/wp-content\/uploads\/2024\/05\/WhatsApp-Image-2024-05-16-at-2.36.25-AM-e1715838113607.jpeg\" \/>\n\t<meta property=\"og:image:width\" content=\"700\" \/>\n\t<meta property=\"og:image:height\" content=\"137\" \/>\n\t<meta property=\"og:image:type\" content=\"image\/jpeg\" \/>\n<meta name=\"author\" content=\"Cecilia Pastrana\" \/>\n<meta name=\"twitter:card\" content=\"summary_large_image\" \/>\n<meta name=\"twitter:creator\" content=\"@nahuproduciones\" \/>\n<meta name=\"twitter:site\" content=\"@nahuproduciones\" \/>\n<meta name=\"twitter:label1\" content=\"Escrito por\" \/>\n\t<meta name=\"twitter:data1\" content=\"Cecilia Pastrana\" \/>\n\t<meta name=\"twitter:label2\" content=\"Tiempo de lectura\" \/>\n\t<meta name=\"twitter:data2\" content=\"2 minutos\" \/>\n<script type=\"application\/ld+json\" class=\"yoast-schema-graph\">{\"@context\":\"https:\/\/schema.org\",\"@graph\":[{\"@type\":\"WebPage\",\"@id\":\"https:\/\/nahuelproducciones.com.ar\/radioquijano\/concejal-torres-pide-suprimir-el-articulo-vinculado-a-la-readecuacion-de-tarifas-a-partir-de-julio\/\",\"url\":\"https:\/\/nahuelproducciones.com.ar\/radioquijano\/concejal-torres-pide-suprimir-el-articulo-vinculado-a-la-readecuacion-de-tarifas-a-partir-de-julio\/\",\"name\":\"Concejal Torres pide suprimir el art\u00edculo vinculado a la readecuaci\u00f3n de tarifas a partir de julio. - RQ 99.9\",\"isPartOf\":{\"@id\":\"https:\/\/nahuelproducciones.com.ar\/radioquijano\/#website\"},\"datePublished\":\"2024-05-16T05:45:48+00:00\",\"dateModified\":\"2024-05-16T14:27:17+00:00\",\"author\":{\"@id\":\"https:\/\/nahuelproducciones.com.ar\/radioquijano\/#\/schema\/person\/e8a4f939e2cb487fe6d0c54042c9d32c\"},\"description\":\"En la Sesi\u00f3n Ordinaria N\u00b09 y en su Orden del d\u00eda est\u00e1 incorporado el Dictamen por minor\u00eda y otros temas a tratar.\",\"breadcrumb\":{\"@id\":\"https:\/\/nahuelproducciones.com.ar\/radioquijano\/concejal-torres-pide-suprimir-el-articulo-vinculado-a-la-readecuacion-de-tarifas-a-partir-de-julio\/#breadcrumb\"},\"inLanguage\":\"es\",\"potentialAction\":[{\"@type\":\"ReadAction\",\"target\":[\"https:\/\/nahuelproducciones.com.ar\/radioquijano\/concejal-torres-pide-suprimir-el-articulo-vinculado-a-la-readecuacion-de-tarifas-a-partir-de-julio\/\"]}]},{\"@type\":\"BreadcrumbList\",\"@id\":\"https:\/\/nahuelproducciones.com.ar\/radioquijano\/concejal-torres-pide-suprimir-el-articulo-vinculado-a-la-readecuacion-de-tarifas-a-partir-de-julio\/#breadcrumb\",\"itemListElement\":[{\"@type\":\"ListItem\",\"position\":1,\"name\":\"Portada\",\"item\":\"https:\/\/nahuelproducciones.com.ar\/radioquijano\/\"},{\"@type\":\"ListItem\",\"position\":2,\"name\":\"Concejal Torres pide suprimir el art\u00edculo vinculado a la readecuaci\u00f3n de tarifas a partir de julio.\"}]},{\"@type\":\"WebSite\",\"@id\":\"https:\/\/nahuelproducciones.com.ar\/radioquijano\/#website\",\"url\":\"https:\/\/nahuelproducciones.com.ar\/radioquijano\/\",\"name\":\"RQ 99.9\",\"description\":\"Radio Quijano 99.9 MHz\",\"potentialAction\":[{\"@type\":\"SearchAction\",\"target\":{\"@type\":\"EntryPoint\",\"urlTemplate\":\"https:\/\/nahuelproducciones.com.ar\/radioquijano\/?s={search_term_string}\"},\"query-input\":\"required name=search_term_string\"}],\"inLanguage\":\"es\"},{\"@type\":\"Person\",\"@id\":\"https:\/\/nahuelproducciones.com.ar\/radioquijano\/#\/schema\/person\/e8a4f939e2cb487fe6d0c54042c9d32c\",\"name\":\"Cecilia Pastrana\",\"image\":{\"@type\":\"ImageObject\",\"inLanguage\":\"es\",\"@id\":\"https:\/\/nahuelproducciones.com.ar\/radioquijano\/#\/schema\/person\/image\/\",\"url\":\"https:\/\/secure.gravatar.com\/avatar\/661a3ef63a8488d4f2794ed44af8cf71420f7e106f3072c40125114df5157749?s=96&d=mm&r=g\",\"contentUrl\":\"https:\/\/secure.gravatar.com\/avatar\/661a3ef63a8488d4f2794ed44af8cf71420f7e106f3072c40125114df5157749?s=96&d=mm&r=g\",\"caption\":\"Cecilia Pastrana\"},\"sameAs\":[\"cecy\"],\"url\":\"https:\/\/nahuelproducciones.com.ar\/radioquijano\/author\/cecy\/\"}]}<\/script>\n<!-- \/ Yoast SEO plugin. -->","yoast_head_json":{"title":"Concejal Torres pide suprimir el art\u00edculo vinculado a la readecuaci\u00f3n de tarifas a partir de julio. - RQ 99.9","description":"En la Sesi\u00f3n Ordinaria N\u00b09 y en su Orden del d\u00eda est\u00e1 incorporado el Dictamen por minor\u00eda y otros temas a tratar.","robots":{"index":"index","follow":"follow","max-snippet":"max-snippet:-1","max-image-preview":"max-image-preview:large","max-video-preview":"max-video-preview:-1"},"canonical":"https:\/\/nahuelproducciones.com.ar\/radioquijano\/concejal-torres-pide-suprimir-el-articulo-vinculado-a-la-readecuacion-de-tarifas-a-partir-de-julio\/","og_locale":"es_ES","og_type":"article","og_title":"Concejal Torres pide suprimir el art\u00edculo vinculado a la readecuaci\u00f3n de tarifas a partir de julio. - RQ 99.9","og_description":"En la Sesi\u00f3n Ordinaria N\u00b09 y en su Orden del d\u00eda est\u00e1 incorporado el Dictamen por minor\u00eda y otros temas a tratar.","og_url":"https:\/\/nahuelproducciones.com.ar\/radioquijano\/concejal-torres-pide-suprimir-el-articulo-vinculado-a-la-readecuacion-de-tarifas-a-partir-de-julio\/","og_site_name":"RQ 99.9","article_publisher":"https:\/\/www.facebook.com\/nahuelproducciones999\/","article_published_time":"2024-05-16T05:45:48+00:00","article_modified_time":"2024-05-16T14:27:17+00:00","og_image":[{"width":700,"height":137,"url":"https:\/\/nahuelproducciones.com.ar\/radioquijano\/wp-content\/uploads\/2024\/05\/WhatsApp-Image-2024-05-16-at-2.36.25-AM-e1715838113607.jpeg","type":"image\/jpeg"}],"author":"Cecilia Pastrana","twitter_card":"summary_large_image","twitter_creator":"@nahuproduciones","twitter_site":"@nahuproduciones","twitter_misc":{"Escrito por":"Cecilia Pastrana","Tiempo de lectura":"2 minutos"},"schema":{"@context":"https:\/\/schema.org","@graph":[{"@type":"WebPage","@id":"https:\/\/nahuelproducciones.com.ar\/radioquijano\/concejal-torres-pide-suprimir-el-articulo-vinculado-a-la-readecuacion-de-tarifas-a-partir-de-julio\/","url":"https:\/\/nahuelproducciones.com.ar\/radioquijano\/concejal-torres-pide-suprimir-el-articulo-vinculado-a-la-readecuacion-de-tarifas-a-partir-de-julio\/","name":"Concejal Torres pide suprimir el art\u00edculo vinculado a la readecuaci\u00f3n de tarifas a partir de julio. - RQ 99.9","isPartOf":{"@id":"https:\/\/nahuelproducciones.com.ar\/radioquijano\/#website"},"datePublished":"2024-05-16T05:45:48+00:00","dateModified":"2024-05-16T14:27:17+00:00","author":{"@id":"https:\/\/nahuelproducciones.com.ar\/radioquijano\/#\/schema\/person\/e8a4f939e2cb487fe6d0c54042c9d32c"},"description":"En la Sesi\u00f3n Ordinaria N\u00b09 y en su Orden del d\u00eda est\u00e1 incorporado el Dictamen por minor\u00eda y otros temas a tratar.","breadcrumb":{"@id":"https:\/\/nahuelproducciones.com.ar\/radioquijano\/concejal-torres-pide-suprimir-el-articulo-vinculado-a-la-readecuacion-de-tarifas-a-partir-de-julio\/#breadcrumb"},"inLanguage":"es","potentialAction":[{"@type":"ReadAction","target":["https:\/\/nahuelproducciones.com.ar\/radioquijano\/concejal-torres-pide-suprimir-el-articulo-vinculado-a-la-readecuacion-de-tarifas-a-partir-de-julio\/"]}]},{"@type":"BreadcrumbList","@id":"https:\/\/nahuelproducciones.com.ar\/radioquijano\/concejal-torres-pide-suprimir-el-articulo-vinculado-a-la-readecuacion-de-tarifas-a-partir-de-julio\/#breadcrumb","itemListElement":[{"@type":"ListItem","position":1,"name":"Portada","item":"https:\/\/nahuelproducciones.com.ar\/radioquijano\/"},{"@type":"ListItem","position":2,"name":"Concejal Torres pide suprimir el art\u00edculo vinculado a la readecuaci\u00f3n de tarifas a partir de julio."}]},{"@type":"WebSite","@id":"https:\/\/nahuelproducciones.com.ar\/radioquijano\/#website","url":"https:\/\/nahuelproducciones.com.ar\/radioquijano\/","name":"RQ 99.9","description":"Radio Quijano 99.9 MHz","potentialAction":[{"@type":"SearchAction","target":{"@type":"EntryPoint","urlTemplate":"https:\/\/nahuelproducciones.com.ar\/radioquijano\/?s={search_term_string}"},"query-input":"required name=search_term_string"}],"inLanguage":"es"},{"@type":"Person","@id":"https:\/\/nahuelproducciones.com.ar\/radioquijano\/#\/schema\/person\/e8a4f939e2cb487fe6d0c54042c9d32c","name":"Cecilia Pastrana","image":{"@type":"ImageObject","inLanguage":"es","@id":"https:\/\/nahuelproducciones.com.ar\/radioquijano\/#\/schema\/person\/image\/","url":"https:\/\/secure.gravatar.com\/avatar\/661a3ef63a8488d4f2794ed44af8cf71420f7e106f3072c40125114df5157749?s=96&d=mm&r=g","contentUrl":"https:\/\/secure.gravatar.com\/avatar\/661a3ef63a8488d4f2794ed44af8cf71420f7e106f3072c40125114df5157749?s=96&d=mm&r=g","caption":"Cecilia Pastrana"},"sameAs":["cecy"],"url":"https:\/\/nahuelproducciones.com.ar\/radioquijano\/author\/cecy\/"}]}},"_links":{"self":[{"href":"https:\/\/nahuelproducciones.com.ar\/radioquijano\/wp-json\/wp\/v2\/posts\/8048","targetHints":{"allow":["GET"]}}],"collection":[{"href":"https:\/\/nahuelproducciones.com.ar\/radioquijano\/wp-json\/wp\/v2\/posts"}],"about":[{"href":"https:\/\/nahuelproducciones.com.ar\/radioquijano\/wp-json\/wp\/v2\/types\/post"}],"author":[{"embeddable":true,"href":"https:\/\/nahuelproducciones.com.ar\/radioquijano\/wp-json\/wp\/v2\/users\/8"}],"replies":[{"embeddable":true,"href":"https:\/\/nahuelproducciones.com.ar\/radioquijano\/wp-json\/wp\/v2\/comments?post=8048"}],"version-history":[{"count":2,"href":"https:\/\/nahuelproducciones.com.ar\/radioquijano\/wp-json\/wp\/v2\/posts\/8048\/revisions"}],"predecessor-version":[{"id":8056,"href":"https:\/\/nahuelproducciones.com.ar\/radioquijano\/wp-json\/wp\/v2\/posts\/8048\/revisions\/8056"}],"wp:featuredmedia":[{"embeddable":true,"href":"https:\/\/nahuelproducciones.com.ar\/radioquijano\/wp-json\/wp\/v2\/media\/8051"}],"wp:attachment":[{"href":"https:\/\/nahuelproducciones.com.ar\/radioquijano\/wp-json\/wp\/v2\/media?parent=8048"}],"wp:term":[{"taxonomy":"category","embeddable":true,"href":"https:\/\/nahuelproducciones.com.ar\/radioquijano\/wp-json\/wp\/v2\/categories?post=8048"},{"taxonomy":"post_tag","embeddable":true,"href":"https:\/\/nahuelproducciones.com.ar\/radioquijano\/wp-json\/wp\/v2\/tags?post=8048"}],"curies":[{"name":"wp","href":"https:\/\/api.w.org\/{rel}","templated":true}]}}