{"id":8055,"date":"2024-05-16T11:30:47","date_gmt":"2024-05-16T14:30:47","guid":{"rendered":"https:\/\/nahuelproducciones.com.ar\/radioquijano\/?p=8055"},"modified":"2024-05-16T11:55:50","modified_gmt":"2024-05-16T14:55:50","slug":"lino-yonar-no-vamos-a-aumentar-los-impuestos-en-campo-quijano","status":"publish","type":"post","link":"https:\/\/nahuelproducciones.com.ar\/radioquijano\/lino-yonar-no-vamos-a-aumentar-los-impuestos-en-campo-quijano\/","title":{"rendered":"Lino Yonar : \u00abNo Vamos a aumentar los impuestos en Campo Quijano\u00bb."},"content":{"rendered":"\n<p>\u201cNo vamos a aumentar impuestos\u201d, repiti\u00f3&nbsp;el Intendente de Campo Quijano.<\/p>\n\n\n\n<p>En comunicaci\u00f3n telef\u00f3nica con RQ99.9Mhz ,Yonar desmiente rotundamente las versiones que plantean un aumento en Tasas y servicios en el municipio.<\/p>\n\n\n\n<p>Mencion\u00f3 que en estos d\u00edas , en la semana se dieron  comentarios maliciosos ,rumores que circulan y su  deseo es transmitir un mensaje de tranquilidad a los vecinos de nuestro Municipio.<\/p>\n\n\n\n<p>Hoy se tratar\u00e1 en el Concejo este tema y ya hay un Dictamen de minor\u00eda para suprimir el art\u00edculo 169 de la Ordenanza Tarifaria N\u00b0 149\/24. <\/p>\n\n\n\n<p>Escucha la entrevista:<\/p>\n\n\n\n<figure class=\"wp-block-audio\"><audio controls src=\"https:\/\/nahuelproducciones.com.ar\/radioquijano\/wp-content\/uploads\/2024\/05\/16-05-2024-INTENDENTE-TENA-TRIFARIA.mp3\"><\/audio><\/figure>\n\n\n\n<p>En su perfil de facebook tambi\u00e9n se expres\u00f3.<\/p>\n\n\n<p><iframe loading=\"lazy\" src=\"https:\/\/www.facebook.com\/plugins\/video.php?height=314&#038;href=https%3A%2F%2Fwww.facebook.com%2FLinoYonarDiputado%2Fvideos%2F998849698491066%2F&#038;show_text=false&#038;width=560&#038;t=0\" width=\"560\" height=\"314\" style=\"border:none;overflow:hidden\" scrolling=\"no\" frameborder=\"0\" allowfullscreen=\"true\" allow=\"autoplay; clipboard-write; encrypted-media; picture-in-picture; web-share\" allowFullScreen=\"true\"><\/iframe><\/p>\n\n\n\n<pre class=\"wp-block-code\"><code><\/code><\/pre>\n","protected":false},"excerpt":{"rendered":"<p>\u201cNo vamos a aumentar impuestos\u201d, repiti\u00f3&nbsp;el Intendente de Campo Quijano. En comunicaci\u00f3n telef\u00f3nica con RQ99.9Mhz ,Yonar desmiente rotundamente las versiones que plantean un aumento en Tasas y servicios en el municipio. Mencion\u00f3 que en estos d\u00edas , en la semana se dieron comentarios maliciosos ,rumores que circulan y su deseo es transmitir un mensaje de [&hellip;]<\/p>\n","protected":false},"author":8,"featured_media":8064,"comment_status":"open","ping_status":"open","sticky":false,"template":"","format":"standard","meta":{"_monsterinsights_skip_tracking":false,"_monsterinsights_sitenote_active":false,"_monsterinsights_sitenote_note":"","_monsterinsights_sitenote_category":0,"footnotes":""},"categories":[16],"tags":[1369,100],"class_list":["post-8055","post","type-post","status-publish","format-standard","has-post-thumbnail","hentry","category-noticias","tag-intendente-ing-lino-fernando-yonar","tag-municipio-de-campo-quijano"],"yoast_head":"<!-- This site is optimized with the Yoast SEO plugin v20.8 - https:\/\/yoast.com\/wordpress\/plugins\/seo\/ -->\n<title>Lino Yonar : &quot;No Vamos a aumentar los impuestos en Campo Quijano&quot;. - RQ 99.9<\/title>\n<meta name=\"description\" content=\"Su deseo es transmitir un mensaje de tranquilidad a los vecinos de nuestro Municipio.\" \/>\n<meta name=\"robots\" content=\"index, follow, max-snippet:-1, max-image-preview:large, max-video-preview:-1\" \/>\n<link rel=\"canonical\" href=\"https:\/\/nahuelproducciones.com.ar\/radioquijano\/lino-yonar-no-vamos-a-aumentar-los-impuestos-en-campo-quijano\/\" \/>\n<meta property=\"og:locale\" content=\"es_ES\" \/>\n<meta property=\"og:type\" content=\"article\" \/>\n<meta property=\"og:title\" content=\"Lino Yonar : &quot;No Vamos a aumentar los impuestos en Campo Quijano&quot;. - RQ 99.9\" \/>\n<meta property=\"og:description\" content=\"Su deseo es transmitir un mensaje de tranquilidad a los vecinos de nuestro Municipio.\" \/>\n<meta property=\"og:url\" content=\"https:\/\/nahuelproducciones.com.ar\/radioquijano\/lino-yonar-no-vamos-a-aumentar-los-impuestos-en-campo-quijano\/\" \/>\n<meta property=\"og:site_name\" content=\"RQ 99.9\" \/>\n<meta property=\"article:publisher\" content=\"https:\/\/www.facebook.com\/nahuelproducciones999\/\" \/>\n<meta property=\"article:published_time\" content=\"2024-05-16T14:30:47+00:00\" \/>\n<meta property=\"article:modified_time\" content=\"2024-05-16T14:55:50+00:00\" \/>\n<meta property=\"og:image\" content=\"https:\/\/nahuelproducciones.com.ar\/radioquijano\/wp-content\/uploads\/2024\/05\/WhatsApp-Image-2024-05-16-at-11.44.29-AM-e1715870971805.jpeg\" \/>\n\t<meta property=\"og:image:width\" content=\"700\" \/>\n\t<meta property=\"og:image:height\" content=\"394\" \/>\n\t<meta property=\"og:image:type\" content=\"image\/jpeg\" \/>\n<meta name=\"author\" content=\"Cecilia Pastrana\" \/>\n<meta name=\"twitter:card\" content=\"summary_large_image\" \/>\n<meta name=\"twitter:creator\" content=\"@nahuproduciones\" \/>\n<meta name=\"twitter:site\" content=\"@nahuproduciones\" \/>\n<meta name=\"twitter:label1\" content=\"Escrito por\" \/>\n\t<meta name=\"twitter:data1\" content=\"Cecilia Pastrana\" \/>\n\t<meta name=\"twitter:label2\" content=\"Tiempo de lectura\" \/>\n\t<meta name=\"twitter:data2\" content=\"1 minuto\" \/>\n<script type=\"application\/ld+json\" class=\"yoast-schema-graph\">{\"@context\":\"https:\/\/schema.org\",\"@graph\":[{\"@type\":\"WebPage\",\"@id\":\"https:\/\/nahuelproducciones.com.ar\/radioquijano\/lino-yonar-no-vamos-a-aumentar-los-impuestos-en-campo-quijano\/\",\"url\":\"https:\/\/nahuelproducciones.com.ar\/radioquijano\/lino-yonar-no-vamos-a-aumentar-los-impuestos-en-campo-quijano\/\",\"name\":\"Lino Yonar : \\\"No Vamos a aumentar los impuestos en Campo Quijano\\\". - RQ 99.9\",\"isPartOf\":{\"@id\":\"https:\/\/nahuelproducciones.com.ar\/radioquijano\/#website\"},\"datePublished\":\"2024-05-16T14:30:47+00:00\",\"dateModified\":\"2024-05-16T14:55:50+00:00\",\"author\":{\"@id\":\"https:\/\/nahuelproducciones.com.ar\/radioquijano\/#\/schema\/person\/e8a4f939e2cb487fe6d0c54042c9d32c\"},\"description\":\"Su deseo es transmitir un mensaje de tranquilidad a los vecinos de nuestro Municipio.\",\"breadcrumb\":{\"@id\":\"https:\/\/nahuelproducciones.com.ar\/radioquijano\/lino-yonar-no-vamos-a-aumentar-los-impuestos-en-campo-quijano\/#breadcrumb\"},\"inLanguage\":\"es\",\"potentialAction\":[{\"@type\":\"ReadAction\",\"target\":[\"https:\/\/nahuelproducciones.com.ar\/radioquijano\/lino-yonar-no-vamos-a-aumentar-los-impuestos-en-campo-quijano\/\"]}]},{\"@type\":\"BreadcrumbList\",\"@id\":\"https:\/\/nahuelproducciones.com.ar\/radioquijano\/lino-yonar-no-vamos-a-aumentar-los-impuestos-en-campo-quijano\/#breadcrumb\",\"itemListElement\":[{\"@type\":\"ListItem\",\"position\":1,\"name\":\"Portada\",\"item\":\"https:\/\/nahuelproducciones.com.ar\/radioquijano\/\"},{\"@type\":\"ListItem\",\"position\":2,\"name\":\"Lino Yonar : &#8220;No Vamos a aumentar los impuestos en Campo Quijano&#8221;.\"}]},{\"@type\":\"WebSite\",\"@id\":\"https:\/\/nahuelproducciones.com.ar\/radioquijano\/#website\",\"url\":\"https:\/\/nahuelproducciones.com.ar\/radioquijano\/\",\"name\":\"RQ 99.9\",\"description\":\"Radio Quijano 99.9 MHz\",\"potentialAction\":[{\"@type\":\"SearchAction\",\"target\":{\"@type\":\"EntryPoint\",\"urlTemplate\":\"https:\/\/nahuelproducciones.com.ar\/radioquijano\/?s={search_term_string}\"},\"query-input\":\"required name=search_term_string\"}],\"inLanguage\":\"es\"},{\"@type\":\"Person\",\"@id\":\"https:\/\/nahuelproducciones.com.ar\/radioquijano\/#\/schema\/person\/e8a4f939e2cb487fe6d0c54042c9d32c\",\"name\":\"Cecilia Pastrana\",\"image\":{\"@type\":\"ImageObject\",\"inLanguage\":\"es\",\"@id\":\"https:\/\/nahuelproducciones.com.ar\/radioquijano\/#\/schema\/person\/image\/\",\"url\":\"https:\/\/secure.gravatar.com\/avatar\/661a3ef63a8488d4f2794ed44af8cf71420f7e106f3072c40125114df5157749?s=96&d=mm&r=g\",\"contentUrl\":\"https:\/\/secure.gravatar.com\/avatar\/661a3ef63a8488d4f2794ed44af8cf71420f7e106f3072c40125114df5157749?s=96&d=mm&r=g\",\"caption\":\"Cecilia Pastrana\"},\"sameAs\":[\"cecy\"],\"url\":\"https:\/\/nahuelproducciones.com.ar\/radioquijano\/author\/cecy\/\"}]}<\/script>\n<!-- \/ Yoast SEO plugin. -->","yoast_head_json":{"title":"Lino Yonar : \"No Vamos a aumentar los impuestos en Campo Quijano\". - RQ 99.9","description":"Su deseo es transmitir un mensaje de tranquilidad a los vecinos de nuestro Municipio.","robots":{"index":"index","follow":"follow","max-snippet":"max-snippet:-1","max-image-preview":"max-image-preview:large","max-video-preview":"max-video-preview:-1"},"canonical":"https:\/\/nahuelproducciones.com.ar\/radioquijano\/lino-yonar-no-vamos-a-aumentar-los-impuestos-en-campo-quijano\/","og_locale":"es_ES","og_type":"article","og_title":"Lino Yonar : \"No Vamos a aumentar los impuestos en Campo Quijano\". - RQ 99.9","og_description":"Su deseo es transmitir un mensaje de tranquilidad a los vecinos de nuestro Municipio.","og_url":"https:\/\/nahuelproducciones.com.ar\/radioquijano\/lino-yonar-no-vamos-a-aumentar-los-impuestos-en-campo-quijano\/","og_site_name":"RQ 99.9","article_publisher":"https:\/\/www.facebook.com\/nahuelproducciones999\/","article_published_time":"2024-05-16T14:30:47+00:00","article_modified_time":"2024-05-16T14:55:50+00:00","og_image":[{"width":700,"height":394,"url":"https:\/\/nahuelproducciones.com.ar\/radioquijano\/wp-content\/uploads\/2024\/05\/WhatsApp-Image-2024-05-16-at-11.44.29-AM-e1715870971805.jpeg","type":"image\/jpeg"}],"author":"Cecilia Pastrana","twitter_card":"summary_large_image","twitter_creator":"@nahuproduciones","twitter_site":"@nahuproduciones","twitter_misc":{"Escrito por":"Cecilia Pastrana","Tiempo de lectura":"1 minuto"},"schema":{"@context":"https:\/\/schema.org","@graph":[{"@type":"WebPage","@id":"https:\/\/nahuelproducciones.com.ar\/radioquijano\/lino-yonar-no-vamos-a-aumentar-los-impuestos-en-campo-quijano\/","url":"https:\/\/nahuelproducciones.com.ar\/radioquijano\/lino-yonar-no-vamos-a-aumentar-los-impuestos-en-campo-quijano\/","name":"Lino Yonar : \"No Vamos a aumentar los impuestos en Campo Quijano\". - RQ 99.9","isPartOf":{"@id":"https:\/\/nahuelproducciones.com.ar\/radioquijano\/#website"},"datePublished":"2024-05-16T14:30:47+00:00","dateModified":"2024-05-16T14:55:50+00:00","author":{"@id":"https:\/\/nahuelproducciones.com.ar\/radioquijano\/#\/schema\/person\/e8a4f939e2cb487fe6d0c54042c9d32c"},"description":"Su deseo es transmitir un mensaje de tranquilidad a los vecinos de nuestro Municipio.","breadcrumb":{"@id":"https:\/\/nahuelproducciones.com.ar\/radioquijano\/lino-yonar-no-vamos-a-aumentar-los-impuestos-en-campo-quijano\/#breadcrumb"},"inLanguage":"es","potentialAction":[{"@type":"ReadAction","target":["https:\/\/nahuelproducciones.com.ar\/radioquijano\/lino-yonar-no-vamos-a-aumentar-los-impuestos-en-campo-quijano\/"]}]},{"@type":"BreadcrumbList","@id":"https:\/\/nahuelproducciones.com.ar\/radioquijano\/lino-yonar-no-vamos-a-aumentar-los-impuestos-en-campo-quijano\/#breadcrumb","itemListElement":[{"@type":"ListItem","position":1,"name":"Portada","item":"https:\/\/nahuelproducciones.com.ar\/radioquijano\/"},{"@type":"ListItem","position":2,"name":"Lino Yonar : &#8220;No Vamos a aumentar los impuestos en Campo Quijano&#8221;."}]},{"@type":"WebSite","@id":"https:\/\/nahuelproducciones.com.ar\/radioquijano\/#website","url":"https:\/\/nahuelproducciones.com.ar\/radioquijano\/","name":"RQ 99.9","description":"Radio Quijano 99.9 MHz","potentialAction":[{"@type":"SearchAction","target":{"@type":"EntryPoint","urlTemplate":"https:\/\/nahuelproducciones.com.ar\/radioquijano\/?s={search_term_string}"},"query-input":"required name=search_term_string"}],"inLanguage":"es"},{"@type":"Person","@id":"https:\/\/nahuelproducciones.com.ar\/radioquijano\/#\/schema\/person\/e8a4f939e2cb487fe6d0c54042c9d32c","name":"Cecilia Pastrana","image":{"@type":"ImageObject","inLanguage":"es","@id":"https:\/\/nahuelproducciones.com.ar\/radioquijano\/#\/schema\/person\/image\/","url":"https:\/\/secure.gravatar.com\/avatar\/661a3ef63a8488d4f2794ed44af8cf71420f7e106f3072c40125114df5157749?s=96&d=mm&r=g","contentUrl":"https:\/\/secure.gravatar.com\/avatar\/661a3ef63a8488d4f2794ed44af8cf71420f7e106f3072c40125114df5157749?s=96&d=mm&r=g","caption":"Cecilia Pastrana"},"sameAs":["cecy"],"url":"https:\/\/nahuelproducciones.com.ar\/radioquijano\/author\/cecy\/"}]}},"_links":{"self":[{"href":"https:\/\/nahuelproducciones.com.ar\/radioquijano\/wp-json\/wp\/v2\/posts\/8055","targetHints":{"allow":["GET"]}}],"collection":[{"href":"https:\/\/nahuelproducciones.com.ar\/radioquijano\/wp-json\/wp\/v2\/posts"}],"about":[{"href":"https:\/\/nahuelproducciones.com.ar\/radioquijano\/wp-json\/wp\/v2\/types\/post"}],"author":[{"embeddable":true,"href":"https:\/\/nahuelproducciones.com.ar\/radioquijano\/wp-json\/wp\/v2\/users\/8"}],"replies":[{"embeddable":true,"href":"https:\/\/nahuelproducciones.com.ar\/radioquijano\/wp-json\/wp\/v2\/comments?post=8055"}],"version-history":[{"count":5,"href":"https:\/\/nahuelproducciones.com.ar\/radioquijano\/wp-json\/wp\/v2\/posts\/8055\/revisions"}],"predecessor-version":[{"id":8066,"href":"https:\/\/nahuelproducciones.com.ar\/radioquijano\/wp-json\/wp\/v2\/posts\/8055\/revisions\/8066"}],"wp:featuredmedia":[{"embeddable":true,"href":"https:\/\/nahuelproducciones.com.ar\/radioquijano\/wp-json\/wp\/v2\/media\/8064"}],"wp:attachment":[{"href":"https:\/\/nahuelproducciones.com.ar\/radioquijano\/wp-json\/wp\/v2\/media?parent=8055"}],"wp:term":[{"taxonomy":"category","embeddable":true,"href":"https:\/\/nahuelproducciones.com.ar\/radioquijano\/wp-json\/wp\/v2\/categories?post=8055"},{"taxonomy":"post_tag","embeddable":true,"href":"https:\/\/nahuelproducciones.com.ar\/radioquijano\/wp-json\/wp\/v2\/tags?post=8055"}],"curies":[{"name":"wp","href":"https:\/\/api.w.org\/{rel}","templated":true}]}}