{"id":8073,"date":"2024-05-16T13:49:37","date_gmt":"2024-05-16T16:49:37","guid":{"rendered":"https:\/\/nahuelproducciones.com.ar\/radioquijano\/?p=8073"},"modified":"2024-05-16T13:49:37","modified_gmt":"2024-05-16T16:49:37","slug":"recomendaciones-para-calefaccionar-ambientes-de-manera-segura","status":"publish","type":"post","link":"https:\/\/nahuelproducciones.com.ar\/radioquijano\/recomendaciones-para-calefaccionar-ambientes-de-manera-segura\/","title":{"rendered":"Recomendaciones para calefaccionar ambientes de manera segura"},"content":{"rendered":"\n<p>El Ministerio de Seguridad y Justicia por medio del Departamento de Bomberos de la Polic\u00eda de Salta brind\u00f3 recomendaciones para una calefacci\u00f3n domiciliaria segura. Todos los ocupantes de las viviendas deben estar al tanto de las precauciones que hay que tomar para evitar intoxicaci\u00f3n con mon\u00f3xido de carbono.<\/p>\n\n\n\n<p>En el marco de las acciones de prevenci\u00f3n que realiza el &nbsp;Ministerio de Seguridad y Justicia por medio de diferentes \u00e1reas de la Polic\u00eda de Salta profesionales &nbsp;del Departamento de Bomberos brindaron recomendaciones &nbsp;para &nbsp;una calefacci\u00f3n domiciliaria segura.<\/p>\n\n\n\n<p>La informaci\u00f3n fue proporcionada por\u00a0<strong>An\u00edbal Rodr\u00edguez<\/strong>, jefe del Departamento de Bomberos, quien enfatiz\u00f3 en la importancia del di\u00e1logo familiar sobre las \u00a0precauciones que hay que tomar para evitar intoxicaci\u00f3n con mon\u00f3xido de carbono cuando se calefaccionan los ambientes.<\/p>\n\n\n\n<p>Al respecto, se\u00f1al\u00f3 que todos los a\u00f1os &nbsp;se registran en Salta muertes a causa de intoxicaci\u00f3n por mon\u00f3xido de carbono. La mayor\u00eda por el uso de braseros o de artefactos a gas con &nbsp;deficientes instalaciones o ubicados en ambientes &nbsp;con ventilaci\u00f3n inadecuada.<\/p>\n\n\n\n<p>En este sentido, &nbsp;se recomienda a la poblaci\u00f3n instalar artefactos por t\u00e9cnicos matriculados y asesorarse con la compa\u00f1\u00eda de gas. Mantener siempre bien ventilados los ambientes donde existan artefactos en combusti\u00f3n. Los ba\u00f1os y habitaciones s\u00f3lo pueden ser calentados con estufas de tiro balanceado. Revisar peri\u00f3dicamente la instalaci\u00f3n y funcionamiento de los artefactos. Tambi\u00e9n los conductos de ventilaci\u00f3n y chimeneas. No usar el horno ni hornallas para calefaccionar. No dormir con artefactos en combusti\u00f3n. No encender el motor del auto con el garaje cerrado.<\/p>\n\n\n\n<p>Respecto al uso de braseros, que si bien no son recomendables, ante el uso indic\u00f3 encenderlos al aire libre, y mantenerlos en la vivienda poco tiempo en un lugar ventilado. En este aspecto el profesional enfatiz\u00f3 en que el mon\u00f3xido de carbono &nbsp;es un gas letal para las personas. Los ni\u00f1os y los ancianos son los m\u00e1s vulnerables. \u201cEs dif\u00edcil reconocer la presencia de este gas en el aire porque no tiene olor, no es visible, no se siente, no es irritante\u201d.<\/p>\n\n\n\n<p>\u201cEl mon\u00f3xido de carbono es un producto de la combusti\u00f3n del gas de red domiciliaria, carb\u00f3n, keros\u00e9n, le\u00f1a, nafta y pl\u00e1sticos. Se origina en lugares con poco ox\u00edgeno y mal ventilados\u201d a\u00f1adi\u00f3 Rodr\u00edguez.<\/p>\n\n\n\n<p>La presencia de mon\u00f3xido en el aire se detecta por &nbsp;la coloraci\u00f3n amarilla o naranja de la llama que deber\u00eda ser azul, aparici\u00f3n de manchas oscuras o decoloraci\u00f3n en los artefactos en su ventilaci\u00f3n o alrededor de ellos. El mon\u00f3xido de carbono da\u00f1a la salud y puede ocasionar la muerte. Ingresa al organismo por los pulmones, y ante la falta de ox\u00edgeno da\u00f1a principalmente al cerebro y al coraz\u00f3n.<\/p>\n\n\n\n<p>Los s\u00edntomas de intoxicaci\u00f3n son: dolor de cabeza, debilidad, cansancio, mareos, n\u00e1useas, v\u00f3mitos, dolor de pecho, palpitaciones. Los casos graves pueden producir p\u00e9rdida de conocimiento, convulsiones, piel fr\u00eda y respiraci\u00f3n irregular. Ante la sospecha de intoxicaci\u00f3n hay que trasladar a la persona a un lugar abierto y ventilado. Apagar la fuente de combusti\u00f3n y ventilar el ambiente. Dirigirse a un centro asistencial o llamar al Sistema de Emergencias 911. &nbsp; Si los s\u00edntomas son leves, igual es necesario consultar con un m\u00e9dico. Los da\u00f1os pueden aparecer tard\u00edamente.<\/p>\n\n\n\n<hr class=\"wp-block-separator has-alpha-channel-opacity\"\/>\n\n\n\n<p>Fuente:&nbsp;<strong>Secretaria de Prensa y Comunicaci\u00f3n<\/strong><\/p>\n","protected":false},"excerpt":{"rendered":"<p>El Ministerio de Seguridad y Justicia por medio del Departamento de Bomberos de la Polic\u00eda de Salta brind\u00f3 recomendaciones para una calefacci\u00f3n domiciliaria segura. Todos los ocupantes de las viviendas deben estar al tanto de las precauciones que hay que tomar para evitar intoxicaci\u00f3n con mon\u00f3xido de carbono. En el marco de las acciones de [&hellip;]<\/p>\n","protected":false},"author":8,"featured_media":8074,"comment_status":"open","ping_status":"open","sticky":false,"template":"","format":"standard","meta":{"_monsterinsights_skip_tracking":false,"_monsterinsights_sitenote_active":false,"_monsterinsights_sitenote_note":"","_monsterinsights_sitenote_category":0,"footnotes":""},"categories":[16],"tags":[100,1544],"class_list":["post-8073","post","type-post","status-publish","format-standard","has-post-thumbnail","hentry","category-noticias","tag-municipio-de-campo-quijano","tag-reomendaciones"],"yoast_head":"<!-- This site is optimized with the Yoast SEO plugin v20.8 - https:\/\/yoast.com\/wordpress\/plugins\/seo\/ -->\n<title>Recomendaciones para calefaccionar ambientes de manera segura - RQ 99.9<\/title>\n<meta name=\"description\" content=\"\u00a0 Si los s\u00edntomas son leves, igual es necesario consultar con un m\u00e9dico. Los da\u00f1os pueden aparecer tard\u00edamente.\" \/>\n<meta name=\"robots\" content=\"index, follow, max-snippet:-1, max-image-preview:large, max-video-preview:-1\" \/>\n<link rel=\"canonical\" href=\"https:\/\/nahuelproducciones.com.ar\/radioquijano\/recomendaciones-para-calefaccionar-ambientes-de-manera-segura\/\" \/>\n<meta property=\"og:locale\" content=\"es_ES\" \/>\n<meta property=\"og:type\" content=\"article\" \/>\n<meta property=\"og:title\" content=\"Recomendaciones para calefaccionar ambientes de manera segura - RQ 99.9\" \/>\n<meta property=\"og:description\" content=\"\u00a0 Si los s\u00edntomas son leves, igual es necesario consultar con un m\u00e9dico. Los da\u00f1os pueden aparecer tard\u00edamente.\" \/>\n<meta property=\"og:url\" content=\"https:\/\/nahuelproducciones.com.ar\/radioquijano\/recomendaciones-para-calefaccionar-ambientes-de-manera-segura\/\" \/>\n<meta property=\"og:site_name\" content=\"RQ 99.9\" \/>\n<meta property=\"article:publisher\" content=\"https:\/\/www.facebook.com\/nahuelproducciones999\/\" \/>\n<meta property=\"article:published_time\" content=\"2024-05-16T16:49:37+00:00\" \/>\n<meta property=\"og:image\" content=\"https:\/\/nahuelproducciones.com.ar\/radioquijano\/wp-content\/uploads\/2024\/05\/95672-recomendaciones-para-calefaccionar-ambientes-de-manera-segura.jpeg\" \/>\n\t<meta property=\"og:image:width\" content=\"560\" \/>\n\t<meta property=\"og:image:height\" content=\"313\" \/>\n\t<meta property=\"og:image:type\" content=\"image\/jpeg\" \/>\n<meta name=\"author\" content=\"Cecilia Pastrana\" \/>\n<meta name=\"twitter:card\" content=\"summary_large_image\" \/>\n<meta name=\"twitter:creator\" content=\"@nahuproduciones\" \/>\n<meta name=\"twitter:site\" content=\"@nahuproduciones\" \/>\n<meta name=\"twitter:label1\" content=\"Escrito por\" \/>\n\t<meta name=\"twitter:data1\" content=\"Cecilia Pastrana\" \/>\n\t<meta name=\"twitter:label2\" content=\"Tiempo de lectura\" \/>\n\t<meta name=\"twitter:data2\" content=\"3 minutos\" \/>\n<script type=\"application\/ld+json\" class=\"yoast-schema-graph\">{\"@context\":\"https:\/\/schema.org\",\"@graph\":[{\"@type\":\"WebPage\",\"@id\":\"https:\/\/nahuelproducciones.com.ar\/radioquijano\/recomendaciones-para-calefaccionar-ambientes-de-manera-segura\/\",\"url\":\"https:\/\/nahuelproducciones.com.ar\/radioquijano\/recomendaciones-para-calefaccionar-ambientes-de-manera-segura\/\",\"name\":\"Recomendaciones para calefaccionar ambientes de manera segura - RQ 99.9\",\"isPartOf\":{\"@id\":\"https:\/\/nahuelproducciones.com.ar\/radioquijano\/#website\"},\"datePublished\":\"2024-05-16T16:49:37+00:00\",\"dateModified\":\"2024-05-16T16:49:37+00:00\",\"author\":{\"@id\":\"https:\/\/nahuelproducciones.com.ar\/radioquijano\/#\/schema\/person\/e8a4f939e2cb487fe6d0c54042c9d32c\"},\"description\":\"\u00a0 Si los s\u00edntomas son leves, igual es necesario consultar con un m\u00e9dico. Los da\u00f1os pueden aparecer tard\u00edamente.\",\"breadcrumb\":{\"@id\":\"https:\/\/nahuelproducciones.com.ar\/radioquijano\/recomendaciones-para-calefaccionar-ambientes-de-manera-segura\/#breadcrumb\"},\"inLanguage\":\"es\",\"potentialAction\":[{\"@type\":\"ReadAction\",\"target\":[\"https:\/\/nahuelproducciones.com.ar\/radioquijano\/recomendaciones-para-calefaccionar-ambientes-de-manera-segura\/\"]}]},{\"@type\":\"BreadcrumbList\",\"@id\":\"https:\/\/nahuelproducciones.com.ar\/radioquijano\/recomendaciones-para-calefaccionar-ambientes-de-manera-segura\/#breadcrumb\",\"itemListElement\":[{\"@type\":\"ListItem\",\"position\":1,\"name\":\"Portada\",\"item\":\"https:\/\/nahuelproducciones.com.ar\/radioquijano\/\"},{\"@type\":\"ListItem\",\"position\":2,\"name\":\"Recomendaciones para calefaccionar ambientes de manera segura\"}]},{\"@type\":\"WebSite\",\"@id\":\"https:\/\/nahuelproducciones.com.ar\/radioquijano\/#website\",\"url\":\"https:\/\/nahuelproducciones.com.ar\/radioquijano\/\",\"name\":\"RQ 99.9\",\"description\":\"Radio Quijano 99.9 MHz\",\"potentialAction\":[{\"@type\":\"SearchAction\",\"target\":{\"@type\":\"EntryPoint\",\"urlTemplate\":\"https:\/\/nahuelproducciones.com.ar\/radioquijano\/?s={search_term_string}\"},\"query-input\":\"required name=search_term_string\"}],\"inLanguage\":\"es\"},{\"@type\":\"Person\",\"@id\":\"https:\/\/nahuelproducciones.com.ar\/radioquijano\/#\/schema\/person\/e8a4f939e2cb487fe6d0c54042c9d32c\",\"name\":\"Cecilia Pastrana\",\"image\":{\"@type\":\"ImageObject\",\"inLanguage\":\"es\",\"@id\":\"https:\/\/nahuelproducciones.com.ar\/radioquijano\/#\/schema\/person\/image\/\",\"url\":\"https:\/\/secure.gravatar.com\/avatar\/661a3ef63a8488d4f2794ed44af8cf71420f7e106f3072c40125114df5157749?s=96&d=mm&r=g\",\"contentUrl\":\"https:\/\/secure.gravatar.com\/avatar\/661a3ef63a8488d4f2794ed44af8cf71420f7e106f3072c40125114df5157749?s=96&d=mm&r=g\",\"caption\":\"Cecilia Pastrana\"},\"sameAs\":[\"cecy\"],\"url\":\"https:\/\/nahuelproducciones.com.ar\/radioquijano\/author\/cecy\/\"}]}<\/script>\n<!-- \/ Yoast SEO plugin. -->","yoast_head_json":{"title":"Recomendaciones para calefaccionar ambientes de manera segura - RQ 99.9","description":"\u00a0 Si los s\u00edntomas son leves, igual es necesario consultar con un m\u00e9dico. Los da\u00f1os pueden aparecer tard\u00edamente.","robots":{"index":"index","follow":"follow","max-snippet":"max-snippet:-1","max-image-preview":"max-image-preview:large","max-video-preview":"max-video-preview:-1"},"canonical":"https:\/\/nahuelproducciones.com.ar\/radioquijano\/recomendaciones-para-calefaccionar-ambientes-de-manera-segura\/","og_locale":"es_ES","og_type":"article","og_title":"Recomendaciones para calefaccionar ambientes de manera segura - RQ 99.9","og_description":"\u00a0 Si los s\u00edntomas son leves, igual es necesario consultar con un m\u00e9dico. Los da\u00f1os pueden aparecer tard\u00edamente.","og_url":"https:\/\/nahuelproducciones.com.ar\/radioquijano\/recomendaciones-para-calefaccionar-ambientes-de-manera-segura\/","og_site_name":"RQ 99.9","article_publisher":"https:\/\/www.facebook.com\/nahuelproducciones999\/","article_published_time":"2024-05-16T16:49:37+00:00","og_image":[{"width":560,"height":313,"url":"https:\/\/nahuelproducciones.com.ar\/radioquijano\/wp-content\/uploads\/2024\/05\/95672-recomendaciones-para-calefaccionar-ambientes-de-manera-segura.jpeg","type":"image\/jpeg"}],"author":"Cecilia Pastrana","twitter_card":"summary_large_image","twitter_creator":"@nahuproduciones","twitter_site":"@nahuproduciones","twitter_misc":{"Escrito por":"Cecilia Pastrana","Tiempo de lectura":"3 minutos"},"schema":{"@context":"https:\/\/schema.org","@graph":[{"@type":"WebPage","@id":"https:\/\/nahuelproducciones.com.ar\/radioquijano\/recomendaciones-para-calefaccionar-ambientes-de-manera-segura\/","url":"https:\/\/nahuelproducciones.com.ar\/radioquijano\/recomendaciones-para-calefaccionar-ambientes-de-manera-segura\/","name":"Recomendaciones para calefaccionar ambientes de manera segura - RQ 99.9","isPartOf":{"@id":"https:\/\/nahuelproducciones.com.ar\/radioquijano\/#website"},"datePublished":"2024-05-16T16:49:37+00:00","dateModified":"2024-05-16T16:49:37+00:00","author":{"@id":"https:\/\/nahuelproducciones.com.ar\/radioquijano\/#\/schema\/person\/e8a4f939e2cb487fe6d0c54042c9d32c"},"description":"\u00a0 Si los s\u00edntomas son leves, igual es necesario consultar con un m\u00e9dico. Los da\u00f1os pueden aparecer tard\u00edamente.","breadcrumb":{"@id":"https:\/\/nahuelproducciones.com.ar\/radioquijano\/recomendaciones-para-calefaccionar-ambientes-de-manera-segura\/#breadcrumb"},"inLanguage":"es","potentialAction":[{"@type":"ReadAction","target":["https:\/\/nahuelproducciones.com.ar\/radioquijano\/recomendaciones-para-calefaccionar-ambientes-de-manera-segura\/"]}]},{"@type":"BreadcrumbList","@id":"https:\/\/nahuelproducciones.com.ar\/radioquijano\/recomendaciones-para-calefaccionar-ambientes-de-manera-segura\/#breadcrumb","itemListElement":[{"@type":"ListItem","position":1,"name":"Portada","item":"https:\/\/nahuelproducciones.com.ar\/radioquijano\/"},{"@type":"ListItem","position":2,"name":"Recomendaciones para calefaccionar ambientes de manera segura"}]},{"@type":"WebSite","@id":"https:\/\/nahuelproducciones.com.ar\/radioquijano\/#website","url":"https:\/\/nahuelproducciones.com.ar\/radioquijano\/","name":"RQ 99.9","description":"Radio Quijano 99.9 MHz","potentialAction":[{"@type":"SearchAction","target":{"@type":"EntryPoint","urlTemplate":"https:\/\/nahuelproducciones.com.ar\/radioquijano\/?s={search_term_string}"},"query-input":"required name=search_term_string"}],"inLanguage":"es"},{"@type":"Person","@id":"https:\/\/nahuelproducciones.com.ar\/radioquijano\/#\/schema\/person\/e8a4f939e2cb487fe6d0c54042c9d32c","name":"Cecilia Pastrana","image":{"@type":"ImageObject","inLanguage":"es","@id":"https:\/\/nahuelproducciones.com.ar\/radioquijano\/#\/schema\/person\/image\/","url":"https:\/\/secure.gravatar.com\/avatar\/661a3ef63a8488d4f2794ed44af8cf71420f7e106f3072c40125114df5157749?s=96&d=mm&r=g","contentUrl":"https:\/\/secure.gravatar.com\/avatar\/661a3ef63a8488d4f2794ed44af8cf71420f7e106f3072c40125114df5157749?s=96&d=mm&r=g","caption":"Cecilia Pastrana"},"sameAs":["cecy"],"url":"https:\/\/nahuelproducciones.com.ar\/radioquijano\/author\/cecy\/"}]}},"_links":{"self":[{"href":"https:\/\/nahuelproducciones.com.ar\/radioquijano\/wp-json\/wp\/v2\/posts\/8073","targetHints":{"allow":["GET"]}}],"collection":[{"href":"https:\/\/nahuelproducciones.com.ar\/radioquijano\/wp-json\/wp\/v2\/posts"}],"about":[{"href":"https:\/\/nahuelproducciones.com.ar\/radioquijano\/wp-json\/wp\/v2\/types\/post"}],"author":[{"embeddable":true,"href":"https:\/\/nahuelproducciones.com.ar\/radioquijano\/wp-json\/wp\/v2\/users\/8"}],"replies":[{"embeddable":true,"href":"https:\/\/nahuelproducciones.com.ar\/radioquijano\/wp-json\/wp\/v2\/comments?post=8073"}],"version-history":[{"count":1,"href":"https:\/\/nahuelproducciones.com.ar\/radioquijano\/wp-json\/wp\/v2\/posts\/8073\/revisions"}],"predecessor-version":[{"id":8075,"href":"https:\/\/nahuelproducciones.com.ar\/radioquijano\/wp-json\/wp\/v2\/posts\/8073\/revisions\/8075"}],"wp:featuredmedia":[{"embeddable":true,"href":"https:\/\/nahuelproducciones.com.ar\/radioquijano\/wp-json\/wp\/v2\/media\/8074"}],"wp:attachment":[{"href":"https:\/\/nahuelproducciones.com.ar\/radioquijano\/wp-json\/wp\/v2\/media?parent=8073"}],"wp:term":[{"taxonomy":"category","embeddable":true,"href":"https:\/\/nahuelproducciones.com.ar\/radioquijano\/wp-json\/wp\/v2\/categories?post=8073"},{"taxonomy":"post_tag","embeddable":true,"href":"https:\/\/nahuelproducciones.com.ar\/radioquijano\/wp-json\/wp\/v2\/tags?post=8073"}],"curies":[{"name":"wp","href":"https:\/\/api.w.org\/{rel}","templated":true}]}}