{"id":8095,"date":"2024-05-23T11:08:54","date_gmt":"2024-05-23T14:08:54","guid":{"rendered":"https:\/\/nahuelproducciones.com.ar\/radioquijano\/?p=8095"},"modified":"2024-05-23T11:10:52","modified_gmt":"2024-05-23T14:10:52","slug":"el-municipio-realizara-capacitaciones-de-abonos-organicos","status":"publish","type":"post","link":"https:\/\/nahuelproducciones.com.ar\/radioquijano\/el-municipio-realizara-capacitaciones-de-abonos-organicos\/","title":{"rendered":"El municipio realizar\u00e1 \u00abCapacitaciones de abonos org\u00e1nicos\u00bb."},"content":{"rendered":"\n<p>Se trata de una capacitaci\u00f3n propuesta por el Instituto Nacional de Tecnolog\u00eda Agropecuaria (INTA) para que los asistentes aprendan a realizar su propios \u00a0\u201cAbonos org\u00e1nicos: compostaje y lombricomposta\u201d.<\/p>\n\n\n\n<p> Estas capacitaciones nos permitir\u00e1n aprender t\u00e9cnicas innovadoras en el cuidado y beneficios para el suelo, para la salud y el medio ambiente.<\/p>\n\n\n\n<p>\u00a0En comunicaci\u00f3n telef\u00f3nica con RQ9.9Mhz, el Director de Empleo, Capacitaci\u00f3n y Producci\u00f3n Luis Nu\u00f1o coment\u00f3 que con estos cursos buscan la participaci\u00f3n activa de la comunidad, para que aprendan pr\u00e1cticas sostenibles para sus hogares.<\/p>\n\n\n\n<p>La Capacitaci\u00f3n se realizar\u00e1 el d\u00eda mi\u00e9rcoles 29 de Mayo en Casa de La Cultura a las 9:30 hs.<\/p>\n\n\n\n<p>Quienes deseen participar de la actividad pueden inscribirse  en  la Direcci\u00f3n de Empleo, Producci\u00f3n y Capacitaci\u00f3n de Lunes a viernes en el horario de 7:30 hs a 12:30 hs.<\/p>\n\n\n\n<p><\/p>\n\n\n\n<p>Escucha la entrevista:<\/p>\n\n\n\n<figure class=\"wp-block-audio\"><audio controls src=\"https:\/\/nahuelproducciones.com.ar\/radioquijano\/wp-content\/uploads\/2024\/05\/22-05-2024-LUIS-NUNO-DIREC-DE-EMPLEO-CAPACITACION-COMPOSTAJE-1.mp3\"><\/audio><\/figure>\n","protected":false},"excerpt":{"rendered":"<p>Se trata de una capacitaci\u00f3n propuesta por el Instituto Nacional de Tecnolog\u00eda Agropecuaria (INTA) para que los asistentes aprendan a realizar su propios \u00a0\u201cAbonos org\u00e1nicos: compostaje y lombricomposta\u201d. Estas capacitaciones nos permitir\u00e1n aprender t\u00e9cnicas innovadoras en el cuidado y beneficios para el suelo, para la salud y el medio ambiente. \u00a0En comunicaci\u00f3n telef\u00f3nica con RQ9.9Mhz, [&hellip;]<\/p>\n","protected":false},"author":8,"featured_media":8101,"comment_status":"open","ping_status":"open","sticky":false,"template":"","format":"standard","meta":{"_monsterinsights_skip_tracking":false,"_monsterinsights_sitenote_active":false,"_monsterinsights_sitenote_note":"","_monsterinsights_sitenote_category":0,"footnotes":""},"categories":[16],"tags":[36,100],"class_list":["post-8095","post","type-post","status-publish","format-standard","has-post-thumbnail","hentry","category-noticias","tag-campo-quijano","tag-municipio-de-campo-quijano"],"yoast_head":"<!-- This site is optimized with the Yoast SEO plugin v20.8 - https:\/\/yoast.com\/wordpress\/plugins\/seo\/ -->\n<title>El municipio realizar\u00e1 &quot;Capacitaciones de abonos org\u00e1nicos&quot;. - RQ 99.9<\/title>\n<meta name=\"description\" content=\"Quienes deseen participar de la actividad pueden inscribirse en la Direcci\u00f3n de Empleo, Producci\u00f3n y Capacitaci\u00f3n de Lunes a viernes en el horario de 7:30 hs a 12:30 hs\" \/>\n<meta name=\"robots\" content=\"index, follow, max-snippet:-1, max-image-preview:large, max-video-preview:-1\" \/>\n<link rel=\"canonical\" href=\"https:\/\/nahuelproducciones.com.ar\/radioquijano\/el-municipio-realizara-capacitaciones-de-abonos-organicos\/\" \/>\n<meta property=\"og:locale\" content=\"es_ES\" \/>\n<meta property=\"og:type\" content=\"article\" \/>\n<meta property=\"og:title\" content=\"El municipio realizar\u00e1 &quot;Capacitaciones de abonos org\u00e1nicos&quot;. - RQ 99.9\" \/>\n<meta property=\"og:description\" content=\"Quienes deseen participar de la actividad pueden inscribirse en la Direcci\u00f3n de Empleo, Producci\u00f3n y Capacitaci\u00f3n de Lunes a viernes en el horario de 7:30 hs a 12:30 hs\" \/>\n<meta property=\"og:url\" content=\"https:\/\/nahuelproducciones.com.ar\/radioquijano\/el-municipio-realizara-capacitaciones-de-abonos-organicos\/\" \/>\n<meta property=\"og:site_name\" content=\"RQ 99.9\" \/>\n<meta property=\"article:publisher\" content=\"https:\/\/www.facebook.com\/nahuelproducciones999\/\" \/>\n<meta property=\"article:published_time\" content=\"2024-05-23T14:08:54+00:00\" \/>\n<meta property=\"article:modified_time\" content=\"2024-05-23T14:10:52+00:00\" \/>\n<meta property=\"og:image\" content=\"https:\/\/nahuelproducciones.com.ar\/radioquijano\/wp-content\/uploads\/2024\/05\/444489361_854593476697064_3155340453516169439_n-e1716473311892.jpg\" \/>\n\t<meta property=\"og:image:width\" content=\"700\" \/>\n\t<meta property=\"og:image:height\" content=\"875\" \/>\n\t<meta property=\"og:image:type\" content=\"image\/jpeg\" \/>\n<meta name=\"author\" content=\"Cecilia Pastrana\" \/>\n<meta name=\"twitter:card\" content=\"summary_large_image\" \/>\n<meta name=\"twitter:creator\" content=\"@nahuproduciones\" \/>\n<meta name=\"twitter:site\" content=\"@nahuproduciones\" \/>\n<meta name=\"twitter:label1\" content=\"Escrito por\" \/>\n\t<meta name=\"twitter:data1\" content=\"Cecilia Pastrana\" \/>\n\t<meta name=\"twitter:label2\" content=\"Tiempo de lectura\" \/>\n\t<meta name=\"twitter:data2\" content=\"1 minuto\" \/>\n<script type=\"application\/ld+json\" class=\"yoast-schema-graph\">{\"@context\":\"https:\/\/schema.org\",\"@graph\":[{\"@type\":\"WebPage\",\"@id\":\"https:\/\/nahuelproducciones.com.ar\/radioquijano\/el-municipio-realizara-capacitaciones-de-abonos-organicos\/\",\"url\":\"https:\/\/nahuelproducciones.com.ar\/radioquijano\/el-municipio-realizara-capacitaciones-de-abonos-organicos\/\",\"name\":\"El municipio realizar\u00e1 \\\"Capacitaciones de abonos org\u00e1nicos\\\". - RQ 99.9\",\"isPartOf\":{\"@id\":\"https:\/\/nahuelproducciones.com.ar\/radioquijano\/#website\"},\"datePublished\":\"2024-05-23T14:08:54+00:00\",\"dateModified\":\"2024-05-23T14:10:52+00:00\",\"author\":{\"@id\":\"https:\/\/nahuelproducciones.com.ar\/radioquijano\/#\/schema\/person\/e8a4f939e2cb487fe6d0c54042c9d32c\"},\"description\":\"Quienes deseen participar de la actividad pueden inscribirse en la Direcci\u00f3n de Empleo, Producci\u00f3n y Capacitaci\u00f3n de Lunes a viernes en el horario de 7:30 hs a 12:30 hs\",\"breadcrumb\":{\"@id\":\"https:\/\/nahuelproducciones.com.ar\/radioquijano\/el-municipio-realizara-capacitaciones-de-abonos-organicos\/#breadcrumb\"},\"inLanguage\":\"es\",\"potentialAction\":[{\"@type\":\"ReadAction\",\"target\":[\"https:\/\/nahuelproducciones.com.ar\/radioquijano\/el-municipio-realizara-capacitaciones-de-abonos-organicos\/\"]}]},{\"@type\":\"BreadcrumbList\",\"@id\":\"https:\/\/nahuelproducciones.com.ar\/radioquijano\/el-municipio-realizara-capacitaciones-de-abonos-organicos\/#breadcrumb\",\"itemListElement\":[{\"@type\":\"ListItem\",\"position\":1,\"name\":\"Portada\",\"item\":\"https:\/\/nahuelproducciones.com.ar\/radioquijano\/\"},{\"@type\":\"ListItem\",\"position\":2,\"name\":\"El municipio realizar\u00e1 &#8220;Capacitaciones de abonos org\u00e1nicos&#8221;.\"}]},{\"@type\":\"WebSite\",\"@id\":\"https:\/\/nahuelproducciones.com.ar\/radioquijano\/#website\",\"url\":\"https:\/\/nahuelproducciones.com.ar\/radioquijano\/\",\"name\":\"RQ 99.9\",\"description\":\"Radio Quijano 99.9 MHz\",\"potentialAction\":[{\"@type\":\"SearchAction\",\"target\":{\"@type\":\"EntryPoint\",\"urlTemplate\":\"https:\/\/nahuelproducciones.com.ar\/radioquijano\/?s={search_term_string}\"},\"query-input\":\"required name=search_term_string\"}],\"inLanguage\":\"es\"},{\"@type\":\"Person\",\"@id\":\"https:\/\/nahuelproducciones.com.ar\/radioquijano\/#\/schema\/person\/e8a4f939e2cb487fe6d0c54042c9d32c\",\"name\":\"Cecilia Pastrana\",\"image\":{\"@type\":\"ImageObject\",\"inLanguage\":\"es\",\"@id\":\"https:\/\/nahuelproducciones.com.ar\/radioquijano\/#\/schema\/person\/image\/\",\"url\":\"https:\/\/secure.gravatar.com\/avatar\/661a3ef63a8488d4f2794ed44af8cf71420f7e106f3072c40125114df5157749?s=96&d=mm&r=g\",\"contentUrl\":\"https:\/\/secure.gravatar.com\/avatar\/661a3ef63a8488d4f2794ed44af8cf71420f7e106f3072c40125114df5157749?s=96&d=mm&r=g\",\"caption\":\"Cecilia Pastrana\"},\"sameAs\":[\"cecy\"],\"url\":\"https:\/\/nahuelproducciones.com.ar\/radioquijano\/author\/cecy\/\"}]}<\/script>\n<!-- \/ Yoast SEO plugin. -->","yoast_head_json":{"title":"El municipio realizar\u00e1 \"Capacitaciones de abonos org\u00e1nicos\". - RQ 99.9","description":"Quienes deseen participar de la actividad pueden inscribirse en la Direcci\u00f3n de Empleo, Producci\u00f3n y Capacitaci\u00f3n de Lunes a viernes en el horario de 7:30 hs a 12:30 hs","robots":{"index":"index","follow":"follow","max-snippet":"max-snippet:-1","max-image-preview":"max-image-preview:large","max-video-preview":"max-video-preview:-1"},"canonical":"https:\/\/nahuelproducciones.com.ar\/radioquijano\/el-municipio-realizara-capacitaciones-de-abonos-organicos\/","og_locale":"es_ES","og_type":"article","og_title":"El municipio realizar\u00e1 \"Capacitaciones de abonos org\u00e1nicos\". - RQ 99.9","og_description":"Quienes deseen participar de la actividad pueden inscribirse en la Direcci\u00f3n de Empleo, Producci\u00f3n y Capacitaci\u00f3n de Lunes a viernes en el horario de 7:30 hs a 12:30 hs","og_url":"https:\/\/nahuelproducciones.com.ar\/radioquijano\/el-municipio-realizara-capacitaciones-de-abonos-organicos\/","og_site_name":"RQ 99.9","article_publisher":"https:\/\/www.facebook.com\/nahuelproducciones999\/","article_published_time":"2024-05-23T14:08:54+00:00","article_modified_time":"2024-05-23T14:10:52+00:00","og_image":[{"width":700,"height":875,"url":"https:\/\/nahuelproducciones.com.ar\/radioquijano\/wp-content\/uploads\/2024\/05\/444489361_854593476697064_3155340453516169439_n-e1716473311892.jpg","type":"image\/jpeg"}],"author":"Cecilia Pastrana","twitter_card":"summary_large_image","twitter_creator":"@nahuproduciones","twitter_site":"@nahuproduciones","twitter_misc":{"Escrito por":"Cecilia Pastrana","Tiempo de lectura":"1 minuto"},"schema":{"@context":"https:\/\/schema.org","@graph":[{"@type":"WebPage","@id":"https:\/\/nahuelproducciones.com.ar\/radioquijano\/el-municipio-realizara-capacitaciones-de-abonos-organicos\/","url":"https:\/\/nahuelproducciones.com.ar\/radioquijano\/el-municipio-realizara-capacitaciones-de-abonos-organicos\/","name":"El municipio realizar\u00e1 \"Capacitaciones de abonos org\u00e1nicos\". - RQ 99.9","isPartOf":{"@id":"https:\/\/nahuelproducciones.com.ar\/radioquijano\/#website"},"datePublished":"2024-05-23T14:08:54+00:00","dateModified":"2024-05-23T14:10:52+00:00","author":{"@id":"https:\/\/nahuelproducciones.com.ar\/radioquijano\/#\/schema\/person\/e8a4f939e2cb487fe6d0c54042c9d32c"},"description":"Quienes deseen participar de la actividad pueden inscribirse en la Direcci\u00f3n de Empleo, Producci\u00f3n y Capacitaci\u00f3n de Lunes a viernes en el horario de 7:30 hs a 12:30 hs","breadcrumb":{"@id":"https:\/\/nahuelproducciones.com.ar\/radioquijano\/el-municipio-realizara-capacitaciones-de-abonos-organicos\/#breadcrumb"},"inLanguage":"es","potentialAction":[{"@type":"ReadAction","target":["https:\/\/nahuelproducciones.com.ar\/radioquijano\/el-municipio-realizara-capacitaciones-de-abonos-organicos\/"]}]},{"@type":"BreadcrumbList","@id":"https:\/\/nahuelproducciones.com.ar\/radioquijano\/el-municipio-realizara-capacitaciones-de-abonos-organicos\/#breadcrumb","itemListElement":[{"@type":"ListItem","position":1,"name":"Portada","item":"https:\/\/nahuelproducciones.com.ar\/radioquijano\/"},{"@type":"ListItem","position":2,"name":"El municipio realizar\u00e1 &#8220;Capacitaciones de abonos org\u00e1nicos&#8221;."}]},{"@type":"WebSite","@id":"https:\/\/nahuelproducciones.com.ar\/radioquijano\/#website","url":"https:\/\/nahuelproducciones.com.ar\/radioquijano\/","name":"RQ 99.9","description":"Radio Quijano 99.9 MHz","potentialAction":[{"@type":"SearchAction","target":{"@type":"EntryPoint","urlTemplate":"https:\/\/nahuelproducciones.com.ar\/radioquijano\/?s={search_term_string}"},"query-input":"required name=search_term_string"}],"inLanguage":"es"},{"@type":"Person","@id":"https:\/\/nahuelproducciones.com.ar\/radioquijano\/#\/schema\/person\/e8a4f939e2cb487fe6d0c54042c9d32c","name":"Cecilia Pastrana","image":{"@type":"ImageObject","inLanguage":"es","@id":"https:\/\/nahuelproducciones.com.ar\/radioquijano\/#\/schema\/person\/image\/","url":"https:\/\/secure.gravatar.com\/avatar\/661a3ef63a8488d4f2794ed44af8cf71420f7e106f3072c40125114df5157749?s=96&d=mm&r=g","contentUrl":"https:\/\/secure.gravatar.com\/avatar\/661a3ef63a8488d4f2794ed44af8cf71420f7e106f3072c40125114df5157749?s=96&d=mm&r=g","caption":"Cecilia Pastrana"},"sameAs":["cecy"],"url":"https:\/\/nahuelproducciones.com.ar\/radioquijano\/author\/cecy\/"}]}},"_links":{"self":[{"href":"https:\/\/nahuelproducciones.com.ar\/radioquijano\/wp-json\/wp\/v2\/posts\/8095","targetHints":{"allow":["GET"]}}],"collection":[{"href":"https:\/\/nahuelproducciones.com.ar\/radioquijano\/wp-json\/wp\/v2\/posts"}],"about":[{"href":"https:\/\/nahuelproducciones.com.ar\/radioquijano\/wp-json\/wp\/v2\/types\/post"}],"author":[{"embeddable":true,"href":"https:\/\/nahuelproducciones.com.ar\/radioquijano\/wp-json\/wp\/v2\/users\/8"}],"replies":[{"embeddable":true,"href":"https:\/\/nahuelproducciones.com.ar\/radioquijano\/wp-json\/wp\/v2\/comments?post=8095"}],"version-history":[{"count":2,"href":"https:\/\/nahuelproducciones.com.ar\/radioquijano\/wp-json\/wp\/v2\/posts\/8095\/revisions"}],"predecessor-version":[{"id":8104,"href":"https:\/\/nahuelproducciones.com.ar\/radioquijano\/wp-json\/wp\/v2\/posts\/8095\/revisions\/8104"}],"wp:featuredmedia":[{"embeddable":true,"href":"https:\/\/nahuelproducciones.com.ar\/radioquijano\/wp-json\/wp\/v2\/media\/8101"}],"wp:attachment":[{"href":"https:\/\/nahuelproducciones.com.ar\/radioquijano\/wp-json\/wp\/v2\/media?parent=8095"}],"wp:term":[{"taxonomy":"category","embeddable":true,"href":"https:\/\/nahuelproducciones.com.ar\/radioquijano\/wp-json\/wp\/v2\/categories?post=8095"},{"taxonomy":"post_tag","embeddable":true,"href":"https:\/\/nahuelproducciones.com.ar\/radioquijano\/wp-json\/wp\/v2\/tags?post=8095"}],"curies":[{"name":"wp","href":"https:\/\/api.w.org\/{rel}","templated":true}]}}