{"id":8143,"date":"2024-05-24T19:56:31","date_gmt":"2024-05-24T22:56:31","guid":{"rendered":"https:\/\/nahuelproducciones.com.ar\/radioquijano\/?p=8143"},"modified":"2024-05-24T19:56:32","modified_gmt":"2024-05-24T22:56:32","slug":"cursos-de-energias-renovables","status":"publish","type":"post","link":"https:\/\/nahuelproducciones.com.ar\/radioquijano\/cursos-de-energias-renovables\/","title":{"rendered":"CURSOS DE ENERG\u00cdAS RENOVABLES"},"content":{"rendered":"\n<p>La Municipalidad junto al Centro de Extensi\u00f3n Universitaria (CEUNSa) , invitan a la comunidad a participar del taller intensivo para la autoconstrucci\u00f3n de calefones solares.<\/p>\n\n\n\n<p>&nbsp;En comunicaci\u00f3n telef\u00f3nica con RQ99.9Mhz ,Javier Torres Alvarez, Coordinador de CEUNSa en Quijano coment\u00f3 que la primera actividad ser\u00e1 Taller de autoconstrucci\u00f3n de calefones solares y el pr\u00f3ximo mes un Taller sobre Aplicaciones de la energ\u00eda solar. Construcci\u00f3n de cocinas solares.<\/p>\n\n\n\n<p>El Taller se dictar\u00e1 el viernes 31 de Mayo a las 9:00 hs hasta las 12:00 hs. Dej\u00f3 el enlace de inscripci\u00f3n:&nbsp;<a href=\"https:\/\/l.facebook.com\/l.php?u=https%3A%2F%2Fdocs.google.com%2Fforms%2Fd%2Fe%2F1FAIpQLSe5GRLw-eCgHC9gzRV_QaRS8NdLzJR8boVxBLRLseCizTBz9A%2Fviewform%3Ffbclid%3DIwZXh0bgNhZW0CMTAAAR1lyCMOhkQrIsxBTDgIskTHRlwHfbhA8cHH4pm5XBSsmZ1QcNwNxlFzVNs_aem_AbKPIftjJdfYqBxO5FzU2Ymmd-TalVdTgVA0toanSs0QqQ7db6cF638KvRt58c5lBK05ZVqILtBB-PvaMbBLkgIr&amp;h=AT3btZj0YFeRgoK4BrM-wK5tweJ27Wg4E4wkjivoceRwEANYxkQEkjPmMYUkn7PQT80c36Glnz8ATWT1G07TiPFrIQaxZGKWaDFgX8vjveamGAoPc5LYjenOhavpHvvpoA&amp;__tn__=-UK*F\" target=\"_blank\" rel=\"noreferrer noopener\">https:\/\/docs.google.com\/\u2026\/1FAIpQLSe5GRLw\u2026\/viewform<\/a><\/p>\n\n\n\n<p>El objetivo de la capacitaci\u00f3n para la construcci\u00f3n y mantenimiento de calefones solares robustos y de bajo costo relativo es intensiva y estar\u00e1 a cargo del Dr. Marcelo Gea, profesional de la Facultad de Ciencias Exactas \u2013 Universidad Nacional de Salta.<\/p>\n\n\n\n<p>El Taller sobre Aplicaciones de la energ\u00eda solar. Construcci\u00f3n de cocinas solares.6 de Junio 10.00- 12.00 hs. Dej\u00f3 el enlace de inscripci\u00f3n:&nbsp;<a href=\"https:\/\/l.facebook.com\/l.php?u=https%3A%2F%2Fdocs.google.com%2Fforms%2Fd%2Fe%2F1FAIpQLSe5beAYqEebsHTbDDpe1xe9yIY3EEONlDdx-ZOHDUId3wHSFA%2Fviewform%3Ffbclid%3DIwZXh0bgNhZW0CMTAAAR2WbLSilVja529PIzbXRzTlnq0x-g3VJCW4c6QEEYI7pwjsekI4fhjOZLI_aem_AbI3gR8qOU44eZi1ZVEhg75WLwkCb4LjeTaauqVro_mhR5Iw7Wmf9ZUyuco4m5HTUnbWY653rdLi0C6yzCDRLeZ8&amp;h=AT1M28Og9KlUl9-tK_zfiqCbcKtuXb2yLpAo3WHZ8JWOD-UQKAAWnMs4oLR9V8x3ro9Z6IkEV9YGOm2Sc3FxXGK192QXdfXd6NsCEXsDna5YOfRX9zneSRTU4rtUA4Ye_w&amp;__tn__=-UK*F\" target=\"_blank\" rel=\"noreferrer noopener\">https:\/\/docs.google.com\/\u2026\/1FAIpQLSe5beAYqEebsH\u2026\/viewform<\/a><\/p>\n\n\n\n<p>Torres invit\u00f3 a los vecinos que deseen participar o tengan alguna dudas, que se acerquen a las oficinas de Direcci\u00f3n de Empleo, Producci\u00f3n y Capacitaci\u00f3n de Lunes a viernes en los horarios de 7:30 hs a 12: 30 hs<\/p>\n\n\n\n<p>Los Talleres se dictar\u00e1n en la Escuela T\u00e9cnica N\u00b0 3106 Ingeniero Maury de Campo Quijano.<\/p>\n\n\n\n<p>Se convino con la direcci\u00f3n de la escuela t\u00e9cnica que los alumnos de los \u00faltimos a\u00f1os tambi\u00e9n participen. <\/p>\n\n\n\n<p>Se encontrar\u00e1n alumnos y la comunidad en talleres que son importantes para \u00a0aprovechar las energ\u00edas renovables y mejorar la sustentabilidad.\u00a0<\/p>\n\n\n\n<figure class=\"wp-block-audio\"><audio controls src=\"https:\/\/nahuelproducciones.com.ar\/radioquijano\/wp-content\/uploads\/2024\/05\/23-05-2024-JAVIER-TORREZ-ALVAREZ-DE-CEUNSA-EN-LA-TECNICA-SE-HARANLOS-TALLERES.mp3\"><\/audio><\/figure>\n","protected":false},"excerpt":{"rendered":"<p>La Municipalidad junto al Centro de Extensi\u00f3n Universitaria (CEUNSa) , invitan a la comunidad a participar del taller intensivo para la autoconstrucci\u00f3n de calefones solares. &nbsp;En comunicaci\u00f3n telef\u00f3nica con RQ99.9Mhz ,Javier Torres Alvarez, Coordinador de CEUNSa en Quijano coment\u00f3 que la primera actividad ser\u00e1 Taller de autoconstrucci\u00f3n de calefones solares y el pr\u00f3ximo mes un [&hellip;]<\/p>\n","protected":false},"author":8,"featured_media":8145,"comment_status":"open","ping_status":"open","sticky":false,"template":"","format":"standard","meta":{"_monsterinsights_skip_tracking":false,"_monsterinsights_sitenote_active":false,"_monsterinsights_sitenote_note":"","_monsterinsights_sitenote_category":0,"footnotes":""},"categories":[16],"tags":[1451,100,1549],"class_list":["post-8143","post","type-post","status-publish","format-standard","has-post-thumbnail","hentry","category-noticias","tag-centro-de-extension-de-la-universidad-nacional-de-salta-ceunsa","tag-municipio-de-campo-quijano","tag-talleres"],"yoast_head":"<!-- This site is optimized with the Yoast SEO plugin v20.8 - https:\/\/yoast.com\/wordpress\/plugins\/seo\/ -->\n<title>CURSOS DE ENERG\u00cdAS RENOVABLES - RQ 99.9<\/title>\n<meta name=\"description\" content=\"Para consultas acercarse a las oficinas de Direcci\u00f3n de Empleo, Producci\u00f3n y Capacitaci\u00f3n de Lunes a viernes en los horarios de 7:30 hs a 12: 30 hs\" \/>\n<meta name=\"robots\" content=\"index, follow, max-snippet:-1, max-image-preview:large, max-video-preview:-1\" \/>\n<link rel=\"canonical\" href=\"https:\/\/nahuelproducciones.com.ar\/radioquijano\/cursos-de-energias-renovables\/\" \/>\n<meta property=\"og:locale\" content=\"es_ES\" \/>\n<meta property=\"og:type\" content=\"article\" \/>\n<meta property=\"og:title\" content=\"CURSOS DE ENERG\u00cdAS RENOVABLES - RQ 99.9\" \/>\n<meta property=\"og:description\" content=\"Para consultas acercarse a las oficinas de Direcci\u00f3n de Empleo, Producci\u00f3n y Capacitaci\u00f3n de Lunes a viernes en los horarios de 7:30 hs a 12: 30 hs\" \/>\n<meta property=\"og:url\" content=\"https:\/\/nahuelproducciones.com.ar\/radioquijano\/cursos-de-energias-renovables\/\" \/>\n<meta property=\"og:site_name\" content=\"RQ 99.9\" \/>\n<meta property=\"article:publisher\" content=\"https:\/\/www.facebook.com\/nahuelproducciones999\/\" \/>\n<meta property=\"article:published_time\" content=\"2024-05-24T22:56:31+00:00\" \/>\n<meta property=\"article:modified_time\" content=\"2024-05-24T22:56:32+00:00\" \/>\n<meta property=\"og:image\" content=\"https:\/\/nahuelproducciones.com.ar\/radioquijano\/wp-content\/uploads\/2024\/05\/444483194_853703033452775_3404179461352622248_n-e1716591380642.jpg\" \/>\n\t<meta property=\"og:image:width\" content=\"700\" \/>\n\t<meta property=\"og:image:height\" content=\"560\" \/>\n\t<meta property=\"og:image:type\" content=\"image\/jpeg\" \/>\n<meta name=\"author\" content=\"Cecilia Pastrana\" \/>\n<meta name=\"twitter:card\" content=\"summary_large_image\" \/>\n<meta name=\"twitter:creator\" content=\"@nahuproduciones\" \/>\n<meta name=\"twitter:site\" content=\"@nahuproduciones\" \/>\n<meta name=\"twitter:label1\" content=\"Escrito por\" \/>\n\t<meta name=\"twitter:data1\" content=\"Cecilia Pastrana\" \/>\n\t<meta name=\"twitter:label2\" content=\"Tiempo de lectura\" \/>\n\t<meta name=\"twitter:data2\" content=\"2 minutos\" \/>\n<script type=\"application\/ld+json\" class=\"yoast-schema-graph\">{\"@context\":\"https:\/\/schema.org\",\"@graph\":[{\"@type\":\"WebPage\",\"@id\":\"https:\/\/nahuelproducciones.com.ar\/radioquijano\/cursos-de-energias-renovables\/\",\"url\":\"https:\/\/nahuelproducciones.com.ar\/radioquijano\/cursos-de-energias-renovables\/\",\"name\":\"CURSOS DE ENERG\u00cdAS RENOVABLES - RQ 99.9\",\"isPartOf\":{\"@id\":\"https:\/\/nahuelproducciones.com.ar\/radioquijano\/#website\"},\"datePublished\":\"2024-05-24T22:56:31+00:00\",\"dateModified\":\"2024-05-24T22:56:32+00:00\",\"author\":{\"@id\":\"https:\/\/nahuelproducciones.com.ar\/radioquijano\/#\/schema\/person\/e8a4f939e2cb487fe6d0c54042c9d32c\"},\"description\":\"Para consultas acercarse a las oficinas de Direcci\u00f3n de Empleo, Producci\u00f3n y Capacitaci\u00f3n de Lunes a viernes en los horarios de 7:30 hs a 12: 30 hs\",\"breadcrumb\":{\"@id\":\"https:\/\/nahuelproducciones.com.ar\/radioquijano\/cursos-de-energias-renovables\/#breadcrumb\"},\"inLanguage\":\"es\",\"potentialAction\":[{\"@type\":\"ReadAction\",\"target\":[\"https:\/\/nahuelproducciones.com.ar\/radioquijano\/cursos-de-energias-renovables\/\"]}]},{\"@type\":\"BreadcrumbList\",\"@id\":\"https:\/\/nahuelproducciones.com.ar\/radioquijano\/cursos-de-energias-renovables\/#breadcrumb\",\"itemListElement\":[{\"@type\":\"ListItem\",\"position\":1,\"name\":\"Portada\",\"item\":\"https:\/\/nahuelproducciones.com.ar\/radioquijano\/\"},{\"@type\":\"ListItem\",\"position\":2,\"name\":\"CURSOS DE ENERG\u00cdAS RENOVABLES\"}]},{\"@type\":\"WebSite\",\"@id\":\"https:\/\/nahuelproducciones.com.ar\/radioquijano\/#website\",\"url\":\"https:\/\/nahuelproducciones.com.ar\/radioquijano\/\",\"name\":\"RQ 99.9\",\"description\":\"Radio Quijano 99.9 MHz\",\"potentialAction\":[{\"@type\":\"SearchAction\",\"target\":{\"@type\":\"EntryPoint\",\"urlTemplate\":\"https:\/\/nahuelproducciones.com.ar\/radioquijano\/?s={search_term_string}\"},\"query-input\":\"required name=search_term_string\"}],\"inLanguage\":\"es\"},{\"@type\":\"Person\",\"@id\":\"https:\/\/nahuelproducciones.com.ar\/radioquijano\/#\/schema\/person\/e8a4f939e2cb487fe6d0c54042c9d32c\",\"name\":\"Cecilia Pastrana\",\"image\":{\"@type\":\"ImageObject\",\"inLanguage\":\"es\",\"@id\":\"https:\/\/nahuelproducciones.com.ar\/radioquijano\/#\/schema\/person\/image\/\",\"url\":\"https:\/\/secure.gravatar.com\/avatar\/661a3ef63a8488d4f2794ed44af8cf71420f7e106f3072c40125114df5157749?s=96&d=mm&r=g\",\"contentUrl\":\"https:\/\/secure.gravatar.com\/avatar\/661a3ef63a8488d4f2794ed44af8cf71420f7e106f3072c40125114df5157749?s=96&d=mm&r=g\",\"caption\":\"Cecilia Pastrana\"},\"sameAs\":[\"cecy\"],\"url\":\"https:\/\/nahuelproducciones.com.ar\/radioquijano\/author\/cecy\/\"}]}<\/script>\n<!-- \/ Yoast SEO plugin. -->","yoast_head_json":{"title":"CURSOS DE ENERG\u00cdAS RENOVABLES - RQ 99.9","description":"Para consultas acercarse a las oficinas de Direcci\u00f3n de Empleo, Producci\u00f3n y Capacitaci\u00f3n de Lunes a viernes en los horarios de 7:30 hs a 12: 30 hs","robots":{"index":"index","follow":"follow","max-snippet":"max-snippet:-1","max-image-preview":"max-image-preview:large","max-video-preview":"max-video-preview:-1"},"canonical":"https:\/\/nahuelproducciones.com.ar\/radioquijano\/cursos-de-energias-renovables\/","og_locale":"es_ES","og_type":"article","og_title":"CURSOS DE ENERG\u00cdAS RENOVABLES - RQ 99.9","og_description":"Para consultas acercarse a las oficinas de Direcci\u00f3n de Empleo, Producci\u00f3n y Capacitaci\u00f3n de Lunes a viernes en los horarios de 7:30 hs a 12: 30 hs","og_url":"https:\/\/nahuelproducciones.com.ar\/radioquijano\/cursos-de-energias-renovables\/","og_site_name":"RQ 99.9","article_publisher":"https:\/\/www.facebook.com\/nahuelproducciones999\/","article_published_time":"2024-05-24T22:56:31+00:00","article_modified_time":"2024-05-24T22:56:32+00:00","og_image":[{"width":700,"height":560,"url":"https:\/\/nahuelproducciones.com.ar\/radioquijano\/wp-content\/uploads\/2024\/05\/444483194_853703033452775_3404179461352622248_n-e1716591380642.jpg","type":"image\/jpeg"}],"author":"Cecilia Pastrana","twitter_card":"summary_large_image","twitter_creator":"@nahuproduciones","twitter_site":"@nahuproduciones","twitter_misc":{"Escrito por":"Cecilia Pastrana","Tiempo de lectura":"2 minutos"},"schema":{"@context":"https:\/\/schema.org","@graph":[{"@type":"WebPage","@id":"https:\/\/nahuelproducciones.com.ar\/radioquijano\/cursos-de-energias-renovables\/","url":"https:\/\/nahuelproducciones.com.ar\/radioquijano\/cursos-de-energias-renovables\/","name":"CURSOS DE ENERG\u00cdAS RENOVABLES - RQ 99.9","isPartOf":{"@id":"https:\/\/nahuelproducciones.com.ar\/radioquijano\/#website"},"datePublished":"2024-05-24T22:56:31+00:00","dateModified":"2024-05-24T22:56:32+00:00","author":{"@id":"https:\/\/nahuelproducciones.com.ar\/radioquijano\/#\/schema\/person\/e8a4f939e2cb487fe6d0c54042c9d32c"},"description":"Para consultas acercarse a las oficinas de Direcci\u00f3n de Empleo, Producci\u00f3n y Capacitaci\u00f3n de Lunes a viernes en los horarios de 7:30 hs a 12: 30 hs","breadcrumb":{"@id":"https:\/\/nahuelproducciones.com.ar\/radioquijano\/cursos-de-energias-renovables\/#breadcrumb"},"inLanguage":"es","potentialAction":[{"@type":"ReadAction","target":["https:\/\/nahuelproducciones.com.ar\/radioquijano\/cursos-de-energias-renovables\/"]}]},{"@type":"BreadcrumbList","@id":"https:\/\/nahuelproducciones.com.ar\/radioquijano\/cursos-de-energias-renovables\/#breadcrumb","itemListElement":[{"@type":"ListItem","position":1,"name":"Portada","item":"https:\/\/nahuelproducciones.com.ar\/radioquijano\/"},{"@type":"ListItem","position":2,"name":"CURSOS DE ENERG\u00cdAS RENOVABLES"}]},{"@type":"WebSite","@id":"https:\/\/nahuelproducciones.com.ar\/radioquijano\/#website","url":"https:\/\/nahuelproducciones.com.ar\/radioquijano\/","name":"RQ 99.9","description":"Radio Quijano 99.9 MHz","potentialAction":[{"@type":"SearchAction","target":{"@type":"EntryPoint","urlTemplate":"https:\/\/nahuelproducciones.com.ar\/radioquijano\/?s={search_term_string}"},"query-input":"required name=search_term_string"}],"inLanguage":"es"},{"@type":"Person","@id":"https:\/\/nahuelproducciones.com.ar\/radioquijano\/#\/schema\/person\/e8a4f939e2cb487fe6d0c54042c9d32c","name":"Cecilia Pastrana","image":{"@type":"ImageObject","inLanguage":"es","@id":"https:\/\/nahuelproducciones.com.ar\/radioquijano\/#\/schema\/person\/image\/","url":"https:\/\/secure.gravatar.com\/avatar\/661a3ef63a8488d4f2794ed44af8cf71420f7e106f3072c40125114df5157749?s=96&d=mm&r=g","contentUrl":"https:\/\/secure.gravatar.com\/avatar\/661a3ef63a8488d4f2794ed44af8cf71420f7e106f3072c40125114df5157749?s=96&d=mm&r=g","caption":"Cecilia Pastrana"},"sameAs":["cecy"],"url":"https:\/\/nahuelproducciones.com.ar\/radioquijano\/author\/cecy\/"}]}},"_links":{"self":[{"href":"https:\/\/nahuelproducciones.com.ar\/radioquijano\/wp-json\/wp\/v2\/posts\/8143","targetHints":{"allow":["GET"]}}],"collection":[{"href":"https:\/\/nahuelproducciones.com.ar\/radioquijano\/wp-json\/wp\/v2\/posts"}],"about":[{"href":"https:\/\/nahuelproducciones.com.ar\/radioquijano\/wp-json\/wp\/v2\/types\/post"}],"author":[{"embeddable":true,"href":"https:\/\/nahuelproducciones.com.ar\/radioquijano\/wp-json\/wp\/v2\/users\/8"}],"replies":[{"embeddable":true,"href":"https:\/\/nahuelproducciones.com.ar\/radioquijano\/wp-json\/wp\/v2\/comments?post=8143"}],"version-history":[{"count":1,"href":"https:\/\/nahuelproducciones.com.ar\/radioquijano\/wp-json\/wp\/v2\/posts\/8143\/revisions"}],"predecessor-version":[{"id":8146,"href":"https:\/\/nahuelproducciones.com.ar\/radioquijano\/wp-json\/wp\/v2\/posts\/8143\/revisions\/8146"}],"wp:featuredmedia":[{"embeddable":true,"href":"https:\/\/nahuelproducciones.com.ar\/radioquijano\/wp-json\/wp\/v2\/media\/8145"}],"wp:attachment":[{"href":"https:\/\/nahuelproducciones.com.ar\/radioquijano\/wp-json\/wp\/v2\/media?parent=8143"}],"wp:term":[{"taxonomy":"category","embeddable":true,"href":"https:\/\/nahuelproducciones.com.ar\/radioquijano\/wp-json\/wp\/v2\/categories?post=8143"},{"taxonomy":"post_tag","embeddable":true,"href":"https:\/\/nahuelproducciones.com.ar\/radioquijano\/wp-json\/wp\/v2\/tags?post=8143"}],"curies":[{"name":"wp","href":"https:\/\/api.w.org\/{rel}","templated":true}]}}