{"id":8147,"date":"2024-05-24T20:17:20","date_gmt":"2024-05-24T23:17:20","guid":{"rendered":"https:\/\/nahuelproducciones.com.ar\/radioquijano\/?p=8147"},"modified":"2024-05-24T20:17:20","modified_gmt":"2024-05-24T23:17:20","slug":"llega-el-circo-de-los-hnos-medina","status":"publish","type":"post","link":"https:\/\/nahuelproducciones.com.ar\/radioquijano\/llega-el-circo-de-los-hnos-medina\/","title":{"rendered":"Llega el Circo de los Hnos Medina."},"content":{"rendered":"\n<p>Es un espect\u00e1culo para toda la familia producido \u00edntegramente por\u00a0la Familia Medina, lleg\u00f3 a Campo Quijano y est\u00e1 ubicado en Ruta N\u00b036 Km 1.<\/p>\n\n\n\n<p>La diversi\u00f3n est\u00e1 asegurada con humor, m\u00fasica , equilibrios, payasadas, malabares, danza y acrobacia, as\u00ed nos dijo Brenda Medina que visitando RQ99.9Mhz dejo una c\u00e1lida invitaci\u00f3n a todos los oyentes para que se acerquen y pasen un lindo momento.<\/p>\n\n\n\n<p>Brenda cont\u00f3 que la historia del circo familiar es de larga data y que est\u00e1 pr\u00f3ximo a cumplir el centenario.<\/p>\n\n\n\n<p>Estar en el  circo es vivir un momento \u00fanico, tanto  para grandes y chicos, donde las risas y el asombro ser\u00e1n el pasaje asegurado a un viaje inolvidable.<\/p>\n\n\n\n<p>Mencion\u00f3 que la carpa es climatizada y es impermeable, ideal para ir y despreocuparse.<\/p>\n\n\n\n<p>Escucha la entrevista.<\/p>\n\n\n\n<figure class=\"wp-block-audio\"><audio controls src=\"https:\/\/nahuelproducciones.com.ar\/radioquijano\/wp-content\/uploads\/2024\/05\/24-05-2024-BRENDA-MEDINA-LLEGO-EL-CIRCO.mp3\"><\/audio><\/figure>\n\n\n\n<figure class=\"wp-block-video\"><video controls src=\"https:\/\/nahuelproducciones.com.ar\/radioquijano\/wp-content\/uploads\/2024\/05\/WhatsApp-Video-2024-05-23-at-5.16.53-PM.mp4\"><\/video><\/figure>\n","protected":false},"excerpt":{"rendered":"<p>Es un espect\u00e1culo para toda la familia producido \u00edntegramente por\u00a0la Familia Medina, lleg\u00f3 a Campo Quijano y est\u00e1 ubicado en Ruta N\u00b036 Km 1. La diversi\u00f3n est\u00e1 asegurada con humor, m\u00fasica , equilibrios, payasadas, malabares, danza y acrobacia, as\u00ed nos dijo Brenda Medina que visitando RQ99.9Mhz dejo una c\u00e1lida invitaci\u00f3n a todos los oyentes para [&hellip;]<\/p>\n","protected":false},"author":8,"featured_media":8149,"comment_status":"open","ping_status":"open","sticky":false,"template":"","format":"standard","meta":{"_monsterinsights_skip_tracking":false,"_monsterinsights_sitenote_active":false,"_monsterinsights_sitenote_note":"","_monsterinsights_sitenote_category":0,"footnotes":""},"categories":[16],"tags":[1550,100],"class_list":["post-8147","post","type-post","status-publish","format-standard","has-post-thumbnail","hentry","category-noticias","tag-circo-hnos-medina","tag-municipio-de-campo-quijano"],"yoast_head":"<!-- This site is optimized with the Yoast SEO plugin v20.8 - https:\/\/yoast.com\/wordpress\/plugins\/seo\/ -->\n<title>Llega el Circo de los Hnos Medina. - RQ 99.9<\/title>\n<meta name=\"description\" content=\"Est\u00e1 ubicado en Ruta N\u00b036 Km 1.\" \/>\n<meta name=\"robots\" content=\"index, follow, max-snippet:-1, max-image-preview:large, max-video-preview:-1\" \/>\n<link rel=\"canonical\" href=\"https:\/\/nahuelproducciones.com.ar\/radioquijano\/llega-el-circo-de-los-hnos-medina\/\" \/>\n<meta property=\"og:locale\" content=\"es_ES\" \/>\n<meta property=\"og:type\" content=\"article\" \/>\n<meta property=\"og:title\" content=\"Llega el Circo de los Hnos Medina. - RQ 99.9\" \/>\n<meta property=\"og:description\" content=\"Est\u00e1 ubicado en Ruta N\u00b036 Km 1.\" \/>\n<meta property=\"og:url\" content=\"https:\/\/nahuelproducciones.com.ar\/radioquijano\/llega-el-circo-de-los-hnos-medina\/\" \/>\n<meta property=\"og:site_name\" content=\"RQ 99.9\" \/>\n<meta property=\"article:publisher\" content=\"https:\/\/www.facebook.com\/nahuelproducciones999\/\" \/>\n<meta property=\"article:published_time\" content=\"2024-05-24T23:17:20+00:00\" \/>\n<meta property=\"og:image\" content=\"https:\/\/nahuelproducciones.com.ar\/radioquijano\/wp-content\/uploads\/2024\/05\/436393076_10232012021952399_1297006884609577946_n-e1716592512861.jpg\" \/>\n\t<meta property=\"og:image:width\" content=\"700\" \/>\n\t<meta property=\"og:image:height\" content=\"700\" \/>\n\t<meta property=\"og:image:type\" content=\"image\/jpeg\" \/>\n<meta name=\"author\" content=\"Cecilia Pastrana\" \/>\n<meta name=\"twitter:card\" content=\"summary_large_image\" \/>\n<meta name=\"twitter:creator\" content=\"@nahuproduciones\" \/>\n<meta name=\"twitter:site\" content=\"@nahuproduciones\" \/>\n<meta name=\"twitter:label1\" content=\"Escrito por\" \/>\n\t<meta name=\"twitter:data1\" content=\"Cecilia Pastrana\" \/>\n\t<meta name=\"twitter:label2\" content=\"Tiempo de lectura\" \/>\n\t<meta name=\"twitter:data2\" content=\"1 minuto\" \/>\n<script type=\"application\/ld+json\" class=\"yoast-schema-graph\">{\"@context\":\"https:\/\/schema.org\",\"@graph\":[{\"@type\":\"WebPage\",\"@id\":\"https:\/\/nahuelproducciones.com.ar\/radioquijano\/llega-el-circo-de-los-hnos-medina\/\",\"url\":\"https:\/\/nahuelproducciones.com.ar\/radioquijano\/llega-el-circo-de-los-hnos-medina\/\",\"name\":\"Llega el Circo de los Hnos Medina. - RQ 99.9\",\"isPartOf\":{\"@id\":\"https:\/\/nahuelproducciones.com.ar\/radioquijano\/#website\"},\"datePublished\":\"2024-05-24T23:17:20+00:00\",\"dateModified\":\"2024-05-24T23:17:20+00:00\",\"author\":{\"@id\":\"https:\/\/nahuelproducciones.com.ar\/radioquijano\/#\/schema\/person\/e8a4f939e2cb487fe6d0c54042c9d32c\"},\"description\":\"Est\u00e1 ubicado en Ruta N\u00b036 Km 1.\",\"breadcrumb\":{\"@id\":\"https:\/\/nahuelproducciones.com.ar\/radioquijano\/llega-el-circo-de-los-hnos-medina\/#breadcrumb\"},\"inLanguage\":\"es\",\"potentialAction\":[{\"@type\":\"ReadAction\",\"target\":[\"https:\/\/nahuelproducciones.com.ar\/radioquijano\/llega-el-circo-de-los-hnos-medina\/\"]}]},{\"@type\":\"BreadcrumbList\",\"@id\":\"https:\/\/nahuelproducciones.com.ar\/radioquijano\/llega-el-circo-de-los-hnos-medina\/#breadcrumb\",\"itemListElement\":[{\"@type\":\"ListItem\",\"position\":1,\"name\":\"Portada\",\"item\":\"https:\/\/nahuelproducciones.com.ar\/radioquijano\/\"},{\"@type\":\"ListItem\",\"position\":2,\"name\":\"Llega el Circo de los Hnos Medina.\"}]},{\"@type\":\"WebSite\",\"@id\":\"https:\/\/nahuelproducciones.com.ar\/radioquijano\/#website\",\"url\":\"https:\/\/nahuelproducciones.com.ar\/radioquijano\/\",\"name\":\"RQ 99.9\",\"description\":\"Radio Quijano 99.9 MHz\",\"potentialAction\":[{\"@type\":\"SearchAction\",\"target\":{\"@type\":\"EntryPoint\",\"urlTemplate\":\"https:\/\/nahuelproducciones.com.ar\/radioquijano\/?s={search_term_string}\"},\"query-input\":\"required name=search_term_string\"}],\"inLanguage\":\"es\"},{\"@type\":\"Person\",\"@id\":\"https:\/\/nahuelproducciones.com.ar\/radioquijano\/#\/schema\/person\/e8a4f939e2cb487fe6d0c54042c9d32c\",\"name\":\"Cecilia Pastrana\",\"image\":{\"@type\":\"ImageObject\",\"inLanguage\":\"es\",\"@id\":\"https:\/\/nahuelproducciones.com.ar\/radioquijano\/#\/schema\/person\/image\/\",\"url\":\"https:\/\/secure.gravatar.com\/avatar\/661a3ef63a8488d4f2794ed44af8cf71420f7e106f3072c40125114df5157749?s=96&d=mm&r=g\",\"contentUrl\":\"https:\/\/secure.gravatar.com\/avatar\/661a3ef63a8488d4f2794ed44af8cf71420f7e106f3072c40125114df5157749?s=96&d=mm&r=g\",\"caption\":\"Cecilia Pastrana\"},\"sameAs\":[\"cecy\"],\"url\":\"https:\/\/nahuelproducciones.com.ar\/radioquijano\/author\/cecy\/\"}]}<\/script>\n<!-- \/ Yoast SEO plugin. -->","yoast_head_json":{"title":"Llega el Circo de los Hnos Medina. - RQ 99.9","description":"Est\u00e1 ubicado en Ruta N\u00b036 Km 1.","robots":{"index":"index","follow":"follow","max-snippet":"max-snippet:-1","max-image-preview":"max-image-preview:large","max-video-preview":"max-video-preview:-1"},"canonical":"https:\/\/nahuelproducciones.com.ar\/radioquijano\/llega-el-circo-de-los-hnos-medina\/","og_locale":"es_ES","og_type":"article","og_title":"Llega el Circo de los Hnos Medina. - RQ 99.9","og_description":"Est\u00e1 ubicado en Ruta N\u00b036 Km 1.","og_url":"https:\/\/nahuelproducciones.com.ar\/radioquijano\/llega-el-circo-de-los-hnos-medina\/","og_site_name":"RQ 99.9","article_publisher":"https:\/\/www.facebook.com\/nahuelproducciones999\/","article_published_time":"2024-05-24T23:17:20+00:00","og_image":[{"width":700,"height":700,"url":"https:\/\/nahuelproducciones.com.ar\/radioquijano\/wp-content\/uploads\/2024\/05\/436393076_10232012021952399_1297006884609577946_n-e1716592512861.jpg","type":"image\/jpeg"}],"author":"Cecilia Pastrana","twitter_card":"summary_large_image","twitter_creator":"@nahuproduciones","twitter_site":"@nahuproduciones","twitter_misc":{"Escrito por":"Cecilia Pastrana","Tiempo de lectura":"1 minuto"},"schema":{"@context":"https:\/\/schema.org","@graph":[{"@type":"WebPage","@id":"https:\/\/nahuelproducciones.com.ar\/radioquijano\/llega-el-circo-de-los-hnos-medina\/","url":"https:\/\/nahuelproducciones.com.ar\/radioquijano\/llega-el-circo-de-los-hnos-medina\/","name":"Llega el Circo de los Hnos Medina. - RQ 99.9","isPartOf":{"@id":"https:\/\/nahuelproducciones.com.ar\/radioquijano\/#website"},"datePublished":"2024-05-24T23:17:20+00:00","dateModified":"2024-05-24T23:17:20+00:00","author":{"@id":"https:\/\/nahuelproducciones.com.ar\/radioquijano\/#\/schema\/person\/e8a4f939e2cb487fe6d0c54042c9d32c"},"description":"Est\u00e1 ubicado en Ruta N\u00b036 Km 1.","breadcrumb":{"@id":"https:\/\/nahuelproducciones.com.ar\/radioquijano\/llega-el-circo-de-los-hnos-medina\/#breadcrumb"},"inLanguage":"es","potentialAction":[{"@type":"ReadAction","target":["https:\/\/nahuelproducciones.com.ar\/radioquijano\/llega-el-circo-de-los-hnos-medina\/"]}]},{"@type":"BreadcrumbList","@id":"https:\/\/nahuelproducciones.com.ar\/radioquijano\/llega-el-circo-de-los-hnos-medina\/#breadcrumb","itemListElement":[{"@type":"ListItem","position":1,"name":"Portada","item":"https:\/\/nahuelproducciones.com.ar\/radioquijano\/"},{"@type":"ListItem","position":2,"name":"Llega el Circo de los Hnos Medina."}]},{"@type":"WebSite","@id":"https:\/\/nahuelproducciones.com.ar\/radioquijano\/#website","url":"https:\/\/nahuelproducciones.com.ar\/radioquijano\/","name":"RQ 99.9","description":"Radio Quijano 99.9 MHz","potentialAction":[{"@type":"SearchAction","target":{"@type":"EntryPoint","urlTemplate":"https:\/\/nahuelproducciones.com.ar\/radioquijano\/?s={search_term_string}"},"query-input":"required name=search_term_string"}],"inLanguage":"es"},{"@type":"Person","@id":"https:\/\/nahuelproducciones.com.ar\/radioquijano\/#\/schema\/person\/e8a4f939e2cb487fe6d0c54042c9d32c","name":"Cecilia Pastrana","image":{"@type":"ImageObject","inLanguage":"es","@id":"https:\/\/nahuelproducciones.com.ar\/radioquijano\/#\/schema\/person\/image\/","url":"https:\/\/secure.gravatar.com\/avatar\/661a3ef63a8488d4f2794ed44af8cf71420f7e106f3072c40125114df5157749?s=96&d=mm&r=g","contentUrl":"https:\/\/secure.gravatar.com\/avatar\/661a3ef63a8488d4f2794ed44af8cf71420f7e106f3072c40125114df5157749?s=96&d=mm&r=g","caption":"Cecilia Pastrana"},"sameAs":["cecy"],"url":"https:\/\/nahuelproducciones.com.ar\/radioquijano\/author\/cecy\/"}]}},"_links":{"self":[{"href":"https:\/\/nahuelproducciones.com.ar\/radioquijano\/wp-json\/wp\/v2\/posts\/8147","targetHints":{"allow":["GET"]}}],"collection":[{"href":"https:\/\/nahuelproducciones.com.ar\/radioquijano\/wp-json\/wp\/v2\/posts"}],"about":[{"href":"https:\/\/nahuelproducciones.com.ar\/radioquijano\/wp-json\/wp\/v2\/types\/post"}],"author":[{"embeddable":true,"href":"https:\/\/nahuelproducciones.com.ar\/radioquijano\/wp-json\/wp\/v2\/users\/8"}],"replies":[{"embeddable":true,"href":"https:\/\/nahuelproducciones.com.ar\/radioquijano\/wp-json\/wp\/v2\/comments?post=8147"}],"version-history":[{"count":1,"href":"https:\/\/nahuelproducciones.com.ar\/radioquijano\/wp-json\/wp\/v2\/posts\/8147\/revisions"}],"predecessor-version":[{"id":8151,"href":"https:\/\/nahuelproducciones.com.ar\/radioquijano\/wp-json\/wp\/v2\/posts\/8147\/revisions\/8151"}],"wp:featuredmedia":[{"embeddable":true,"href":"https:\/\/nahuelproducciones.com.ar\/radioquijano\/wp-json\/wp\/v2\/media\/8149"}],"wp:attachment":[{"href":"https:\/\/nahuelproducciones.com.ar\/radioquijano\/wp-json\/wp\/v2\/media?parent=8147"}],"wp:term":[{"taxonomy":"category","embeddable":true,"href":"https:\/\/nahuelproducciones.com.ar\/radioquijano\/wp-json\/wp\/v2\/categories?post=8147"},{"taxonomy":"post_tag","embeddable":true,"href":"https:\/\/nahuelproducciones.com.ar\/radioquijano\/wp-json\/wp\/v2\/tags?post=8147"}],"curies":[{"name":"wp","href":"https:\/\/api.w.org\/{rel}","templated":true}]}}