{"id":8152,"date":"2024-05-28T08:24:56","date_gmt":"2024-05-28T11:24:56","guid":{"rendered":"https:\/\/nahuelproducciones.com.ar\/radioquijano\/?p=8152"},"modified":"2024-05-28T08:24:57","modified_gmt":"2024-05-28T11:24:57","slug":"sueldos-para-la-administracion-publica-provincial-se-depositaran-del-31-de-mayo-al-4-de-junio","status":"publish","type":"post","link":"https:\/\/nahuelproducciones.com.ar\/radioquijano\/sueldos-para-la-administracion-publica-provincial-se-depositaran-del-31-de-mayo-al-4-de-junio\/","title":{"rendered":"Sueldos para la Administraci\u00f3n P\u00fablica Provincial: se depositar\u00e1n del 31 de mayo al 4 de Junio"},"content":{"rendered":"\n<p>El Gobierno dio a conocer las fechas de cobro de los sueldos correspondientes a mayo de 2024 para la Administraci\u00f3n P\u00fablica Provincial. Se depositar\u00e1n del 31 de mayo al 4 de junio.<\/p>\n\n\n\n<p>El 31 de mayo se depositar\u00e1n los haberes para los sectores de Salud y Seguridad; el 1 de junio corresponder\u00e1 al sector de Educaci\u00f3n y el 4 de junio para Administraci\u00f3n Central, Descentralizada y resto de la Administraci\u00f3n P\u00fablica.<\/p>\n\n\n\n<p>La totalidad del sector p\u00fablico provincial incluye: Poder Ejecutivo, Legislativo y Judicial, organismos dependientes de estos poderes, organismos descentralizados, aut\u00e1rquicos y otros entes.<\/p>\n\n\n\n<hr class=\"wp-block-separator has-alpha-channel-opacity\"\/>\n\n\n\n<p>Fuente:&nbsp;<strong>Secretar\u00eda de Prensa y Comunicaci\u00f3n<\/strong><\/p>\n","protected":false},"excerpt":{"rendered":"<p>El Gobierno dio a conocer las fechas de cobro de los sueldos correspondientes a mayo de 2024 para la Administraci\u00f3n P\u00fablica Provincial. Se depositar\u00e1n del 31 de mayo al 4 de junio. El 31 de mayo se depositar\u00e1n los haberes para los sectores de Salud y Seguridad; el 1 de junio corresponder\u00e1 al sector de [&hellip;]<\/p>\n","protected":false},"author":8,"featured_media":8154,"comment_status":"open","ping_status":"open","sticky":false,"template":"","format":"standard","meta":{"_monsterinsights_skip_tracking":false,"_monsterinsights_sitenote_active":false,"_monsterinsights_sitenote_note":"","_monsterinsights_sitenote_category":0,"footnotes":""},"categories":[16],"tags":[100,1159],"class_list":["post-8152","post","type-post","status-publish","format-standard","has-post-thumbnail","hentry","category-noticias","tag-municipio-de-campo-quijano","tag-pago-de-haberes"],"yoast_head":"<!-- This site is optimized with the Yoast SEO plugin v20.8 - https:\/\/yoast.com\/wordpress\/plugins\/seo\/ -->\n<title>Sueldos para la Administraci\u00f3n P\u00fablica Provincial: se depositar\u00e1n del 31 de mayo al 4 de Junio - RQ 99.9<\/title>\n<meta name=\"description\" content=\"Los haberes correspondientes al mes de Mayo para los agentes p\u00fablicos estar\u00e1n disponibles seg\u00fan cronograma.\" \/>\n<meta name=\"robots\" content=\"index, follow, max-snippet:-1, max-image-preview:large, max-video-preview:-1\" \/>\n<link rel=\"canonical\" href=\"https:\/\/nahuelproducciones.com.ar\/radioquijano\/sueldos-para-la-administracion-publica-provincial-se-depositaran-del-31-de-mayo-al-4-de-junio\/\" \/>\n<meta property=\"og:locale\" content=\"es_ES\" \/>\n<meta property=\"og:type\" content=\"article\" \/>\n<meta property=\"og:title\" content=\"Sueldos para la Administraci\u00f3n P\u00fablica Provincial: se depositar\u00e1n del 31 de mayo al 4 de Junio - RQ 99.9\" \/>\n<meta property=\"og:description\" content=\"Los haberes correspondientes al mes de Mayo para los agentes p\u00fablicos estar\u00e1n disponibles seg\u00fan cronograma.\" \/>\n<meta property=\"og:url\" content=\"https:\/\/nahuelproducciones.com.ar\/radioquijano\/sueldos-para-la-administracion-publica-provincial-se-depositaran-del-31-de-mayo-al-4-de-junio\/\" \/>\n<meta property=\"og:site_name\" content=\"RQ 99.9\" \/>\n<meta property=\"article:publisher\" content=\"https:\/\/www.facebook.com\/nahuelproducciones999\/\" \/>\n<meta property=\"article:published_time\" content=\"2024-05-28T11:24:56+00:00\" \/>\n<meta property=\"article:modified_time\" content=\"2024-05-28T11:24:57+00:00\" \/>\n<meta property=\"og:image\" content=\"https:\/\/nahuelproducciones.com.ar\/radioquijano\/wp-content\/uploads\/2024\/05\/JUBILADOS-Y-PENSIONADOS-2-e1716895476910.png\" \/>\n\t<meta property=\"og:image:width\" content=\"700\" \/>\n\t<meta property=\"og:image:height\" content=\"700\" \/>\n\t<meta property=\"og:image:type\" content=\"image\/png\" \/>\n<meta name=\"author\" content=\"Cecilia Pastrana\" \/>\n<meta name=\"twitter:card\" content=\"summary_large_image\" \/>\n<meta name=\"twitter:creator\" content=\"@nahuproduciones\" \/>\n<meta name=\"twitter:site\" content=\"@nahuproduciones\" \/>\n<meta name=\"twitter:label1\" content=\"Escrito por\" \/>\n\t<meta name=\"twitter:data1\" content=\"Cecilia Pastrana\" \/>\n\t<meta name=\"twitter:label2\" content=\"Tiempo de lectura\" \/>\n\t<meta name=\"twitter:data2\" content=\"1 minuto\" \/>\n<script type=\"application\/ld+json\" class=\"yoast-schema-graph\">{\"@context\":\"https:\/\/schema.org\",\"@graph\":[{\"@type\":\"WebPage\",\"@id\":\"https:\/\/nahuelproducciones.com.ar\/radioquijano\/sueldos-para-la-administracion-publica-provincial-se-depositaran-del-31-de-mayo-al-4-de-junio\/\",\"url\":\"https:\/\/nahuelproducciones.com.ar\/radioquijano\/sueldos-para-la-administracion-publica-provincial-se-depositaran-del-31-de-mayo-al-4-de-junio\/\",\"name\":\"Sueldos para la Administraci\u00f3n P\u00fablica Provincial: se depositar\u00e1n del 31 de mayo al 4 de Junio - RQ 99.9\",\"isPartOf\":{\"@id\":\"https:\/\/nahuelproducciones.com.ar\/radioquijano\/#website\"},\"datePublished\":\"2024-05-28T11:24:56+00:00\",\"dateModified\":\"2024-05-28T11:24:57+00:00\",\"author\":{\"@id\":\"https:\/\/nahuelproducciones.com.ar\/radioquijano\/#\/schema\/person\/e8a4f939e2cb487fe6d0c54042c9d32c\"},\"description\":\"Los haberes correspondientes al mes de Mayo para los agentes p\u00fablicos estar\u00e1n disponibles seg\u00fan cronograma.\",\"breadcrumb\":{\"@id\":\"https:\/\/nahuelproducciones.com.ar\/radioquijano\/sueldos-para-la-administracion-publica-provincial-se-depositaran-del-31-de-mayo-al-4-de-junio\/#breadcrumb\"},\"inLanguage\":\"es\",\"potentialAction\":[{\"@type\":\"ReadAction\",\"target\":[\"https:\/\/nahuelproducciones.com.ar\/radioquijano\/sueldos-para-la-administracion-publica-provincial-se-depositaran-del-31-de-mayo-al-4-de-junio\/\"]}]},{\"@type\":\"BreadcrumbList\",\"@id\":\"https:\/\/nahuelproducciones.com.ar\/radioquijano\/sueldos-para-la-administracion-publica-provincial-se-depositaran-del-31-de-mayo-al-4-de-junio\/#breadcrumb\",\"itemListElement\":[{\"@type\":\"ListItem\",\"position\":1,\"name\":\"Portada\",\"item\":\"https:\/\/nahuelproducciones.com.ar\/radioquijano\/\"},{\"@type\":\"ListItem\",\"position\":2,\"name\":\"Sueldos para la Administraci\u00f3n P\u00fablica Provincial: se depositar\u00e1n del 31 de mayo al 4 de Junio\"}]},{\"@type\":\"WebSite\",\"@id\":\"https:\/\/nahuelproducciones.com.ar\/radioquijano\/#website\",\"url\":\"https:\/\/nahuelproducciones.com.ar\/radioquijano\/\",\"name\":\"RQ 99.9\",\"description\":\"Radio Quijano 99.9 MHz\",\"potentialAction\":[{\"@type\":\"SearchAction\",\"target\":{\"@type\":\"EntryPoint\",\"urlTemplate\":\"https:\/\/nahuelproducciones.com.ar\/radioquijano\/?s={search_term_string}\"},\"query-input\":\"required name=search_term_string\"}],\"inLanguage\":\"es\"},{\"@type\":\"Person\",\"@id\":\"https:\/\/nahuelproducciones.com.ar\/radioquijano\/#\/schema\/person\/e8a4f939e2cb487fe6d0c54042c9d32c\",\"name\":\"Cecilia Pastrana\",\"image\":{\"@type\":\"ImageObject\",\"inLanguage\":\"es\",\"@id\":\"https:\/\/nahuelproducciones.com.ar\/radioquijano\/#\/schema\/person\/image\/\",\"url\":\"https:\/\/secure.gravatar.com\/avatar\/661a3ef63a8488d4f2794ed44af8cf71420f7e106f3072c40125114df5157749?s=96&d=mm&r=g\",\"contentUrl\":\"https:\/\/secure.gravatar.com\/avatar\/661a3ef63a8488d4f2794ed44af8cf71420f7e106f3072c40125114df5157749?s=96&d=mm&r=g\",\"caption\":\"Cecilia Pastrana\"},\"sameAs\":[\"cecy\"],\"url\":\"https:\/\/nahuelproducciones.com.ar\/radioquijano\/author\/cecy\/\"}]}<\/script>\n<!-- \/ Yoast SEO plugin. -->","yoast_head_json":{"title":"Sueldos para la Administraci\u00f3n P\u00fablica Provincial: se depositar\u00e1n del 31 de mayo al 4 de Junio - RQ 99.9","description":"Los haberes correspondientes al mes de Mayo para los agentes p\u00fablicos estar\u00e1n disponibles seg\u00fan cronograma.","robots":{"index":"index","follow":"follow","max-snippet":"max-snippet:-1","max-image-preview":"max-image-preview:large","max-video-preview":"max-video-preview:-1"},"canonical":"https:\/\/nahuelproducciones.com.ar\/radioquijano\/sueldos-para-la-administracion-publica-provincial-se-depositaran-del-31-de-mayo-al-4-de-junio\/","og_locale":"es_ES","og_type":"article","og_title":"Sueldos para la Administraci\u00f3n P\u00fablica Provincial: se depositar\u00e1n del 31 de mayo al 4 de Junio - RQ 99.9","og_description":"Los haberes correspondientes al mes de Mayo para los agentes p\u00fablicos estar\u00e1n disponibles seg\u00fan cronograma.","og_url":"https:\/\/nahuelproducciones.com.ar\/radioquijano\/sueldos-para-la-administracion-publica-provincial-se-depositaran-del-31-de-mayo-al-4-de-junio\/","og_site_name":"RQ 99.9","article_publisher":"https:\/\/www.facebook.com\/nahuelproducciones999\/","article_published_time":"2024-05-28T11:24:56+00:00","article_modified_time":"2024-05-28T11:24:57+00:00","og_image":[{"width":700,"height":700,"url":"https:\/\/nahuelproducciones.com.ar\/radioquijano\/wp-content\/uploads\/2024\/05\/JUBILADOS-Y-PENSIONADOS-2-e1716895476910.png","type":"image\/png"}],"author":"Cecilia Pastrana","twitter_card":"summary_large_image","twitter_creator":"@nahuproduciones","twitter_site":"@nahuproduciones","twitter_misc":{"Escrito por":"Cecilia Pastrana","Tiempo de lectura":"1 minuto"},"schema":{"@context":"https:\/\/schema.org","@graph":[{"@type":"WebPage","@id":"https:\/\/nahuelproducciones.com.ar\/radioquijano\/sueldos-para-la-administracion-publica-provincial-se-depositaran-del-31-de-mayo-al-4-de-junio\/","url":"https:\/\/nahuelproducciones.com.ar\/radioquijano\/sueldos-para-la-administracion-publica-provincial-se-depositaran-del-31-de-mayo-al-4-de-junio\/","name":"Sueldos para la Administraci\u00f3n P\u00fablica Provincial: se depositar\u00e1n del 31 de mayo al 4 de Junio - RQ 99.9","isPartOf":{"@id":"https:\/\/nahuelproducciones.com.ar\/radioquijano\/#website"},"datePublished":"2024-05-28T11:24:56+00:00","dateModified":"2024-05-28T11:24:57+00:00","author":{"@id":"https:\/\/nahuelproducciones.com.ar\/radioquijano\/#\/schema\/person\/e8a4f939e2cb487fe6d0c54042c9d32c"},"description":"Los haberes correspondientes al mes de Mayo para los agentes p\u00fablicos estar\u00e1n disponibles seg\u00fan cronograma.","breadcrumb":{"@id":"https:\/\/nahuelproducciones.com.ar\/radioquijano\/sueldos-para-la-administracion-publica-provincial-se-depositaran-del-31-de-mayo-al-4-de-junio\/#breadcrumb"},"inLanguage":"es","potentialAction":[{"@type":"ReadAction","target":["https:\/\/nahuelproducciones.com.ar\/radioquijano\/sueldos-para-la-administracion-publica-provincial-se-depositaran-del-31-de-mayo-al-4-de-junio\/"]}]},{"@type":"BreadcrumbList","@id":"https:\/\/nahuelproducciones.com.ar\/radioquijano\/sueldos-para-la-administracion-publica-provincial-se-depositaran-del-31-de-mayo-al-4-de-junio\/#breadcrumb","itemListElement":[{"@type":"ListItem","position":1,"name":"Portada","item":"https:\/\/nahuelproducciones.com.ar\/radioquijano\/"},{"@type":"ListItem","position":2,"name":"Sueldos para la Administraci\u00f3n P\u00fablica Provincial: se depositar\u00e1n del 31 de mayo al 4 de Junio"}]},{"@type":"WebSite","@id":"https:\/\/nahuelproducciones.com.ar\/radioquijano\/#website","url":"https:\/\/nahuelproducciones.com.ar\/radioquijano\/","name":"RQ 99.9","description":"Radio Quijano 99.9 MHz","potentialAction":[{"@type":"SearchAction","target":{"@type":"EntryPoint","urlTemplate":"https:\/\/nahuelproducciones.com.ar\/radioquijano\/?s={search_term_string}"},"query-input":"required name=search_term_string"}],"inLanguage":"es"},{"@type":"Person","@id":"https:\/\/nahuelproducciones.com.ar\/radioquijano\/#\/schema\/person\/e8a4f939e2cb487fe6d0c54042c9d32c","name":"Cecilia Pastrana","image":{"@type":"ImageObject","inLanguage":"es","@id":"https:\/\/nahuelproducciones.com.ar\/radioquijano\/#\/schema\/person\/image\/","url":"https:\/\/secure.gravatar.com\/avatar\/661a3ef63a8488d4f2794ed44af8cf71420f7e106f3072c40125114df5157749?s=96&d=mm&r=g","contentUrl":"https:\/\/secure.gravatar.com\/avatar\/661a3ef63a8488d4f2794ed44af8cf71420f7e106f3072c40125114df5157749?s=96&d=mm&r=g","caption":"Cecilia Pastrana"},"sameAs":["cecy"],"url":"https:\/\/nahuelproducciones.com.ar\/radioquijano\/author\/cecy\/"}]}},"_links":{"self":[{"href":"https:\/\/nahuelproducciones.com.ar\/radioquijano\/wp-json\/wp\/v2\/posts\/8152","targetHints":{"allow":["GET"]}}],"collection":[{"href":"https:\/\/nahuelproducciones.com.ar\/radioquijano\/wp-json\/wp\/v2\/posts"}],"about":[{"href":"https:\/\/nahuelproducciones.com.ar\/radioquijano\/wp-json\/wp\/v2\/types\/post"}],"author":[{"embeddable":true,"href":"https:\/\/nahuelproducciones.com.ar\/radioquijano\/wp-json\/wp\/v2\/users\/8"}],"replies":[{"embeddable":true,"href":"https:\/\/nahuelproducciones.com.ar\/radioquijano\/wp-json\/wp\/v2\/comments?post=8152"}],"version-history":[{"count":1,"href":"https:\/\/nahuelproducciones.com.ar\/radioquijano\/wp-json\/wp\/v2\/posts\/8152\/revisions"}],"predecessor-version":[{"id":8155,"href":"https:\/\/nahuelproducciones.com.ar\/radioquijano\/wp-json\/wp\/v2\/posts\/8152\/revisions\/8155"}],"wp:featuredmedia":[{"embeddable":true,"href":"https:\/\/nahuelproducciones.com.ar\/radioquijano\/wp-json\/wp\/v2\/media\/8154"}],"wp:attachment":[{"href":"https:\/\/nahuelproducciones.com.ar\/radioquijano\/wp-json\/wp\/v2\/media?parent=8152"}],"wp:term":[{"taxonomy":"category","embeddable":true,"href":"https:\/\/nahuelproducciones.com.ar\/radioquijano\/wp-json\/wp\/v2\/categories?post=8152"},{"taxonomy":"post_tag","embeddable":true,"href":"https:\/\/nahuelproducciones.com.ar\/radioquijano\/wp-json\/wp\/v2\/tags?post=8152"}],"curies":[{"name":"wp","href":"https:\/\/api.w.org\/{rel}","templated":true}]}}