{"id":8159,"date":"2024-05-28T09:22:16","date_gmt":"2024-05-28T12:22:16","guid":{"rendered":"https:\/\/nahuelproducciones.com.ar\/radioquijano\/?p=8159"},"modified":"2024-05-28T09:29:46","modified_gmt":"2024-05-28T12:29:46","slug":"hoy-el-auto-amanecio-congelado","status":"publish","type":"post","link":"https:\/\/nahuelproducciones.com.ar\/radioquijano\/hoy-el-auto-amanecio-congelado\/","title":{"rendered":"Hoy el auto amaneci\u00f3 congelado."},"content":{"rendered":"\n<p>\u00a0Muchos conductores en la ma\u00f1ana encontraron a sus veh\u00edculos cubierto por una capa de hielo. <\/p>\n\n\n\n<p>La sensaci\u00f3n t\u00e9rmica en Campo Quijano a las 6 de la ma\u00f1ana fue de -2\u00b0 cent\u00edgrados, el pasto todo escarcha.<\/p>\n\n\n\n<p>Evitar transitar cuando se producen heladas,\u00a0la ruta se convierte en un peligro, pero si tiene que salir,  es importante circular a\u00a0<strong>baja velocidad, no realizar maniobras bruscas<\/strong>.<\/p>\n\n\n\n<p>Los cristales de los coches se congelan\u00a0<strong>por la condensaci\u00f3n del agua del ambiente cuando la temperatura se reduce<\/strong>. Esta se acaba depositando en las distintas superficies, incluido el cristal de tu coche y,\u00a0<strong>cuando se alcanzan temperaturas bajo cero, se congela<\/strong>\u00a0haciendo que tengas que madrugar un poco m\u00e1s los d\u00edas que hay heladas.<\/p>\n\n\n\n<p>\u00a0Saber c\u00f3mo evitar que se congele el parabrisas o bien c\u00f3mo quitar el hielo del mismo puede ser de gran\u00a0<strong>ayuda para empezar el d\u00eda de manera m\u00e1s relajada.<\/strong><\/p>\n\n\n\n<h2 class=\"wp-block-heading\"><strong>\u00bfC\u00f3mo evito que se congele el cristal del coche?<\/strong><\/h2>\n\n\n\n<h3 class=\"wp-block-heading\"><strong>1. Tapar con cartones<\/strong><\/h3>\n\n\n\n<p><strong>El m\u00e9todo menos est\u00e9tico pero el m\u00e1s eficaz<\/strong>. Tapar el parabrisas con cartones te ayudar\u00e1 a salir a tiempo por la ma\u00f1ana. El agua, en lugar de depositarse en el parabrisas lo har\u00e1 en el cart\u00f3n, empap\u00e1ndolo poco a poco. Esto evitar\u00e1 seguro que aparezca el cristal del coche congelado por la ma\u00f1ana, eso si no te ha tomado prestado el cart\u00f3n alg\u00fan otro vecino envidioso.<\/p>\n\n\n\n<p>Tambi\u00e9n puedes hacerlo con una&nbsp;<strong>manta fina, dej\u00e1ndola \u201casegurada\u201d con las puertas de tu coche<\/strong>. El efecto ser\u00e1 el mismo que con el cart\u00f3n por lo que podr\u00e1s tambi\u00e9n salir a trabajar a tiempo.<\/p>\n\n\n\n<h3 class=\"wp-block-heading\"><strong>2. Vinagre y agua<\/strong><\/h3>\n\n\n\n<p>El vinagre es uno de los mejores ayudantes que tenemos por casa y para este caso \u00a1tambi\u00e9n nos vale! Si haces una&nbsp;<strong>mezcla de vinagre y agua<\/strong>&nbsp;conseguir\u00e1s que el vinagre, gracias a su PH, haga que el agua de la condensaci\u00f3n resbale y el cristal no se congele, aunque<strong>&nbsp;esto no siempre es as\u00ed.<\/strong><\/p>\n\n\n\n<p>Si nieva, llueve o el ambiente es demasiado h\u00famedo esa capa acabar\u00e1 desapareciendo, por lo que se te puede congelar el cristal del coche. Igualmente, es posible que la capa sea m\u00e1s fina que si no hubieras puesto nada.<\/p>\n\n\n\n<h3 class=\"wp-block-heading\"><strong>3. Media patata<\/strong><\/h3>\n\n\n\n<p>Siguiendo los principios del consejo anterior, e incluso los resultados en caso de lluvia, nieve o condiciones muy extremas, est\u00e1 el tip de&nbsp;<strong>pasar una patata por el cristal<\/strong>. Si has visto alguna vez a alguien hacer eso est\u00e1s descubriendo ahora que no estaba loco, todo tiene una explicaci\u00f3n y la encontramos en el&nbsp;<strong>almid\u00f3n<\/strong>.<\/p>\n\n\n\n<p>Este, al igual que el nivel de PH del vinagre, hace&nbsp;<strong>que las gotas de agua resbalen<\/strong>&nbsp;y por lo tanto puede evitar que salga hielo. Ten tambi\u00e9n en cuenta que estos dos tips no solo son buenos cuando se congela el cristal del coche, tambi\u00e9n para&nbsp;<a href=\"https:\/\/www.lacasadelneumatico.com\/blog\/desempanar-los-cristales\/\" target=\"_blank\" rel=\"noreferrer noopener\">cuando se empa\u00f1a el parabrisas o las ventanas<\/a>.<\/p>\n\n\n\n<p>Hay que tener en cuenta que&nbsp;<strong>aparcar el coche en zonas techadas, en calles m\u00e1s estrechas y resguardadas har\u00e1 que sufra menos inclemencias<\/strong>. Quiz\u00e1 as\u00ed ayudes a mantenerlo sin congelar especialmente si los m\u00e9todos de prevenci\u00f3n son los dos \u00faltimos.<\/p>\n\n\n\n<h2 class=\"wp-block-heading\"><strong>\u00bfC\u00f3mo quito el hielo del parabrisas del coche?<\/strong><\/h2>\n\n\n\n<p>Ahora bien, si no conoc\u00edas estos consejos o si bien con la patata y el vinagre no es suficiente es momento que descubras c\u00f3mo quitar el hielo del cristal del coche congelado sin perder los nervios.<\/p>\n\n\n\n<h3 class=\"wp-block-heading\"><strong>1. Usando la calefacci\u00f3n<\/strong><\/h3>\n\n\n\n<p>Encender la calefacci\u00f3n del coche es buena idea para desempa\u00f1ar los cristales y est\u00e1 bien para poder quitar el hielo. Tienes que tener paciencia y&nbsp;<strong>no ponerla demasiado fuerte<\/strong>, as\u00ed que no es el m\u00e9todo m\u00e1s r\u00e1pido. Cuando veas que se empieza a deshacer puedes, adem\u00e1s, ayudarte del consejo siguiente:<\/p>\n\n\n\n<h3 class=\"wp-block-heading\"><strong>2. Con una rasqueta de pl\u00e1stico<\/strong><\/h3>\n\n\n\n<p>Una rasqueta de\u00a0<strong>pl\u00e1stico<\/strong>\u00a0te ayudar\u00e1 a eliminar sin da\u00f1ar el cristal las placas de hielo que se hayan podido formar. Es importante que sea de pl\u00e1stico para no da\u00f1ar el parabrisas y que quede rayado, dificultando despu\u00e9s tu visibilidad. Sabemos que los sistemas de\u00a0<em>streaming<\/em>\u00a0est\u00e1n ganando la batalla a los cds, pero\u00a0<strong>si tienes en el coche alg\u00fan disco que ya no escuches puede ser tu salvavidas de emergencia<\/strong>\u00a0para quitar el hielo del parabrisas.<\/p>\n\n\n\n<h3 class=\"wp-block-heading\"><strong>3. Con alcohol<\/strong><\/h3>\n\n\n\n<p><strong>Rociar alcohol por el parabrisas<\/strong>&nbsp;puede ayudar a deshacer la capa de hielo. Incluso si tienes gel hidroalcoh\u00f3lico para desinfectarte las manos puedes intentar repartirlo por la superficie y eliminar la capa de hielo formada, ayudar\u00e1s a que se quite m\u00e1s r\u00e1pido.<\/p>\n\n\n\n<h3 class=\"wp-block-heading\"><strong>4. Productos comprados<\/strong><\/h3>\n\n\n\n<p>Adem\u00e1s de que puedes&nbsp;<strong>ponerle una soluci\u00f3n anticongelante a los limpias<\/strong>&nbsp;para que sea m\u00e1s complicado que se quede el hielo pegado, hay otros productos en el mercado pensados para que los esparzas por el parabrisas, de este modo puedes evitar despertar con el cristal del coche congelado.<\/p>\n\n\n\n<h2 class=\"wp-block-heading\"><strong>C\u00f3mo no quitar nunca el hielo del coche<\/strong><\/h2>\n\n\n\n<h3 class=\"wp-block-heading\"><strong>1. NO pongas la calefacci\u00f3n muy alta<\/strong><\/h3>\n\n\n\n<p>Es tentador, pero&nbsp;<strong>no pongas nunca la calefacci\u00f3n del coche demasiado alta cuando est\u00e1 el parabrisas del coche congelado<\/strong>. El cambio de temperatura genera un&nbsp;<strong>estr\u00e9s t\u00e9rmico<\/strong>&nbsp;en la luna y&nbsp;<strong>puede hacer que se rompa<\/strong>&nbsp;en un abrir y cerrar de ojos.<\/p>\n\n\n\n<h3 class=\"wp-block-heading\"><strong>2. NO tires agua caliente en el cristal<\/strong><\/h3>\n\n\n\n<p>Aqu\u00ed s\u00ed que no tendr\u00edas tiempo de reacci\u00f3n,\u00a0<strong>si tiras agua caliente en el cristal del coche congelado va a romperse en cuanto el agua lo toque<\/strong>. El cambio tan brusco de temperatura hace que de inmediato el vidrio reviente.<\/p>\n\n\n\n<h3 class=\"wp-block-heading\"><strong>3. NO le pongas sal<\/strong><\/h3>\n\n\n\n<p>Podr\u00e1s ver muchos consejos sobre c\u00f3mo la sal es un gran aliado para quitar el hielo de la luna del coche, pero nada m\u00e1s lejos de la realidad. Esta lo que har\u00eda, en todo caso, ser\u00eda evitar que salga, como en el suelo, pero esta no se mantendr\u00eda en el espejo y, en ese caso, cuando la fu\u00e9ramos a quitar&nbsp;<strong>se rayar\u00eda el cristal<\/strong>, no es para nada una opci\u00f3n recomendable.<\/p>\n\n\n\n<p>Ahora que ya sabes c\u00f3mo quitar el hielo del cristal del coche congelado podr\u00e1s\u00a0<strong>conducir con seguridad<\/strong>. <\/p>\n\n\n\n<figure class=\"wp-block-gallery has-nested-images columns-default is-cropped wp-block-gallery-1 is-layout-flex wp-block-gallery-is-layout-flex\">\n<figure class=\"wp-block-image size-large\"><img loading=\"lazy\" decoding=\"async\" width=\"866\" height=\"506\" data-id=\"8162\" src=\"https:\/\/nahuelproducciones.com.ar\/radioquijano\/wp-content\/uploads\/2024\/05\/WhatsApp-Image-2024-05-28-at-8.28.17-AM.jpeg\" alt=\"\" class=\"wp-image-8162\" srcset=\"https:\/\/nahuelproducciones.com.ar\/radioquijano\/wp-content\/uploads\/2024\/05\/WhatsApp-Image-2024-05-28-at-8.28.17-AM.jpeg 866w, https:\/\/nahuelproducciones.com.ar\/radioquijano\/wp-content\/uploads\/2024\/05\/WhatsApp-Image-2024-05-28-at-8.28.17-AM-300x175.jpeg 300w, https:\/\/nahuelproducciones.com.ar\/radioquijano\/wp-content\/uploads\/2024\/05\/WhatsApp-Image-2024-05-28-at-8.28.17-AM-768x449.jpeg 768w, https:\/\/nahuelproducciones.com.ar\/radioquijano\/wp-content\/uploads\/2024\/05\/WhatsApp-Image-2024-05-28-at-8.28.17-AM-150x88.jpeg 150w\" sizes=\"auto, (max-width: 866px) 100vw, 866px\" \/><\/figure>\n\n\n\n<figure class=\"wp-block-image size-large\"><img loading=\"lazy\" decoding=\"async\" width=\"1024\" height=\"462\" data-id=\"8161\" src=\"https:\/\/nahuelproducciones.com.ar\/radioquijano\/wp-content\/uploads\/2024\/05\/WhatsApp-Image-2024-05-28-at-8.29.18-AM-1-1024x462.jpeg\" alt=\"\" class=\"wp-image-8161\" srcset=\"https:\/\/nahuelproducciones.com.ar\/radioquijano\/wp-content\/uploads\/2024\/05\/WhatsApp-Image-2024-05-28-at-8.29.18-AM-1-1024x462.jpeg 1024w, https:\/\/nahuelproducciones.com.ar\/radioquijano\/wp-content\/uploads\/2024\/05\/WhatsApp-Image-2024-05-28-at-8.29.18-AM-1-300x135.jpeg 300w, https:\/\/nahuelproducciones.com.ar\/radioquijano\/wp-content\/uploads\/2024\/05\/WhatsApp-Image-2024-05-28-at-8.29.18-AM-1-768x346.jpeg 768w, https:\/\/nahuelproducciones.com.ar\/radioquijano\/wp-content\/uploads\/2024\/05\/WhatsApp-Image-2024-05-28-at-8.29.18-AM-1-150x68.jpeg 150w, https:\/\/nahuelproducciones.com.ar\/radioquijano\/wp-content\/uploads\/2024\/05\/WhatsApp-Image-2024-05-28-at-8.29.18-AM-1.jpeg 1156w\" sizes=\"auto, (max-width: 1024px) 100vw, 1024px\" \/><\/figure>\n<\/figure>\n\n\n\n<p>Asesoramiento y fuente La Casa del Neum\u00e1tico.com<\/p>\n","protected":false},"excerpt":{"rendered":"<p>\u00a0Muchos conductores en la ma\u00f1ana encontraron a sus veh\u00edculos cubierto por una capa de hielo. La sensaci\u00f3n t\u00e9rmica en Campo Quijano a las 6 de la ma\u00f1ana fue de -2\u00b0 cent\u00edgrados, el pasto todo escarcha. Evitar transitar cuando se producen heladas,\u00a0la ruta se convierte en un peligro, pero si tiene que salir, es importante circular [&hellip;]<\/p>\n","protected":false},"author":8,"featured_media":8160,"comment_status":"open","ping_status":"open","sticky":false,"template":"","format":"standard","meta":{"_monsterinsights_skip_tracking":false,"_monsterinsights_sitenote_active":false,"_monsterinsights_sitenote_note":"","_monsterinsights_sitenote_category":0,"footnotes":""},"categories":[16],"tags":[1551,100],"class_list":["post-8159","post","type-post","status-publish","format-standard","has-post-thumbnail","hentry","category-noticias","tag-helada","tag-municipio-de-campo-quijano"],"yoast_head":"<!-- This site is optimized with the Yoast SEO plugin v20.8 - https:\/\/yoast.com\/wordpress\/plugins\/seo\/ -->\n<title>Hoy el auto amaneci\u00f3 congelado. - RQ 99.9<\/title>\n<meta name=\"description\" content=\"La sensaci\u00f3n t\u00e9rmica en Campo Quijano a las 6 de la ma\u00f1ana fue de -2\u00b0 cent\u00edgrados.\" \/>\n<meta name=\"robots\" content=\"index, follow, max-snippet:-1, max-image-preview:large, max-video-preview:-1\" \/>\n<link rel=\"canonical\" href=\"https:\/\/nahuelproducciones.com.ar\/radioquijano\/hoy-el-auto-amanecio-congelado\/\" \/>\n<meta property=\"og:locale\" content=\"es_ES\" \/>\n<meta property=\"og:type\" content=\"article\" \/>\n<meta property=\"og:title\" content=\"Hoy el auto amaneci\u00f3 congelado. - RQ 99.9\" \/>\n<meta property=\"og:description\" content=\"La sensaci\u00f3n t\u00e9rmica en Campo Quijano a las 6 de la ma\u00f1ana fue de -2\u00b0 cent\u00edgrados.\" \/>\n<meta property=\"og:url\" content=\"https:\/\/nahuelproducciones.com.ar\/radioquijano\/hoy-el-auto-amanecio-congelado\/\" \/>\n<meta property=\"og:site_name\" content=\"RQ 99.9\" \/>\n<meta property=\"article:publisher\" content=\"https:\/\/www.facebook.com\/nahuelproducciones999\/\" \/>\n<meta property=\"article:published_time\" content=\"2024-05-28T12:22:16+00:00\" \/>\n<meta property=\"article:modified_time\" content=\"2024-05-28T12:29:46+00:00\" \/>\n<meta property=\"og:image\" content=\"https:\/\/nahuelproducciones.com.ar\/radioquijano\/wp-content\/uploads\/2024\/05\/WhatsApp-Image-2024-05-28-at-8.29.18-AM-e1716898915374.jpeg\" \/>\n\t<meta property=\"og:image:width\" content=\"700\" \/>\n\t<meta property=\"og:image:height\" content=\"315\" \/>\n\t<meta property=\"og:image:type\" content=\"image\/jpeg\" \/>\n<meta name=\"author\" content=\"Cecilia Pastrana\" \/>\n<meta name=\"twitter:card\" content=\"summary_large_image\" \/>\n<meta name=\"twitter:creator\" content=\"@nahuproduciones\" \/>\n<meta name=\"twitter:site\" content=\"@nahuproduciones\" \/>\n<meta name=\"twitter:label1\" content=\"Escrito por\" \/>\n\t<meta name=\"twitter:data1\" content=\"Cecilia Pastrana\" \/>\n\t<meta name=\"twitter:label2\" content=\"Tiempo de lectura\" \/>\n\t<meta name=\"twitter:data2\" content=\"5 minutos\" \/>\n<script type=\"application\/ld+json\" class=\"yoast-schema-graph\">{\"@context\":\"https:\/\/schema.org\",\"@graph\":[{\"@type\":\"WebPage\",\"@id\":\"https:\/\/nahuelproducciones.com.ar\/radioquijano\/hoy-el-auto-amanecio-congelado\/\",\"url\":\"https:\/\/nahuelproducciones.com.ar\/radioquijano\/hoy-el-auto-amanecio-congelado\/\",\"name\":\"Hoy el auto amaneci\u00f3 congelado. - RQ 99.9\",\"isPartOf\":{\"@id\":\"https:\/\/nahuelproducciones.com.ar\/radioquijano\/#website\"},\"datePublished\":\"2024-05-28T12:22:16+00:00\",\"dateModified\":\"2024-05-28T12:29:46+00:00\",\"author\":{\"@id\":\"https:\/\/nahuelproducciones.com.ar\/radioquijano\/#\/schema\/person\/e8a4f939e2cb487fe6d0c54042c9d32c\"},\"description\":\"La sensaci\u00f3n t\u00e9rmica en Campo Quijano a las 6 de la ma\u00f1ana fue de -2\u00b0 cent\u00edgrados.\",\"breadcrumb\":{\"@id\":\"https:\/\/nahuelproducciones.com.ar\/radioquijano\/hoy-el-auto-amanecio-congelado\/#breadcrumb\"},\"inLanguage\":\"es\",\"potentialAction\":[{\"@type\":\"ReadAction\",\"target\":[\"https:\/\/nahuelproducciones.com.ar\/radioquijano\/hoy-el-auto-amanecio-congelado\/\"]}]},{\"@type\":\"BreadcrumbList\",\"@id\":\"https:\/\/nahuelproducciones.com.ar\/radioquijano\/hoy-el-auto-amanecio-congelado\/#breadcrumb\",\"itemListElement\":[{\"@type\":\"ListItem\",\"position\":1,\"name\":\"Portada\",\"item\":\"https:\/\/nahuelproducciones.com.ar\/radioquijano\/\"},{\"@type\":\"ListItem\",\"position\":2,\"name\":\"Hoy el auto amaneci\u00f3 congelado.\"}]},{\"@type\":\"WebSite\",\"@id\":\"https:\/\/nahuelproducciones.com.ar\/radioquijano\/#website\",\"url\":\"https:\/\/nahuelproducciones.com.ar\/radioquijano\/\",\"name\":\"RQ 99.9\",\"description\":\"Radio Quijano 99.9 MHz\",\"potentialAction\":[{\"@type\":\"SearchAction\",\"target\":{\"@type\":\"EntryPoint\",\"urlTemplate\":\"https:\/\/nahuelproducciones.com.ar\/radioquijano\/?s={search_term_string}\"},\"query-input\":\"required name=search_term_string\"}],\"inLanguage\":\"es\"},{\"@type\":\"Person\",\"@id\":\"https:\/\/nahuelproducciones.com.ar\/radioquijano\/#\/schema\/person\/e8a4f939e2cb487fe6d0c54042c9d32c\",\"name\":\"Cecilia Pastrana\",\"image\":{\"@type\":\"ImageObject\",\"inLanguage\":\"es\",\"@id\":\"https:\/\/nahuelproducciones.com.ar\/radioquijano\/#\/schema\/person\/image\/\",\"url\":\"https:\/\/secure.gravatar.com\/avatar\/661a3ef63a8488d4f2794ed44af8cf71420f7e106f3072c40125114df5157749?s=96&d=mm&r=g\",\"contentUrl\":\"https:\/\/secure.gravatar.com\/avatar\/661a3ef63a8488d4f2794ed44af8cf71420f7e106f3072c40125114df5157749?s=96&d=mm&r=g\",\"caption\":\"Cecilia Pastrana\"},\"sameAs\":[\"cecy\"],\"url\":\"https:\/\/nahuelproducciones.com.ar\/radioquijano\/author\/cecy\/\"}]}<\/script>\n<!-- \/ Yoast SEO plugin. -->","yoast_head_json":{"title":"Hoy el auto amaneci\u00f3 congelado. - RQ 99.9","description":"La sensaci\u00f3n t\u00e9rmica en Campo Quijano a las 6 de la ma\u00f1ana fue de -2\u00b0 cent\u00edgrados.","robots":{"index":"index","follow":"follow","max-snippet":"max-snippet:-1","max-image-preview":"max-image-preview:large","max-video-preview":"max-video-preview:-1"},"canonical":"https:\/\/nahuelproducciones.com.ar\/radioquijano\/hoy-el-auto-amanecio-congelado\/","og_locale":"es_ES","og_type":"article","og_title":"Hoy el auto amaneci\u00f3 congelado. - RQ 99.9","og_description":"La sensaci\u00f3n t\u00e9rmica en Campo Quijano a las 6 de la ma\u00f1ana fue de -2\u00b0 cent\u00edgrados.","og_url":"https:\/\/nahuelproducciones.com.ar\/radioquijano\/hoy-el-auto-amanecio-congelado\/","og_site_name":"RQ 99.9","article_publisher":"https:\/\/www.facebook.com\/nahuelproducciones999\/","article_published_time":"2024-05-28T12:22:16+00:00","article_modified_time":"2024-05-28T12:29:46+00:00","og_image":[{"width":700,"height":315,"url":"https:\/\/nahuelproducciones.com.ar\/radioquijano\/wp-content\/uploads\/2024\/05\/WhatsApp-Image-2024-05-28-at-8.29.18-AM-e1716898915374.jpeg","type":"image\/jpeg"}],"author":"Cecilia Pastrana","twitter_card":"summary_large_image","twitter_creator":"@nahuproduciones","twitter_site":"@nahuproduciones","twitter_misc":{"Escrito por":"Cecilia Pastrana","Tiempo de lectura":"5 minutos"},"schema":{"@context":"https:\/\/schema.org","@graph":[{"@type":"WebPage","@id":"https:\/\/nahuelproducciones.com.ar\/radioquijano\/hoy-el-auto-amanecio-congelado\/","url":"https:\/\/nahuelproducciones.com.ar\/radioquijano\/hoy-el-auto-amanecio-congelado\/","name":"Hoy el auto amaneci\u00f3 congelado. - RQ 99.9","isPartOf":{"@id":"https:\/\/nahuelproducciones.com.ar\/radioquijano\/#website"},"datePublished":"2024-05-28T12:22:16+00:00","dateModified":"2024-05-28T12:29:46+00:00","author":{"@id":"https:\/\/nahuelproducciones.com.ar\/radioquijano\/#\/schema\/person\/e8a4f939e2cb487fe6d0c54042c9d32c"},"description":"La sensaci\u00f3n t\u00e9rmica en Campo Quijano a las 6 de la ma\u00f1ana fue de -2\u00b0 cent\u00edgrados.","breadcrumb":{"@id":"https:\/\/nahuelproducciones.com.ar\/radioquijano\/hoy-el-auto-amanecio-congelado\/#breadcrumb"},"inLanguage":"es","potentialAction":[{"@type":"ReadAction","target":["https:\/\/nahuelproducciones.com.ar\/radioquijano\/hoy-el-auto-amanecio-congelado\/"]}]},{"@type":"BreadcrumbList","@id":"https:\/\/nahuelproducciones.com.ar\/radioquijano\/hoy-el-auto-amanecio-congelado\/#breadcrumb","itemListElement":[{"@type":"ListItem","position":1,"name":"Portada","item":"https:\/\/nahuelproducciones.com.ar\/radioquijano\/"},{"@type":"ListItem","position":2,"name":"Hoy el auto amaneci\u00f3 congelado."}]},{"@type":"WebSite","@id":"https:\/\/nahuelproducciones.com.ar\/radioquijano\/#website","url":"https:\/\/nahuelproducciones.com.ar\/radioquijano\/","name":"RQ 99.9","description":"Radio Quijano 99.9 MHz","potentialAction":[{"@type":"SearchAction","target":{"@type":"EntryPoint","urlTemplate":"https:\/\/nahuelproducciones.com.ar\/radioquijano\/?s={search_term_string}"},"query-input":"required name=search_term_string"}],"inLanguage":"es"},{"@type":"Person","@id":"https:\/\/nahuelproducciones.com.ar\/radioquijano\/#\/schema\/person\/e8a4f939e2cb487fe6d0c54042c9d32c","name":"Cecilia Pastrana","image":{"@type":"ImageObject","inLanguage":"es","@id":"https:\/\/nahuelproducciones.com.ar\/radioquijano\/#\/schema\/person\/image\/","url":"https:\/\/secure.gravatar.com\/avatar\/661a3ef63a8488d4f2794ed44af8cf71420f7e106f3072c40125114df5157749?s=96&d=mm&r=g","contentUrl":"https:\/\/secure.gravatar.com\/avatar\/661a3ef63a8488d4f2794ed44af8cf71420f7e106f3072c40125114df5157749?s=96&d=mm&r=g","caption":"Cecilia Pastrana"},"sameAs":["cecy"],"url":"https:\/\/nahuelproducciones.com.ar\/radioquijano\/author\/cecy\/"}]}},"_links":{"self":[{"href":"https:\/\/nahuelproducciones.com.ar\/radioquijano\/wp-json\/wp\/v2\/posts\/8159","targetHints":{"allow":["GET"]}}],"collection":[{"href":"https:\/\/nahuelproducciones.com.ar\/radioquijano\/wp-json\/wp\/v2\/posts"}],"about":[{"href":"https:\/\/nahuelproducciones.com.ar\/radioquijano\/wp-json\/wp\/v2\/types\/post"}],"author":[{"embeddable":true,"href":"https:\/\/nahuelproducciones.com.ar\/radioquijano\/wp-json\/wp\/v2\/users\/8"}],"replies":[{"embeddable":true,"href":"https:\/\/nahuelproducciones.com.ar\/radioquijano\/wp-json\/wp\/v2\/comments?post=8159"}],"version-history":[{"count":2,"href":"https:\/\/nahuelproducciones.com.ar\/radioquijano\/wp-json\/wp\/v2\/posts\/8159\/revisions"}],"predecessor-version":[{"id":8164,"href":"https:\/\/nahuelproducciones.com.ar\/radioquijano\/wp-json\/wp\/v2\/posts\/8159\/revisions\/8164"}],"wp:featuredmedia":[{"embeddable":true,"href":"https:\/\/nahuelproducciones.com.ar\/radioquijano\/wp-json\/wp\/v2\/media\/8160"}],"wp:attachment":[{"href":"https:\/\/nahuelproducciones.com.ar\/radioquijano\/wp-json\/wp\/v2\/media?parent=8159"}],"wp:term":[{"taxonomy":"category","embeddable":true,"href":"https:\/\/nahuelproducciones.com.ar\/radioquijano\/wp-json\/wp\/v2\/categories?post=8159"},{"taxonomy":"post_tag","embeddable":true,"href":"https:\/\/nahuelproducciones.com.ar\/radioquijano\/wp-json\/wp\/v2\/tags?post=8159"}],"curies":[{"name":"wp","href":"https:\/\/api.w.org\/{rel}","templated":true}]}}