{"id":8177,"date":"2024-06-05T23:36:39","date_gmt":"2024-06-06T02:36:39","guid":{"rendered":"https:\/\/nahuelproducciones.com.ar\/radioquijano\/?p=8177"},"modified":"2024-06-06T08:06:26","modified_gmt":"2024-06-06T11:06:26","slug":"jueves-6-de-junio-sesion-ordinaria-concejo-deliberante-de-campo-quijano","status":"publish","type":"post","link":"https:\/\/nahuelproducciones.com.ar\/radioquijano\/jueves-6-de-junio-sesion-ordinaria-concejo-deliberante-de-campo-quijano\/","title":{"rendered":"Jueves 6 de junio: Sesi\u00f3n Ordinaria Concejo Deliberante de Campo Quijano"},"content":{"rendered":"\n<p><strong>Aqu\u00ed el Orden del d\u00eda con 19 temas a tratar<\/strong><\/p>\n\n\n\n<p class=\"wp-block-pdfemb-pdf-embedder-viewer\"><\/p>\n\n\n\n<hr class=\"wp-block-separator has-alpha-channel-opacity\"\/>\n\n\n\n<p>Proyectos presentados y a ser tratados en sesi\u00f3n ordinaria, cabe destacar que se podr\u00edan presentar proyectos sobre tablas, es decir que son proyectos ingresados en plena sesi\u00f3n.<\/p>\n\n\n\n<p><a href=\"https:\/\/nahuelproducciones.com.ar\/radioquijano\/wp-content\/uploads\/2024\/06\/1-Exp-700-24.pdf\">01- Expte. N\u00b0700\/2024 \u2013 04\/06\/2024 Del DEM remitiendo Promulgaci\u00f3n de Ordenanza<br>N\u00b0159\/24 \u2013 \u201cModificar el Art. 131 inc A.1 y A.2 de la Ordenanza N\u00b0149\/24\u201d<\/a><\/p>\n\n\n\n<p><a href=\"https:\/\/nahuelproducciones.com.ar\/radioquijano\/wp-content\/uploads\/2024\/06\/2-Exp-702-24.pdf\">02- Expte. N\u00b0702\/2024 \u2013 29\/05\/2024 Del DEM Respuesta a pedido de Informe N\u00b004\/2024<br>\u2013 Parque Automotor<\/a><\/p>\n\n\n\n<p><a href=\"https:\/\/nahuelproducciones.com.ar\/radioquijano\/wp-content\/uploads\/2024\/06\/3-Exp-707-24.pdf\">03- Expte. N\u00b0707\/2024 \u2013 29\/05\/2024 Del DEM Respuesta a pedido de Informe N\u00b009\/2024<\/a><\/p>\n\n\n\n<p><br><a href=\"https:\/\/nahuelproducciones.com.ar\/radioquijano\/wp-content\/uploads\/2024\/06\/4-Exp-716-24.pdf\">04- Expte. N\u00b0716\/2024 \u2013 03\/06\/2024 Del DEM remitiendo Promulgaci\u00f3n Ordenanza<br>N\u00b0157\/24 \u2013 \u201cModificar el Art. 160 de la Ordenanza N\u00b0149\/24<\/a><\/p>\n\n\n\n<p><br><a href=\"https:\/\/nahuelproducciones.com.ar\/radioquijano\/wp-content\/uploads\/2024\/06\/5-Exp-734-24.pdf\">05- Expte. N\u00b0734\/2024 \u2013 29\/05\/2024 Del DEM remitiendo respuesta a Declaraci\u00f3n<br>N\u00b018\/2024 \u2013 Playones Deportivos.<\/a><\/p>\n\n\n\n<p><br><a href=\"https:\/\/nahuelproducciones.com.ar\/radioquijano\/wp-content\/uploads\/2024\/06\/6-Exp-748-24.pdf\">06- Expte. N\u00b0747\/2024 \u2013 03\/06\/2024 Del DEM remitiendo Promulgaci\u00f3n Ordenanza<br>N\u00b0158\/24 \u201cAprobar Cuadro Tarifario del servicio de remis interurbano Campo Quijano \u2013<br>Rosario de Lerma\u201d<\/a><\/p>\n\n\n\n<p><a href=\"https:\/\/nahuelproducciones.com.ar\/radioquijano\/wp-content\/uploads\/2024\/06\/7-Exp-759-24.pdf\">07- Expte. N\u00b0759\/2024 \u2013 30\/05\/2024 De la Concejal Lorena Torres Elevando Proyecto<br>de Pedido de Informe, sobre estructuras portantes de antenas de telefon\u00eda<\/a> .<\/p>\n\n\n\n<p><br><a href=\"https:\/\/nahuelproducciones.com.ar\/radioquijano\/wp-content\/uploads\/2024\/06\/8-Exp-760-24.pdf\">08- Expte. N\u00b0760\/2024 \u2013 30\/05\/2024 De la Sec. de Infraestructura y Servicios P\u00fablicos<br>del Municipio de C. Quijano, remitiendo documentaci\u00f3n para la donaci\u00f3n de Calle.<\/a><\/p>\n\n\n\n<p><br><a href=\"https:\/\/nahuelproducciones.com.ar\/radioquijano\/wp-content\/uploads\/2024\/06\/9-Exp-761-24.pdf\">09 \u2013 Expte. N\u00b0761\/2024 \u2013 30\/05\/2024 Del Sr. Cesar David Baltazar transmitiendo<br>inquietud sobre miner\u00eda en el municipio de Campo Quijano.<\/a><\/p>\n\n\n\n<p><br><a href=\"https:\/\/nahuelproducciones.com.ar\/radioquijano\/wp-content\/uploads\/2024\/06\/10-Exp-762-24.pdf\">10 \u2013 Expte. N\u00b0762\/2024 \u2013 30\/05\/2024 Del Presidente de la Agrupaci\u00f3n Gauchos de<br>G\u00fcemes \u201cRodeo Antenor Sanchez\u201d Sr. Pedro Bautista, Solicitando Declaraci\u00f3n.<\/a><\/p>\n\n\n\n<p><br><a href=\"https:\/\/nahuelproducciones.com.ar\/radioquijano\/wp-content\/uploads\/2024\/06\/11-Exp-763-24.pdf\">11 \u2013 Expte. N\u00b0763\/2024 \u2013 03\/06\/2024 Del Concejal Cruz, elevando proyecto de<br>ordenanza \u2013 Crease la Tasa Municipal de Tr\u00e1nsito Minero.<\/a><\/p>\n\n\n\n<p><br><a href=\"https:\/\/nahuelproducciones.com.ar\/radioquijano\/wp-content\/uploads\/2024\/06\/11-Exp-763-24.pdf\">12 \u2013 Expte. N\u00b0764\/2024 \u2013 03\/05\/2024 Del DEM remitiendo expediente N\u00b0 0120047-<br>30290\/2023-0 del Ministerio de Educaci\u00f3n, Cultura, Ciencia y Tecnolog\u00eda.<\/a><\/p>\n\n\n\n<p><br><a href=\"https:\/\/nahuelproducciones.com.ar\/radioquijano\/wp-content\/uploads\/2024\/06\/13-Exp-765-24.pdf\">13 \u2013 Expte. N\u00b0765\/2024 \u2013 03\/06\/2024 De la Sra. Maria Santos solicitando se declare de<br>inter\u00e9s municipal el 7mo Festival de la Cabeza Guateada.<\/a><\/p>\n\n\n\n<p><br><a href=\"https:\/\/nahuelproducciones.com.ar\/radioquijano\/wp-content\/uploads\/2024\/06\/14-Exp-767-24.pdf\">14 \u2013 Expte. N\u00b0767\/2024 \u2013 04\/06\/2024 De la Concejal Lorena Torres elevando proyecto<br>de Ordenanza modificaci\u00f3n a la ordenanza N\u00b060\/2021 a los fines de actualizar y clarificar<br>el r\u00e9gimen de infracciones y sanciones.<\/a><\/p>\n\n\n\n<p><br><a href=\"https:\/\/nahuelproducciones.com.ar\/radioquijano\/wp-content\/uploads\/2024\/06\/15-Exp-769-24.pdf\">15- Expte. N\u00b0769\/2024 \u2013 04\/06\/2024 Del Sr Gustavo Alberto Ramos poniendo en<br>consideraci\u00f3n del cuerpo de concejales proyecto de Declaraci\u00f3n \u2013 Desarrollo de<br>programa y pol\u00edticas p\u00fablicas en relaci\u00f3n a la asistencia de personas en situaci\u00f3n de calle.<\/a><\/p>\n\n\n\n<p><\/p>\n\n\n\n<p><a href=\"https:\/\/nahuelproducciones.com.ar\/radioquijano\/wp-content\/uploads\/2024\/06\/9-Exp-761-24.pdf\">16 \u2013 Expte. N\u00b0770\/2024 \u2013 04\/06\/2024 De Bomberos Voluntarios de Campo Quijano<br>solicitando audiencia para presentar la propuesta Mapeo Integral del Riesgo de Campo<br>Quijano.<\/a><\/p>\n\n\n\n<p><br><a href=\"https:\/\/nahuelproducciones.com.ar\/radioquijano\/wp-content\/uploads\/2024\/06\/17-Exp-771-24.pdf\">17 \u2013 Expte. N\u00b0771\/2024 \u2013 04\/06\/2024 De los concejales Orosco y Suarez elevando<br>proyecto de Declaraci\u00f3n \u2013 Implementar campa\u00f1a de visibilizar\u00edan y concientizaci\u00f3n<br>acerca de los riesgos de intoxicaci\u00f3n por mon\u00f3xido de carbono.<\/a><\/p>\n\n\n\n<p><br><a href=\"https:\/\/nahuelproducciones.com.ar\/radioquijano\/wp-content\/uploads\/2024\/06\/18-Exp-772-24.pdf\">18 \u2013 Expte. N\u00b0772\/2024 \u2013 04\/06\/2024 De los concejales Orosco y Suarez elevando<br>proyecto de Declaraci\u00f3n \u2013 Capacitaci\u00f3n en seguridad vial dirigido a los j\u00f3venes de las<br>instituciones educativas del nivel secundario del municipio de Campo Quijano.<\/a><\/p>\n\n\n\n<p><br><a href=\"https:\/\/nahuelproducciones.com.ar\/radioquijano\/wp-content\/uploads\/2024\/06\/19-Exp-773-24.pdf\">19 \u2013 Expte. N\u00b0773\/2024 \u2013 04\/06\/2024 De los concejales Orosco y Suarez elevando<br>proyecto de Declaraci\u00f3n \u2013 Implementar Puntos Verdes para la Recolecci\u00f3n de Materiales<br>Reciclables en el Municipio de Campo Quijano.<\/a><\/p>\n\n\n\n<p><br>Campo Quijano 6 de Junio de 2024.<\/p>\n","protected":false},"excerpt":{"rendered":"<p>Concejo Deliberante de Campo Quijano jueves 06 de junio de 2024<\/p>\n","protected":false},"author":6,"featured_media":8218,"comment_status":"open","ping_status":"open","sticky":false,"template":"","format":"standard","meta":{"_monsterinsights_skip_tracking":false,"_monsterinsights_sitenote_active":false,"_monsterinsights_sitenote_note":"","_monsterinsights_sitenote_category":0,"footnotes":""},"categories":[1552],"tags":[36,75,63,71,100],"class_list":["post-8177","post","type-post","status-publish","format-standard","has-post-thumbnail","hentry","category-concejo-deliberante","tag-campo-quijano","tag-concejo-deliberante-de-campo-quijano","tag-lino-yonar","tag-municipalidad-de-campo-quijano","tag-municipio-de-campo-quijano"],"yoast_head":"<!-- This site is optimized with the Yoast SEO plugin v20.8 - https:\/\/yoast.com\/wordpress\/plugins\/seo\/ -->\n<title>Jueves 6 de junio: Sesi\u00f3n Ordinaria Concejo Deliberante de Campo Quijano - RQ 99.9<\/title>\n<meta name=\"robots\" content=\"index, follow, max-snippet:-1, max-image-preview:large, max-video-preview:-1\" \/>\n<link rel=\"canonical\" href=\"https:\/\/nahuelproducciones.com.ar\/radioquijano\/jueves-6-de-junio-sesion-ordinaria-concejo-deliberante-de-campo-quijano\/\" \/>\n<meta property=\"og:locale\" content=\"es_ES\" \/>\n<meta property=\"og:type\" content=\"article\" \/>\n<meta property=\"og:title\" content=\"Jueves 6 de junio: Sesi\u00f3n Ordinaria Concejo Deliberante de Campo Quijano - RQ 99.9\" \/>\n<meta property=\"og:description\" content=\"Concejo Deliberante de Campo Quijano jueves 06 de junio de 2024\" \/>\n<meta property=\"og:url\" content=\"https:\/\/nahuelproducciones.com.ar\/radioquijano\/jueves-6-de-junio-sesion-ordinaria-concejo-deliberante-de-campo-quijano\/\" \/>\n<meta property=\"og:site_name\" content=\"RQ 99.9\" \/>\n<meta property=\"article:publisher\" content=\"https:\/\/www.facebook.com\/nahuelproducciones999\/\" \/>\n<meta property=\"article:published_time\" content=\"2024-06-06T02:36:39+00:00\" \/>\n<meta property=\"article:modified_time\" content=\"2024-06-06T11:06:26+00:00\" \/>\n<meta property=\"og:image\" content=\"https:\/\/nahuelproducciones.com.ar\/radioquijano\/wp-content\/uploads\/2024\/06\/concejo-deliberante-campo-quijano.jpeg\" \/>\n\t<meta property=\"og:image:width\" content=\"700\" \/>\n\t<meta property=\"og:image:height\" content=\"394\" \/>\n\t<meta property=\"og:image:type\" content=\"image\/jpeg\" \/>\n<meta name=\"author\" content=\"Ricardo Guzman\" \/>\n<meta name=\"twitter:card\" content=\"summary_large_image\" \/>\n<meta name=\"twitter:creator\" content=\"@nahuproduciones\" \/>\n<meta name=\"twitter:site\" content=\"@nahuproduciones\" \/>\n<meta name=\"twitter:label1\" content=\"Escrito por\" \/>\n\t<meta name=\"twitter:data1\" content=\"Ricardo Guzman\" \/>\n\t<meta name=\"twitter:label2\" content=\"Tiempo de lectura\" \/>\n\t<meta name=\"twitter:data2\" content=\"3 minutos\" \/>\n<script type=\"application\/ld+json\" class=\"yoast-schema-graph\">{\"@context\":\"https:\/\/schema.org\",\"@graph\":[{\"@type\":\"WebPage\",\"@id\":\"https:\/\/nahuelproducciones.com.ar\/radioquijano\/jueves-6-de-junio-sesion-ordinaria-concejo-deliberante-de-campo-quijano\/\",\"url\":\"https:\/\/nahuelproducciones.com.ar\/radioquijano\/jueves-6-de-junio-sesion-ordinaria-concejo-deliberante-de-campo-quijano\/\",\"name\":\"Jueves 6 de junio: Sesi\u00f3n Ordinaria Concejo Deliberante de Campo Quijano - RQ 99.9\",\"isPartOf\":{\"@id\":\"https:\/\/nahuelproducciones.com.ar\/radioquijano\/#website\"},\"datePublished\":\"2024-06-06T02:36:39+00:00\",\"dateModified\":\"2024-06-06T11:06:26+00:00\",\"author\":{\"@id\":\"https:\/\/nahuelproducciones.com.ar\/radioquijano\/#\/schema\/person\/b9b81a110cbdf07949e2cd02d478ab9d\"},\"breadcrumb\":{\"@id\":\"https:\/\/nahuelproducciones.com.ar\/radioquijano\/jueves-6-de-junio-sesion-ordinaria-concejo-deliberante-de-campo-quijano\/#breadcrumb\"},\"inLanguage\":\"es\",\"potentialAction\":[{\"@type\":\"ReadAction\",\"target\":[\"https:\/\/nahuelproducciones.com.ar\/radioquijano\/jueves-6-de-junio-sesion-ordinaria-concejo-deliberante-de-campo-quijano\/\"]}]},{\"@type\":\"BreadcrumbList\",\"@id\":\"https:\/\/nahuelproducciones.com.ar\/radioquijano\/jueves-6-de-junio-sesion-ordinaria-concejo-deliberante-de-campo-quijano\/#breadcrumb\",\"itemListElement\":[{\"@type\":\"ListItem\",\"position\":1,\"name\":\"Portada\",\"item\":\"https:\/\/nahuelproducciones.com.ar\/radioquijano\/\"},{\"@type\":\"ListItem\",\"position\":2,\"name\":\"Jueves 6 de junio: Sesi\u00f3n Ordinaria Concejo Deliberante de Campo Quijano\"}]},{\"@type\":\"WebSite\",\"@id\":\"https:\/\/nahuelproducciones.com.ar\/radioquijano\/#website\",\"url\":\"https:\/\/nahuelproducciones.com.ar\/radioquijano\/\",\"name\":\"RQ 99.9\",\"description\":\"Radio Quijano 99.9 MHz\",\"potentialAction\":[{\"@type\":\"SearchAction\",\"target\":{\"@type\":\"EntryPoint\",\"urlTemplate\":\"https:\/\/nahuelproducciones.com.ar\/radioquijano\/?s={search_term_string}\"},\"query-input\":\"required name=search_term_string\"}],\"inLanguage\":\"es\"},{\"@type\":\"Person\",\"@id\":\"https:\/\/nahuelproducciones.com.ar\/radioquijano\/#\/schema\/person\/b9b81a110cbdf07949e2cd02d478ab9d\",\"name\":\"Ricardo Guzman\",\"image\":{\"@type\":\"ImageObject\",\"inLanguage\":\"es\",\"@id\":\"https:\/\/nahuelproducciones.com.ar\/radioquijano\/#\/schema\/person\/image\/\",\"url\":\"https:\/\/secure.gravatar.com\/avatar\/a5d582deda251f95dc882b72fc6e7b4854f88bb25c3154519210afffa7d706e8?s=96&d=mm&r=g\",\"contentUrl\":\"https:\/\/secure.gravatar.com\/avatar\/a5d582deda251f95dc882b72fc6e7b4854f88bb25c3154519210afffa7d706e8?s=96&d=mm&r=g\",\"caption\":\"Ricardo Guzman\"},\"url\":\"https:\/\/nahuelproducciones.com.ar\/radioquijano\/author\/cady\/\"}]}<\/script>\n<!-- \/ Yoast SEO plugin. -->","yoast_head_json":{"title":"Jueves 6 de junio: Sesi\u00f3n Ordinaria Concejo Deliberante de Campo Quijano - RQ 99.9","robots":{"index":"index","follow":"follow","max-snippet":"max-snippet:-1","max-image-preview":"max-image-preview:large","max-video-preview":"max-video-preview:-1"},"canonical":"https:\/\/nahuelproducciones.com.ar\/radioquijano\/jueves-6-de-junio-sesion-ordinaria-concejo-deliberante-de-campo-quijano\/","og_locale":"es_ES","og_type":"article","og_title":"Jueves 6 de junio: Sesi\u00f3n Ordinaria Concejo Deliberante de Campo Quijano - RQ 99.9","og_description":"Concejo Deliberante de Campo Quijano jueves 06 de junio de 2024","og_url":"https:\/\/nahuelproducciones.com.ar\/radioquijano\/jueves-6-de-junio-sesion-ordinaria-concejo-deliberante-de-campo-quijano\/","og_site_name":"RQ 99.9","article_publisher":"https:\/\/www.facebook.com\/nahuelproducciones999\/","article_published_time":"2024-06-06T02:36:39+00:00","article_modified_time":"2024-06-06T11:06:26+00:00","og_image":[{"width":700,"height":394,"url":"https:\/\/nahuelproducciones.com.ar\/radioquijano\/wp-content\/uploads\/2024\/06\/concejo-deliberante-campo-quijano.jpeg","type":"image\/jpeg"}],"author":"Ricardo Guzman","twitter_card":"summary_large_image","twitter_creator":"@nahuproduciones","twitter_site":"@nahuproduciones","twitter_misc":{"Escrito por":"Ricardo Guzman","Tiempo de lectura":"3 minutos"},"schema":{"@context":"https:\/\/schema.org","@graph":[{"@type":"WebPage","@id":"https:\/\/nahuelproducciones.com.ar\/radioquijano\/jueves-6-de-junio-sesion-ordinaria-concejo-deliberante-de-campo-quijano\/","url":"https:\/\/nahuelproducciones.com.ar\/radioquijano\/jueves-6-de-junio-sesion-ordinaria-concejo-deliberante-de-campo-quijano\/","name":"Jueves 6 de junio: Sesi\u00f3n Ordinaria Concejo Deliberante de Campo Quijano - RQ 99.9","isPartOf":{"@id":"https:\/\/nahuelproducciones.com.ar\/radioquijano\/#website"},"datePublished":"2024-06-06T02:36:39+00:00","dateModified":"2024-06-06T11:06:26+00:00","author":{"@id":"https:\/\/nahuelproducciones.com.ar\/radioquijano\/#\/schema\/person\/b9b81a110cbdf07949e2cd02d478ab9d"},"breadcrumb":{"@id":"https:\/\/nahuelproducciones.com.ar\/radioquijano\/jueves-6-de-junio-sesion-ordinaria-concejo-deliberante-de-campo-quijano\/#breadcrumb"},"inLanguage":"es","potentialAction":[{"@type":"ReadAction","target":["https:\/\/nahuelproducciones.com.ar\/radioquijano\/jueves-6-de-junio-sesion-ordinaria-concejo-deliberante-de-campo-quijano\/"]}]},{"@type":"BreadcrumbList","@id":"https:\/\/nahuelproducciones.com.ar\/radioquijano\/jueves-6-de-junio-sesion-ordinaria-concejo-deliberante-de-campo-quijano\/#breadcrumb","itemListElement":[{"@type":"ListItem","position":1,"name":"Portada","item":"https:\/\/nahuelproducciones.com.ar\/radioquijano\/"},{"@type":"ListItem","position":2,"name":"Jueves 6 de junio: Sesi\u00f3n Ordinaria Concejo Deliberante de Campo Quijano"}]},{"@type":"WebSite","@id":"https:\/\/nahuelproducciones.com.ar\/radioquijano\/#website","url":"https:\/\/nahuelproducciones.com.ar\/radioquijano\/","name":"RQ 99.9","description":"Radio Quijano 99.9 MHz","potentialAction":[{"@type":"SearchAction","target":{"@type":"EntryPoint","urlTemplate":"https:\/\/nahuelproducciones.com.ar\/radioquijano\/?s={search_term_string}"},"query-input":"required name=search_term_string"}],"inLanguage":"es"},{"@type":"Person","@id":"https:\/\/nahuelproducciones.com.ar\/radioquijano\/#\/schema\/person\/b9b81a110cbdf07949e2cd02d478ab9d","name":"Ricardo Guzman","image":{"@type":"ImageObject","inLanguage":"es","@id":"https:\/\/nahuelproducciones.com.ar\/radioquijano\/#\/schema\/person\/image\/","url":"https:\/\/secure.gravatar.com\/avatar\/a5d582deda251f95dc882b72fc6e7b4854f88bb25c3154519210afffa7d706e8?s=96&d=mm&r=g","contentUrl":"https:\/\/secure.gravatar.com\/avatar\/a5d582deda251f95dc882b72fc6e7b4854f88bb25c3154519210afffa7d706e8?s=96&d=mm&r=g","caption":"Ricardo Guzman"},"url":"https:\/\/nahuelproducciones.com.ar\/radioquijano\/author\/cady\/"}]}},"_links":{"self":[{"href":"https:\/\/nahuelproducciones.com.ar\/radioquijano\/wp-json\/wp\/v2\/posts\/8177","targetHints":{"allow":["GET"]}}],"collection":[{"href":"https:\/\/nahuelproducciones.com.ar\/radioquijano\/wp-json\/wp\/v2\/posts"}],"about":[{"href":"https:\/\/nahuelproducciones.com.ar\/radioquijano\/wp-json\/wp\/v2\/types\/post"}],"author":[{"embeddable":true,"href":"https:\/\/nahuelproducciones.com.ar\/radioquijano\/wp-json\/wp\/v2\/users\/6"}],"replies":[{"embeddable":true,"href":"https:\/\/nahuelproducciones.com.ar\/radioquijano\/wp-json\/wp\/v2\/comments?post=8177"}],"version-history":[{"count":25,"href":"https:\/\/nahuelproducciones.com.ar\/radioquijano\/wp-json\/wp\/v2\/posts\/8177\/revisions"}],"predecessor-version":[{"id":8228,"href":"https:\/\/nahuelproducciones.com.ar\/radioquijano\/wp-json\/wp\/v2\/posts\/8177\/revisions\/8228"}],"wp:featuredmedia":[{"embeddable":true,"href":"https:\/\/nahuelproducciones.com.ar\/radioquijano\/wp-json\/wp\/v2\/media\/8218"}],"wp:attachment":[{"href":"https:\/\/nahuelproducciones.com.ar\/radioquijano\/wp-json\/wp\/v2\/media?parent=8177"}],"wp:term":[{"taxonomy":"category","embeddable":true,"href":"https:\/\/nahuelproducciones.com.ar\/radioquijano\/wp-json\/wp\/v2\/categories?post=8177"},{"taxonomy":"post_tag","embeddable":true,"href":"https:\/\/nahuelproducciones.com.ar\/radioquijano\/wp-json\/wp\/v2\/tags?post=8177"}],"curies":[{"name":"wp","href":"https:\/\/api.w.org\/{rel}","templated":true}]}}