{"id":818,"date":"2021-05-18T15:13:48","date_gmt":"2021-05-18T18:13:48","guid":{"rendered":"https:\/\/nahuelproducciones.com.ar\/radioquijano\/?p=818"},"modified":"2021-05-18T21:24:30","modified_gmt":"2021-05-19T00:24:30","slug":"situacion-epidemiologica-en-campo-quijano","status":"publish","type":"post","link":"https:\/\/nahuelproducciones.com.ar\/radioquijano\/situacion-epidemiologica-en-campo-quijano\/","title":{"rendered":"Situaci\u00f3n epidemiol\u00f3gica en Campo Quijano"},"content":{"rendered":"\t\t<div data-elementor-type=\"wp-post\" data-elementor-id=\"818\" class=\"elementor elementor-818\">\n\t\t\t\t\t\t<div class=\"elementor-inner\">\n\t\t\t\t<div class=\"elementor-section-wrap\">\n\t\t\t\t\t\t\t\t\t<section class=\"elementor-section elementor-top-section elementor-element elementor-element-468b368 elementor-section-boxed elementor-section-height-default elementor-section-height-default\" data-id=\"468b368\" data-element_type=\"section\">\n\t\t\t\t\t\t<div class=\"elementor-container elementor-column-gap-default\">\n\t\t\t\t\t\t\t<div class=\"elementor-row\">\n\t\t\t\t\t<div class=\"elementor-column elementor-col-100 elementor-top-column elementor-element elementor-element-106f3726\" data-id=\"106f3726\" data-element_type=\"column\">\n\t\t\t<div class=\"elementor-column-wrap elementor-element-populated\">\n\t\t\t\t\t\t\t<div class=\"elementor-widget-wrap\">\n\t\t\t\t\t\t<div class=\"elementor-element elementor-element-369c56bb elementor-widget elementor-widget-text-editor\" data-id=\"369c56bb\" data-element_type=\"widget\" data-widget_type=\"text-editor.default\">\n\t\t\t\t<div class=\"elementor-widget-container\">\n\t\t\t\t\t\t\t\t<div class=\"elementor-text-editor elementor-clearfix\">\n\t\t\t\t<p><!-- wp:paragraph {\"align\":\"left\",\"textColor\":\"black\"} --><\/p>\n<p class=\"has-text-align-left has-black-color has-text-color\">En la ma\u00f1ana de este martes 18 de mayo en comunicaci\u00f3n con La Ma\u00f1ana del Valle por<u>\u00a0<a href=\"https:\/\/nahuelproducciones.com.ar\/radioquijano\/\" target=\"_blank\" rel=\"noopener\">Radio Quijano<\/a><\/u>\u00a0la Dra. Casimiro del Hospital Francisco Herrera expres\u00f3 su preocupaci\u00f3n por la situaci\u00f3n epidemiol\u00f3gica de nuestro municipio.<br \/>Al respecto manifest\u00f3 que:<br \/>\u00abYo creo que es el momento de tomar medidas dr\u00e1sticas porque estamos en una situaci\u00f3n complicada. Est\u00e1n apareciendo m\u00e1s casos.<br \/>La cepa brit\u00e1nica aumenta la sintomatolog\u00eda y la gravedad..<br \/>Es probable que haya otra cepa, ya que somos un pueblo de paso en tema turismo, minero&#8230;<br \/>El hospital est\u00e1 trabajando a full y est\u00e1n aumentando los casos, nos cuesta derivar los Pacientes, estamos con 70% de las camas ocupadas\u00bb<br \/>Recordemos que el Hospital posee 10 camas para atenci\u00f3n a pacientes <u>COVID<\/u> y 14 camas para internados cl\u00ednicos lo que hace un total de 24 camas y que de ser necesario se ocuparan para atenci\u00f3n por pandemia.<br \/>El Hospital llev\u00f3 adelante el programa Detectar Sintom\u00e1ticos que dio como resultado 19 positivos de un total de 21 personas que se llegaron hasta el nosocomio dada las caracter\u00edsticas de los s\u00edntomas que presentaron, lo que representa un alto porcentaje de contagiados. Este mismo programa se est\u00e1 realizando en La Silleta y en El Enc\u00f3n.<br \/>Los 19 casos positivos son de diferentes lugares del pueblo.<br \/>\u00abYo creo que es el momento de que nos juntemos el hospital, la municipalidad, la polic\u00eda y el COE para ponernos de acuerdo y tomar las medidas necesarias porque estamos en una situaci\u00f3n complicada. Yo soy sincera, lo vivo d\u00eda a d\u00eda y ya estamos en situaciones de que no podemos derivar los pacientes al hospital de Salta\u00bb<\/p>\n<h3>Con respecto a las vacunas<\/h3>\n<p class=\"has-text-align-left has-black-color has-text-color\">\u00abLas vacunas si crean una inmunidad para este tipo de virus\u00bb nos protege de las cepas, \u00ablo que no quiere decir que en alg\u00fan momento se puedan volver a contagiar.<br \/>Yo le dir\u00eda a los pap\u00e1s que los ni\u00f1os tambi\u00e9n usen barbijos<br \/>Tuvimos personal con\u00a0<a href=\"https:\/\/nahuelproducciones.com.ar\/radioquijano\/tag\/covid\/\" target=\"_blank\" rel=\"noopener\">COVID<\/a>, le pedimos por favor a la gente que llame por tel\u00e9fono, por favor tengan paciencia, aunque es verdad que las l\u00edneas se saturan, pero es preferible que llamen por tel\u00e9fono a que esperen con otra gente afuera del hospital.<br \/>No sabemos c\u00f3mo va a mutar y estamos hablando de la vida de la gente, yo creo que es momento de tomar medidas m\u00e1s dr\u00e1sticas.<br \/>Esa es mi opini\u00f3n personal.<br \/>No quiero alarmar a nadie pero s\u00ed que la gente sepa de la situaci\u00f3n actual.<br \/>Hay que buscar alternativas\u00bb<\/p>\n<p><!-- \/wp:paragraph --><\/p>\t\t\t\t\t<\/div>\n\t\t\t\t\t\t<\/div>\n\t\t\t\t<\/div>\n\t\t\t\t\t\t<\/div>\n\t\t\t\t\t<\/div>\n\t\t<\/div>\n\t\t\t\t\t\t\t\t<\/div>\n\t\t\t\t\t<\/div>\n\t\t<\/section>\n\t\t\t\t<section class=\"elementor-section elementor-top-section elementor-element elementor-element-a7184ca elementor-section-boxed elementor-section-height-default elementor-section-height-default\" data-id=\"a7184ca\" data-element_type=\"section\">\n\t\t\t\t\t\t<div class=\"elementor-container elementor-column-gap-default\">\n\t\t\t\t\t\t\t<div class=\"elementor-row\">\n\t\t\t\t\t<div class=\"elementor-column elementor-col-100 elementor-top-column elementor-element elementor-element-6acaf8a\" data-id=\"6acaf8a\" data-element_type=\"column\">\n\t\t\t<div class=\"elementor-column-wrap elementor-element-populated\">\n\t\t\t\t\t\t\t<div class=\"elementor-widget-wrap\">\n\t\t\t\t\t\t<div class=\"elementor-element elementor-element-0eed898 elementor-widget elementor-widget-wp-widget-media_audio\" data-id=\"0eed898\" data-element_type=\"widget\" data-widget_type=\"wp-widget-media_audio.default\">\n\t\t\t\t<div class=\"elementor-widget-container\">\n\t\t\t<!--[if lt IE 9]><script>document.createElement('audio');<\/script><![endif]-->\n<audio class=\"wp-audio-shortcode\" id=\"audio-818-1\" preload=\"none\" style=\"width: 100%;\" controls=\"controls\"><source type=\"audio\/mpeg\" src=\"https:\/\/nahuelproducciones.com.ar\/radioquijano\/wp-content\/uploads\/2021\/05\/18-05-2021-dra-casimiro-alto-riesgo-de-contagio-2.mp3?_=1\" \/><source type=\"audio\/mpeg\" src=\"https:\/\/nahuelproducciones.com.ar\/radioquijano\/wp-content\/uploads\/2021\/05\/18-05-2021-dra-casimiro-alto-riesgo-de-contagio-2.mp3?_=1\" \/><a href=\"https:\/\/nahuelproducciones.com.ar\/radioquijano\/wp-content\/uploads\/2021\/05\/18-05-2021-dra-casimiro-alto-riesgo-de-contagio-2.mp3\">https:\/\/nahuelproducciones.com.ar\/radioquijano\/wp-content\/uploads\/2021\/05\/18-05-2021-dra-casimiro-alto-riesgo-de-contagio-2.mp3<\/a><\/audio>\t\t<\/div>\n\t\t\t\t<\/div>\n\t\t\t\t\t\t<\/div>\n\t\t\t\t\t<\/div>\n\t\t<\/div>\n\t\t\t\t\t\t\t\t<\/div>\n\t\t\t\t\t<\/div>\n\t\t<\/section>\n\t\t\t\t\t\t\t\t\t<\/div>\n\t\t\t<\/div>\n\t\t\t\t\t<\/div>\n\t\t","protected":false},"excerpt":{"rendered":"<p>\u00abYo creo que es el momento de tomar medidas dr\u00e1sticas porque estamos en una situaci\u00f3n complicada. Est\u00e1n apareciendo m\u00e1s casos.\u00bb Manifest\u00f3 la Dra. Casimiro del Hospital Francisco Herrera<\/p>\n","protected":false},"author":4,"featured_media":823,"comment_status":"open","ping_status":"open","sticky":false,"template":"","format":"standard","meta":{"_monsterinsights_skip_tracking":false,"_monsterinsights_sitenote_active":false,"_monsterinsights_sitenote_note":"","_monsterinsights_sitenote_category":0,"footnotes":""},"categories":[16],"tags":[],"class_list":["post-818","post","type-post","status-publish","format-standard","has-post-thumbnail","hentry","category-noticias"],"yoast_head":"<!-- This site is optimized with the Yoast SEO plugin v20.8 - https:\/\/yoast.com\/wordpress\/plugins\/seo\/ -->\n<title>Situaci\u00f3n epidemiol\u00f3gica en Campo Quijano - RQ 99.9<\/title>\n<meta name=\"description\" content=\"&quot;Yo creo que es el momento de tomar medidas dr\u00e1sticas porque estamos en una situaci\u00f3n complicada. Est\u00e1n apareciendo m\u00e1s casos.&quot; Manifest\u00f3 la Dra. Casimiro\" \/>\n<meta name=\"robots\" content=\"index, follow, max-snippet:-1, max-image-preview:large, max-video-preview:-1\" \/>\n<link rel=\"canonical\" href=\"https:\/\/nahuelproducciones.com.ar\/radioquijano\/situacion-epidemiologica-en-campo-quijano\/\" \/>\n<meta property=\"og:locale\" content=\"es_ES\" \/>\n<meta property=\"og:type\" content=\"article\" \/>\n<meta property=\"og:title\" content=\"Situaci\u00f3n epidemiol\u00f3gica en Campo Quijano - RQ 99.9\" \/>\n<meta property=\"og:description\" content=\"&quot;Yo creo que es el momento de tomar medidas dr\u00e1sticas porque estamos en una situaci\u00f3n complicada. Est\u00e1n apareciendo m\u00e1s casos.&quot; Manifest\u00f3 la Dra. Casimiro\" \/>\n<meta property=\"og:url\" content=\"https:\/\/nahuelproducciones.com.ar\/radioquijano\/situacion-epidemiologica-en-campo-quijano\/\" \/>\n<meta property=\"og:site_name\" content=\"RQ 99.9\" \/>\n<meta property=\"article:publisher\" content=\"https:\/\/www.facebook.com\/nahuelproducciones999\/\" \/>\n<meta property=\"article:published_time\" content=\"2021-05-18T18:13:48+00:00\" \/>\n<meta property=\"article:modified_time\" content=\"2021-05-19T00:24:30+00:00\" \/>\n<meta property=\"og:image\" content=\"https:\/\/nahuelproducciones.com.ar\/radioquijano\/wp-content\/uploads\/2021\/05\/001-Hospital-Francisco-Herrera.jpg\" \/>\n\t<meta property=\"og:image:width\" content=\"700\" \/>\n\t<meta property=\"og:image:height\" content=\"350\" \/>\n\t<meta property=\"og:image:type\" content=\"image\/jpeg\" \/>\n<meta name=\"author\" content=\"Nahuel Guzman\" \/>\n<meta name=\"twitter:card\" content=\"summary_large_image\" \/>\n<meta name=\"twitter:creator\" content=\"@nahuproduciones\" \/>\n<meta name=\"twitter:site\" content=\"@nahuproduciones\" \/>\n<meta name=\"twitter:label1\" content=\"Escrito por\" \/>\n\t<meta name=\"twitter:data1\" content=\"Nahuel Guzman\" \/>\n\t<meta name=\"twitter:label2\" content=\"Tiempo de lectura\" \/>\n\t<meta name=\"twitter:data2\" content=\"2 minutos\" \/>\n<script type=\"application\/ld+json\" class=\"yoast-schema-graph\">{\"@context\":\"https:\/\/schema.org\",\"@graph\":[{\"@type\":\"WebPage\",\"@id\":\"https:\/\/nahuelproducciones.com.ar\/radioquijano\/situacion-epidemiologica-en-campo-quijano\/\",\"url\":\"https:\/\/nahuelproducciones.com.ar\/radioquijano\/situacion-epidemiologica-en-campo-quijano\/\",\"name\":\"Situaci\u00f3n epidemiol\u00f3gica en Campo Quijano - RQ 99.9\",\"isPartOf\":{\"@id\":\"https:\/\/nahuelproducciones.com.ar\/radioquijano\/#website\"},\"datePublished\":\"2021-05-18T18:13:48+00:00\",\"dateModified\":\"2021-05-19T00:24:30+00:00\",\"author\":{\"@id\":\"https:\/\/nahuelproducciones.com.ar\/radioquijano\/#\/schema\/person\/81995a1e942697a963e913eb81a445f8\"},\"description\":\"\\\"Yo creo que es el momento de tomar medidas dr\u00e1sticas porque estamos en una situaci\u00f3n complicada. Est\u00e1n apareciendo m\u00e1s casos.\\\" Manifest\u00f3 la Dra. Casimiro\",\"breadcrumb\":{\"@id\":\"https:\/\/nahuelproducciones.com.ar\/radioquijano\/situacion-epidemiologica-en-campo-quijano\/#breadcrumb\"},\"inLanguage\":\"es\",\"potentialAction\":[{\"@type\":\"ReadAction\",\"target\":[\"https:\/\/nahuelproducciones.com.ar\/radioquijano\/situacion-epidemiologica-en-campo-quijano\/\"]}]},{\"@type\":\"BreadcrumbList\",\"@id\":\"https:\/\/nahuelproducciones.com.ar\/radioquijano\/situacion-epidemiologica-en-campo-quijano\/#breadcrumb\",\"itemListElement\":[{\"@type\":\"ListItem\",\"position\":1,\"name\":\"Portada\",\"item\":\"https:\/\/nahuelproducciones.com.ar\/radioquijano\/\"},{\"@type\":\"ListItem\",\"position\":2,\"name\":\"Situaci\u00f3n epidemiol\u00f3gica en Campo Quijano\"}]},{\"@type\":\"WebSite\",\"@id\":\"https:\/\/nahuelproducciones.com.ar\/radioquijano\/#website\",\"url\":\"https:\/\/nahuelproducciones.com.ar\/radioquijano\/\",\"name\":\"RQ 99.9\",\"description\":\"Radio Quijano 99.9 MHz\",\"potentialAction\":[{\"@type\":\"SearchAction\",\"target\":{\"@type\":\"EntryPoint\",\"urlTemplate\":\"https:\/\/nahuelproducciones.com.ar\/radioquijano\/?s={search_term_string}\"},\"query-input\":\"required name=search_term_string\"}],\"inLanguage\":\"es\"},{\"@type\":\"Person\",\"@id\":\"https:\/\/nahuelproducciones.com.ar\/radioquijano\/#\/schema\/person\/81995a1e942697a963e913eb81a445f8\",\"name\":\"Nahuel Guzman\",\"image\":{\"@type\":\"ImageObject\",\"inLanguage\":\"es\",\"@id\":\"https:\/\/nahuelproducciones.com.ar\/radioquijano\/#\/schema\/person\/image\/\",\"url\":\"https:\/\/secure.gravatar.com\/avatar\/1533cb3c689107653dbd7407d7e55063ecce9e824b427a503daa34bc4430d13c?s=96&d=mm&r=g\",\"contentUrl\":\"https:\/\/secure.gravatar.com\/avatar\/1533cb3c689107653dbd7407d7e55063ecce9e824b427a503daa34bc4430d13c?s=96&d=mm&r=g\",\"caption\":\"Nahuel Guzman\"},\"url\":\"https:\/\/nahuelproducciones.com.ar\/radioquijano\/author\/nahu\/\"}]}<\/script>\n<!-- \/ Yoast SEO plugin. -->","yoast_head_json":{"title":"Situaci\u00f3n epidemiol\u00f3gica en Campo Quijano - RQ 99.9","description":"\"Yo creo que es el momento de tomar medidas dr\u00e1sticas porque estamos en una situaci\u00f3n complicada. Est\u00e1n apareciendo m\u00e1s casos.\" Manifest\u00f3 la Dra. Casimiro","robots":{"index":"index","follow":"follow","max-snippet":"max-snippet:-1","max-image-preview":"max-image-preview:large","max-video-preview":"max-video-preview:-1"},"canonical":"https:\/\/nahuelproducciones.com.ar\/radioquijano\/situacion-epidemiologica-en-campo-quijano\/","og_locale":"es_ES","og_type":"article","og_title":"Situaci\u00f3n epidemiol\u00f3gica en Campo Quijano - RQ 99.9","og_description":"\"Yo creo que es el momento de tomar medidas dr\u00e1sticas porque estamos en una situaci\u00f3n complicada. Est\u00e1n apareciendo m\u00e1s casos.\" Manifest\u00f3 la Dra. Casimiro","og_url":"https:\/\/nahuelproducciones.com.ar\/radioquijano\/situacion-epidemiologica-en-campo-quijano\/","og_site_name":"RQ 99.9","article_publisher":"https:\/\/www.facebook.com\/nahuelproducciones999\/","article_published_time":"2021-05-18T18:13:48+00:00","article_modified_time":"2021-05-19T00:24:30+00:00","og_image":[{"width":700,"height":350,"url":"https:\/\/nahuelproducciones.com.ar\/radioquijano\/wp-content\/uploads\/2021\/05\/001-Hospital-Francisco-Herrera.jpg","type":"image\/jpeg"}],"author":"Nahuel Guzman","twitter_card":"summary_large_image","twitter_creator":"@nahuproduciones","twitter_site":"@nahuproduciones","twitter_misc":{"Escrito por":"Nahuel Guzman","Tiempo de lectura":"2 minutos"},"schema":{"@context":"https:\/\/schema.org","@graph":[{"@type":"WebPage","@id":"https:\/\/nahuelproducciones.com.ar\/radioquijano\/situacion-epidemiologica-en-campo-quijano\/","url":"https:\/\/nahuelproducciones.com.ar\/radioquijano\/situacion-epidemiologica-en-campo-quijano\/","name":"Situaci\u00f3n epidemiol\u00f3gica en Campo Quijano - RQ 99.9","isPartOf":{"@id":"https:\/\/nahuelproducciones.com.ar\/radioquijano\/#website"},"datePublished":"2021-05-18T18:13:48+00:00","dateModified":"2021-05-19T00:24:30+00:00","author":{"@id":"https:\/\/nahuelproducciones.com.ar\/radioquijano\/#\/schema\/person\/81995a1e942697a963e913eb81a445f8"},"description":"\"Yo creo que es el momento de tomar medidas dr\u00e1sticas porque estamos en una situaci\u00f3n complicada. Est\u00e1n apareciendo m\u00e1s casos.\" Manifest\u00f3 la Dra. Casimiro","breadcrumb":{"@id":"https:\/\/nahuelproducciones.com.ar\/radioquijano\/situacion-epidemiologica-en-campo-quijano\/#breadcrumb"},"inLanguage":"es","potentialAction":[{"@type":"ReadAction","target":["https:\/\/nahuelproducciones.com.ar\/radioquijano\/situacion-epidemiologica-en-campo-quijano\/"]}]},{"@type":"BreadcrumbList","@id":"https:\/\/nahuelproducciones.com.ar\/radioquijano\/situacion-epidemiologica-en-campo-quijano\/#breadcrumb","itemListElement":[{"@type":"ListItem","position":1,"name":"Portada","item":"https:\/\/nahuelproducciones.com.ar\/radioquijano\/"},{"@type":"ListItem","position":2,"name":"Situaci\u00f3n epidemiol\u00f3gica en Campo Quijano"}]},{"@type":"WebSite","@id":"https:\/\/nahuelproducciones.com.ar\/radioquijano\/#website","url":"https:\/\/nahuelproducciones.com.ar\/radioquijano\/","name":"RQ 99.9","description":"Radio Quijano 99.9 MHz","potentialAction":[{"@type":"SearchAction","target":{"@type":"EntryPoint","urlTemplate":"https:\/\/nahuelproducciones.com.ar\/radioquijano\/?s={search_term_string}"},"query-input":"required name=search_term_string"}],"inLanguage":"es"},{"@type":"Person","@id":"https:\/\/nahuelproducciones.com.ar\/radioquijano\/#\/schema\/person\/81995a1e942697a963e913eb81a445f8","name":"Nahuel Guzman","image":{"@type":"ImageObject","inLanguage":"es","@id":"https:\/\/nahuelproducciones.com.ar\/radioquijano\/#\/schema\/person\/image\/","url":"https:\/\/secure.gravatar.com\/avatar\/1533cb3c689107653dbd7407d7e55063ecce9e824b427a503daa34bc4430d13c?s=96&d=mm&r=g","contentUrl":"https:\/\/secure.gravatar.com\/avatar\/1533cb3c689107653dbd7407d7e55063ecce9e824b427a503daa34bc4430d13c?s=96&d=mm&r=g","caption":"Nahuel Guzman"},"url":"https:\/\/nahuelproducciones.com.ar\/radioquijano\/author\/nahu\/"}]}},"_links":{"self":[{"href":"https:\/\/nahuelproducciones.com.ar\/radioquijano\/wp-json\/wp\/v2\/posts\/818","targetHints":{"allow":["GET"]}}],"collection":[{"href":"https:\/\/nahuelproducciones.com.ar\/radioquijano\/wp-json\/wp\/v2\/posts"}],"about":[{"href":"https:\/\/nahuelproducciones.com.ar\/radioquijano\/wp-json\/wp\/v2\/types\/post"}],"author":[{"embeddable":true,"href":"https:\/\/nahuelproducciones.com.ar\/radioquijano\/wp-json\/wp\/v2\/users\/4"}],"replies":[{"embeddable":true,"href":"https:\/\/nahuelproducciones.com.ar\/radioquijano\/wp-json\/wp\/v2\/comments?post=818"}],"version-history":[{"count":12,"href":"https:\/\/nahuelproducciones.com.ar\/radioquijano\/wp-json\/wp\/v2\/posts\/818\/revisions"}],"predecessor-version":[{"id":844,"href":"https:\/\/nahuelproducciones.com.ar\/radioquijano\/wp-json\/wp\/v2\/posts\/818\/revisions\/844"}],"wp:featuredmedia":[{"embeddable":true,"href":"https:\/\/nahuelproducciones.com.ar\/radioquijano\/wp-json\/wp\/v2\/media\/823"}],"wp:attachment":[{"href":"https:\/\/nahuelproducciones.com.ar\/radioquijano\/wp-json\/wp\/v2\/media?parent=818"}],"wp:term":[{"taxonomy":"category","embeddable":true,"href":"https:\/\/nahuelproducciones.com.ar\/radioquijano\/wp-json\/wp\/v2\/categories?post=818"},{"taxonomy":"post_tag","embeddable":true,"href":"https:\/\/nahuelproducciones.com.ar\/radioquijano\/wp-json\/wp\/v2\/tags?post=818"}],"curies":[{"name":"wp","href":"https:\/\/api.w.org\/{rel}","templated":true}]}}