{"id":8230,"date":"2024-06-06T11:44:35","date_gmt":"2024-06-06T14:44:35","guid":{"rendered":"https:\/\/nahuelproducciones.com.ar\/radioquijano\/?p=8230"},"modified":"2024-06-06T11:52:17","modified_gmt":"2024-06-06T14:52:17","slug":"abuelo-en-situacion-de-calle","status":"publish","type":"post","link":"https:\/\/nahuelproducciones.com.ar\/radioquijano\/abuelo-en-situacion-de-calle\/","title":{"rendered":"Abuelo en situaci\u00f3n de Calle."},"content":{"rendered":"\n<p>Las dificultades que atraviesan las personas en situaci\u00f3n de calle es una problem\u00e1tica compleja.<\/p>\n\n\n\n<p>Lamentablemente cada vez se encuentran en muchos lugares a  personas en situaci\u00f3n de calle, los motivos pueden ser varios, pero esta realidad se observa tambi\u00e9n en Campo Quijano.<\/p>\n\n\n\n<p>Hace unas semana se plante\u00f3 en las redes sociales la ayuda para un se\u00f1or que estaba solo en el parador de colectivos de Avenida 9 de Julio .<\/p>\n\n\n\n<p>Desde las Redes se solicit\u00f3 a las personas interesadas en colaborar y buscar una soluci\u00f3n a esta problem\u00e1tica en particular.<\/p>\n\n\n\n<p>Un grupo de amigos se acercaron, escucharon, dialogaron con el se\u00f1or Gabriel y se interiorizan de su vida. Le ofrecieron llevarlo a un lugar temporario para poder comenzar una nueva vida.<\/p>\n\n\n\n<p> Negar esta realidad no es saludable , pero tambi\u00e9n estigmatizar a todas las personas en calle ser\u00edan tremendamente injusto.<\/p>\n\n\n\n<p>Desde RQ99.9Mhz charlamos con Gustavo Alberto \u00abChala Ramos\u00bb que nos cont\u00f3 la historia y agradeci\u00f3 a todos los que brindaron y brindan su apoyo solidario<\/p>\n\n\n\n<p>Escucha la entrevista: <\/p>\n\n\n\n<figure class=\"wp-block-audio\"><audio controls src=\"https:\/\/nahuelproducciones.com.ar\/radioquijano\/wp-content\/uploads\/2024\/06\/30-05-2024-CHALA-RAMOS-ASISTENCIA-AL-ABUELO-EN-SITUACION-DE-CALLE-1.mp3\"><\/audio><\/figure>\n\n\n\n<p><a href=\"https:\/\/www.facebook.com\/share\/p\/4BSp6hqpS4Mxb8my\/\">https:\/\/www.facebook.com\/share\/p\/4BSp6hqpS4Mxb8my\/<\/a><\/p>\n\n\n\n<figure class=\"wp-block-gallery has-nested-images columns-default is-cropped wp-block-gallery-1 is-layout-flex wp-block-gallery-is-layout-flex\">\n<figure class=\"wp-block-image size-large\"><img loading=\"lazy\" decoding=\"async\" width=\"1024\" height=\"540\" data-id=\"8238\" src=\"https:\/\/nahuelproducciones.com.ar\/radioquijano\/wp-content\/uploads\/2024\/06\/WhatsApp-Image-2024-06-06-at-11.46.24-AM-1024x540.jpeg\" alt=\"\" class=\"wp-image-8238\" srcset=\"https:\/\/nahuelproducciones.com.ar\/radioquijano\/wp-content\/uploads\/2024\/06\/WhatsApp-Image-2024-06-06-at-11.46.24-AM-1024x540.jpeg 1024w, https:\/\/nahuelproducciones.com.ar\/radioquijano\/wp-content\/uploads\/2024\/06\/WhatsApp-Image-2024-06-06-at-11.46.24-AM-300x158.jpeg 300w, https:\/\/nahuelproducciones.com.ar\/radioquijano\/wp-content\/uploads\/2024\/06\/WhatsApp-Image-2024-06-06-at-11.46.24-AM-768x405.jpeg 768w, https:\/\/nahuelproducciones.com.ar\/radioquijano\/wp-content\/uploads\/2024\/06\/WhatsApp-Image-2024-06-06-at-11.46.24-AM-150x79.jpeg 150w, https:\/\/nahuelproducciones.com.ar\/radioquijano\/wp-content\/uploads\/2024\/06\/WhatsApp-Image-2024-06-06-at-11.46.24-AM.jpeg 1106w\" sizes=\"auto, (max-width: 1024px) 100vw, 1024px\" \/><\/figure>\n\n\n\n<figure class=\"wp-block-image size-large\"><img loading=\"lazy\" decoding=\"async\" width=\"1024\" height=\"567\" data-id=\"8239\" src=\"https:\/\/nahuelproducciones.com.ar\/radioquijano\/wp-content\/uploads\/2024\/06\/WhatsApp-Image-2024-06-06-at-11.47.03-AM-1024x567.jpeg\" alt=\"\" class=\"wp-image-8239\" srcset=\"https:\/\/nahuelproducciones.com.ar\/radioquijano\/wp-content\/uploads\/2024\/06\/WhatsApp-Image-2024-06-06-at-11.47.03-AM-1024x567.jpeg 1024w, https:\/\/nahuelproducciones.com.ar\/radioquijano\/wp-content\/uploads\/2024\/06\/WhatsApp-Image-2024-06-06-at-11.47.03-AM-300x166.jpeg 300w, https:\/\/nahuelproducciones.com.ar\/radioquijano\/wp-content\/uploads\/2024\/06\/WhatsApp-Image-2024-06-06-at-11.47.03-AM-768x426.jpeg 768w, https:\/\/nahuelproducciones.com.ar\/radioquijano\/wp-content\/uploads\/2024\/06\/WhatsApp-Image-2024-06-06-at-11.47.03-AM-150x83.jpeg 150w, https:\/\/nahuelproducciones.com.ar\/radioquijano\/wp-content\/uploads\/2024\/06\/WhatsApp-Image-2024-06-06-at-11.47.03-AM.jpeg 1099w\" sizes=\"auto, (max-width: 1024px) 100vw, 1024px\" \/><\/figure>\n<\/figure>\n","protected":false},"excerpt":{"rendered":"<p>Las dificultades que atraviesan las personas en situaci\u00f3n de calle es una problem\u00e1tica compleja. Lamentablemente cada vez se encuentran en muchos lugares a personas en situaci\u00f3n de calle, los motivos pueden ser varios, pero esta realidad se observa tambi\u00e9n en Campo Quijano. Hace unas semana se plante\u00f3 en las redes sociales la ayuda para un [&hellip;]<\/p>\n","protected":false},"author":8,"featured_media":8233,"comment_status":"open","ping_status":"open","sticky":false,"template":"","format":"standard","meta":{"_monsterinsights_skip_tracking":false,"_monsterinsights_sitenote_active":false,"_monsterinsights_sitenote_note":"","_monsterinsights_sitenote_category":0,"footnotes":""},"categories":[16],"tags":[100,1553],"class_list":["post-8230","post","type-post","status-publish","format-standard","has-post-thumbnail","hentry","category-noticias","tag-municipio-de-campo-quijano","tag-situacion-de-calle"],"yoast_head":"<!-- This site is optimized with the Yoast SEO plugin v20.8 - https:\/\/yoast.com\/wordpress\/plugins\/seo\/ -->\n<title>Abuelo en situaci\u00f3n de Calle. - RQ 99.9<\/title>\n<meta name=\"description\" content=\"Est\u00e1 ahora alojado en una residencia de adultos mayores de forma gratuita.\" \/>\n<meta name=\"robots\" content=\"index, follow, max-snippet:-1, max-image-preview:large, max-video-preview:-1\" \/>\n<link rel=\"canonical\" href=\"https:\/\/nahuelproducciones.com.ar\/radioquijano\/abuelo-en-situacion-de-calle\/\" \/>\n<meta property=\"og:locale\" content=\"es_ES\" \/>\n<meta property=\"og:type\" content=\"article\" \/>\n<meta property=\"og:title\" content=\"Abuelo en situaci\u00f3n de Calle. - RQ 99.9\" \/>\n<meta property=\"og:description\" content=\"Est\u00e1 ahora alojado en una residencia de adultos mayores de forma gratuita.\" \/>\n<meta property=\"og:url\" content=\"https:\/\/nahuelproducciones.com.ar\/radioquijano\/abuelo-en-situacion-de-calle\/\" \/>\n<meta property=\"og:site_name\" content=\"RQ 99.9\" \/>\n<meta property=\"article:publisher\" content=\"https:\/\/www.facebook.com\/nahuelproducciones999\/\" \/>\n<meta property=\"article:published_time\" content=\"2024-06-06T14:44:35+00:00\" \/>\n<meta property=\"article:modified_time\" content=\"2024-06-06T14:52:17+00:00\" \/>\n<meta property=\"og:image\" content=\"https:\/\/nahuelproducciones.com.ar\/radioquijano\/wp-content\/uploads\/2024\/06\/444480293_359372303825961_6045069231178800517_n.jpg\" \/>\n\t<meta property=\"og:image:width\" content=\"526\" \/>\n\t<meta property=\"og:image:height\" content=\"701\" \/>\n\t<meta property=\"og:image:type\" content=\"image\/jpeg\" \/>\n<meta name=\"author\" content=\"Cecilia Pastrana\" \/>\n<meta name=\"twitter:card\" content=\"summary_large_image\" \/>\n<meta name=\"twitter:creator\" content=\"@nahuproduciones\" \/>\n<meta name=\"twitter:site\" content=\"@nahuproduciones\" \/>\n<meta name=\"twitter:label1\" content=\"Escrito por\" \/>\n\t<meta name=\"twitter:data1\" content=\"Cecilia Pastrana\" \/>\n\t<meta name=\"twitter:label2\" content=\"Tiempo de lectura\" \/>\n\t<meta name=\"twitter:data2\" content=\"2 minutos\" \/>\n<script type=\"application\/ld+json\" class=\"yoast-schema-graph\">{\"@context\":\"https:\/\/schema.org\",\"@graph\":[{\"@type\":\"WebPage\",\"@id\":\"https:\/\/nahuelproducciones.com.ar\/radioquijano\/abuelo-en-situacion-de-calle\/\",\"url\":\"https:\/\/nahuelproducciones.com.ar\/radioquijano\/abuelo-en-situacion-de-calle\/\",\"name\":\"Abuelo en situaci\u00f3n de Calle. - RQ 99.9\",\"isPartOf\":{\"@id\":\"https:\/\/nahuelproducciones.com.ar\/radioquijano\/#website\"},\"datePublished\":\"2024-06-06T14:44:35+00:00\",\"dateModified\":\"2024-06-06T14:52:17+00:00\",\"author\":{\"@id\":\"https:\/\/nahuelproducciones.com.ar\/radioquijano\/#\/schema\/person\/e8a4f939e2cb487fe6d0c54042c9d32c\"},\"description\":\"Est\u00e1 ahora alojado en una residencia de adultos mayores de forma gratuita.\",\"breadcrumb\":{\"@id\":\"https:\/\/nahuelproducciones.com.ar\/radioquijano\/abuelo-en-situacion-de-calle\/#breadcrumb\"},\"inLanguage\":\"es\",\"potentialAction\":[{\"@type\":\"ReadAction\",\"target\":[\"https:\/\/nahuelproducciones.com.ar\/radioquijano\/abuelo-en-situacion-de-calle\/\"]}]},{\"@type\":\"BreadcrumbList\",\"@id\":\"https:\/\/nahuelproducciones.com.ar\/radioquijano\/abuelo-en-situacion-de-calle\/#breadcrumb\",\"itemListElement\":[{\"@type\":\"ListItem\",\"position\":1,\"name\":\"Portada\",\"item\":\"https:\/\/nahuelproducciones.com.ar\/radioquijano\/\"},{\"@type\":\"ListItem\",\"position\":2,\"name\":\"Abuelo en situaci\u00f3n de Calle.\"}]},{\"@type\":\"WebSite\",\"@id\":\"https:\/\/nahuelproducciones.com.ar\/radioquijano\/#website\",\"url\":\"https:\/\/nahuelproducciones.com.ar\/radioquijano\/\",\"name\":\"RQ 99.9\",\"description\":\"Radio Quijano 99.9 MHz\",\"potentialAction\":[{\"@type\":\"SearchAction\",\"target\":{\"@type\":\"EntryPoint\",\"urlTemplate\":\"https:\/\/nahuelproducciones.com.ar\/radioquijano\/?s={search_term_string}\"},\"query-input\":\"required name=search_term_string\"}],\"inLanguage\":\"es\"},{\"@type\":\"Person\",\"@id\":\"https:\/\/nahuelproducciones.com.ar\/radioquijano\/#\/schema\/person\/e8a4f939e2cb487fe6d0c54042c9d32c\",\"name\":\"Cecilia Pastrana\",\"image\":{\"@type\":\"ImageObject\",\"inLanguage\":\"es\",\"@id\":\"https:\/\/nahuelproducciones.com.ar\/radioquijano\/#\/schema\/person\/image\/\",\"url\":\"https:\/\/secure.gravatar.com\/avatar\/661a3ef63a8488d4f2794ed44af8cf71420f7e106f3072c40125114df5157749?s=96&d=mm&r=g\",\"contentUrl\":\"https:\/\/secure.gravatar.com\/avatar\/661a3ef63a8488d4f2794ed44af8cf71420f7e106f3072c40125114df5157749?s=96&d=mm&r=g\",\"caption\":\"Cecilia Pastrana\"},\"sameAs\":[\"cecy\"],\"url\":\"https:\/\/nahuelproducciones.com.ar\/radioquijano\/author\/cecy\/\"}]}<\/script>\n<!-- \/ Yoast SEO plugin. -->","yoast_head_json":{"title":"Abuelo en situaci\u00f3n de Calle. - RQ 99.9","description":"Est\u00e1 ahora alojado en una residencia de adultos mayores de forma gratuita.","robots":{"index":"index","follow":"follow","max-snippet":"max-snippet:-1","max-image-preview":"max-image-preview:large","max-video-preview":"max-video-preview:-1"},"canonical":"https:\/\/nahuelproducciones.com.ar\/radioquijano\/abuelo-en-situacion-de-calle\/","og_locale":"es_ES","og_type":"article","og_title":"Abuelo en situaci\u00f3n de Calle. - RQ 99.9","og_description":"Est\u00e1 ahora alojado en una residencia de adultos mayores de forma gratuita.","og_url":"https:\/\/nahuelproducciones.com.ar\/radioquijano\/abuelo-en-situacion-de-calle\/","og_site_name":"RQ 99.9","article_publisher":"https:\/\/www.facebook.com\/nahuelproducciones999\/","article_published_time":"2024-06-06T14:44:35+00:00","article_modified_time":"2024-06-06T14:52:17+00:00","og_image":[{"width":526,"height":701,"url":"https:\/\/nahuelproducciones.com.ar\/radioquijano\/wp-content\/uploads\/2024\/06\/444480293_359372303825961_6045069231178800517_n.jpg","type":"image\/jpeg"}],"author":"Cecilia Pastrana","twitter_card":"summary_large_image","twitter_creator":"@nahuproduciones","twitter_site":"@nahuproduciones","twitter_misc":{"Escrito por":"Cecilia Pastrana","Tiempo de lectura":"2 minutos"},"schema":{"@context":"https:\/\/schema.org","@graph":[{"@type":"WebPage","@id":"https:\/\/nahuelproducciones.com.ar\/radioquijano\/abuelo-en-situacion-de-calle\/","url":"https:\/\/nahuelproducciones.com.ar\/radioquijano\/abuelo-en-situacion-de-calle\/","name":"Abuelo en situaci\u00f3n de Calle. - RQ 99.9","isPartOf":{"@id":"https:\/\/nahuelproducciones.com.ar\/radioquijano\/#website"},"datePublished":"2024-06-06T14:44:35+00:00","dateModified":"2024-06-06T14:52:17+00:00","author":{"@id":"https:\/\/nahuelproducciones.com.ar\/radioquijano\/#\/schema\/person\/e8a4f939e2cb487fe6d0c54042c9d32c"},"description":"Est\u00e1 ahora alojado en una residencia de adultos mayores de forma gratuita.","breadcrumb":{"@id":"https:\/\/nahuelproducciones.com.ar\/radioquijano\/abuelo-en-situacion-de-calle\/#breadcrumb"},"inLanguage":"es","potentialAction":[{"@type":"ReadAction","target":["https:\/\/nahuelproducciones.com.ar\/radioquijano\/abuelo-en-situacion-de-calle\/"]}]},{"@type":"BreadcrumbList","@id":"https:\/\/nahuelproducciones.com.ar\/radioquijano\/abuelo-en-situacion-de-calle\/#breadcrumb","itemListElement":[{"@type":"ListItem","position":1,"name":"Portada","item":"https:\/\/nahuelproducciones.com.ar\/radioquijano\/"},{"@type":"ListItem","position":2,"name":"Abuelo en situaci\u00f3n de Calle."}]},{"@type":"WebSite","@id":"https:\/\/nahuelproducciones.com.ar\/radioquijano\/#website","url":"https:\/\/nahuelproducciones.com.ar\/radioquijano\/","name":"RQ 99.9","description":"Radio Quijano 99.9 MHz","potentialAction":[{"@type":"SearchAction","target":{"@type":"EntryPoint","urlTemplate":"https:\/\/nahuelproducciones.com.ar\/radioquijano\/?s={search_term_string}"},"query-input":"required name=search_term_string"}],"inLanguage":"es"},{"@type":"Person","@id":"https:\/\/nahuelproducciones.com.ar\/radioquijano\/#\/schema\/person\/e8a4f939e2cb487fe6d0c54042c9d32c","name":"Cecilia Pastrana","image":{"@type":"ImageObject","inLanguage":"es","@id":"https:\/\/nahuelproducciones.com.ar\/radioquijano\/#\/schema\/person\/image\/","url":"https:\/\/secure.gravatar.com\/avatar\/661a3ef63a8488d4f2794ed44af8cf71420f7e106f3072c40125114df5157749?s=96&d=mm&r=g","contentUrl":"https:\/\/secure.gravatar.com\/avatar\/661a3ef63a8488d4f2794ed44af8cf71420f7e106f3072c40125114df5157749?s=96&d=mm&r=g","caption":"Cecilia Pastrana"},"sameAs":["cecy"],"url":"https:\/\/nahuelproducciones.com.ar\/radioquijano\/author\/cecy\/"}]}},"_links":{"self":[{"href":"https:\/\/nahuelproducciones.com.ar\/radioquijano\/wp-json\/wp\/v2\/posts\/8230","targetHints":{"allow":["GET"]}}],"collection":[{"href":"https:\/\/nahuelproducciones.com.ar\/radioquijano\/wp-json\/wp\/v2\/posts"}],"about":[{"href":"https:\/\/nahuelproducciones.com.ar\/radioquijano\/wp-json\/wp\/v2\/types\/post"}],"author":[{"embeddable":true,"href":"https:\/\/nahuelproducciones.com.ar\/radioquijano\/wp-json\/wp\/v2\/users\/8"}],"replies":[{"embeddable":true,"href":"https:\/\/nahuelproducciones.com.ar\/radioquijano\/wp-json\/wp\/v2\/comments?post=8230"}],"version-history":[{"count":3,"href":"https:\/\/nahuelproducciones.com.ar\/radioquijano\/wp-json\/wp\/v2\/posts\/8230\/revisions"}],"predecessor-version":[{"id":8240,"href":"https:\/\/nahuelproducciones.com.ar\/radioquijano\/wp-json\/wp\/v2\/posts\/8230\/revisions\/8240"}],"wp:featuredmedia":[{"embeddable":true,"href":"https:\/\/nahuelproducciones.com.ar\/radioquijano\/wp-json\/wp\/v2\/media\/8233"}],"wp:attachment":[{"href":"https:\/\/nahuelproducciones.com.ar\/radioquijano\/wp-json\/wp\/v2\/media?parent=8230"}],"wp:term":[{"taxonomy":"category","embeddable":true,"href":"https:\/\/nahuelproducciones.com.ar\/radioquijano\/wp-json\/wp\/v2\/categories?post=8230"},{"taxonomy":"post_tag","embeddable":true,"href":"https:\/\/nahuelproducciones.com.ar\/radioquijano\/wp-json\/wp\/v2\/tags?post=8230"}],"curies":[{"name":"wp","href":"https:\/\/api.w.org\/{rel}","templated":true}]}}