{"id":8245,"date":"2024-06-06T13:12:34","date_gmt":"2024-06-06T16:12:34","guid":{"rendered":"https:\/\/nahuelproducciones.com.ar\/radioquijano\/?p=8245"},"modified":"2024-06-06T13:12:34","modified_gmt":"2024-06-06T16:12:34","slug":"deporte-al-aire-libre","status":"publish","type":"post","link":"https:\/\/nahuelproducciones.com.ar\/radioquijano\/deporte-al-aire-libre\/","title":{"rendered":"Deporte\u00a0al aire libre"},"content":{"rendered":"\n<p>Hacer ejercicio al aire libre puede ofrecer muchos beneficios.<\/p>\n\n\n\n<p>La Municipalidad propone m\u00faltiples actividades recreativas y deportivas para disfrutar de la naturaleza.<\/p>\n\n\n\n<p>Las clases son gratuitas para realizar actividades f\u00edsicas en contacto con la naturaleza y establecer v\u00ednculos sociales con una serie de propuestas deportivas, recreativas e inclusivas que est\u00e1n disponibles para vecinos de todas las edades.<\/p>\n\n\n\n<p>En comunicaci\u00f3n telef\u00f3nica con la Directora de Inclusi\u00f3n Deportiva del municipio, Lic. Florencia Ruax cont\u00f3 que\u00a0est\u00e1n habilitados los Playones de los diferentes barrios de Campo Quijano, como Barrio El Sol, El Milagro, Pipino de Ferreyra, El Portal, 24 de Febrero, San Jorge y Progreso.<\/p>\n\n\n\n<p>Ruax manifest\u00f3 que en el marco de la propuesta comunal se invita a realizar actividad f\u00edsica al aire libre , todos los fines de semana y a realizar senderismo, Trekking destinado para todas las edades.<\/p>\n\n\n\n<p>Record\u00f3 que el pr\u00f3ximo fin de semana se realizar\u00e1 Trekking en el cerro de La Cruz e invitan a\u00a0vivir una hermosa experiencia y crear recuerdos.<\/p>\n\n\n\n<p>Escucha la entrevista:<\/p>\n\n\n\n<figure class=\"wp-block-audio\"><audio controls src=\"https:\/\/nahuelproducciones.com.ar\/radioquijano\/wp-content\/uploads\/2024\/06\/3-06-2024-LIC-FLORENCIA-RUAX-SLIDAS-Y-PLAYONESDIRECTORA-DE-DEPORTE-INCLUSIVO.mp3\"><\/audio><\/figure>\n","protected":false},"excerpt":{"rendered":"<p>Hacer ejercicio al aire libre puede ofrecer muchos beneficios. La Municipalidad propone m\u00faltiples actividades recreativas y deportivas para disfrutar de la naturaleza. Las clases son gratuitas para realizar actividades f\u00edsicas en contacto con la naturaleza y establecer v\u00ednculos sociales con una serie de propuestas deportivas, recreativas e inclusivas que est\u00e1n disponibles para vecinos de todas [&hellip;]<\/p>\n","protected":false},"author":8,"featured_media":8247,"comment_status":"open","ping_status":"open","sticky":false,"template":"","format":"standard","meta":{"_monsterinsights_skip_tracking":false,"_monsterinsights_sitenote_active":false,"_monsterinsights_sitenote_note":"","_monsterinsights_sitenote_category":0,"footnotes":""},"categories":[16],"tags":[251,100],"class_list":["post-8245","post","type-post","status-publish","format-standard","has-post-thumbnail","hentry","category-noticias","tag-direccion-de-deportes-de-campo-quijano","tag-municipio-de-campo-quijano"],"yoast_head":"<!-- This site is optimized with the Yoast SEO plugin v20.8 - https:\/\/yoast.com\/wordpress\/plugins\/seo\/ -->\n<title>Deporte\u00a0al aire libre - RQ 99.9<\/title>\n<meta name=\"description\" content=\"Record\u00f3 que el pr\u00f3ximo fin de semana se realizar\u00e1 Trekking en el cerro de La Cruz e invitan a\u00a0vivir una hermosa experiencia y crear recuerdos.\" \/>\n<meta name=\"robots\" content=\"index, follow, max-snippet:-1, max-image-preview:large, max-video-preview:-1\" \/>\n<link rel=\"canonical\" href=\"https:\/\/nahuelproducciones.com.ar\/radioquijano\/deporte-al-aire-libre\/\" \/>\n<meta property=\"og:locale\" content=\"es_ES\" \/>\n<meta property=\"og:type\" content=\"article\" \/>\n<meta property=\"og:title\" content=\"Deporte\u00a0al aire libre - RQ 99.9\" \/>\n<meta property=\"og:description\" content=\"Record\u00f3 que el pr\u00f3ximo fin de semana se realizar\u00e1 Trekking en el cerro de La Cruz e invitan a\u00a0vivir una hermosa experiencia y crear recuerdos.\" \/>\n<meta property=\"og:url\" content=\"https:\/\/nahuelproducciones.com.ar\/radioquijano\/deporte-al-aire-libre\/\" \/>\n<meta property=\"og:site_name\" content=\"RQ 99.9\" \/>\n<meta property=\"article:publisher\" content=\"https:\/\/www.facebook.com\/nahuelproducciones999\/\" \/>\n<meta property=\"article:published_time\" content=\"2024-06-06T16:12:34+00:00\" \/>\n<meta property=\"og:image\" content=\"https:\/\/nahuelproducciones.com.ar\/radioquijano\/wp-content\/uploads\/2024\/06\/445528277_862243109265434_8478665253785430273_n-e1717690342785.jpg\" \/>\n\t<meta property=\"og:image:width\" content=\"700\" \/>\n\t<meta property=\"og:image:height\" content=\"875\" \/>\n\t<meta property=\"og:image:type\" content=\"image\/jpeg\" \/>\n<meta name=\"author\" content=\"Cecilia Pastrana\" \/>\n<meta name=\"twitter:card\" content=\"summary_large_image\" \/>\n<meta name=\"twitter:creator\" content=\"@nahuproduciones\" \/>\n<meta name=\"twitter:site\" content=\"@nahuproduciones\" \/>\n<meta name=\"twitter:label1\" content=\"Escrito por\" \/>\n\t<meta name=\"twitter:data1\" content=\"Cecilia Pastrana\" \/>\n\t<meta name=\"twitter:label2\" content=\"Tiempo de lectura\" \/>\n\t<meta name=\"twitter:data2\" content=\"1 minuto\" \/>\n<script type=\"application\/ld+json\" class=\"yoast-schema-graph\">{\"@context\":\"https:\/\/schema.org\",\"@graph\":[{\"@type\":\"WebPage\",\"@id\":\"https:\/\/nahuelproducciones.com.ar\/radioquijano\/deporte-al-aire-libre\/\",\"url\":\"https:\/\/nahuelproducciones.com.ar\/radioquijano\/deporte-al-aire-libre\/\",\"name\":\"Deporte\u00a0al aire libre - RQ 99.9\",\"isPartOf\":{\"@id\":\"https:\/\/nahuelproducciones.com.ar\/radioquijano\/#website\"},\"datePublished\":\"2024-06-06T16:12:34+00:00\",\"dateModified\":\"2024-06-06T16:12:34+00:00\",\"author\":{\"@id\":\"https:\/\/nahuelproducciones.com.ar\/radioquijano\/#\/schema\/person\/e8a4f939e2cb487fe6d0c54042c9d32c\"},\"description\":\"Record\u00f3 que el pr\u00f3ximo fin de semana se realizar\u00e1 Trekking en el cerro de La Cruz e invitan a\u00a0vivir una hermosa experiencia y crear recuerdos.\",\"breadcrumb\":{\"@id\":\"https:\/\/nahuelproducciones.com.ar\/radioquijano\/deporte-al-aire-libre\/#breadcrumb\"},\"inLanguage\":\"es\",\"potentialAction\":[{\"@type\":\"ReadAction\",\"target\":[\"https:\/\/nahuelproducciones.com.ar\/radioquijano\/deporte-al-aire-libre\/\"]}]},{\"@type\":\"BreadcrumbList\",\"@id\":\"https:\/\/nahuelproducciones.com.ar\/radioquijano\/deporte-al-aire-libre\/#breadcrumb\",\"itemListElement\":[{\"@type\":\"ListItem\",\"position\":1,\"name\":\"Portada\",\"item\":\"https:\/\/nahuelproducciones.com.ar\/radioquijano\/\"},{\"@type\":\"ListItem\",\"position\":2,\"name\":\"Deporte\u00a0al aire libre\"}]},{\"@type\":\"WebSite\",\"@id\":\"https:\/\/nahuelproducciones.com.ar\/radioquijano\/#website\",\"url\":\"https:\/\/nahuelproducciones.com.ar\/radioquijano\/\",\"name\":\"RQ 99.9\",\"description\":\"Radio Quijano 99.9 MHz\",\"potentialAction\":[{\"@type\":\"SearchAction\",\"target\":{\"@type\":\"EntryPoint\",\"urlTemplate\":\"https:\/\/nahuelproducciones.com.ar\/radioquijano\/?s={search_term_string}\"},\"query-input\":\"required name=search_term_string\"}],\"inLanguage\":\"es\"},{\"@type\":\"Person\",\"@id\":\"https:\/\/nahuelproducciones.com.ar\/radioquijano\/#\/schema\/person\/e8a4f939e2cb487fe6d0c54042c9d32c\",\"name\":\"Cecilia Pastrana\",\"image\":{\"@type\":\"ImageObject\",\"inLanguage\":\"es\",\"@id\":\"https:\/\/nahuelproducciones.com.ar\/radioquijano\/#\/schema\/person\/image\/\",\"url\":\"https:\/\/secure.gravatar.com\/avatar\/661a3ef63a8488d4f2794ed44af8cf71420f7e106f3072c40125114df5157749?s=96&d=mm&r=g\",\"contentUrl\":\"https:\/\/secure.gravatar.com\/avatar\/661a3ef63a8488d4f2794ed44af8cf71420f7e106f3072c40125114df5157749?s=96&d=mm&r=g\",\"caption\":\"Cecilia Pastrana\"},\"sameAs\":[\"cecy\"],\"url\":\"https:\/\/nahuelproducciones.com.ar\/radioquijano\/author\/cecy\/\"}]}<\/script>\n<!-- \/ Yoast SEO plugin. -->","yoast_head_json":{"title":"Deporte\u00a0al aire libre - RQ 99.9","description":"Record\u00f3 que el pr\u00f3ximo fin de semana se realizar\u00e1 Trekking en el cerro de La Cruz e invitan a\u00a0vivir una hermosa experiencia y crear recuerdos.","robots":{"index":"index","follow":"follow","max-snippet":"max-snippet:-1","max-image-preview":"max-image-preview:large","max-video-preview":"max-video-preview:-1"},"canonical":"https:\/\/nahuelproducciones.com.ar\/radioquijano\/deporte-al-aire-libre\/","og_locale":"es_ES","og_type":"article","og_title":"Deporte\u00a0al aire libre - RQ 99.9","og_description":"Record\u00f3 que el pr\u00f3ximo fin de semana se realizar\u00e1 Trekking en el cerro de La Cruz e invitan a\u00a0vivir una hermosa experiencia y crear recuerdos.","og_url":"https:\/\/nahuelproducciones.com.ar\/radioquijano\/deporte-al-aire-libre\/","og_site_name":"RQ 99.9","article_publisher":"https:\/\/www.facebook.com\/nahuelproducciones999\/","article_published_time":"2024-06-06T16:12:34+00:00","og_image":[{"width":700,"height":875,"url":"https:\/\/nahuelproducciones.com.ar\/radioquijano\/wp-content\/uploads\/2024\/06\/445528277_862243109265434_8478665253785430273_n-e1717690342785.jpg","type":"image\/jpeg"}],"author":"Cecilia Pastrana","twitter_card":"summary_large_image","twitter_creator":"@nahuproduciones","twitter_site":"@nahuproduciones","twitter_misc":{"Escrito por":"Cecilia Pastrana","Tiempo de lectura":"1 minuto"},"schema":{"@context":"https:\/\/schema.org","@graph":[{"@type":"WebPage","@id":"https:\/\/nahuelproducciones.com.ar\/radioquijano\/deporte-al-aire-libre\/","url":"https:\/\/nahuelproducciones.com.ar\/radioquijano\/deporte-al-aire-libre\/","name":"Deporte\u00a0al aire libre - RQ 99.9","isPartOf":{"@id":"https:\/\/nahuelproducciones.com.ar\/radioquijano\/#website"},"datePublished":"2024-06-06T16:12:34+00:00","dateModified":"2024-06-06T16:12:34+00:00","author":{"@id":"https:\/\/nahuelproducciones.com.ar\/radioquijano\/#\/schema\/person\/e8a4f939e2cb487fe6d0c54042c9d32c"},"description":"Record\u00f3 que el pr\u00f3ximo fin de semana se realizar\u00e1 Trekking en el cerro de La Cruz e invitan a\u00a0vivir una hermosa experiencia y crear recuerdos.","breadcrumb":{"@id":"https:\/\/nahuelproducciones.com.ar\/radioquijano\/deporte-al-aire-libre\/#breadcrumb"},"inLanguage":"es","potentialAction":[{"@type":"ReadAction","target":["https:\/\/nahuelproducciones.com.ar\/radioquijano\/deporte-al-aire-libre\/"]}]},{"@type":"BreadcrumbList","@id":"https:\/\/nahuelproducciones.com.ar\/radioquijano\/deporte-al-aire-libre\/#breadcrumb","itemListElement":[{"@type":"ListItem","position":1,"name":"Portada","item":"https:\/\/nahuelproducciones.com.ar\/radioquijano\/"},{"@type":"ListItem","position":2,"name":"Deporte\u00a0al aire libre"}]},{"@type":"WebSite","@id":"https:\/\/nahuelproducciones.com.ar\/radioquijano\/#website","url":"https:\/\/nahuelproducciones.com.ar\/radioquijano\/","name":"RQ 99.9","description":"Radio Quijano 99.9 MHz","potentialAction":[{"@type":"SearchAction","target":{"@type":"EntryPoint","urlTemplate":"https:\/\/nahuelproducciones.com.ar\/radioquijano\/?s={search_term_string}"},"query-input":"required name=search_term_string"}],"inLanguage":"es"},{"@type":"Person","@id":"https:\/\/nahuelproducciones.com.ar\/radioquijano\/#\/schema\/person\/e8a4f939e2cb487fe6d0c54042c9d32c","name":"Cecilia Pastrana","image":{"@type":"ImageObject","inLanguage":"es","@id":"https:\/\/nahuelproducciones.com.ar\/radioquijano\/#\/schema\/person\/image\/","url":"https:\/\/secure.gravatar.com\/avatar\/661a3ef63a8488d4f2794ed44af8cf71420f7e106f3072c40125114df5157749?s=96&d=mm&r=g","contentUrl":"https:\/\/secure.gravatar.com\/avatar\/661a3ef63a8488d4f2794ed44af8cf71420f7e106f3072c40125114df5157749?s=96&d=mm&r=g","caption":"Cecilia Pastrana"},"sameAs":["cecy"],"url":"https:\/\/nahuelproducciones.com.ar\/radioquijano\/author\/cecy\/"}]}},"_links":{"self":[{"href":"https:\/\/nahuelproducciones.com.ar\/radioquijano\/wp-json\/wp\/v2\/posts\/8245","targetHints":{"allow":["GET"]}}],"collection":[{"href":"https:\/\/nahuelproducciones.com.ar\/radioquijano\/wp-json\/wp\/v2\/posts"}],"about":[{"href":"https:\/\/nahuelproducciones.com.ar\/radioquijano\/wp-json\/wp\/v2\/types\/post"}],"author":[{"embeddable":true,"href":"https:\/\/nahuelproducciones.com.ar\/radioquijano\/wp-json\/wp\/v2\/users\/8"}],"replies":[{"embeddable":true,"href":"https:\/\/nahuelproducciones.com.ar\/radioquijano\/wp-json\/wp\/v2\/comments?post=8245"}],"version-history":[{"count":1,"href":"https:\/\/nahuelproducciones.com.ar\/radioquijano\/wp-json\/wp\/v2\/posts\/8245\/revisions"}],"predecessor-version":[{"id":8248,"href":"https:\/\/nahuelproducciones.com.ar\/radioquijano\/wp-json\/wp\/v2\/posts\/8245\/revisions\/8248"}],"wp:featuredmedia":[{"embeddable":true,"href":"https:\/\/nahuelproducciones.com.ar\/radioquijano\/wp-json\/wp\/v2\/media\/8247"}],"wp:attachment":[{"href":"https:\/\/nahuelproducciones.com.ar\/radioquijano\/wp-json\/wp\/v2\/media?parent=8245"}],"wp:term":[{"taxonomy":"category","embeddable":true,"href":"https:\/\/nahuelproducciones.com.ar\/radioquijano\/wp-json\/wp\/v2\/categories?post=8245"},{"taxonomy":"post_tag","embeddable":true,"href":"https:\/\/nahuelproducciones.com.ar\/radioquijano\/wp-json\/wp\/v2\/tags?post=8245"}],"curies":[{"name":"wp","href":"https:\/\/api.w.org\/{rel}","templated":true}]}}