{"id":8257,"date":"2024-06-06T15:07:33","date_gmt":"2024-06-06T18:07:33","guid":{"rendered":"https:\/\/nahuelproducciones.com.ar\/radioquijano\/?p=8257"},"modified":"2024-06-06T15:07:34","modified_gmt":"2024-06-06T18:07:34","slug":"futuras-lideres-en-campo-quijano","status":"publish","type":"post","link":"https:\/\/nahuelproducciones.com.ar\/radioquijano\/futuras-lideres-en-campo-quijano\/","title":{"rendered":"Futuras l\u00edderes en Campo Quijano"},"content":{"rendered":"\n<p>La Directora de la Oficina de mujer y diversidad de genero, Valeria Tolaba en Comunicaci\u00f3n con RQ99.9Mhz invita a todas las mujeres a sumarse a los encuentros y talleres de crecimiento que se realizar\u00e1n en el municipio, as\u00ed compartir proyectos y experiencias .<\/p>\n\n\n\n<p>Se busca construir una\u00a0<strong>Red\u00a0de mujeres\u00a0<\/strong>que incentive la participaci\u00f3n y la colaboraci\u00f3n en las mismas. Los encuentros se realizar\u00e1n martes y jueves de 9:30 hs a 11:30 hs y 15:00 hs a 17:00 hs<\/p>\n\n\n\n<p>Desde la oficina de la mujer dijo Tolaba que se contara con una Psic\u00f3loga, Vilma Cortes que escuchara y brindara acompa\u00f1amiento los d\u00edas jueves de 15:00 hs a 17:00 hs.<\/p>\n\n\n\n<p>Para mayor informaci\u00f3n pueden acercarse al excolegio Maury, en la Oficina de la Mujer y diversidad de G\u00e9nero.<\/p>\n\n\n\n<p>Tolaba cont\u00f3 que  el marco del proyecto \u00abLa importancia del rol de la mujer en la Gesta Patria\u00bb del Municipio de Campo Quijano, se invit\u00f3 al Programa de Conservaci\u00f3n y Restauraci\u00f3n de la provincia de Salta, a dar una charla sobre la intervenci\u00f3n realizada en el \u00abMant\u00f3n de Macacha G\u00fcemes\u201d. <\/p>\n\n\n\n<p>La misma se realizar\u00e1 el d\u00eda viernes \u00a07 de 10:00 hs a 12:00 hs con entrada libre y gratuita en la Casa de la Cultura de Campo Quijano.\u00a0 El d\u00eda 7 de junio se conmemora la muerte de Macacha G\u00fcemes, la actividad tiene por objetivo concientizar a la comunidad de la importancia de la Preservaci\u00f3n del Patrimonio, como as\u00ed tambi\u00e9n difundir el rol de la mujer en la Gesta Patria.<\/p>\n\n\n\n<p>Escucha la entrevista:<\/p>\n\n\n\n<figure class=\"wp-block-audio\"><audio controls src=\"https:\/\/nahuelproducciones.com.ar\/radioquijano\/wp-content\/uploads\/2024\/06\/05-06-2024-VALERIA-TOLABA-DIRECCION-MUJER-Y-GENERO-PSICOLOGA-Y-VIERNES-TEMA-MACACHA-GUEMES.mp3\"><\/audio><\/figure>\n","protected":false},"excerpt":{"rendered":"<p>La Directora de la Oficina de mujer y diversidad de genero, Valeria Tolaba en Comunicaci\u00f3n con RQ99.9Mhz invita a todas las mujeres a sumarse a los encuentros y talleres de crecimiento que se realizar\u00e1n en el municipio, as\u00ed compartir proyectos y experiencias . Se busca construir una\u00a0Red\u00a0de mujeres\u00a0que incentive la participaci\u00f3n y la colaboraci\u00f3n en [&hellip;]<\/p>\n","protected":false},"author":8,"featured_media":8259,"comment_status":"open","ping_status":"open","sticky":false,"template":"","format":"standard","meta":{"_monsterinsights_skip_tracking":false,"_monsterinsights_sitenote_active":false,"_monsterinsights_sitenote_note":"","_monsterinsights_sitenote_category":0,"footnotes":""},"categories":[16],"tags":[1554,100],"class_list":["post-8257","post","type-post","status-publish","format-standard","has-post-thumbnail","hentry","category-noticias","tag-direccion-de-la-oficina-de-la-mujer-y-diversidad-de-genero","tag-municipio-de-campo-quijano"],"yoast_head":"<!-- This site is optimized with the Yoast SEO plugin v20.8 - https:\/\/yoast.com\/wordpress\/plugins\/seo\/ -->\n<title>Futuras l\u00edderes en Campo Quijano - RQ 99.9<\/title>\n<meta name=\"description\" content=\"Se busca construir una\u00a0Red\u00a0de mujeres\u00a0que incentive la participaci\u00f3n y la colaboraci\u00f3n en las mismas. Los encuentros se realizar\u00e1n martes y jueves de 9:30 hs a 11:30 hs y 15:00 hs a 17:00 hs\" \/>\n<meta name=\"robots\" content=\"index, follow, max-snippet:-1, max-image-preview:large, max-video-preview:-1\" \/>\n<link rel=\"canonical\" href=\"https:\/\/nahuelproducciones.com.ar\/radioquijano\/futuras-lideres-en-campo-quijano\/\" \/>\n<meta property=\"og:locale\" content=\"es_ES\" \/>\n<meta property=\"og:type\" content=\"article\" \/>\n<meta property=\"og:title\" content=\"Futuras l\u00edderes en Campo Quijano - RQ 99.9\" \/>\n<meta property=\"og:description\" content=\"Se busca construir una\u00a0Red\u00a0de mujeres\u00a0que incentive la participaci\u00f3n y la colaboraci\u00f3n en las mismas. Los encuentros se realizar\u00e1n martes y jueves de 9:30 hs a 11:30 hs y 15:00 hs a 17:00 hs\" \/>\n<meta property=\"og:url\" content=\"https:\/\/nahuelproducciones.com.ar\/radioquijano\/futuras-lideres-en-campo-quijano\/\" \/>\n<meta property=\"og:site_name\" content=\"RQ 99.9\" \/>\n<meta property=\"article:publisher\" content=\"https:\/\/www.facebook.com\/nahuelproducciones999\/\" \/>\n<meta property=\"article:published_time\" content=\"2024-06-06T18:07:33+00:00\" \/>\n<meta property=\"article:modified_time\" content=\"2024-06-06T18:07:34+00:00\" \/>\n<meta property=\"og:image\" content=\"https:\/\/nahuelproducciones.com.ar\/radioquijano\/wp-content\/uploads\/2024\/06\/441925684_859164792906599_2277281930611804846_n-e1717697226312.jpg\" \/>\n\t<meta property=\"og:image:width\" content=\"700\" \/>\n\t<meta property=\"og:image:height\" content=\"1244\" \/>\n\t<meta property=\"og:image:type\" content=\"image\/jpeg\" \/>\n<meta name=\"author\" content=\"Cecilia Pastrana\" \/>\n<meta name=\"twitter:card\" content=\"summary_large_image\" \/>\n<meta name=\"twitter:creator\" content=\"@nahuproduciones\" \/>\n<meta name=\"twitter:site\" content=\"@nahuproduciones\" \/>\n<meta name=\"twitter:label1\" content=\"Escrito por\" \/>\n\t<meta name=\"twitter:data1\" content=\"Cecilia Pastrana\" \/>\n\t<meta name=\"twitter:label2\" content=\"Tiempo de lectura\" \/>\n\t<meta name=\"twitter:data2\" content=\"2 minutos\" \/>\n<script type=\"application\/ld+json\" class=\"yoast-schema-graph\">{\"@context\":\"https:\/\/schema.org\",\"@graph\":[{\"@type\":\"WebPage\",\"@id\":\"https:\/\/nahuelproducciones.com.ar\/radioquijano\/futuras-lideres-en-campo-quijano\/\",\"url\":\"https:\/\/nahuelproducciones.com.ar\/radioquijano\/futuras-lideres-en-campo-quijano\/\",\"name\":\"Futuras l\u00edderes en Campo Quijano - RQ 99.9\",\"isPartOf\":{\"@id\":\"https:\/\/nahuelproducciones.com.ar\/radioquijano\/#website\"},\"datePublished\":\"2024-06-06T18:07:33+00:00\",\"dateModified\":\"2024-06-06T18:07:34+00:00\",\"author\":{\"@id\":\"https:\/\/nahuelproducciones.com.ar\/radioquijano\/#\/schema\/person\/e8a4f939e2cb487fe6d0c54042c9d32c\"},\"description\":\"Se busca construir una\u00a0Red\u00a0de mujeres\u00a0que incentive la participaci\u00f3n y la colaboraci\u00f3n en las mismas. Los encuentros se realizar\u00e1n martes y jueves de 9:30 hs a 11:30 hs y 15:00 hs a 17:00 hs\",\"breadcrumb\":{\"@id\":\"https:\/\/nahuelproducciones.com.ar\/radioquijano\/futuras-lideres-en-campo-quijano\/#breadcrumb\"},\"inLanguage\":\"es\",\"potentialAction\":[{\"@type\":\"ReadAction\",\"target\":[\"https:\/\/nahuelproducciones.com.ar\/radioquijano\/futuras-lideres-en-campo-quijano\/\"]}]},{\"@type\":\"BreadcrumbList\",\"@id\":\"https:\/\/nahuelproducciones.com.ar\/radioquijano\/futuras-lideres-en-campo-quijano\/#breadcrumb\",\"itemListElement\":[{\"@type\":\"ListItem\",\"position\":1,\"name\":\"Portada\",\"item\":\"https:\/\/nahuelproducciones.com.ar\/radioquijano\/\"},{\"@type\":\"ListItem\",\"position\":2,\"name\":\"Futuras l\u00edderes en Campo Quijano\"}]},{\"@type\":\"WebSite\",\"@id\":\"https:\/\/nahuelproducciones.com.ar\/radioquijano\/#website\",\"url\":\"https:\/\/nahuelproducciones.com.ar\/radioquijano\/\",\"name\":\"RQ 99.9\",\"description\":\"Radio Quijano 99.9 MHz\",\"potentialAction\":[{\"@type\":\"SearchAction\",\"target\":{\"@type\":\"EntryPoint\",\"urlTemplate\":\"https:\/\/nahuelproducciones.com.ar\/radioquijano\/?s={search_term_string}\"},\"query-input\":\"required name=search_term_string\"}],\"inLanguage\":\"es\"},{\"@type\":\"Person\",\"@id\":\"https:\/\/nahuelproducciones.com.ar\/radioquijano\/#\/schema\/person\/e8a4f939e2cb487fe6d0c54042c9d32c\",\"name\":\"Cecilia Pastrana\",\"image\":{\"@type\":\"ImageObject\",\"inLanguage\":\"es\",\"@id\":\"https:\/\/nahuelproducciones.com.ar\/radioquijano\/#\/schema\/person\/image\/\",\"url\":\"https:\/\/secure.gravatar.com\/avatar\/661a3ef63a8488d4f2794ed44af8cf71420f7e106f3072c40125114df5157749?s=96&d=mm&r=g\",\"contentUrl\":\"https:\/\/secure.gravatar.com\/avatar\/661a3ef63a8488d4f2794ed44af8cf71420f7e106f3072c40125114df5157749?s=96&d=mm&r=g\",\"caption\":\"Cecilia Pastrana\"},\"sameAs\":[\"cecy\"],\"url\":\"https:\/\/nahuelproducciones.com.ar\/radioquijano\/author\/cecy\/\"}]}<\/script>\n<!-- \/ Yoast SEO plugin. -->","yoast_head_json":{"title":"Futuras l\u00edderes en Campo Quijano - RQ 99.9","description":"Se busca construir una\u00a0Red\u00a0de mujeres\u00a0que incentive la participaci\u00f3n y la colaboraci\u00f3n en las mismas. Los encuentros se realizar\u00e1n martes y jueves de 9:30 hs a 11:30 hs y 15:00 hs a 17:00 hs","robots":{"index":"index","follow":"follow","max-snippet":"max-snippet:-1","max-image-preview":"max-image-preview:large","max-video-preview":"max-video-preview:-1"},"canonical":"https:\/\/nahuelproducciones.com.ar\/radioquijano\/futuras-lideres-en-campo-quijano\/","og_locale":"es_ES","og_type":"article","og_title":"Futuras l\u00edderes en Campo Quijano - RQ 99.9","og_description":"Se busca construir una\u00a0Red\u00a0de mujeres\u00a0que incentive la participaci\u00f3n y la colaboraci\u00f3n en las mismas. Los encuentros se realizar\u00e1n martes y jueves de 9:30 hs a 11:30 hs y 15:00 hs a 17:00 hs","og_url":"https:\/\/nahuelproducciones.com.ar\/radioquijano\/futuras-lideres-en-campo-quijano\/","og_site_name":"RQ 99.9","article_publisher":"https:\/\/www.facebook.com\/nahuelproducciones999\/","article_published_time":"2024-06-06T18:07:33+00:00","article_modified_time":"2024-06-06T18:07:34+00:00","og_image":[{"width":700,"height":1244,"url":"https:\/\/nahuelproducciones.com.ar\/radioquijano\/wp-content\/uploads\/2024\/06\/441925684_859164792906599_2277281930611804846_n-e1717697226312.jpg","type":"image\/jpeg"}],"author":"Cecilia Pastrana","twitter_card":"summary_large_image","twitter_creator":"@nahuproduciones","twitter_site":"@nahuproduciones","twitter_misc":{"Escrito por":"Cecilia Pastrana","Tiempo de lectura":"2 minutos"},"schema":{"@context":"https:\/\/schema.org","@graph":[{"@type":"WebPage","@id":"https:\/\/nahuelproducciones.com.ar\/radioquijano\/futuras-lideres-en-campo-quijano\/","url":"https:\/\/nahuelproducciones.com.ar\/radioquijano\/futuras-lideres-en-campo-quijano\/","name":"Futuras l\u00edderes en Campo Quijano - RQ 99.9","isPartOf":{"@id":"https:\/\/nahuelproducciones.com.ar\/radioquijano\/#website"},"datePublished":"2024-06-06T18:07:33+00:00","dateModified":"2024-06-06T18:07:34+00:00","author":{"@id":"https:\/\/nahuelproducciones.com.ar\/radioquijano\/#\/schema\/person\/e8a4f939e2cb487fe6d0c54042c9d32c"},"description":"Se busca construir una\u00a0Red\u00a0de mujeres\u00a0que incentive la participaci\u00f3n y la colaboraci\u00f3n en las mismas. Los encuentros se realizar\u00e1n martes y jueves de 9:30 hs a 11:30 hs y 15:00 hs a 17:00 hs","breadcrumb":{"@id":"https:\/\/nahuelproducciones.com.ar\/radioquijano\/futuras-lideres-en-campo-quijano\/#breadcrumb"},"inLanguage":"es","potentialAction":[{"@type":"ReadAction","target":["https:\/\/nahuelproducciones.com.ar\/radioquijano\/futuras-lideres-en-campo-quijano\/"]}]},{"@type":"BreadcrumbList","@id":"https:\/\/nahuelproducciones.com.ar\/radioquijano\/futuras-lideres-en-campo-quijano\/#breadcrumb","itemListElement":[{"@type":"ListItem","position":1,"name":"Portada","item":"https:\/\/nahuelproducciones.com.ar\/radioquijano\/"},{"@type":"ListItem","position":2,"name":"Futuras l\u00edderes en Campo Quijano"}]},{"@type":"WebSite","@id":"https:\/\/nahuelproducciones.com.ar\/radioquijano\/#website","url":"https:\/\/nahuelproducciones.com.ar\/radioquijano\/","name":"RQ 99.9","description":"Radio Quijano 99.9 MHz","potentialAction":[{"@type":"SearchAction","target":{"@type":"EntryPoint","urlTemplate":"https:\/\/nahuelproducciones.com.ar\/radioquijano\/?s={search_term_string}"},"query-input":"required name=search_term_string"}],"inLanguage":"es"},{"@type":"Person","@id":"https:\/\/nahuelproducciones.com.ar\/radioquijano\/#\/schema\/person\/e8a4f939e2cb487fe6d0c54042c9d32c","name":"Cecilia Pastrana","image":{"@type":"ImageObject","inLanguage":"es","@id":"https:\/\/nahuelproducciones.com.ar\/radioquijano\/#\/schema\/person\/image\/","url":"https:\/\/secure.gravatar.com\/avatar\/661a3ef63a8488d4f2794ed44af8cf71420f7e106f3072c40125114df5157749?s=96&d=mm&r=g","contentUrl":"https:\/\/secure.gravatar.com\/avatar\/661a3ef63a8488d4f2794ed44af8cf71420f7e106f3072c40125114df5157749?s=96&d=mm&r=g","caption":"Cecilia Pastrana"},"sameAs":["cecy"],"url":"https:\/\/nahuelproducciones.com.ar\/radioquijano\/author\/cecy\/"}]}},"_links":{"self":[{"href":"https:\/\/nahuelproducciones.com.ar\/radioquijano\/wp-json\/wp\/v2\/posts\/8257","targetHints":{"allow":["GET"]}}],"collection":[{"href":"https:\/\/nahuelproducciones.com.ar\/radioquijano\/wp-json\/wp\/v2\/posts"}],"about":[{"href":"https:\/\/nahuelproducciones.com.ar\/radioquijano\/wp-json\/wp\/v2\/types\/post"}],"author":[{"embeddable":true,"href":"https:\/\/nahuelproducciones.com.ar\/radioquijano\/wp-json\/wp\/v2\/users\/8"}],"replies":[{"embeddable":true,"href":"https:\/\/nahuelproducciones.com.ar\/radioquijano\/wp-json\/wp\/v2\/comments?post=8257"}],"version-history":[{"count":1,"href":"https:\/\/nahuelproducciones.com.ar\/radioquijano\/wp-json\/wp\/v2\/posts\/8257\/revisions"}],"predecessor-version":[{"id":8260,"href":"https:\/\/nahuelproducciones.com.ar\/radioquijano\/wp-json\/wp\/v2\/posts\/8257\/revisions\/8260"}],"wp:featuredmedia":[{"embeddable":true,"href":"https:\/\/nahuelproducciones.com.ar\/radioquijano\/wp-json\/wp\/v2\/media\/8259"}],"wp:attachment":[{"href":"https:\/\/nahuelproducciones.com.ar\/radioquijano\/wp-json\/wp\/v2\/media?parent=8257"}],"wp:term":[{"taxonomy":"category","embeddable":true,"href":"https:\/\/nahuelproducciones.com.ar\/radioquijano\/wp-json\/wp\/v2\/categories?post=8257"},{"taxonomy":"post_tag","embeddable":true,"href":"https:\/\/nahuelproducciones.com.ar\/radioquijano\/wp-json\/wp\/v2\/tags?post=8257"}],"curies":[{"name":"wp","href":"https:\/\/api.w.org\/{rel}","templated":true}]}}