{"id":8262,"date":"2024-06-06T16:18:23","date_gmt":"2024-06-06T19:18:23","guid":{"rendered":"https:\/\/nahuelproducciones.com.ar\/radioquijano\/?p=8262"},"modified":"2024-06-06T16:18:59","modified_gmt":"2024-06-06T19:18:59","slug":"capacitaciones-de-mineria-en-campo-quijano","status":"publish","type":"post","link":"https:\/\/nahuelproducciones.com.ar\/radioquijano\/capacitaciones-de-mineria-en-campo-quijano\/","title":{"rendered":"Capacitaciones de miner\u00eda\u00a0en Campo Quijano."},"content":{"rendered":"\n<p>En una entrevista telef\u00f3nica con RQ99.9MHz, el Director de Empleo, Capacitaci\u00f3n y Producci\u00f3n, Luis Nu\u00f1o, destac\u00f3 que el desarrollo minero en la provincia ha generado grandes expectativas para el mercado laboral. Por ello, desde el municipio se est\u00e1n organizando<\/p>\n\n\n\n<p>Nu\u00f1o subray\u00f3 la importancia de la preparaci\u00f3n para cualquier trabajo, algo que los residentes locales reconocen. De hecho, mencion\u00f3 que muchos acudieron al municipio desde temprano para inscribirse en los cursos. Se ampli\u00f3 el plazo de inscripci\u00f3n hasta las 13:00 horas de hoy.<\/p>\n\n\n\n<p>Los cursos ofrecidos son \u00abParam\u00e9dico Minero\u00bb y \u00abManejo de Maquinarias Pesadas\u00bb. Ambos iniciar\u00e1n con una clase inaugural el s\u00e1bado 8 de junio a las 18:00 horas en Casa de La Cultura.<\/p>\n\n\n\n<p>Las inscripciones se llevaron a cabo los d\u00edas 5 y 6 de junio en el Edificio Municipal. Se estima que m\u00e1s de 600 personas podr\u00e1n obtener certificaci\u00f3n<\/p>\n\n\n\n<p><\/p>\n\n\n\n<figure class=\"wp-block-audio\"><audio controls src=\"https:\/\/nahuelproducciones.com.ar\/radioquijano\/wp-content\/uploads\/2024\/06\/06-06-2024-LUIS-NUNO-DIRECTOR-DE-EMPLEO-AMPLIAN-CUPO-PARA-CURSO-DEMINERIA.mp3\"><\/audio><\/figure>\n","protected":false},"excerpt":{"rendered":"<p>En una entrevista telef\u00f3nica con RQ99.9MHz, el Director de Empleo, Capacitaci\u00f3n y Producci\u00f3n, Luis Nu\u00f1o, destac\u00f3 que el desarrollo minero en la provincia ha generado grandes expectativas para el mercado laboral. Por ello, desde el municipio se est\u00e1n organizando Nu\u00f1o subray\u00f3 la importancia de la preparaci\u00f3n para cualquier trabajo, algo que los residentes locales reconocen. [&hellip;]<\/p>\n","protected":false},"author":8,"featured_media":8264,"comment_status":"open","ping_status":"open","sticky":false,"template":"","format":"standard","meta":{"_monsterinsights_skip_tracking":false,"_monsterinsights_sitenote_active":false,"_monsterinsights_sitenote_note":"","_monsterinsights_sitenote_category":0,"footnotes":""},"categories":[16],"tags":[1555,100],"class_list":["post-8262","post","type-post","status-publish","format-standard","has-post-thumbnail","hentry","category-noticias","tag-director-de-empleo","tag-municipio-de-campo-quijano"],"yoast_head":"<!-- This site is optimized with the Yoast SEO plugin v20.8 - https:\/\/yoast.com\/wordpress\/plugins\/seo\/ -->\n<title>Capacitaciones de miner\u00eda\u00a0en Campo Quijano. - RQ 99.9<\/title>\n<meta name=\"description\" content=\"Las inscripciones se llevaron a cabo los d\u00edas 5 y 6 de junio en el Edificio Municipal. Se estima que m\u00e1s de 600 personas podr\u00e1n obtener certificaci\u00f3n.\" \/>\n<meta name=\"robots\" content=\"index, follow, max-snippet:-1, max-image-preview:large, max-video-preview:-1\" \/>\n<link rel=\"canonical\" href=\"https:\/\/nahuelproducciones.com.ar\/radioquijano\/capacitaciones-de-mineria-en-campo-quijano\/\" \/>\n<meta property=\"og:locale\" content=\"es_ES\" \/>\n<meta property=\"og:type\" content=\"article\" \/>\n<meta property=\"og:title\" content=\"Capacitaciones de miner\u00eda\u00a0en Campo Quijano. - RQ 99.9\" \/>\n<meta property=\"og:description\" content=\"Las inscripciones se llevaron a cabo los d\u00edas 5 y 6 de junio en el Edificio Municipal. Se estima que m\u00e1s de 600 personas podr\u00e1n obtener certificaci\u00f3n.\" \/>\n<meta property=\"og:url\" content=\"https:\/\/nahuelproducciones.com.ar\/radioquijano\/capacitaciones-de-mineria-en-campo-quijano\/\" \/>\n<meta property=\"og:site_name\" content=\"RQ 99.9\" \/>\n<meta property=\"article:publisher\" content=\"https:\/\/www.facebook.com\/nahuelproducciones999\/\" \/>\n<meta property=\"article:published_time\" content=\"2024-06-06T19:18:23+00:00\" \/>\n<meta property=\"article:modified_time\" content=\"2024-06-06T19:18:59+00:00\" \/>\n<meta property=\"og:image\" content=\"https:\/\/nahuelproducciones.com.ar\/radioquijano\/wp-content\/uploads\/2024\/06\/447790270_862425672580511_442872086496003265_n-e1717701123226.jpg\" \/>\n\t<meta property=\"og:image:width\" content=\"700\" \/>\n\t<meta property=\"og:image:height\" content=\"1244\" \/>\n\t<meta property=\"og:image:type\" content=\"image\/jpeg\" \/>\n<meta name=\"author\" content=\"Cecilia Pastrana\" \/>\n<meta name=\"twitter:card\" content=\"summary_large_image\" \/>\n<meta name=\"twitter:creator\" content=\"@nahuproduciones\" \/>\n<meta name=\"twitter:site\" content=\"@nahuproduciones\" \/>\n<meta name=\"twitter:label1\" content=\"Escrito por\" \/>\n\t<meta name=\"twitter:data1\" content=\"Cecilia Pastrana\" \/>\n\t<meta name=\"twitter:label2\" content=\"Tiempo de lectura\" \/>\n\t<meta name=\"twitter:data2\" content=\"1 minuto\" \/>\n<script type=\"application\/ld+json\" class=\"yoast-schema-graph\">{\"@context\":\"https:\/\/schema.org\",\"@graph\":[{\"@type\":\"WebPage\",\"@id\":\"https:\/\/nahuelproducciones.com.ar\/radioquijano\/capacitaciones-de-mineria-en-campo-quijano\/\",\"url\":\"https:\/\/nahuelproducciones.com.ar\/radioquijano\/capacitaciones-de-mineria-en-campo-quijano\/\",\"name\":\"Capacitaciones de miner\u00eda\u00a0en Campo Quijano. - RQ 99.9\",\"isPartOf\":{\"@id\":\"https:\/\/nahuelproducciones.com.ar\/radioquijano\/#website\"},\"datePublished\":\"2024-06-06T19:18:23+00:00\",\"dateModified\":\"2024-06-06T19:18:59+00:00\",\"author\":{\"@id\":\"https:\/\/nahuelproducciones.com.ar\/radioquijano\/#\/schema\/person\/e8a4f939e2cb487fe6d0c54042c9d32c\"},\"description\":\"Las inscripciones se llevaron a cabo los d\u00edas 5 y 6 de junio en el Edificio Municipal. Se estima que m\u00e1s de 600 personas podr\u00e1n obtener certificaci\u00f3n.\",\"breadcrumb\":{\"@id\":\"https:\/\/nahuelproducciones.com.ar\/radioquijano\/capacitaciones-de-mineria-en-campo-quijano\/#breadcrumb\"},\"inLanguage\":\"es\",\"potentialAction\":[{\"@type\":\"ReadAction\",\"target\":[\"https:\/\/nahuelproducciones.com.ar\/radioquijano\/capacitaciones-de-mineria-en-campo-quijano\/\"]}]},{\"@type\":\"BreadcrumbList\",\"@id\":\"https:\/\/nahuelproducciones.com.ar\/radioquijano\/capacitaciones-de-mineria-en-campo-quijano\/#breadcrumb\",\"itemListElement\":[{\"@type\":\"ListItem\",\"position\":1,\"name\":\"Portada\",\"item\":\"https:\/\/nahuelproducciones.com.ar\/radioquijano\/\"},{\"@type\":\"ListItem\",\"position\":2,\"name\":\"Capacitaciones de miner\u00eda\u00a0en Campo Quijano.\"}]},{\"@type\":\"WebSite\",\"@id\":\"https:\/\/nahuelproducciones.com.ar\/radioquijano\/#website\",\"url\":\"https:\/\/nahuelproducciones.com.ar\/radioquijano\/\",\"name\":\"RQ 99.9\",\"description\":\"Radio Quijano 99.9 MHz\",\"potentialAction\":[{\"@type\":\"SearchAction\",\"target\":{\"@type\":\"EntryPoint\",\"urlTemplate\":\"https:\/\/nahuelproducciones.com.ar\/radioquijano\/?s={search_term_string}\"},\"query-input\":\"required name=search_term_string\"}],\"inLanguage\":\"es\"},{\"@type\":\"Person\",\"@id\":\"https:\/\/nahuelproducciones.com.ar\/radioquijano\/#\/schema\/person\/e8a4f939e2cb487fe6d0c54042c9d32c\",\"name\":\"Cecilia Pastrana\",\"image\":{\"@type\":\"ImageObject\",\"inLanguage\":\"es\",\"@id\":\"https:\/\/nahuelproducciones.com.ar\/radioquijano\/#\/schema\/person\/image\/\",\"url\":\"https:\/\/secure.gravatar.com\/avatar\/661a3ef63a8488d4f2794ed44af8cf71420f7e106f3072c40125114df5157749?s=96&d=mm&r=g\",\"contentUrl\":\"https:\/\/secure.gravatar.com\/avatar\/661a3ef63a8488d4f2794ed44af8cf71420f7e106f3072c40125114df5157749?s=96&d=mm&r=g\",\"caption\":\"Cecilia Pastrana\"},\"sameAs\":[\"cecy\"],\"url\":\"https:\/\/nahuelproducciones.com.ar\/radioquijano\/author\/cecy\/\"}]}<\/script>\n<!-- \/ Yoast SEO plugin. -->","yoast_head_json":{"title":"Capacitaciones de miner\u00eda\u00a0en Campo Quijano. - RQ 99.9","description":"Las inscripciones se llevaron a cabo los d\u00edas 5 y 6 de junio en el Edificio Municipal. Se estima que m\u00e1s de 600 personas podr\u00e1n obtener certificaci\u00f3n.","robots":{"index":"index","follow":"follow","max-snippet":"max-snippet:-1","max-image-preview":"max-image-preview:large","max-video-preview":"max-video-preview:-1"},"canonical":"https:\/\/nahuelproducciones.com.ar\/radioquijano\/capacitaciones-de-mineria-en-campo-quijano\/","og_locale":"es_ES","og_type":"article","og_title":"Capacitaciones de miner\u00eda\u00a0en Campo Quijano. - RQ 99.9","og_description":"Las inscripciones se llevaron a cabo los d\u00edas 5 y 6 de junio en el Edificio Municipal. Se estima que m\u00e1s de 600 personas podr\u00e1n obtener certificaci\u00f3n.","og_url":"https:\/\/nahuelproducciones.com.ar\/radioquijano\/capacitaciones-de-mineria-en-campo-quijano\/","og_site_name":"RQ 99.9","article_publisher":"https:\/\/www.facebook.com\/nahuelproducciones999\/","article_published_time":"2024-06-06T19:18:23+00:00","article_modified_time":"2024-06-06T19:18:59+00:00","og_image":[{"width":700,"height":1244,"url":"https:\/\/nahuelproducciones.com.ar\/radioquijano\/wp-content\/uploads\/2024\/06\/447790270_862425672580511_442872086496003265_n-e1717701123226.jpg","type":"image\/jpeg"}],"author":"Cecilia Pastrana","twitter_card":"summary_large_image","twitter_creator":"@nahuproduciones","twitter_site":"@nahuproduciones","twitter_misc":{"Escrito por":"Cecilia Pastrana","Tiempo de lectura":"1 minuto"},"schema":{"@context":"https:\/\/schema.org","@graph":[{"@type":"WebPage","@id":"https:\/\/nahuelproducciones.com.ar\/radioquijano\/capacitaciones-de-mineria-en-campo-quijano\/","url":"https:\/\/nahuelproducciones.com.ar\/radioquijano\/capacitaciones-de-mineria-en-campo-quijano\/","name":"Capacitaciones de miner\u00eda\u00a0en Campo Quijano. - RQ 99.9","isPartOf":{"@id":"https:\/\/nahuelproducciones.com.ar\/radioquijano\/#website"},"datePublished":"2024-06-06T19:18:23+00:00","dateModified":"2024-06-06T19:18:59+00:00","author":{"@id":"https:\/\/nahuelproducciones.com.ar\/radioquijano\/#\/schema\/person\/e8a4f939e2cb487fe6d0c54042c9d32c"},"description":"Las inscripciones se llevaron a cabo los d\u00edas 5 y 6 de junio en el Edificio Municipal. Se estima que m\u00e1s de 600 personas podr\u00e1n obtener certificaci\u00f3n.","breadcrumb":{"@id":"https:\/\/nahuelproducciones.com.ar\/radioquijano\/capacitaciones-de-mineria-en-campo-quijano\/#breadcrumb"},"inLanguage":"es","potentialAction":[{"@type":"ReadAction","target":["https:\/\/nahuelproducciones.com.ar\/radioquijano\/capacitaciones-de-mineria-en-campo-quijano\/"]}]},{"@type":"BreadcrumbList","@id":"https:\/\/nahuelproducciones.com.ar\/radioquijano\/capacitaciones-de-mineria-en-campo-quijano\/#breadcrumb","itemListElement":[{"@type":"ListItem","position":1,"name":"Portada","item":"https:\/\/nahuelproducciones.com.ar\/radioquijano\/"},{"@type":"ListItem","position":2,"name":"Capacitaciones de miner\u00eda\u00a0en Campo Quijano."}]},{"@type":"WebSite","@id":"https:\/\/nahuelproducciones.com.ar\/radioquijano\/#website","url":"https:\/\/nahuelproducciones.com.ar\/radioquijano\/","name":"RQ 99.9","description":"Radio Quijano 99.9 MHz","potentialAction":[{"@type":"SearchAction","target":{"@type":"EntryPoint","urlTemplate":"https:\/\/nahuelproducciones.com.ar\/radioquijano\/?s={search_term_string}"},"query-input":"required name=search_term_string"}],"inLanguage":"es"},{"@type":"Person","@id":"https:\/\/nahuelproducciones.com.ar\/radioquijano\/#\/schema\/person\/e8a4f939e2cb487fe6d0c54042c9d32c","name":"Cecilia Pastrana","image":{"@type":"ImageObject","inLanguage":"es","@id":"https:\/\/nahuelproducciones.com.ar\/radioquijano\/#\/schema\/person\/image\/","url":"https:\/\/secure.gravatar.com\/avatar\/661a3ef63a8488d4f2794ed44af8cf71420f7e106f3072c40125114df5157749?s=96&d=mm&r=g","contentUrl":"https:\/\/secure.gravatar.com\/avatar\/661a3ef63a8488d4f2794ed44af8cf71420f7e106f3072c40125114df5157749?s=96&d=mm&r=g","caption":"Cecilia Pastrana"},"sameAs":["cecy"],"url":"https:\/\/nahuelproducciones.com.ar\/radioquijano\/author\/cecy\/"}]}},"_links":{"self":[{"href":"https:\/\/nahuelproducciones.com.ar\/radioquijano\/wp-json\/wp\/v2\/posts\/8262","targetHints":{"allow":["GET"]}}],"collection":[{"href":"https:\/\/nahuelproducciones.com.ar\/radioquijano\/wp-json\/wp\/v2\/posts"}],"about":[{"href":"https:\/\/nahuelproducciones.com.ar\/radioquijano\/wp-json\/wp\/v2\/types\/post"}],"author":[{"embeddable":true,"href":"https:\/\/nahuelproducciones.com.ar\/radioquijano\/wp-json\/wp\/v2\/users\/8"}],"replies":[{"embeddable":true,"href":"https:\/\/nahuelproducciones.com.ar\/radioquijano\/wp-json\/wp\/v2\/comments?post=8262"}],"version-history":[{"count":1,"href":"https:\/\/nahuelproducciones.com.ar\/radioquijano\/wp-json\/wp\/v2\/posts\/8262\/revisions"}],"predecessor-version":[{"id":8265,"href":"https:\/\/nahuelproducciones.com.ar\/radioquijano\/wp-json\/wp\/v2\/posts\/8262\/revisions\/8265"}],"wp:featuredmedia":[{"embeddable":true,"href":"https:\/\/nahuelproducciones.com.ar\/radioquijano\/wp-json\/wp\/v2\/media\/8264"}],"wp:attachment":[{"href":"https:\/\/nahuelproducciones.com.ar\/radioquijano\/wp-json\/wp\/v2\/media?parent=8262"}],"wp:term":[{"taxonomy":"category","embeddable":true,"href":"https:\/\/nahuelproducciones.com.ar\/radioquijano\/wp-json\/wp\/v2\/categories?post=8262"},{"taxonomy":"post_tag","embeddable":true,"href":"https:\/\/nahuelproducciones.com.ar\/radioquijano\/wp-json\/wp\/v2\/tags?post=8262"}],"curies":[{"name":"wp","href":"https:\/\/api.w.org\/{rel}","templated":true}]}}