{"id":8271,"date":"2024-06-06T17:36:38","date_gmt":"2024-06-06T20:36:38","guid":{"rendered":"https:\/\/nahuelproducciones.com.ar\/radioquijano\/?p=8271"},"modified":"2024-06-06T17:36:39","modified_gmt":"2024-06-06T20:36:39","slug":"manton-de-macacha-guemes-actividad-en-homenaje-a-guemes-en-campo-quijano","status":"publish","type":"post","link":"https:\/\/nahuelproducciones.com.ar\/radioquijano\/manton-de-macacha-guemes-actividad-en-homenaje-a-guemes-en-campo-quijano\/","title":{"rendered":"\u00abMant\u00f3n de Macacha G\u00fcemes\u201d: Actividad en homenaje a G\u00fcemes en Campo Quijano"},"content":{"rendered":"\n<p>En el marco del proyecto \u00abLa importancia del rol de la mujer en la Gesta Patria\u00bb del Municipio de Campo Quijano, se invit\u00f3 al Programa de Conservaci\u00f3n y Restauraci\u00f3n de la provincia de Salta, a dar una charla sobre la intervenci\u00f3n realizada en el \u00abMant\u00f3n de Macacha G\u00fcemes\u201d. <\/p>\n\n\n\n<p>La misma se realizar\u00e1 el d\u00eda viernes \u00a07 de 10:00 hs  a 12:00 hs con entrada libre y gratuita en la Casa de la Cultura de Campo Quijano.\u00a0 <\/p>\n\n\n\n<p>El d\u00eda 7 de junio se conmemora la muerte de Macacha G\u00fcemes, la actividad tiene por objetivo concientizar a la comunidad de la importancia de la Preservaci\u00f3n del Patrimonio, como as\u00ed tambi\u00e9n difundir el rol de la mujer en la Gesta Patria.<\/p>\n\n\n\n<blockquote class=\"wp-block-quote is-style-plain is-layout-flow wp-block-quote-is-layout-flow\">\n<blockquote class=\"wp-block-quote is-layout-flow wp-block-quote-is-layout-flow\">\n<h2 class=\"wp-block-heading\">Especialistas trabajaron durante meses en las fibras de seda de la prenda que estaba guardada en una oficina durante a\u00f1os.<\/h2>\n\n\n\n<h2 class=\"wp-block-heading\"> La fina prenda es de fines del siglo XIX y ahora se investigan \u00a0mayores precisiones sobre su origen y la fecha exacta de fabricaci\u00f3n.\u00a0<\/h2>\n<\/blockquote>\n\n\n\n<div class=\"wp-block-columns is-layout-flex wp-container-core-columns-is-layout-9d6595d7 wp-block-columns-is-layout-flex\">\n<div class=\"wp-block-column is-layout-flow wp-block-column-is-layout-flow\" style=\"flex-basis:100%\">\n<figure class=\"wp-block-gallery has-nested-images columns-default is-cropped wp-block-gallery-1 is-layout-flex wp-block-gallery-is-layout-flex\">\n<figure class=\"wp-block-image size-large\"><img loading=\"lazy\" decoding=\"async\" width=\"1024\" height=\"768\" data-id=\"8275\" src=\"https:\/\/nahuelproducciones.com.ar\/radioquijano\/wp-content\/uploads\/2024\/06\/104231-historia-pura-restauraron-y-presentaron-el-manton-que-pertenecio-a-macacha-guemes-1024x768.png\" alt=\"\" class=\"wp-image-8275\" srcset=\"https:\/\/nahuelproducciones.com.ar\/radioquijano\/wp-content\/uploads\/2024\/06\/104231-historia-pura-restauraron-y-presentaron-el-manton-que-pertenecio-a-macacha-guemes-1024x768.png 1024w, https:\/\/nahuelproducciones.com.ar\/radioquijano\/wp-content\/uploads\/2024\/06\/104231-historia-pura-restauraron-y-presentaron-el-manton-que-pertenecio-a-macacha-guemes-300x225.png 300w, https:\/\/nahuelproducciones.com.ar\/radioquijano\/wp-content\/uploads\/2024\/06\/104231-historia-pura-restauraron-y-presentaron-el-manton-que-pertenecio-a-macacha-guemes-768x576.png 768w, https:\/\/nahuelproducciones.com.ar\/radioquijano\/wp-content\/uploads\/2024\/06\/104231-historia-pura-restauraron-y-presentaron-el-manton-que-pertenecio-a-macacha-guemes-150x113.png 150w, https:\/\/nahuelproducciones.com.ar\/radioquijano\/wp-content\/uploads\/2024\/06\/104231-historia-pura-restauraron-y-presentaron-el-manton-que-pertenecio-a-macacha-guemes.png 1100w\" sizes=\"auto, (max-width: 1024px) 100vw, 1024px\" \/><\/figure>\n\n\n\n<figure class=\"wp-block-image size-large\"><img loading=\"lazy\" decoding=\"async\" width=\"1024\" height=\"683\" data-id=\"8274\" src=\"https:\/\/nahuelproducciones.com.ar\/radioquijano\/wp-content\/uploads\/2024\/06\/337235821_3267127140215229_6181252171044514954_n-1-1024x683.jpg\" alt=\"\" class=\"wp-image-8274\" srcset=\"https:\/\/nahuelproducciones.com.ar\/radioquijano\/wp-content\/uploads\/2024\/06\/337235821_3267127140215229_6181252171044514954_n-1-1024x683.jpg 1024w, https:\/\/nahuelproducciones.com.ar\/radioquijano\/wp-content\/uploads\/2024\/06\/337235821_3267127140215229_6181252171044514954_n-1-300x200.jpg 300w, https:\/\/nahuelproducciones.com.ar\/radioquijano\/wp-content\/uploads\/2024\/06\/337235821_3267127140215229_6181252171044514954_n-1-768x512.jpg 768w, https:\/\/nahuelproducciones.com.ar\/radioquijano\/wp-content\/uploads\/2024\/06\/337235821_3267127140215229_6181252171044514954_n-1-150x100.jpg 150w, https:\/\/nahuelproducciones.com.ar\/radioquijano\/wp-content\/uploads\/2024\/06\/337235821_3267127140215229_6181252171044514954_n-1.jpg 1080w\" sizes=\"auto, (max-width: 1024px) 100vw, 1024px\" \/><\/figure>\n\n\n\n<figure class=\"wp-block-image size-large\"><img loading=\"lazy\" decoding=\"async\" width=\"1024\" height=\"683\" data-id=\"8273\" src=\"https:\/\/nahuelproducciones.com.ar\/radioquijano\/wp-content\/uploads\/2024\/06\/337257594_1594181317715228_3788823776840471784_n-1024x683.jpg\" alt=\"\" class=\"wp-image-8273\" srcset=\"https:\/\/nahuelproducciones.com.ar\/radioquijano\/wp-content\/uploads\/2024\/06\/337257594_1594181317715228_3788823776840471784_n-1024x683.jpg 1024w, https:\/\/nahuelproducciones.com.ar\/radioquijano\/wp-content\/uploads\/2024\/06\/337257594_1594181317715228_3788823776840471784_n-300x200.jpg 300w, https:\/\/nahuelproducciones.com.ar\/radioquijano\/wp-content\/uploads\/2024\/06\/337257594_1594181317715228_3788823776840471784_n-768x512.jpg 768w, https:\/\/nahuelproducciones.com.ar\/radioquijano\/wp-content\/uploads\/2024\/06\/337257594_1594181317715228_3788823776840471784_n-150x100.jpg 150w, https:\/\/nahuelproducciones.com.ar\/radioquijano\/wp-content\/uploads\/2024\/06\/337257594_1594181317715228_3788823776840471784_n.jpg 1080w\" sizes=\"auto, (max-width: 1024px) 100vw, 1024px\" \/><\/figure>\n<\/figure>\n<\/div>\n<\/div>\n<cite>En un retrato pintado de Macacha se la observa con el mant\u00f3n en cuesti\u00f3n. Ese retrato es de fines 1913 y est\u00e1 inspirado en una imagen de daguerrotipo de la hero\u00edna.\u00a0<br><br>Macacha Guemes es la conocida hermana de Mart\u00edn Miguel, fue su mentora, su consejera, su apoyo permanente y ofici\u00f3 adem\u00e1s como esp\u00eda para la causa independentista.<br><br><br><\/cite><\/blockquote>\n","protected":false},"excerpt":{"rendered":"<p>En el marco del proyecto \u00abLa importancia del rol de la mujer en la Gesta Patria\u00bb del Municipio de Campo Quijano, se invit\u00f3 al Programa de Conservaci\u00f3n y Restauraci\u00f3n de la provincia de Salta, a dar una charla sobre la intervenci\u00f3n realizada en el \u00abMant\u00f3n de Macacha G\u00fcemes\u201d. La misma se realizar\u00e1 el d\u00eda viernes [&hellip;]<\/p>\n","protected":false},"author":8,"featured_media":8272,"comment_status":"open","ping_status":"open","sticky":false,"template":"","format":"standard","meta":{"_monsterinsights_skip_tracking":false,"_monsterinsights_sitenote_active":false,"_monsterinsights_sitenote_note":"","_monsterinsights_sitenote_category":0,"footnotes":""},"categories":[16],"tags":[100],"class_list":["post-8271","post","type-post","status-publish","format-standard","has-post-thumbnail","hentry","category-noticias","tag-municipio-de-campo-quijano"],"yoast_head":"<!-- This site is optimized with the Yoast SEO plugin v20.8 - https:\/\/yoast.com\/wordpress\/plugins\/seo\/ -->\n<title>&quot;Mant\u00f3n de Macacha G\u00fcemes\u201d: Actividad en homenaje a G\u00fcemes en Campo Quijano - RQ 99.9<\/title>\n<meta name=\"description\" content=\"Se realizar\u00e1 el d\u00eda viernes \u00a07 de 10:00 hs a 12:00 hs con entrada libre y gratuita en la Casa de la Cultura de Campo Quijano.\u00a0\" \/>\n<meta name=\"robots\" content=\"index, follow, max-snippet:-1, max-image-preview:large, max-video-preview:-1\" \/>\n<link rel=\"canonical\" href=\"https:\/\/nahuelproducciones.com.ar\/radioquijano\/manton-de-macacha-guemes-actividad-en-homenaje-a-guemes-en-campo-quijano\/\" \/>\n<meta property=\"og:locale\" content=\"es_ES\" \/>\n<meta property=\"og:type\" content=\"article\" \/>\n<meta property=\"og:title\" content=\"&quot;Mant\u00f3n de Macacha G\u00fcemes\u201d: Actividad en homenaje a G\u00fcemes en Campo Quijano - RQ 99.9\" \/>\n<meta property=\"og:description\" content=\"Se realizar\u00e1 el d\u00eda viernes \u00a07 de 10:00 hs a 12:00 hs con entrada libre y gratuita en la Casa de la Cultura de Campo Quijano.\u00a0\" \/>\n<meta property=\"og:url\" content=\"https:\/\/nahuelproducciones.com.ar\/radioquijano\/manton-de-macacha-guemes-actividad-en-homenaje-a-guemes-en-campo-quijano\/\" \/>\n<meta property=\"og:site_name\" content=\"RQ 99.9\" \/>\n<meta property=\"article:publisher\" content=\"https:\/\/www.facebook.com\/nahuelproducciones999\/\" \/>\n<meta property=\"article:published_time\" content=\"2024-06-06T20:36:38+00:00\" \/>\n<meta property=\"article:modified_time\" content=\"2024-06-06T20:36:39+00:00\" \/>\n<meta property=\"og:image\" content=\"https:\/\/nahuelproducciones.com.ar\/radioquijano\/wp-content\/uploads\/2024\/06\/337235821_3267127140215229_6181252171044514954_n-e1717706106515.jpg\" \/>\n\t<meta property=\"og:image:width\" content=\"700\" \/>\n\t<meta property=\"og:image:height\" content=\"467\" \/>\n\t<meta property=\"og:image:type\" content=\"image\/jpeg\" \/>\n<meta name=\"author\" content=\"Cecilia Pastrana\" \/>\n<meta name=\"twitter:card\" content=\"summary_large_image\" \/>\n<meta name=\"twitter:creator\" content=\"@nahuproduciones\" \/>\n<meta name=\"twitter:site\" content=\"@nahuproduciones\" \/>\n<meta name=\"twitter:label1\" content=\"Escrito por\" \/>\n\t<meta name=\"twitter:data1\" content=\"Cecilia Pastrana\" \/>\n\t<meta name=\"twitter:label2\" content=\"Tiempo de lectura\" \/>\n\t<meta name=\"twitter:data2\" content=\"2 minutos\" \/>\n<script type=\"application\/ld+json\" class=\"yoast-schema-graph\">{\"@context\":\"https:\/\/schema.org\",\"@graph\":[{\"@type\":\"WebPage\",\"@id\":\"https:\/\/nahuelproducciones.com.ar\/radioquijano\/manton-de-macacha-guemes-actividad-en-homenaje-a-guemes-en-campo-quijano\/\",\"url\":\"https:\/\/nahuelproducciones.com.ar\/radioquijano\/manton-de-macacha-guemes-actividad-en-homenaje-a-guemes-en-campo-quijano\/\",\"name\":\"\\\"Mant\u00f3n de Macacha G\u00fcemes\u201d: Actividad en homenaje a G\u00fcemes en Campo Quijano - RQ 99.9\",\"isPartOf\":{\"@id\":\"https:\/\/nahuelproducciones.com.ar\/radioquijano\/#website\"},\"datePublished\":\"2024-06-06T20:36:38+00:00\",\"dateModified\":\"2024-06-06T20:36:39+00:00\",\"author\":{\"@id\":\"https:\/\/nahuelproducciones.com.ar\/radioquijano\/#\/schema\/person\/e8a4f939e2cb487fe6d0c54042c9d32c\"},\"description\":\"Se realizar\u00e1 el d\u00eda viernes \u00a07 de 10:00 hs a 12:00 hs con entrada libre y gratuita en la Casa de la Cultura de Campo Quijano.\u00a0\",\"breadcrumb\":{\"@id\":\"https:\/\/nahuelproducciones.com.ar\/radioquijano\/manton-de-macacha-guemes-actividad-en-homenaje-a-guemes-en-campo-quijano\/#breadcrumb\"},\"inLanguage\":\"es\",\"potentialAction\":[{\"@type\":\"ReadAction\",\"target\":[\"https:\/\/nahuelproducciones.com.ar\/radioquijano\/manton-de-macacha-guemes-actividad-en-homenaje-a-guemes-en-campo-quijano\/\"]}]},{\"@type\":\"BreadcrumbList\",\"@id\":\"https:\/\/nahuelproducciones.com.ar\/radioquijano\/manton-de-macacha-guemes-actividad-en-homenaje-a-guemes-en-campo-quijano\/#breadcrumb\",\"itemListElement\":[{\"@type\":\"ListItem\",\"position\":1,\"name\":\"Portada\",\"item\":\"https:\/\/nahuelproducciones.com.ar\/radioquijano\/\"},{\"@type\":\"ListItem\",\"position\":2,\"name\":\"&#8220;Mant\u00f3n de Macacha G\u00fcemes\u201d: Actividad en homenaje a G\u00fcemes en Campo Quijano\"}]},{\"@type\":\"WebSite\",\"@id\":\"https:\/\/nahuelproducciones.com.ar\/radioquijano\/#website\",\"url\":\"https:\/\/nahuelproducciones.com.ar\/radioquijano\/\",\"name\":\"RQ 99.9\",\"description\":\"Radio Quijano 99.9 MHz\",\"potentialAction\":[{\"@type\":\"SearchAction\",\"target\":{\"@type\":\"EntryPoint\",\"urlTemplate\":\"https:\/\/nahuelproducciones.com.ar\/radioquijano\/?s={search_term_string}\"},\"query-input\":\"required name=search_term_string\"}],\"inLanguage\":\"es\"},{\"@type\":\"Person\",\"@id\":\"https:\/\/nahuelproducciones.com.ar\/radioquijano\/#\/schema\/person\/e8a4f939e2cb487fe6d0c54042c9d32c\",\"name\":\"Cecilia Pastrana\",\"image\":{\"@type\":\"ImageObject\",\"inLanguage\":\"es\",\"@id\":\"https:\/\/nahuelproducciones.com.ar\/radioquijano\/#\/schema\/person\/image\/\",\"url\":\"https:\/\/secure.gravatar.com\/avatar\/661a3ef63a8488d4f2794ed44af8cf71420f7e106f3072c40125114df5157749?s=96&d=mm&r=g\",\"contentUrl\":\"https:\/\/secure.gravatar.com\/avatar\/661a3ef63a8488d4f2794ed44af8cf71420f7e106f3072c40125114df5157749?s=96&d=mm&r=g\",\"caption\":\"Cecilia Pastrana\"},\"sameAs\":[\"cecy\"],\"url\":\"https:\/\/nahuelproducciones.com.ar\/radioquijano\/author\/cecy\/\"}]}<\/script>\n<!-- \/ Yoast SEO plugin. -->","yoast_head_json":{"title":"\"Mant\u00f3n de Macacha G\u00fcemes\u201d: Actividad en homenaje a G\u00fcemes en Campo Quijano - RQ 99.9","description":"Se realizar\u00e1 el d\u00eda viernes \u00a07 de 10:00 hs a 12:00 hs con entrada libre y gratuita en la Casa de la Cultura de Campo Quijano.\u00a0","robots":{"index":"index","follow":"follow","max-snippet":"max-snippet:-1","max-image-preview":"max-image-preview:large","max-video-preview":"max-video-preview:-1"},"canonical":"https:\/\/nahuelproducciones.com.ar\/radioquijano\/manton-de-macacha-guemes-actividad-en-homenaje-a-guemes-en-campo-quijano\/","og_locale":"es_ES","og_type":"article","og_title":"\"Mant\u00f3n de Macacha G\u00fcemes\u201d: Actividad en homenaje a G\u00fcemes en Campo Quijano - RQ 99.9","og_description":"Se realizar\u00e1 el d\u00eda viernes \u00a07 de 10:00 hs a 12:00 hs con entrada libre y gratuita en la Casa de la Cultura de Campo Quijano.\u00a0","og_url":"https:\/\/nahuelproducciones.com.ar\/radioquijano\/manton-de-macacha-guemes-actividad-en-homenaje-a-guemes-en-campo-quijano\/","og_site_name":"RQ 99.9","article_publisher":"https:\/\/www.facebook.com\/nahuelproducciones999\/","article_published_time":"2024-06-06T20:36:38+00:00","article_modified_time":"2024-06-06T20:36:39+00:00","og_image":[{"width":700,"height":467,"url":"https:\/\/nahuelproducciones.com.ar\/radioquijano\/wp-content\/uploads\/2024\/06\/337235821_3267127140215229_6181252171044514954_n-e1717706106515.jpg","type":"image\/jpeg"}],"author":"Cecilia Pastrana","twitter_card":"summary_large_image","twitter_creator":"@nahuproduciones","twitter_site":"@nahuproduciones","twitter_misc":{"Escrito por":"Cecilia Pastrana","Tiempo de lectura":"2 minutos"},"schema":{"@context":"https:\/\/schema.org","@graph":[{"@type":"WebPage","@id":"https:\/\/nahuelproducciones.com.ar\/radioquijano\/manton-de-macacha-guemes-actividad-en-homenaje-a-guemes-en-campo-quijano\/","url":"https:\/\/nahuelproducciones.com.ar\/radioquijano\/manton-de-macacha-guemes-actividad-en-homenaje-a-guemes-en-campo-quijano\/","name":"\"Mant\u00f3n de Macacha G\u00fcemes\u201d: Actividad en homenaje a G\u00fcemes en Campo Quijano - RQ 99.9","isPartOf":{"@id":"https:\/\/nahuelproducciones.com.ar\/radioquijano\/#website"},"datePublished":"2024-06-06T20:36:38+00:00","dateModified":"2024-06-06T20:36:39+00:00","author":{"@id":"https:\/\/nahuelproducciones.com.ar\/radioquijano\/#\/schema\/person\/e8a4f939e2cb487fe6d0c54042c9d32c"},"description":"Se realizar\u00e1 el d\u00eda viernes \u00a07 de 10:00 hs a 12:00 hs con entrada libre y gratuita en la Casa de la Cultura de Campo Quijano.\u00a0","breadcrumb":{"@id":"https:\/\/nahuelproducciones.com.ar\/radioquijano\/manton-de-macacha-guemes-actividad-en-homenaje-a-guemes-en-campo-quijano\/#breadcrumb"},"inLanguage":"es","potentialAction":[{"@type":"ReadAction","target":["https:\/\/nahuelproducciones.com.ar\/radioquijano\/manton-de-macacha-guemes-actividad-en-homenaje-a-guemes-en-campo-quijano\/"]}]},{"@type":"BreadcrumbList","@id":"https:\/\/nahuelproducciones.com.ar\/radioquijano\/manton-de-macacha-guemes-actividad-en-homenaje-a-guemes-en-campo-quijano\/#breadcrumb","itemListElement":[{"@type":"ListItem","position":1,"name":"Portada","item":"https:\/\/nahuelproducciones.com.ar\/radioquijano\/"},{"@type":"ListItem","position":2,"name":"&#8220;Mant\u00f3n de Macacha G\u00fcemes\u201d: Actividad en homenaje a G\u00fcemes en Campo Quijano"}]},{"@type":"WebSite","@id":"https:\/\/nahuelproducciones.com.ar\/radioquijano\/#website","url":"https:\/\/nahuelproducciones.com.ar\/radioquijano\/","name":"RQ 99.9","description":"Radio Quijano 99.9 MHz","potentialAction":[{"@type":"SearchAction","target":{"@type":"EntryPoint","urlTemplate":"https:\/\/nahuelproducciones.com.ar\/radioquijano\/?s={search_term_string}"},"query-input":"required name=search_term_string"}],"inLanguage":"es"},{"@type":"Person","@id":"https:\/\/nahuelproducciones.com.ar\/radioquijano\/#\/schema\/person\/e8a4f939e2cb487fe6d0c54042c9d32c","name":"Cecilia Pastrana","image":{"@type":"ImageObject","inLanguage":"es","@id":"https:\/\/nahuelproducciones.com.ar\/radioquijano\/#\/schema\/person\/image\/","url":"https:\/\/secure.gravatar.com\/avatar\/661a3ef63a8488d4f2794ed44af8cf71420f7e106f3072c40125114df5157749?s=96&d=mm&r=g","contentUrl":"https:\/\/secure.gravatar.com\/avatar\/661a3ef63a8488d4f2794ed44af8cf71420f7e106f3072c40125114df5157749?s=96&d=mm&r=g","caption":"Cecilia Pastrana"},"sameAs":["cecy"],"url":"https:\/\/nahuelproducciones.com.ar\/radioquijano\/author\/cecy\/"}]}},"_links":{"self":[{"href":"https:\/\/nahuelproducciones.com.ar\/radioquijano\/wp-json\/wp\/v2\/posts\/8271","targetHints":{"allow":["GET"]}}],"collection":[{"href":"https:\/\/nahuelproducciones.com.ar\/radioquijano\/wp-json\/wp\/v2\/posts"}],"about":[{"href":"https:\/\/nahuelproducciones.com.ar\/radioquijano\/wp-json\/wp\/v2\/types\/post"}],"author":[{"embeddable":true,"href":"https:\/\/nahuelproducciones.com.ar\/radioquijano\/wp-json\/wp\/v2\/users\/8"}],"replies":[{"embeddable":true,"href":"https:\/\/nahuelproducciones.com.ar\/radioquijano\/wp-json\/wp\/v2\/comments?post=8271"}],"version-history":[{"count":1,"href":"https:\/\/nahuelproducciones.com.ar\/radioquijano\/wp-json\/wp\/v2\/posts\/8271\/revisions"}],"predecessor-version":[{"id":8276,"href":"https:\/\/nahuelproducciones.com.ar\/radioquijano\/wp-json\/wp\/v2\/posts\/8271\/revisions\/8276"}],"wp:featuredmedia":[{"embeddable":true,"href":"https:\/\/nahuelproducciones.com.ar\/radioquijano\/wp-json\/wp\/v2\/media\/8272"}],"wp:attachment":[{"href":"https:\/\/nahuelproducciones.com.ar\/radioquijano\/wp-json\/wp\/v2\/media?parent=8271"}],"wp:term":[{"taxonomy":"category","embeddable":true,"href":"https:\/\/nahuelproducciones.com.ar\/radioquijano\/wp-json\/wp\/v2\/categories?post=8271"},{"taxonomy":"post_tag","embeddable":true,"href":"https:\/\/nahuelproducciones.com.ar\/radioquijano\/wp-json\/wp\/v2\/tags?post=8271"}],"curies":[{"name":"wp","href":"https:\/\/api.w.org\/{rel}","templated":true}]}}