{"id":8283,"date":"2024-06-06T21:37:46","date_gmt":"2024-06-07T00:37:46","guid":{"rendered":"https:\/\/nahuelproducciones.com.ar\/radioquijano\/?p=8283"},"modified":"2024-06-06T21:37:47","modified_gmt":"2024-06-07T00:37:47","slug":"tres-menores-cayeron-a-un-pozo-en-la-escuela-nevado-de-acay-de-la-localidad-de-la-poma","status":"publish","type":"post","link":"https:\/\/nahuelproducciones.com.ar\/radioquijano\/tres-menores-cayeron-a-un-pozo-en-la-escuela-nevado-de-acay-de-la-localidad-de-la-poma\/","title":{"rendered":"Tres menores cayeron a un Pozo, en la Escuela Nevado de Acay de la localidad de La Poma."},"content":{"rendered":"\n<p>Dos menores que cayeron a un Pozo en la Poma ya est\u00e1n en el Materno.<\/p>\n\n\n\n<p>Hoy a las 11.20 en la Escuela Nevado de Acay de la localidad de La Poma, 3 menores de 11 a\u00f1os estaban jugando sobre un cimiento donde antiguamente exist\u00eda un pozo ciego.<\/p>\n\n\n\n<p>El piso cedi\u00f3 y cayeron los 3 ni\u00f1os al vacio, 2 de ellos fueron restacados con vida pero el tercero perdio la vida en el lugar.<\/p>\n\n\n\n<p>Los dos menores sobrevivientes fueron trasladados en un vuelo sanitario a Salta e ingresaron a la guardia del Hospital Materno Infantil.<\/p>\n\n\n\n<p>En conferencia de prensa la Ministra de Educaci\u00f3n Cristina Fiore y el Secretario de Prensa de la Polic\u00eda de Salta, Cr. Inspector, Miguel Velardez informaron de manera oficial detalles del accidente ocurrido en el establecimiento educativo.<\/p>\n\n\n\n<p>La Ministra de Educaci\u00f3n viaj\u00f3 de urgencia a La Poma. <\/p>\n\n\n\n<p>Con la presencia de la ministra de Educaci\u00f3n, Cristina Fiore, el jefe de la Polic\u00eda de la Provincia, Miguel Ceballos y el intendente de La Poma, Juan Maman\u00ed se conform\u00f3 un comit\u00e9 de crisis y se avanz\u00f3 en la toma de decisiones.<\/p>\n\n\n\n<p>El Comit\u00e9 de Crisis constituido en la localidad de La Poma, y conformado tras los acontecimientos ocurridos en el d\u00eda de la fecha, inform\u00f3&nbsp;que se han dispuesto las siguientes medidas:<\/p>\n\n\n\n<p>1) La suspensi\u00f3n de clases en el Establecimiento Educativo N\u00b0 4381 por el d\u00eda de ma\u00f1ana viernes 7 de junio.<\/p>\n\n\n\n<p>2)&nbsp; La inmediata atenci\u00f3n y contenci\u00f3n de los alumnos y comunidad educativa a trav\u00e9s del Equipo Interdisciplinario de Contenci\u00f3n Escolar, a partir del d\u00eda de la fecha.<\/p>\n\n\n\n<p>3)&nbsp;El Ministerio P\u00fablico Fiscal, se encuentra actuando en estos momentos, realizando las investigaciones pertinentes; con la total colaboraci\u00f3n de las Instituciones y organismos para la pronta resoluci\u00f3n de las mismas.<\/p>\n\n\n\n<p>4)&nbsp;El municipio de La Poma, dispuso decretar tres d\u00edas de duelo en el Departamento.<\/p>\n\n\n\n<p>&nbsp;5) &nbsp;Respecto de los dos ni\u00f1os lesionados, se inform\u00f3 que fueron inmediatamente trasladados en el avi\u00f3n sanitario a la Ciudad de Salta, se encuentran estables y fuera de peligro.<\/p>\n\n\n\n<p>6) &nbsp;Se dispuso tambi\u00e9n la atenci\u00f3n integral a los familiares de todos los damnificados.<\/p>\n\n\n\n<p>El Comit\u00e9 est\u00e1 constituido por: el Intendente Municipal Juan Mamani, el Senador Departamental Dany Nolasco, el Ministerio P\u00fablico a trav\u00e9s del Cuerpo Investigaciones Fiscales, el Ministerio de Seguridad en cabeza del Jefe de Polic\u00eda, Mariano Ceballos, el Ministerio de Salud P\u00fablica a trav\u00e9s de la gerente del Hospital Zonal, Cintia Libertad Mu\u00f1oz y Ministerio de Educaci\u00f3n a trav\u00e9s de la Ministra Cristina Fiore Vi\u00f1uales y las Supervisoras Mariela D&#8217;Annunzio y Carmen Virrios.\u00a0\u00a0<\/p>\n\n\n\n<figure class=\"wp-block-video\"><video controls src=\"https:\/\/nahuelproducciones.com.ar\/radioquijano\/wp-content\/uploads\/2024\/06\/An8bUzJ8r4KhQ7Yo8Mg9J0ZbGUXUa0h3MC17FdHFkvEr_6SuTnJTDYQnDrBRtbSMw8EMZt_AVdlq-eK7s3Dp-MLe.mp4\"><\/video><\/figure>\n\n\n\n<p>Fuente:&nbsp;<strong>Secretar\u00eda de Prensa y Comunicaci\u00f3n<\/strong><\/p>\n","protected":false},"excerpt":{"rendered":"<p>Dos menores que cayeron a un Pozo en la Poma ya est\u00e1n en el Materno. Hoy a las 11.20 en la Escuela Nevado de Acay de la localidad de La Poma, 3 menores de 11 a\u00f1os estaban jugando sobre un cimiento donde antiguamente exist\u00eda un pozo ciego. El piso cedi\u00f3 y cayeron los 3 ni\u00f1os [&hellip;]<\/p>\n","protected":false},"author":8,"featured_media":8285,"comment_status":"open","ping_status":"open","sticky":false,"template":"","format":"standard","meta":{"_monsterinsights_skip_tracking":false,"_monsterinsights_sitenote_active":false,"_monsterinsights_sitenote_note":"","_monsterinsights_sitenote_category":0,"footnotes":""},"categories":[16],"tags":[1558,1559,100],"class_list":["post-8283","post","type-post","status-publish","format-standard","has-post-thumbnail","hentry","category-noticias","tag-escuela-nevado-de-acay","tag-la-poma","tag-municipio-de-campo-quijano"],"yoast_head":"<!-- This site is optimized with the Yoast SEO plugin v20.8 - https:\/\/yoast.com\/wordpress\/plugins\/seo\/ -->\n<title>Tres menores cayeron a un Pozo, en la Escuela Nevado de Acay de la localidad de La Poma. - RQ 99.9<\/title>\n<meta name=\"description\" content=\"El Comit\u00e9 de Crisis constituido en la localidad de La Poma, y conformado tras los acontecimientos ocurridos en el d\u00eda de la fecha.\" \/>\n<meta name=\"robots\" content=\"index, follow, max-snippet:-1, max-image-preview:large, max-video-preview:-1\" \/>\n<link rel=\"canonical\" href=\"https:\/\/nahuelproducciones.com.ar\/radioquijano\/tres-menores-cayeron-a-un-pozo-en-la-escuela-nevado-de-acay-de-la-localidad-de-la-poma\/\" \/>\n<meta property=\"og:locale\" content=\"es_ES\" \/>\n<meta property=\"og:type\" content=\"article\" \/>\n<meta property=\"og:title\" content=\"Tres menores cayeron a un Pozo, en la Escuela Nevado de Acay de la localidad de La Poma. - RQ 99.9\" \/>\n<meta property=\"og:description\" content=\"El Comit\u00e9 de Crisis constituido en la localidad de La Poma, y conformado tras los acontecimientos ocurridos en el d\u00eda de la fecha.\" \/>\n<meta property=\"og:url\" content=\"https:\/\/nahuelproducciones.com.ar\/radioquijano\/tres-menores-cayeron-a-un-pozo-en-la-escuela-nevado-de-acay-de-la-localidad-de-la-poma\/\" \/>\n<meta property=\"og:site_name\" content=\"RQ 99.9\" \/>\n<meta property=\"article:publisher\" content=\"https:\/\/www.facebook.com\/nahuelproducciones999\/\" \/>\n<meta property=\"article:published_time\" content=\"2024-06-07T00:37:46+00:00\" \/>\n<meta property=\"article:modified_time\" content=\"2024-06-07T00:37:47+00:00\" \/>\n<meta property=\"og:image\" content=\"https:\/\/nahuelproducciones.com.ar\/radioquijano\/wp-content\/uploads\/2024\/06\/96076-tras-los-hechos-en-la-poma-se-tomaron-medidas-de-contencion-y-acciones-inmediatas-20240607001450-e1717720631563.jpg\" \/>\n\t<meta property=\"og:image:width\" content=\"700\" \/>\n\t<meta property=\"og:image:height\" content=\"394\" \/>\n\t<meta property=\"og:image:type\" content=\"image\/jpeg\" \/>\n<meta name=\"author\" content=\"Cecilia Pastrana\" \/>\n<meta name=\"twitter:card\" content=\"summary_large_image\" \/>\n<meta name=\"twitter:creator\" content=\"@nahuproduciones\" \/>\n<meta name=\"twitter:site\" content=\"@nahuproduciones\" \/>\n<meta name=\"twitter:label1\" content=\"Escrito por\" \/>\n\t<meta name=\"twitter:data1\" content=\"Cecilia Pastrana\" \/>\n\t<meta name=\"twitter:label2\" content=\"Tiempo de lectura\" \/>\n\t<meta name=\"twitter:data2\" content=\"2 minutos\" \/>\n<script type=\"application\/ld+json\" class=\"yoast-schema-graph\">{\"@context\":\"https:\/\/schema.org\",\"@graph\":[{\"@type\":\"WebPage\",\"@id\":\"https:\/\/nahuelproducciones.com.ar\/radioquijano\/tres-menores-cayeron-a-un-pozo-en-la-escuela-nevado-de-acay-de-la-localidad-de-la-poma\/\",\"url\":\"https:\/\/nahuelproducciones.com.ar\/radioquijano\/tres-menores-cayeron-a-un-pozo-en-la-escuela-nevado-de-acay-de-la-localidad-de-la-poma\/\",\"name\":\"Tres menores cayeron a un Pozo, en la Escuela Nevado de Acay de la localidad de La Poma. - RQ 99.9\",\"isPartOf\":{\"@id\":\"https:\/\/nahuelproducciones.com.ar\/radioquijano\/#website\"},\"datePublished\":\"2024-06-07T00:37:46+00:00\",\"dateModified\":\"2024-06-07T00:37:47+00:00\",\"author\":{\"@id\":\"https:\/\/nahuelproducciones.com.ar\/radioquijano\/#\/schema\/person\/e8a4f939e2cb487fe6d0c54042c9d32c\"},\"description\":\"El Comit\u00e9 de Crisis constituido en la localidad de La Poma, y conformado tras los acontecimientos ocurridos en el d\u00eda de la fecha.\",\"breadcrumb\":{\"@id\":\"https:\/\/nahuelproducciones.com.ar\/radioquijano\/tres-menores-cayeron-a-un-pozo-en-la-escuela-nevado-de-acay-de-la-localidad-de-la-poma\/#breadcrumb\"},\"inLanguage\":\"es\",\"potentialAction\":[{\"@type\":\"ReadAction\",\"target\":[\"https:\/\/nahuelproducciones.com.ar\/radioquijano\/tres-menores-cayeron-a-un-pozo-en-la-escuela-nevado-de-acay-de-la-localidad-de-la-poma\/\"]}]},{\"@type\":\"BreadcrumbList\",\"@id\":\"https:\/\/nahuelproducciones.com.ar\/radioquijano\/tres-menores-cayeron-a-un-pozo-en-la-escuela-nevado-de-acay-de-la-localidad-de-la-poma\/#breadcrumb\",\"itemListElement\":[{\"@type\":\"ListItem\",\"position\":1,\"name\":\"Portada\",\"item\":\"https:\/\/nahuelproducciones.com.ar\/radioquijano\/\"},{\"@type\":\"ListItem\",\"position\":2,\"name\":\"Tres menores cayeron a un Pozo, en la Escuela Nevado de Acay de la localidad de La Poma.\"}]},{\"@type\":\"WebSite\",\"@id\":\"https:\/\/nahuelproducciones.com.ar\/radioquijano\/#website\",\"url\":\"https:\/\/nahuelproducciones.com.ar\/radioquijano\/\",\"name\":\"RQ 99.9\",\"description\":\"Radio Quijano 99.9 MHz\",\"potentialAction\":[{\"@type\":\"SearchAction\",\"target\":{\"@type\":\"EntryPoint\",\"urlTemplate\":\"https:\/\/nahuelproducciones.com.ar\/radioquijano\/?s={search_term_string}\"},\"query-input\":\"required name=search_term_string\"}],\"inLanguage\":\"es\"},{\"@type\":\"Person\",\"@id\":\"https:\/\/nahuelproducciones.com.ar\/radioquijano\/#\/schema\/person\/e8a4f939e2cb487fe6d0c54042c9d32c\",\"name\":\"Cecilia Pastrana\",\"image\":{\"@type\":\"ImageObject\",\"inLanguage\":\"es\",\"@id\":\"https:\/\/nahuelproducciones.com.ar\/radioquijano\/#\/schema\/person\/image\/\",\"url\":\"https:\/\/secure.gravatar.com\/avatar\/661a3ef63a8488d4f2794ed44af8cf71420f7e106f3072c40125114df5157749?s=96&d=mm&r=g\",\"contentUrl\":\"https:\/\/secure.gravatar.com\/avatar\/661a3ef63a8488d4f2794ed44af8cf71420f7e106f3072c40125114df5157749?s=96&d=mm&r=g\",\"caption\":\"Cecilia Pastrana\"},\"sameAs\":[\"cecy\"],\"url\":\"https:\/\/nahuelproducciones.com.ar\/radioquijano\/author\/cecy\/\"}]}<\/script>\n<!-- \/ Yoast SEO plugin. -->","yoast_head_json":{"title":"Tres menores cayeron a un Pozo, en la Escuela Nevado de Acay de la localidad de La Poma. - RQ 99.9","description":"El Comit\u00e9 de Crisis constituido en la localidad de La Poma, y conformado tras los acontecimientos ocurridos en el d\u00eda de la fecha.","robots":{"index":"index","follow":"follow","max-snippet":"max-snippet:-1","max-image-preview":"max-image-preview:large","max-video-preview":"max-video-preview:-1"},"canonical":"https:\/\/nahuelproducciones.com.ar\/radioquijano\/tres-menores-cayeron-a-un-pozo-en-la-escuela-nevado-de-acay-de-la-localidad-de-la-poma\/","og_locale":"es_ES","og_type":"article","og_title":"Tres menores cayeron a un Pozo, en la Escuela Nevado de Acay de la localidad de La Poma. - RQ 99.9","og_description":"El Comit\u00e9 de Crisis constituido en la localidad de La Poma, y conformado tras los acontecimientos ocurridos en el d\u00eda de la fecha.","og_url":"https:\/\/nahuelproducciones.com.ar\/radioquijano\/tres-menores-cayeron-a-un-pozo-en-la-escuela-nevado-de-acay-de-la-localidad-de-la-poma\/","og_site_name":"RQ 99.9","article_publisher":"https:\/\/www.facebook.com\/nahuelproducciones999\/","article_published_time":"2024-06-07T00:37:46+00:00","article_modified_time":"2024-06-07T00:37:47+00:00","og_image":[{"width":700,"height":394,"url":"https:\/\/nahuelproducciones.com.ar\/radioquijano\/wp-content\/uploads\/2024\/06\/96076-tras-los-hechos-en-la-poma-se-tomaron-medidas-de-contencion-y-acciones-inmediatas-20240607001450-e1717720631563.jpg","type":"image\/jpeg"}],"author":"Cecilia Pastrana","twitter_card":"summary_large_image","twitter_creator":"@nahuproduciones","twitter_site":"@nahuproduciones","twitter_misc":{"Escrito por":"Cecilia Pastrana","Tiempo de lectura":"2 minutos"},"schema":{"@context":"https:\/\/schema.org","@graph":[{"@type":"WebPage","@id":"https:\/\/nahuelproducciones.com.ar\/radioquijano\/tres-menores-cayeron-a-un-pozo-en-la-escuela-nevado-de-acay-de-la-localidad-de-la-poma\/","url":"https:\/\/nahuelproducciones.com.ar\/radioquijano\/tres-menores-cayeron-a-un-pozo-en-la-escuela-nevado-de-acay-de-la-localidad-de-la-poma\/","name":"Tres menores cayeron a un Pozo, en la Escuela Nevado de Acay de la localidad de La Poma. - RQ 99.9","isPartOf":{"@id":"https:\/\/nahuelproducciones.com.ar\/radioquijano\/#website"},"datePublished":"2024-06-07T00:37:46+00:00","dateModified":"2024-06-07T00:37:47+00:00","author":{"@id":"https:\/\/nahuelproducciones.com.ar\/radioquijano\/#\/schema\/person\/e8a4f939e2cb487fe6d0c54042c9d32c"},"description":"El Comit\u00e9 de Crisis constituido en la localidad de La Poma, y conformado tras los acontecimientos ocurridos en el d\u00eda de la fecha.","breadcrumb":{"@id":"https:\/\/nahuelproducciones.com.ar\/radioquijano\/tres-menores-cayeron-a-un-pozo-en-la-escuela-nevado-de-acay-de-la-localidad-de-la-poma\/#breadcrumb"},"inLanguage":"es","potentialAction":[{"@type":"ReadAction","target":["https:\/\/nahuelproducciones.com.ar\/radioquijano\/tres-menores-cayeron-a-un-pozo-en-la-escuela-nevado-de-acay-de-la-localidad-de-la-poma\/"]}]},{"@type":"BreadcrumbList","@id":"https:\/\/nahuelproducciones.com.ar\/radioquijano\/tres-menores-cayeron-a-un-pozo-en-la-escuela-nevado-de-acay-de-la-localidad-de-la-poma\/#breadcrumb","itemListElement":[{"@type":"ListItem","position":1,"name":"Portada","item":"https:\/\/nahuelproducciones.com.ar\/radioquijano\/"},{"@type":"ListItem","position":2,"name":"Tres menores cayeron a un Pozo, en la Escuela Nevado de Acay de la localidad de La Poma."}]},{"@type":"WebSite","@id":"https:\/\/nahuelproducciones.com.ar\/radioquijano\/#website","url":"https:\/\/nahuelproducciones.com.ar\/radioquijano\/","name":"RQ 99.9","description":"Radio Quijano 99.9 MHz","potentialAction":[{"@type":"SearchAction","target":{"@type":"EntryPoint","urlTemplate":"https:\/\/nahuelproducciones.com.ar\/radioquijano\/?s={search_term_string}"},"query-input":"required name=search_term_string"}],"inLanguage":"es"},{"@type":"Person","@id":"https:\/\/nahuelproducciones.com.ar\/radioquijano\/#\/schema\/person\/e8a4f939e2cb487fe6d0c54042c9d32c","name":"Cecilia Pastrana","image":{"@type":"ImageObject","inLanguage":"es","@id":"https:\/\/nahuelproducciones.com.ar\/radioquijano\/#\/schema\/person\/image\/","url":"https:\/\/secure.gravatar.com\/avatar\/661a3ef63a8488d4f2794ed44af8cf71420f7e106f3072c40125114df5157749?s=96&d=mm&r=g","contentUrl":"https:\/\/secure.gravatar.com\/avatar\/661a3ef63a8488d4f2794ed44af8cf71420f7e106f3072c40125114df5157749?s=96&d=mm&r=g","caption":"Cecilia Pastrana"},"sameAs":["cecy"],"url":"https:\/\/nahuelproducciones.com.ar\/radioquijano\/author\/cecy\/"}]}},"_links":{"self":[{"href":"https:\/\/nahuelproducciones.com.ar\/radioquijano\/wp-json\/wp\/v2\/posts\/8283","targetHints":{"allow":["GET"]}}],"collection":[{"href":"https:\/\/nahuelproducciones.com.ar\/radioquijano\/wp-json\/wp\/v2\/posts"}],"about":[{"href":"https:\/\/nahuelproducciones.com.ar\/radioquijano\/wp-json\/wp\/v2\/types\/post"}],"author":[{"embeddable":true,"href":"https:\/\/nahuelproducciones.com.ar\/radioquijano\/wp-json\/wp\/v2\/users\/8"}],"replies":[{"embeddable":true,"href":"https:\/\/nahuelproducciones.com.ar\/radioquijano\/wp-json\/wp\/v2\/comments?post=8283"}],"version-history":[{"count":1,"href":"https:\/\/nahuelproducciones.com.ar\/radioquijano\/wp-json\/wp\/v2\/posts\/8283\/revisions"}],"predecessor-version":[{"id":8286,"href":"https:\/\/nahuelproducciones.com.ar\/radioquijano\/wp-json\/wp\/v2\/posts\/8283\/revisions\/8286"}],"wp:featuredmedia":[{"embeddable":true,"href":"https:\/\/nahuelproducciones.com.ar\/radioquijano\/wp-json\/wp\/v2\/media\/8285"}],"wp:attachment":[{"href":"https:\/\/nahuelproducciones.com.ar\/radioquijano\/wp-json\/wp\/v2\/media?parent=8283"}],"wp:term":[{"taxonomy":"category","embeddable":true,"href":"https:\/\/nahuelproducciones.com.ar\/radioquijano\/wp-json\/wp\/v2\/categories?post=8283"},{"taxonomy":"post_tag","embeddable":true,"href":"https:\/\/nahuelproducciones.com.ar\/radioquijano\/wp-json\/wp\/v2\/tags?post=8283"}],"curies":[{"name":"wp","href":"https:\/\/api.w.org\/{rel}","templated":true}]}}