{"id":8299,"date":"2024-06-10T12:39:59","date_gmt":"2024-06-10T15:39:59","guid":{"rendered":"https:\/\/nahuelproducciones.com.ar\/radioquijano\/?p=8299"},"modified":"2024-06-10T13:54:46","modified_gmt":"2024-06-10T16:54:46","slug":"1400hs-tn-mision-pais-en-campo-quijano","status":"publish","type":"post","link":"https:\/\/nahuelproducciones.com.ar\/radioquijano\/1400hs-tn-mision-pais-en-campo-quijano\/","title":{"rendered":"17:00Hs: TN \u00abMisi\u00f3n Pa\u00eds\u00bb\u00a0en Campo Quijano."},"content":{"rendered":"\n<p>&nbsp;La periodista de TN, Paula Bernini, esta viajando y conectando los puntos m\u00e1s rec\u00f3nditos de nuestro pa\u00eds, dando a conocer las historias de sus habitantes.<\/p>\n\n\n\n<p>Hoy  lunes 11 de junio a las 17:00 hs estar\u00e1 en Campo Quijano con su equipo&nbsp;con un gran&nbsp;equipo de camar\u00f3grafos, productores y colaboradores para mostrar su gente, su paisaje y lugares iconos en vivo por TN Todo Noticias .<\/p>\n\n\n\n<p>En comunicaci\u00f3n telef\u00f3nica con la 99.9Mhz , la Directora de Turismo Valeria Guitian coment\u00f3 que el  municipio participo en POTENCIA 2024 con los emprendedores y fue todo un \u00e9xito.<\/p>\n\n\n\n<p>Guitian inform\u00f3 que TN, con su reportera Paula llegara al Pueblo e invito a todos  al centro del Pueblo y seguramente ver\u00e1n como se hacen las transmisiones y grabaciones para que lleguen al mundo.<\/p>\n\n\n\n<p>Los lugares posibles a visitar y transmitir ser\u00e1n:  El Paseo Pioneros de Huaytiquina lugar en donde se encuentra la Locomotora , Museo del Tren en la Parroquia Santiago Ap\u00f3stol, la estaci\u00f3n de Tren, Viaducto, etc.<\/p>\n\n\n\n<p>Acompa\u00f1aran posiblemente Los Brujos de El Enc\u00f3n.<\/p>\n\n\n\n<p>Escucha la entrevista:<\/p>\n\n\n\n<figure class=\"wp-block-audio\"><audio controls src=\"https:\/\/nahuelproducciones.com.ar\/radioquijano\/wp-content\/uploads\/2024\/06\/10-06-2024-VALERIA-GUITIAN-DIRECTORA-DE-TURISMO-TEMA-POTENCIA-Y-VISITA-TN-A-QUIJANO.mp3\"><\/audio><\/figure>\n\n\n\n<blockquote class=\"wp-block-quote is-layout-flow wp-block-quote-is-layout-flow\">\n<h2 class=\"wp-block-heading\">Paula Bernini, su infancia en el oeste de Buenos Aires, ayudando a la familia y con el amor por Racing<\/h2>\n\n\n\n<p>Paula es de&nbsp;<strong>Ramos Mej\u00eda,<\/strong>&nbsp;tiene&nbsp;<strong>42 a\u00f1os<\/strong>&nbsp;y fue all\u00ed donde asisti\u00f3 a la escuela primaria, \u201cy de delantal blanco\u201d. En la&nbsp;secundaria fue al&nbsp;<strong>Instituto Padre Elizalde<\/strong>, \u201cprivado con subsidio religioso\u201d, en Ciudadela.&nbsp;<strong>\u201cEl colegio quedaba a 15 cuadras de Fuerte Apache. Ah\u00ed se cruzaban diferentes clases sociales,&nbsp;el hijo del gerente de un banco, la hija de un laburante\u2026 Creo que eso&nbsp;me dio equilibro, sensibilidad. Me ense\u00f1\u00f3 a moverme en la calle\u201d<\/strong>, reconoci\u00f3 en una nota period\u00edstica para el Medio PARA TI.<\/p>\n<\/blockquote>\n\n\n\n<p>Imagen Diario El Clar\u00edn<\/p>\n","protected":false},"excerpt":{"rendered":"<p>&nbsp;La periodista de TN, Paula Bernini, esta viajando y conectando los puntos m\u00e1s rec\u00f3nditos de nuestro pa\u00eds, dando a conocer las historias de sus habitantes. Hoy lunes 11 de junio a las 17:00 hs estar\u00e1 en Campo Quijano con su equipo&nbsp;con un gran&nbsp;equipo de camar\u00f3grafos, productores y colaboradores para mostrar su gente, su paisaje y [&hellip;]<\/p>\n","protected":false},"author":8,"featured_media":8300,"comment_status":"open","ping_status":"open","sticky":false,"template":"","format":"standard","meta":{"_monsterinsights_skip_tracking":false,"_monsterinsights_sitenote_active":false,"_monsterinsights_sitenote_note":"","_monsterinsights_sitenote_category":0,"footnotes":""},"categories":[16],"tags":[100,1560],"class_list":["post-8299","post","type-post","status-publish","format-standard","has-post-thumbnail","hentry","category-noticias","tag-municipio-de-campo-quijano","tag-tn-mision-pais"],"yoast_head":"<!-- This site is optimized with the Yoast SEO plugin v20.8 - https:\/\/yoast.com\/wordpress\/plugins\/seo\/ -->\n<title>17:00Hs: TN &quot;Misi\u00f3n Pa\u00eds&quot;\u00a0en Campo Quijano. - RQ 99.9<\/title>\n<meta name=\"description\" content=\"Est\u00e1n todos invitados al centro del Pueblo y seguramente ver\u00e1n como se hacen las transmisiones y grabaciones para que lleguen al mundo.\" \/>\n<meta name=\"robots\" content=\"index, follow, max-snippet:-1, max-image-preview:large, max-video-preview:-1\" \/>\n<link rel=\"canonical\" href=\"https:\/\/nahuelproducciones.com.ar\/radioquijano\/1400hs-tn-mision-pais-en-campo-quijano\/\" \/>\n<meta property=\"og:locale\" content=\"es_ES\" \/>\n<meta property=\"og:type\" content=\"article\" \/>\n<meta property=\"og:title\" content=\"17:00Hs: TN &quot;Misi\u00f3n Pa\u00eds&quot;\u00a0en Campo Quijano. - RQ 99.9\" \/>\n<meta property=\"og:description\" content=\"Est\u00e1n todos invitados al centro del Pueblo y seguramente ver\u00e1n como se hacen las transmisiones y grabaciones para que lleguen al mundo.\" \/>\n<meta property=\"og:url\" content=\"https:\/\/nahuelproducciones.com.ar\/radioquijano\/1400hs-tn-mision-pais-en-campo-quijano\/\" \/>\n<meta property=\"og:site_name\" content=\"RQ 99.9\" \/>\n<meta property=\"article:publisher\" content=\"https:\/\/www.facebook.com\/nahuelproducciones999\/\" \/>\n<meta property=\"article:published_time\" content=\"2024-06-10T15:39:59+00:00\" \/>\n<meta property=\"article:modified_time\" content=\"2024-06-10T16:54:46+00:00\" \/>\n<meta property=\"og:image\" content=\"https:\/\/nahuelproducciones.com.ar\/radioquijano\/wp-content\/uploads\/2024\/06\/descarga-1.jpeg\" \/>\n\t<meta property=\"og:image:width\" content=\"211\" \/>\n\t<meta property=\"og:image:height\" content=\"239\" \/>\n\t<meta property=\"og:image:type\" content=\"image\/jpeg\" \/>\n<meta name=\"author\" content=\"Cecilia Pastrana\" \/>\n<meta name=\"twitter:card\" content=\"summary_large_image\" \/>\n<meta name=\"twitter:creator\" content=\"@nahuproduciones\" \/>\n<meta name=\"twitter:site\" content=\"@nahuproduciones\" \/>\n<meta name=\"twitter:label1\" content=\"Escrito por\" \/>\n\t<meta name=\"twitter:data1\" content=\"Cecilia Pastrana\" \/>\n\t<meta name=\"twitter:label2\" content=\"Tiempo de lectura\" \/>\n\t<meta name=\"twitter:data2\" content=\"2 minutos\" \/>\n<script type=\"application\/ld+json\" class=\"yoast-schema-graph\">{\"@context\":\"https:\/\/schema.org\",\"@graph\":[{\"@type\":\"WebPage\",\"@id\":\"https:\/\/nahuelproducciones.com.ar\/radioquijano\/1400hs-tn-mision-pais-en-campo-quijano\/\",\"url\":\"https:\/\/nahuelproducciones.com.ar\/radioquijano\/1400hs-tn-mision-pais-en-campo-quijano\/\",\"name\":\"17:00Hs: TN \\\"Misi\u00f3n Pa\u00eds\\\"\u00a0en Campo Quijano. - RQ 99.9\",\"isPartOf\":{\"@id\":\"https:\/\/nahuelproducciones.com.ar\/radioquijano\/#website\"},\"datePublished\":\"2024-06-10T15:39:59+00:00\",\"dateModified\":\"2024-06-10T16:54:46+00:00\",\"author\":{\"@id\":\"https:\/\/nahuelproducciones.com.ar\/radioquijano\/#\/schema\/person\/e8a4f939e2cb487fe6d0c54042c9d32c\"},\"description\":\"Est\u00e1n todos invitados al centro del Pueblo y seguramente ver\u00e1n como se hacen las transmisiones y grabaciones para que lleguen al mundo.\",\"breadcrumb\":{\"@id\":\"https:\/\/nahuelproducciones.com.ar\/radioquijano\/1400hs-tn-mision-pais-en-campo-quijano\/#breadcrumb\"},\"inLanguage\":\"es\",\"potentialAction\":[{\"@type\":\"ReadAction\",\"target\":[\"https:\/\/nahuelproducciones.com.ar\/radioquijano\/1400hs-tn-mision-pais-en-campo-quijano\/\"]}]},{\"@type\":\"BreadcrumbList\",\"@id\":\"https:\/\/nahuelproducciones.com.ar\/radioquijano\/1400hs-tn-mision-pais-en-campo-quijano\/#breadcrumb\",\"itemListElement\":[{\"@type\":\"ListItem\",\"position\":1,\"name\":\"Portada\",\"item\":\"https:\/\/nahuelproducciones.com.ar\/radioquijano\/\"},{\"@type\":\"ListItem\",\"position\":2,\"name\":\"17:00Hs: TN &#8220;Misi\u00f3n Pa\u00eds&#8221;\u00a0en Campo Quijano.\"}]},{\"@type\":\"WebSite\",\"@id\":\"https:\/\/nahuelproducciones.com.ar\/radioquijano\/#website\",\"url\":\"https:\/\/nahuelproducciones.com.ar\/radioquijano\/\",\"name\":\"RQ 99.9\",\"description\":\"Radio Quijano 99.9 MHz\",\"potentialAction\":[{\"@type\":\"SearchAction\",\"target\":{\"@type\":\"EntryPoint\",\"urlTemplate\":\"https:\/\/nahuelproducciones.com.ar\/radioquijano\/?s={search_term_string}\"},\"query-input\":\"required name=search_term_string\"}],\"inLanguage\":\"es\"},{\"@type\":\"Person\",\"@id\":\"https:\/\/nahuelproducciones.com.ar\/radioquijano\/#\/schema\/person\/e8a4f939e2cb487fe6d0c54042c9d32c\",\"name\":\"Cecilia Pastrana\",\"image\":{\"@type\":\"ImageObject\",\"inLanguage\":\"es\",\"@id\":\"https:\/\/nahuelproducciones.com.ar\/radioquijano\/#\/schema\/person\/image\/\",\"url\":\"https:\/\/secure.gravatar.com\/avatar\/661a3ef63a8488d4f2794ed44af8cf71420f7e106f3072c40125114df5157749?s=96&d=mm&r=g\",\"contentUrl\":\"https:\/\/secure.gravatar.com\/avatar\/661a3ef63a8488d4f2794ed44af8cf71420f7e106f3072c40125114df5157749?s=96&d=mm&r=g\",\"caption\":\"Cecilia Pastrana\"},\"sameAs\":[\"cecy\"],\"url\":\"https:\/\/nahuelproducciones.com.ar\/radioquijano\/author\/cecy\/\"}]}<\/script>\n<!-- \/ Yoast SEO plugin. -->","yoast_head_json":{"title":"17:00Hs: TN \"Misi\u00f3n Pa\u00eds\"\u00a0en Campo Quijano. - RQ 99.9","description":"Est\u00e1n todos invitados al centro del Pueblo y seguramente ver\u00e1n como se hacen las transmisiones y grabaciones para que lleguen al mundo.","robots":{"index":"index","follow":"follow","max-snippet":"max-snippet:-1","max-image-preview":"max-image-preview:large","max-video-preview":"max-video-preview:-1"},"canonical":"https:\/\/nahuelproducciones.com.ar\/radioquijano\/1400hs-tn-mision-pais-en-campo-quijano\/","og_locale":"es_ES","og_type":"article","og_title":"17:00Hs: TN \"Misi\u00f3n Pa\u00eds\"\u00a0en Campo Quijano. - RQ 99.9","og_description":"Est\u00e1n todos invitados al centro del Pueblo y seguramente ver\u00e1n como se hacen las transmisiones y grabaciones para que lleguen al mundo.","og_url":"https:\/\/nahuelproducciones.com.ar\/radioquijano\/1400hs-tn-mision-pais-en-campo-quijano\/","og_site_name":"RQ 99.9","article_publisher":"https:\/\/www.facebook.com\/nahuelproducciones999\/","article_published_time":"2024-06-10T15:39:59+00:00","article_modified_time":"2024-06-10T16:54:46+00:00","og_image":[{"width":211,"height":239,"url":"https:\/\/nahuelproducciones.com.ar\/radioquijano\/wp-content\/uploads\/2024\/06\/descarga-1.jpeg","type":"image\/jpeg"}],"author":"Cecilia Pastrana","twitter_card":"summary_large_image","twitter_creator":"@nahuproduciones","twitter_site":"@nahuproduciones","twitter_misc":{"Escrito por":"Cecilia Pastrana","Tiempo de lectura":"2 minutos"},"schema":{"@context":"https:\/\/schema.org","@graph":[{"@type":"WebPage","@id":"https:\/\/nahuelproducciones.com.ar\/radioquijano\/1400hs-tn-mision-pais-en-campo-quijano\/","url":"https:\/\/nahuelproducciones.com.ar\/radioquijano\/1400hs-tn-mision-pais-en-campo-quijano\/","name":"17:00Hs: TN \"Misi\u00f3n Pa\u00eds\"\u00a0en Campo Quijano. - RQ 99.9","isPartOf":{"@id":"https:\/\/nahuelproducciones.com.ar\/radioquijano\/#website"},"datePublished":"2024-06-10T15:39:59+00:00","dateModified":"2024-06-10T16:54:46+00:00","author":{"@id":"https:\/\/nahuelproducciones.com.ar\/radioquijano\/#\/schema\/person\/e8a4f939e2cb487fe6d0c54042c9d32c"},"description":"Est\u00e1n todos invitados al centro del Pueblo y seguramente ver\u00e1n como se hacen las transmisiones y grabaciones para que lleguen al mundo.","breadcrumb":{"@id":"https:\/\/nahuelproducciones.com.ar\/radioquijano\/1400hs-tn-mision-pais-en-campo-quijano\/#breadcrumb"},"inLanguage":"es","potentialAction":[{"@type":"ReadAction","target":["https:\/\/nahuelproducciones.com.ar\/radioquijano\/1400hs-tn-mision-pais-en-campo-quijano\/"]}]},{"@type":"BreadcrumbList","@id":"https:\/\/nahuelproducciones.com.ar\/radioquijano\/1400hs-tn-mision-pais-en-campo-quijano\/#breadcrumb","itemListElement":[{"@type":"ListItem","position":1,"name":"Portada","item":"https:\/\/nahuelproducciones.com.ar\/radioquijano\/"},{"@type":"ListItem","position":2,"name":"17:00Hs: TN &#8220;Misi\u00f3n Pa\u00eds&#8221;\u00a0en Campo Quijano."}]},{"@type":"WebSite","@id":"https:\/\/nahuelproducciones.com.ar\/radioquijano\/#website","url":"https:\/\/nahuelproducciones.com.ar\/radioquijano\/","name":"RQ 99.9","description":"Radio Quijano 99.9 MHz","potentialAction":[{"@type":"SearchAction","target":{"@type":"EntryPoint","urlTemplate":"https:\/\/nahuelproducciones.com.ar\/radioquijano\/?s={search_term_string}"},"query-input":"required name=search_term_string"}],"inLanguage":"es"},{"@type":"Person","@id":"https:\/\/nahuelproducciones.com.ar\/radioquijano\/#\/schema\/person\/e8a4f939e2cb487fe6d0c54042c9d32c","name":"Cecilia Pastrana","image":{"@type":"ImageObject","inLanguage":"es","@id":"https:\/\/nahuelproducciones.com.ar\/radioquijano\/#\/schema\/person\/image\/","url":"https:\/\/secure.gravatar.com\/avatar\/661a3ef63a8488d4f2794ed44af8cf71420f7e106f3072c40125114df5157749?s=96&d=mm&r=g","contentUrl":"https:\/\/secure.gravatar.com\/avatar\/661a3ef63a8488d4f2794ed44af8cf71420f7e106f3072c40125114df5157749?s=96&d=mm&r=g","caption":"Cecilia Pastrana"},"sameAs":["cecy"],"url":"https:\/\/nahuelproducciones.com.ar\/radioquijano\/author\/cecy\/"}]}},"_links":{"self":[{"href":"https:\/\/nahuelproducciones.com.ar\/radioquijano\/wp-json\/wp\/v2\/posts\/8299","targetHints":{"allow":["GET"]}}],"collection":[{"href":"https:\/\/nahuelproducciones.com.ar\/radioquijano\/wp-json\/wp\/v2\/posts"}],"about":[{"href":"https:\/\/nahuelproducciones.com.ar\/radioquijano\/wp-json\/wp\/v2\/types\/post"}],"author":[{"embeddable":true,"href":"https:\/\/nahuelproducciones.com.ar\/radioquijano\/wp-json\/wp\/v2\/users\/8"}],"replies":[{"embeddable":true,"href":"https:\/\/nahuelproducciones.com.ar\/radioquijano\/wp-json\/wp\/v2\/comments?post=8299"}],"version-history":[{"count":4,"href":"https:\/\/nahuelproducciones.com.ar\/radioquijano\/wp-json\/wp\/v2\/posts\/8299\/revisions"}],"predecessor-version":[{"id":8308,"href":"https:\/\/nahuelproducciones.com.ar\/radioquijano\/wp-json\/wp\/v2\/posts\/8299\/revisions\/8308"}],"wp:featuredmedia":[{"embeddable":true,"href":"https:\/\/nahuelproducciones.com.ar\/radioquijano\/wp-json\/wp\/v2\/media\/8300"}],"wp:attachment":[{"href":"https:\/\/nahuelproducciones.com.ar\/radioquijano\/wp-json\/wp\/v2\/media?parent=8299"}],"wp:term":[{"taxonomy":"category","embeddable":true,"href":"https:\/\/nahuelproducciones.com.ar\/radioquijano\/wp-json\/wp\/v2\/categories?post=8299"},{"taxonomy":"post_tag","embeddable":true,"href":"https:\/\/nahuelproducciones.com.ar\/radioquijano\/wp-json\/wp\/v2\/tags?post=8299"}],"curies":[{"name":"wp","href":"https:\/\/api.w.org\/{rel}","templated":true}]}}