{"id":8313,"date":"2024-06-11T12:08:58","date_gmt":"2024-06-11T15:08:58","guid":{"rendered":"https:\/\/nahuelproducciones.com.ar\/radioquijano\/?p=8313"},"modified":"2024-06-11T12:08:59","modified_gmt":"2024-06-11T15:08:59","slug":"guardia-bajo-las-estrellas-en-honor-al-general-martin-miguel-de-guemes","status":"publish","type":"post","link":"https:\/\/nahuelproducciones.com.ar\/radioquijano\/guardia-bajo-las-estrellas-en-honor-al-general-martin-miguel-de-guemes\/","title":{"rendered":"Guardia bajo las Estrellas en honor al General Mart\u00edn Miguel de G\u00fcemes."},"content":{"rendered":"\n<p>El Director de Cultura , Javier Gonz\u00e1lez , en comunicaci\u00f3n con RQ99.9Mhz, anunci\u00f3 que el 16 de junio a partir de las 20:00hs se encender\u00e1n los fogones en la Estaci\u00f3n de trenes de Campo Quijano para iniciar con la Guardia a las Estrellas en Honor a nuestro h\u00e9roe Gaucho, donde est\u00e1 su Busto.<\/p>\n\n\n\n<p>Adelant\u00f3 que la ceremonia como es costumbre la realizan los gauchos de la mano de la Agrupaci\u00f3n Rodeo Antenor Sanchez y que la Direcci\u00f3n de Cultura acompa\u00f1ara en la fecha.<\/p>\n\n\n\n<p>La Polic\u00eda tendr\u00e1 el Primer turno en la  Guardia, seguir\u00e1n los Gauchos  y a las 23:00 hs iniciar\u00e1 el Acto Central y Protocolar.<\/p>\n\n\n\n<p>Desde temprano se compartir\u00e1 mate cocido y bollitos entre los presentes.<\/p>\n\n\n\n<p>Escucha la entrevista en donde hablo de esto y mucho m\u00e1s:<\/p>\n\n\n\n<figure class=\"wp-block-audio\"><audio controls src=\"https:\/\/nahuelproducciones.com.ar\/radioquijano\/wp-content\/uploads\/2024\/06\/11-06-2024Profe-De-Folclore-Javier-GONZALEZ-DIRECTR-DE-CULTURA-tema-GUARDIA-BAJO-LAS-ESTRELLAS-16-DE-JUNIO-2024.mp3\"><\/audio><\/figure>\n\n\n\n<p>Imagen: Gobierno de la Provincia<\/p>\n","protected":false},"excerpt":{"rendered":"<p>El Director de Cultura , Javier Gonz\u00e1lez , en comunicaci\u00f3n con RQ99.9Mhz, anunci\u00f3 que el 16 de junio a partir de las 20:00hs se encender\u00e1n los fogones en la Estaci\u00f3n de trenes de Campo Quijano para iniciar con la Guardia a las Estrellas en Honor a nuestro h\u00e9roe Gaucho, donde est\u00e1 su Busto. Adelant\u00f3 que [&hellip;]<\/p>\n","protected":false},"author":8,"featured_media":8315,"comment_status":"open","ping_status":"open","sticky":false,"template":"","format":"standard","meta":{"_monsterinsights_skip_tracking":false,"_monsterinsights_sitenote_active":false,"_monsterinsights_sitenote_note":"","_monsterinsights_sitenote_category":0,"footnotes":""},"categories":[16],"tags":[1562,100],"class_list":["post-8313","post","type-post","status-publish","format-standard","has-post-thumbnail","hentry","category-noticias","tag-guardia-bajo-las-estrellas","tag-municipio-de-campo-quijano"],"yoast_head":"<!-- This site is optimized with the Yoast SEO plugin v20.8 - https:\/\/yoast.com\/wordpress\/plugins\/seo\/ -->\n<title>Guardia bajo las Estrellas en honor al General Mart\u00edn Miguel de G\u00fcemes. - RQ 99.9<\/title>\n<meta name=\"description\" content=\"El 16 de junio a partir de las 20:00hs se encender\u00e1n los fogones\" \/>\n<meta name=\"robots\" content=\"index, follow, max-snippet:-1, max-image-preview:large, max-video-preview:-1\" \/>\n<link rel=\"canonical\" href=\"https:\/\/nahuelproducciones.com.ar\/radioquijano\/guardia-bajo-las-estrellas-en-honor-al-general-martin-miguel-de-guemes\/\" \/>\n<meta property=\"og:locale\" content=\"es_ES\" \/>\n<meta property=\"og:type\" content=\"article\" \/>\n<meta property=\"og:title\" content=\"Guardia bajo las Estrellas en honor al General Mart\u00edn Miguel de G\u00fcemes. - RQ 99.9\" \/>\n<meta property=\"og:description\" content=\"El 16 de junio a partir de las 20:00hs se encender\u00e1n los fogones\" \/>\n<meta property=\"og:url\" content=\"https:\/\/nahuelproducciones.com.ar\/radioquijano\/guardia-bajo-las-estrellas-en-honor-al-general-martin-miguel-de-guemes\/\" \/>\n<meta property=\"og:site_name\" content=\"RQ 99.9\" \/>\n<meta property=\"article:publisher\" content=\"https:\/\/www.facebook.com\/nahuelproducciones999\/\" \/>\n<meta property=\"article:published_time\" content=\"2024-06-11T15:08:58+00:00\" \/>\n<meta property=\"article:modified_time\" content=\"2024-06-11T15:08:59+00:00\" \/>\n<meta property=\"og:image\" content=\"https:\/\/nahuelproducciones.com.ar\/radioquijano\/wp-content\/uploads\/2024\/06\/images.jpeg\" \/>\n\t<meta property=\"og:image:width\" content=\"275\" \/>\n\t<meta property=\"og:image:height\" content=\"183\" \/>\n\t<meta property=\"og:image:type\" content=\"image\/jpeg\" \/>\n<meta name=\"author\" content=\"Cecilia Pastrana\" \/>\n<meta name=\"twitter:card\" content=\"summary_large_image\" \/>\n<meta name=\"twitter:creator\" content=\"@nahuproduciones\" \/>\n<meta name=\"twitter:site\" content=\"@nahuproduciones\" \/>\n<meta name=\"twitter:label1\" content=\"Escrito por\" \/>\n\t<meta name=\"twitter:data1\" content=\"Cecilia Pastrana\" \/>\n\t<meta name=\"twitter:label2\" content=\"Tiempo de lectura\" \/>\n\t<meta name=\"twitter:data2\" content=\"1 minuto\" \/>\n<script type=\"application\/ld+json\" class=\"yoast-schema-graph\">{\"@context\":\"https:\/\/schema.org\",\"@graph\":[{\"@type\":\"WebPage\",\"@id\":\"https:\/\/nahuelproducciones.com.ar\/radioquijano\/guardia-bajo-las-estrellas-en-honor-al-general-martin-miguel-de-guemes\/\",\"url\":\"https:\/\/nahuelproducciones.com.ar\/radioquijano\/guardia-bajo-las-estrellas-en-honor-al-general-martin-miguel-de-guemes\/\",\"name\":\"Guardia bajo las Estrellas en honor al General Mart\u00edn Miguel de G\u00fcemes. - RQ 99.9\",\"isPartOf\":{\"@id\":\"https:\/\/nahuelproducciones.com.ar\/radioquijano\/#website\"},\"datePublished\":\"2024-06-11T15:08:58+00:00\",\"dateModified\":\"2024-06-11T15:08:59+00:00\",\"author\":{\"@id\":\"https:\/\/nahuelproducciones.com.ar\/radioquijano\/#\/schema\/person\/e8a4f939e2cb487fe6d0c54042c9d32c\"},\"description\":\"El 16 de junio a partir de las 20:00hs se encender\u00e1n los fogones\",\"breadcrumb\":{\"@id\":\"https:\/\/nahuelproducciones.com.ar\/radioquijano\/guardia-bajo-las-estrellas-en-honor-al-general-martin-miguel-de-guemes\/#breadcrumb\"},\"inLanguage\":\"es\",\"potentialAction\":[{\"@type\":\"ReadAction\",\"target\":[\"https:\/\/nahuelproducciones.com.ar\/radioquijano\/guardia-bajo-las-estrellas-en-honor-al-general-martin-miguel-de-guemes\/\"]}]},{\"@type\":\"BreadcrumbList\",\"@id\":\"https:\/\/nahuelproducciones.com.ar\/radioquijano\/guardia-bajo-las-estrellas-en-honor-al-general-martin-miguel-de-guemes\/#breadcrumb\",\"itemListElement\":[{\"@type\":\"ListItem\",\"position\":1,\"name\":\"Portada\",\"item\":\"https:\/\/nahuelproducciones.com.ar\/radioquijano\/\"},{\"@type\":\"ListItem\",\"position\":2,\"name\":\"Guardia bajo las Estrellas en honor al General Mart\u00edn Miguel de G\u00fcemes.\"}]},{\"@type\":\"WebSite\",\"@id\":\"https:\/\/nahuelproducciones.com.ar\/radioquijano\/#website\",\"url\":\"https:\/\/nahuelproducciones.com.ar\/radioquijano\/\",\"name\":\"RQ 99.9\",\"description\":\"Radio Quijano 99.9 MHz\",\"potentialAction\":[{\"@type\":\"SearchAction\",\"target\":{\"@type\":\"EntryPoint\",\"urlTemplate\":\"https:\/\/nahuelproducciones.com.ar\/radioquijano\/?s={search_term_string}\"},\"query-input\":\"required name=search_term_string\"}],\"inLanguage\":\"es\"},{\"@type\":\"Person\",\"@id\":\"https:\/\/nahuelproducciones.com.ar\/radioquijano\/#\/schema\/person\/e8a4f939e2cb487fe6d0c54042c9d32c\",\"name\":\"Cecilia Pastrana\",\"image\":{\"@type\":\"ImageObject\",\"inLanguage\":\"es\",\"@id\":\"https:\/\/nahuelproducciones.com.ar\/radioquijano\/#\/schema\/person\/image\/\",\"url\":\"https:\/\/secure.gravatar.com\/avatar\/661a3ef63a8488d4f2794ed44af8cf71420f7e106f3072c40125114df5157749?s=96&d=mm&r=g\",\"contentUrl\":\"https:\/\/secure.gravatar.com\/avatar\/661a3ef63a8488d4f2794ed44af8cf71420f7e106f3072c40125114df5157749?s=96&d=mm&r=g\",\"caption\":\"Cecilia Pastrana\"},\"sameAs\":[\"cecy\"],\"url\":\"https:\/\/nahuelproducciones.com.ar\/radioquijano\/author\/cecy\/\"}]}<\/script>\n<!-- \/ Yoast SEO plugin. -->","yoast_head_json":{"title":"Guardia bajo las Estrellas en honor al General Mart\u00edn Miguel de G\u00fcemes. - RQ 99.9","description":"El 16 de junio a partir de las 20:00hs se encender\u00e1n los fogones","robots":{"index":"index","follow":"follow","max-snippet":"max-snippet:-1","max-image-preview":"max-image-preview:large","max-video-preview":"max-video-preview:-1"},"canonical":"https:\/\/nahuelproducciones.com.ar\/radioquijano\/guardia-bajo-las-estrellas-en-honor-al-general-martin-miguel-de-guemes\/","og_locale":"es_ES","og_type":"article","og_title":"Guardia bajo las Estrellas en honor al General Mart\u00edn Miguel de G\u00fcemes. - RQ 99.9","og_description":"El 16 de junio a partir de las 20:00hs se encender\u00e1n los fogones","og_url":"https:\/\/nahuelproducciones.com.ar\/radioquijano\/guardia-bajo-las-estrellas-en-honor-al-general-martin-miguel-de-guemes\/","og_site_name":"RQ 99.9","article_publisher":"https:\/\/www.facebook.com\/nahuelproducciones999\/","article_published_time":"2024-06-11T15:08:58+00:00","article_modified_time":"2024-06-11T15:08:59+00:00","og_image":[{"width":275,"height":183,"url":"https:\/\/nahuelproducciones.com.ar\/radioquijano\/wp-content\/uploads\/2024\/06\/images.jpeg","type":"image\/jpeg"}],"author":"Cecilia Pastrana","twitter_card":"summary_large_image","twitter_creator":"@nahuproduciones","twitter_site":"@nahuproduciones","twitter_misc":{"Escrito por":"Cecilia Pastrana","Tiempo de lectura":"1 minuto"},"schema":{"@context":"https:\/\/schema.org","@graph":[{"@type":"WebPage","@id":"https:\/\/nahuelproducciones.com.ar\/radioquijano\/guardia-bajo-las-estrellas-en-honor-al-general-martin-miguel-de-guemes\/","url":"https:\/\/nahuelproducciones.com.ar\/radioquijano\/guardia-bajo-las-estrellas-en-honor-al-general-martin-miguel-de-guemes\/","name":"Guardia bajo las Estrellas en honor al General Mart\u00edn Miguel de G\u00fcemes. - RQ 99.9","isPartOf":{"@id":"https:\/\/nahuelproducciones.com.ar\/radioquijano\/#website"},"datePublished":"2024-06-11T15:08:58+00:00","dateModified":"2024-06-11T15:08:59+00:00","author":{"@id":"https:\/\/nahuelproducciones.com.ar\/radioquijano\/#\/schema\/person\/e8a4f939e2cb487fe6d0c54042c9d32c"},"description":"El 16 de junio a partir de las 20:00hs se encender\u00e1n los fogones","breadcrumb":{"@id":"https:\/\/nahuelproducciones.com.ar\/radioquijano\/guardia-bajo-las-estrellas-en-honor-al-general-martin-miguel-de-guemes\/#breadcrumb"},"inLanguage":"es","potentialAction":[{"@type":"ReadAction","target":["https:\/\/nahuelproducciones.com.ar\/radioquijano\/guardia-bajo-las-estrellas-en-honor-al-general-martin-miguel-de-guemes\/"]}]},{"@type":"BreadcrumbList","@id":"https:\/\/nahuelproducciones.com.ar\/radioquijano\/guardia-bajo-las-estrellas-en-honor-al-general-martin-miguel-de-guemes\/#breadcrumb","itemListElement":[{"@type":"ListItem","position":1,"name":"Portada","item":"https:\/\/nahuelproducciones.com.ar\/radioquijano\/"},{"@type":"ListItem","position":2,"name":"Guardia bajo las Estrellas en honor al General Mart\u00edn Miguel de G\u00fcemes."}]},{"@type":"WebSite","@id":"https:\/\/nahuelproducciones.com.ar\/radioquijano\/#website","url":"https:\/\/nahuelproducciones.com.ar\/radioquijano\/","name":"RQ 99.9","description":"Radio Quijano 99.9 MHz","potentialAction":[{"@type":"SearchAction","target":{"@type":"EntryPoint","urlTemplate":"https:\/\/nahuelproducciones.com.ar\/radioquijano\/?s={search_term_string}"},"query-input":"required name=search_term_string"}],"inLanguage":"es"},{"@type":"Person","@id":"https:\/\/nahuelproducciones.com.ar\/radioquijano\/#\/schema\/person\/e8a4f939e2cb487fe6d0c54042c9d32c","name":"Cecilia Pastrana","image":{"@type":"ImageObject","inLanguage":"es","@id":"https:\/\/nahuelproducciones.com.ar\/radioquijano\/#\/schema\/person\/image\/","url":"https:\/\/secure.gravatar.com\/avatar\/661a3ef63a8488d4f2794ed44af8cf71420f7e106f3072c40125114df5157749?s=96&d=mm&r=g","contentUrl":"https:\/\/secure.gravatar.com\/avatar\/661a3ef63a8488d4f2794ed44af8cf71420f7e106f3072c40125114df5157749?s=96&d=mm&r=g","caption":"Cecilia Pastrana"},"sameAs":["cecy"],"url":"https:\/\/nahuelproducciones.com.ar\/radioquijano\/author\/cecy\/"}]}},"_links":{"self":[{"href":"https:\/\/nahuelproducciones.com.ar\/radioquijano\/wp-json\/wp\/v2\/posts\/8313","targetHints":{"allow":["GET"]}}],"collection":[{"href":"https:\/\/nahuelproducciones.com.ar\/radioquijano\/wp-json\/wp\/v2\/posts"}],"about":[{"href":"https:\/\/nahuelproducciones.com.ar\/radioquijano\/wp-json\/wp\/v2\/types\/post"}],"author":[{"embeddable":true,"href":"https:\/\/nahuelproducciones.com.ar\/radioquijano\/wp-json\/wp\/v2\/users\/8"}],"replies":[{"embeddable":true,"href":"https:\/\/nahuelproducciones.com.ar\/radioquijano\/wp-json\/wp\/v2\/comments?post=8313"}],"version-history":[{"count":1,"href":"https:\/\/nahuelproducciones.com.ar\/radioquijano\/wp-json\/wp\/v2\/posts\/8313\/revisions"}],"predecessor-version":[{"id":8316,"href":"https:\/\/nahuelproducciones.com.ar\/radioquijano\/wp-json\/wp\/v2\/posts\/8313\/revisions\/8316"}],"wp:featuredmedia":[{"embeddable":true,"href":"https:\/\/nahuelproducciones.com.ar\/radioquijano\/wp-json\/wp\/v2\/media\/8315"}],"wp:attachment":[{"href":"https:\/\/nahuelproducciones.com.ar\/radioquijano\/wp-json\/wp\/v2\/media?parent=8313"}],"wp:term":[{"taxonomy":"category","embeddable":true,"href":"https:\/\/nahuelproducciones.com.ar\/radioquijano\/wp-json\/wp\/v2\/categories?post=8313"},{"taxonomy":"post_tag","embeddable":true,"href":"https:\/\/nahuelproducciones.com.ar\/radioquijano\/wp-json\/wp\/v2\/tags?post=8313"}],"curies":[{"name":"wp","href":"https:\/\/api.w.org\/{rel}","templated":true}]}}