{"id":8317,"date":"2024-06-12T19:02:10","date_gmt":"2024-06-12T22:02:10","guid":{"rendered":"https:\/\/nahuelproducciones.com.ar\/radioquijano\/?p=8317"},"modified":"2024-06-12T19:02:10","modified_gmt":"2024-06-12T22:02:10","slug":"concejal-l-torres-toda-capacitacion-es-bienvenida","status":"publish","type":"post","link":"https:\/\/nahuelproducciones.com.ar\/radioquijano\/concejal-l-torres-toda-capacitacion-es-bienvenida\/","title":{"rendered":"Concejal L. Torres : Toda capacitaci\u00f3n es bienvenida."},"content":{"rendered":"\n<p>La capacitaci\u00f3n propuesta por la intendencia, \u00abParam\u00e9dico Minero\u00bb y \u00abManejo de Maquinarias Pesadas\u00bb, seguramente abrir\u00e1 nuevas oportunidades<\/p>\n\n\n\n<p>En una entrevista telef\u00f3nica con RQ99.9 Mhz, la Concejal Lorena Torres manifest\u00f3 que los organizadores de los cursos de capacitaci\u00f3n, el Sr. Jorge Ch\u00e1vez D\u00edaz y el Sr. Hugo Arrieta, junto con referentes de la Central de Trabajadores de la Argentina Aut\u00f3noma ( CTA), llevaron la propuesta al Concejo Deliberante.<\/p>\n\n\n\n<p>Torres cont\u00f3 que en ese momento consult\u00f3 si pod\u00eda contar con la propuesta escrita y le respondieron que no era necesario. Indicaron que los capacitadores ser\u00edan profesionales de la UNSa y del Ej\u00e9rcito<\/p>\n\n\n\n<p>El edil record\u00f3 que era conveniente contar con el proyecto por escrito para verificar si efectivamente los disertantes pertenecen a la Universidad Nacional de Salta y al Ej\u00e9rcito, conocer sus nombres y evaluar la validez de la certificaci\u00f3n.<\/p>\n\n\n\n<p>Despu\u00e9s de la presentaci\u00f3n, se retiraron y no volvieron al Concejo. Sin embargo, el Presidente del Legislativo, Pablo Orosco, coment\u00f3 que la capacitaci\u00f3n ya estaba en convenio con el Ejecutivo.<\/p>\n\n\n\n<p>La Concejal mencion\u00f3 que una condici\u00f3n era requerir el uso de las maquinarias del municipio. Por lo tanto, expuso a los concejales que no pod\u00edan ordenar al Ejecutivo poner las maquinarias a disposici\u00f3n de personas que ni siquiera presentaron un proyecto escrito. Tambi\u00e9n pregunt\u00f3 qui\u00e9n se har\u00eda  responsable del mal uso de las maquinarias. <\/p>\n\n\n\n<p>La Concejal Torres plante\u00f3 que, en el convenio realizado por el Municipio y las partes organizativas de las capacitaciones, seguramente habr\u00e1n fundamentado todas las respuestas a las inquietudes.<\/p>\n\n\n\n<p>Escucha la entrevista:<\/p>\n\n\n\n<figure class=\"wp-block-audio\"><audio controls src=\"https:\/\/nahuelproducciones.com.ar\/radioquijano\/wp-content\/uploads\/2024\/06\/09-06-2024-CONCEJAL-LORENA-TORRES-TEMA-CURSO-DE-MAQUINARIA-PESADA-Y-PARAMEDICO-MINERO.mp3\"><\/audio><\/figure>\n\n\n\n<p><\/p>\n","protected":false},"excerpt":{"rendered":"<p>La capacitaci\u00f3n propuesta por la intendencia, \u00abParam\u00e9dico Minero\u00bb y \u00abManejo de Maquinarias Pesadas\u00bb, seguramente abrir\u00e1 nuevas oportunidades En una entrevista telef\u00f3nica con RQ99.9 Mhz, la Concejal Lorena Torres manifest\u00f3 que los organizadores de los cursos de capacitaci\u00f3n, el Sr. Jorge Ch\u00e1vez D\u00edaz y el Sr. Hugo Arrieta, junto con referentes de la Central de Trabajadores [&hellip;]<\/p>\n","protected":false},"author":8,"featured_media":8320,"comment_status":"open","ping_status":"open","sticky":false,"template":"","format":"standard","meta":{"_monsterinsights_skip_tracking":false,"_monsterinsights_sitenote_active":false,"_monsterinsights_sitenote_note":"","_monsterinsights_sitenote_category":0,"footnotes":""},"categories":[16],"tags":[1564,100],"class_list":["post-8317","post","type-post","status-publish","format-standard","has-post-thumbnail","hentry","category-noticias","tag-capacitacion","tag-municipio-de-campo-quijano"],"yoast_head":"<!-- This site is optimized with the Yoast SEO plugin v20.8 - https:\/\/yoast.com\/wordpress\/plugins\/seo\/ -->\n<title>Concejal L. Torres : Toda capacitaci\u00f3n es bienvenida. - RQ 99.9<\/title>\n<meta name=\"description\" content=\"En el convenio realizado por el Municipio y las partes organizativas de las capacitaciones, seguramente habr\u00e1n fundamentado todas las respuestas a las inquietudes.\" \/>\n<meta name=\"robots\" content=\"index, follow, max-snippet:-1, max-image-preview:large, max-video-preview:-1\" \/>\n<link rel=\"canonical\" href=\"https:\/\/nahuelproducciones.com.ar\/radioquijano\/concejal-l-torres-toda-capacitacion-es-bienvenida\/\" \/>\n<meta property=\"og:locale\" content=\"es_ES\" \/>\n<meta property=\"og:type\" content=\"article\" \/>\n<meta property=\"og:title\" content=\"Concejal L. Torres : Toda capacitaci\u00f3n es bienvenida. - RQ 99.9\" \/>\n<meta property=\"og:description\" content=\"En el convenio realizado por el Municipio y las partes organizativas de las capacitaciones, seguramente habr\u00e1n fundamentado todas las respuestas a las inquietudes.\" \/>\n<meta property=\"og:url\" content=\"https:\/\/nahuelproducciones.com.ar\/radioquijano\/concejal-l-torres-toda-capacitacion-es-bienvenida\/\" \/>\n<meta property=\"og:site_name\" content=\"RQ 99.9\" \/>\n<meta property=\"article:publisher\" content=\"https:\/\/www.facebook.com\/nahuelproducciones999\/\" \/>\n<meta property=\"article:published_time\" content=\"2024-06-12T22:02:10+00:00\" \/>\n<meta property=\"og:image\" content=\"https:\/\/nahuelproducciones.com.ar\/radioquijano\/wp-content\/uploads\/2024\/06\/341773264_629905972288530_4255560555949390136_n-1-e1718229724557.jpg\" \/>\n\t<meta property=\"og:image:width\" content=\"700\" \/>\n\t<meta property=\"og:image:height\" content=\"651\" \/>\n\t<meta property=\"og:image:type\" content=\"image\/jpeg\" \/>\n<meta name=\"author\" content=\"Cecilia Pastrana\" \/>\n<meta name=\"twitter:card\" content=\"summary_large_image\" \/>\n<meta name=\"twitter:creator\" content=\"@nahuproduciones\" \/>\n<meta name=\"twitter:site\" content=\"@nahuproduciones\" \/>\n<meta name=\"twitter:label1\" content=\"Escrito por\" \/>\n\t<meta name=\"twitter:data1\" content=\"Cecilia Pastrana\" \/>\n\t<meta name=\"twitter:label2\" content=\"Tiempo de lectura\" \/>\n\t<meta name=\"twitter:data2\" content=\"2 minutos\" \/>\n<script type=\"application\/ld+json\" class=\"yoast-schema-graph\">{\"@context\":\"https:\/\/schema.org\",\"@graph\":[{\"@type\":\"WebPage\",\"@id\":\"https:\/\/nahuelproducciones.com.ar\/radioquijano\/concejal-l-torres-toda-capacitacion-es-bienvenida\/\",\"url\":\"https:\/\/nahuelproducciones.com.ar\/radioquijano\/concejal-l-torres-toda-capacitacion-es-bienvenida\/\",\"name\":\"Concejal L. Torres : Toda capacitaci\u00f3n es bienvenida. - RQ 99.9\",\"isPartOf\":{\"@id\":\"https:\/\/nahuelproducciones.com.ar\/radioquijano\/#website\"},\"datePublished\":\"2024-06-12T22:02:10+00:00\",\"dateModified\":\"2024-06-12T22:02:10+00:00\",\"author\":{\"@id\":\"https:\/\/nahuelproducciones.com.ar\/radioquijano\/#\/schema\/person\/e8a4f939e2cb487fe6d0c54042c9d32c\"},\"description\":\"En el convenio realizado por el Municipio y las partes organizativas de las capacitaciones, seguramente habr\u00e1n fundamentado todas las respuestas a las inquietudes.\",\"breadcrumb\":{\"@id\":\"https:\/\/nahuelproducciones.com.ar\/radioquijano\/concejal-l-torres-toda-capacitacion-es-bienvenida\/#breadcrumb\"},\"inLanguage\":\"es\",\"potentialAction\":[{\"@type\":\"ReadAction\",\"target\":[\"https:\/\/nahuelproducciones.com.ar\/radioquijano\/concejal-l-torres-toda-capacitacion-es-bienvenida\/\"]}]},{\"@type\":\"BreadcrumbList\",\"@id\":\"https:\/\/nahuelproducciones.com.ar\/radioquijano\/concejal-l-torres-toda-capacitacion-es-bienvenida\/#breadcrumb\",\"itemListElement\":[{\"@type\":\"ListItem\",\"position\":1,\"name\":\"Portada\",\"item\":\"https:\/\/nahuelproducciones.com.ar\/radioquijano\/\"},{\"@type\":\"ListItem\",\"position\":2,\"name\":\"Concejal L. Torres : Toda capacitaci\u00f3n es bienvenida.\"}]},{\"@type\":\"WebSite\",\"@id\":\"https:\/\/nahuelproducciones.com.ar\/radioquijano\/#website\",\"url\":\"https:\/\/nahuelproducciones.com.ar\/radioquijano\/\",\"name\":\"RQ 99.9\",\"description\":\"Radio Quijano 99.9 MHz\",\"potentialAction\":[{\"@type\":\"SearchAction\",\"target\":{\"@type\":\"EntryPoint\",\"urlTemplate\":\"https:\/\/nahuelproducciones.com.ar\/radioquijano\/?s={search_term_string}\"},\"query-input\":\"required name=search_term_string\"}],\"inLanguage\":\"es\"},{\"@type\":\"Person\",\"@id\":\"https:\/\/nahuelproducciones.com.ar\/radioquijano\/#\/schema\/person\/e8a4f939e2cb487fe6d0c54042c9d32c\",\"name\":\"Cecilia Pastrana\",\"image\":{\"@type\":\"ImageObject\",\"inLanguage\":\"es\",\"@id\":\"https:\/\/nahuelproducciones.com.ar\/radioquijano\/#\/schema\/person\/image\/\",\"url\":\"https:\/\/secure.gravatar.com\/avatar\/661a3ef63a8488d4f2794ed44af8cf71420f7e106f3072c40125114df5157749?s=96&d=mm&r=g\",\"contentUrl\":\"https:\/\/secure.gravatar.com\/avatar\/661a3ef63a8488d4f2794ed44af8cf71420f7e106f3072c40125114df5157749?s=96&d=mm&r=g\",\"caption\":\"Cecilia Pastrana\"},\"sameAs\":[\"cecy\"],\"url\":\"https:\/\/nahuelproducciones.com.ar\/radioquijano\/author\/cecy\/\"}]}<\/script>\n<!-- \/ Yoast SEO plugin. -->","yoast_head_json":{"title":"Concejal L. Torres : Toda capacitaci\u00f3n es bienvenida. - RQ 99.9","description":"En el convenio realizado por el Municipio y las partes organizativas de las capacitaciones, seguramente habr\u00e1n fundamentado todas las respuestas a las inquietudes.","robots":{"index":"index","follow":"follow","max-snippet":"max-snippet:-1","max-image-preview":"max-image-preview:large","max-video-preview":"max-video-preview:-1"},"canonical":"https:\/\/nahuelproducciones.com.ar\/radioquijano\/concejal-l-torres-toda-capacitacion-es-bienvenida\/","og_locale":"es_ES","og_type":"article","og_title":"Concejal L. Torres : Toda capacitaci\u00f3n es bienvenida. - RQ 99.9","og_description":"En el convenio realizado por el Municipio y las partes organizativas de las capacitaciones, seguramente habr\u00e1n fundamentado todas las respuestas a las inquietudes.","og_url":"https:\/\/nahuelproducciones.com.ar\/radioquijano\/concejal-l-torres-toda-capacitacion-es-bienvenida\/","og_site_name":"RQ 99.9","article_publisher":"https:\/\/www.facebook.com\/nahuelproducciones999\/","article_published_time":"2024-06-12T22:02:10+00:00","og_image":[{"width":700,"height":651,"url":"https:\/\/nahuelproducciones.com.ar\/radioquijano\/wp-content\/uploads\/2024\/06\/341773264_629905972288530_4255560555949390136_n-1-e1718229724557.jpg","type":"image\/jpeg"}],"author":"Cecilia Pastrana","twitter_card":"summary_large_image","twitter_creator":"@nahuproduciones","twitter_site":"@nahuproduciones","twitter_misc":{"Escrito por":"Cecilia Pastrana","Tiempo de lectura":"2 minutos"},"schema":{"@context":"https:\/\/schema.org","@graph":[{"@type":"WebPage","@id":"https:\/\/nahuelproducciones.com.ar\/radioquijano\/concejal-l-torres-toda-capacitacion-es-bienvenida\/","url":"https:\/\/nahuelproducciones.com.ar\/radioquijano\/concejal-l-torres-toda-capacitacion-es-bienvenida\/","name":"Concejal L. Torres : Toda capacitaci\u00f3n es bienvenida. - RQ 99.9","isPartOf":{"@id":"https:\/\/nahuelproducciones.com.ar\/radioquijano\/#website"},"datePublished":"2024-06-12T22:02:10+00:00","dateModified":"2024-06-12T22:02:10+00:00","author":{"@id":"https:\/\/nahuelproducciones.com.ar\/radioquijano\/#\/schema\/person\/e8a4f939e2cb487fe6d0c54042c9d32c"},"description":"En el convenio realizado por el Municipio y las partes organizativas de las capacitaciones, seguramente habr\u00e1n fundamentado todas las respuestas a las inquietudes.","breadcrumb":{"@id":"https:\/\/nahuelproducciones.com.ar\/radioquijano\/concejal-l-torres-toda-capacitacion-es-bienvenida\/#breadcrumb"},"inLanguage":"es","potentialAction":[{"@type":"ReadAction","target":["https:\/\/nahuelproducciones.com.ar\/radioquijano\/concejal-l-torres-toda-capacitacion-es-bienvenida\/"]}]},{"@type":"BreadcrumbList","@id":"https:\/\/nahuelproducciones.com.ar\/radioquijano\/concejal-l-torres-toda-capacitacion-es-bienvenida\/#breadcrumb","itemListElement":[{"@type":"ListItem","position":1,"name":"Portada","item":"https:\/\/nahuelproducciones.com.ar\/radioquijano\/"},{"@type":"ListItem","position":2,"name":"Concejal L. Torres : Toda capacitaci\u00f3n es bienvenida."}]},{"@type":"WebSite","@id":"https:\/\/nahuelproducciones.com.ar\/radioquijano\/#website","url":"https:\/\/nahuelproducciones.com.ar\/radioquijano\/","name":"RQ 99.9","description":"Radio Quijano 99.9 MHz","potentialAction":[{"@type":"SearchAction","target":{"@type":"EntryPoint","urlTemplate":"https:\/\/nahuelproducciones.com.ar\/radioquijano\/?s={search_term_string}"},"query-input":"required name=search_term_string"}],"inLanguage":"es"},{"@type":"Person","@id":"https:\/\/nahuelproducciones.com.ar\/radioquijano\/#\/schema\/person\/e8a4f939e2cb487fe6d0c54042c9d32c","name":"Cecilia Pastrana","image":{"@type":"ImageObject","inLanguage":"es","@id":"https:\/\/nahuelproducciones.com.ar\/radioquijano\/#\/schema\/person\/image\/","url":"https:\/\/secure.gravatar.com\/avatar\/661a3ef63a8488d4f2794ed44af8cf71420f7e106f3072c40125114df5157749?s=96&d=mm&r=g","contentUrl":"https:\/\/secure.gravatar.com\/avatar\/661a3ef63a8488d4f2794ed44af8cf71420f7e106f3072c40125114df5157749?s=96&d=mm&r=g","caption":"Cecilia Pastrana"},"sameAs":["cecy"],"url":"https:\/\/nahuelproducciones.com.ar\/radioquijano\/author\/cecy\/"}]}},"_links":{"self":[{"href":"https:\/\/nahuelproducciones.com.ar\/radioquijano\/wp-json\/wp\/v2\/posts\/8317","targetHints":{"allow":["GET"]}}],"collection":[{"href":"https:\/\/nahuelproducciones.com.ar\/radioquijano\/wp-json\/wp\/v2\/posts"}],"about":[{"href":"https:\/\/nahuelproducciones.com.ar\/radioquijano\/wp-json\/wp\/v2\/types\/post"}],"author":[{"embeddable":true,"href":"https:\/\/nahuelproducciones.com.ar\/radioquijano\/wp-json\/wp\/v2\/users\/8"}],"replies":[{"embeddable":true,"href":"https:\/\/nahuelproducciones.com.ar\/radioquijano\/wp-json\/wp\/v2\/comments?post=8317"}],"version-history":[{"count":1,"href":"https:\/\/nahuelproducciones.com.ar\/radioquijano\/wp-json\/wp\/v2\/posts\/8317\/revisions"}],"predecessor-version":[{"id":8321,"href":"https:\/\/nahuelproducciones.com.ar\/radioquijano\/wp-json\/wp\/v2\/posts\/8317\/revisions\/8321"}],"wp:featuredmedia":[{"embeddable":true,"href":"https:\/\/nahuelproducciones.com.ar\/radioquijano\/wp-json\/wp\/v2\/media\/8320"}],"wp:attachment":[{"href":"https:\/\/nahuelproducciones.com.ar\/radioquijano\/wp-json\/wp\/v2\/media?parent=8317"}],"wp:term":[{"taxonomy":"category","embeddable":true,"href":"https:\/\/nahuelproducciones.com.ar\/radioquijano\/wp-json\/wp\/v2\/categories?post=8317"},{"taxonomy":"post_tag","embeddable":true,"href":"https:\/\/nahuelproducciones.com.ar\/radioquijano\/wp-json\/wp\/v2\/tags?post=8317"}],"curies":[{"name":"wp","href":"https:\/\/api.w.org\/{rel}","templated":true}]}}