{"id":8322,"date":"2024-06-12T19:28:22","date_gmt":"2024-06-12T22:28:22","guid":{"rendered":"https:\/\/nahuelproducciones.com.ar\/radioquijano\/?p=8322"},"modified":"2024-06-12T19:28:23","modified_gmt":"2024-06-12T22:28:23","slug":"festival-en-quijano-por-sus-103-anos-viviendo-el-centenario","status":"publish","type":"post","link":"https:\/\/nahuelproducciones.com.ar\/radioquijano\/festival-en-quijano-por-sus-103-anos-viviendo-el-centenario\/","title":{"rendered":"Festival en Quijano por sus 103 a\u00f1os: \u00abViviendo el Centenario\u00bb"},"content":{"rendered":"\n<p>El intendente, Ing. Lino Fernando Yonar en el Perfil de Facebook de la Municipalidad de Campo Quijano se expreso diciendo : \u00abEstamos felices de presentar la cartelera de nuestro Festival Quijano Viviendo el Centenario. Con una gran cartelera, esperamos que nos puedan acompa\u00f1ar en una celebraci\u00f3n inolvidable para toda la familia.\u00bb<\/p>\n\n\n\n<p>Terminaba diciendo, \u00abte esperamos el 8 de julio para vivir juntos el verdadero Centenario de nuestro pueblo.\u00a0\u00ab<\/p>\n\n\n\n<blockquote class=\"wp-block-quote is-layout-flow wp-block-quote-is-layout-flow\">\n<blockquote class=\"wp-block-quote is-layout-flow wp-block-quote-is-layout-flow\">\n<p>La cartelera de artistas :<\/p>\n\n\n\n<p><strong>Sergio Galleguillos<\/strong>\u00a0,<\/p>\n\n\n\n<p><strong>Emamero,<\/strong><\/p>\n\n\n\n<p><strong>L\u00e1zaro Caballero<\/strong><\/p>\n\n\n\n<p><strong>Alma Carpera<\/strong>, <\/p>\n\n\n\n<p><strong>Chirettes<\/strong>,<\/p>\n\n\n\n<p>\u00a0<strong>David Leiva<\/strong>,<\/p>\n\n\n\n<p><strong>Carlita Celeste\u00a0<\/strong>y<\/p>\n\n\n\n<p><strong>Artistas Locales.<\/strong><\/p>\n<\/blockquote>\n<\/blockquote>\n\n\n\n<p>El Festival ser\u00e1 el 8 de julio en el Club Atl\u00e9tico Boroqu\u00edmica desde 19:00 hs a 05:00 hs.<\/p>\n\n\n\n<p>El precio de las entradas : <\/p>\n\n\n\n<p>GENERAL:\u00a0<strong>$10.000<\/strong><\/p>\n\n\n\n<p>PLATEA: <strong>$25.000<\/strong>.<\/p>\n\n\n\n<p>No te quedes sin tu entrada anticipada, \u00a1 conseguilas en el siguiente enlace!<br><a href=\"https:\/\/l.facebook.com\/l.php?u=https%3A%2F%2Fwww.paseshow.com.ar%2Feventos%2Ffestival-quijano-viviendo-el-centenario-8-de-julio%3Ffbclid%3DIwZXh0bgNhZW0CMTAAAR3zZc6nwgz5UhHePbw--Dka_g1SKQI8BtSOXDhyRCRZ-QnTlcL9ntDmCYg_aem_AcYpq4bZ0Jn3q-fXTDAP_FcmnHsMYIJFEugWrxaX0ka1Zvdo-kKEuncxSZ7DhslBMC0rEQLc20KRxKxP2-12P-1g&amp;h=AT2HzbzZquME1PDs6syYTVtmKlHBzWXtlkBwILXJm6L45O_7Ff7H7KUeqot9bzfzoGwN5Z2WprYal0qU-RBM_Oush3v-YEiIo-kcpCaDy0Fj511xMNWB6p-uBELGR-L6KQ&amp;__tn__=-UK*F\" target=\"_blank\" rel=\"noreferrer noopener\">https:\/\/www.paseshow.com.ar\/&#8230;\/festival-quijano-viviendo&#8230;<\/a><\/p>\n\n\n\n<figure class=\"wp-block-gallery has-nested-images columns-default is-cropped wp-block-gallery-1 is-layout-flex wp-block-gallery-is-layout-flex\"><div class=\"wp-block-image\">\n<figure class=\"aligncenter size-large\"><img loading=\"lazy\" decoding=\"async\" width=\"800\" height=\"985\" data-id=\"8325\" src=\"https:\/\/nahuelproducciones.com.ar\/radioquijano\/wp-content\/uploads\/2024\/06\/448212210_10232144839472754_8278453276410068334_n.jpg\" alt=\"\" class=\"wp-image-8325\" srcset=\"https:\/\/nahuelproducciones.com.ar\/radioquijano\/wp-content\/uploads\/2024\/06\/448212210_10232144839472754_8278453276410068334_n.jpg 800w, https:\/\/nahuelproducciones.com.ar\/radioquijano\/wp-content\/uploads\/2024\/06\/448212210_10232144839472754_8278453276410068334_n-244x300.jpg 244w, https:\/\/nahuelproducciones.com.ar\/radioquijano\/wp-content\/uploads\/2024\/06\/448212210_10232144839472754_8278453276410068334_n-768x946.jpg 768w, https:\/\/nahuelproducciones.com.ar\/radioquijano\/wp-content\/uploads\/2024\/06\/448212210_10232144839472754_8278453276410068334_n-150x185.jpg 150w\" sizes=\"auto, (max-width: 800px) 100vw, 800px\" \/><\/figure><\/div><\/figure>\n","protected":false},"excerpt":{"rendered":"<p>El intendente, Ing. Lino Fernando Yonar en el Perfil de Facebook de la Municipalidad de Campo Quijano se expreso diciendo : \u00abEstamos felices de presentar la cartelera de nuestro Festival Quijano Viviendo el Centenario. Con una gran cartelera, esperamos que nos puedan acompa\u00f1ar en una celebraci\u00f3n inolvidable para toda la familia.\u00bb Terminaba diciendo, \u00abte esperamos [&hellip;]<\/p>\n","protected":false},"author":8,"featured_media":8324,"comment_status":"open","ping_status":"open","sticky":false,"template":"","format":"standard","meta":{"_monsterinsights_skip_tracking":false,"_monsterinsights_sitenote_active":false,"_monsterinsights_sitenote_note":"","_monsterinsights_sitenote_category":0,"footnotes":""},"categories":[16],"tags":[1565,100],"class_list":["post-8322","post","type-post","status-publish","format-standard","has-post-thumbnail","hentry","category-noticias","tag-viviendo-el-centenario","tag-municipio-de-campo-quijano"],"yoast_head":"<!-- This site is optimized with the Yoast SEO plugin v20.8 - https:\/\/yoast.com\/wordpress\/plugins\/seo\/ -->\n<title>Festival en Quijano por sus 103 a\u00f1os: &quot;Viviendo el Centenario&quot; - RQ 99.9<\/title>\n<meta name=\"robots\" content=\"index, follow, max-snippet:-1, max-image-preview:large, max-video-preview:-1\" \/>\n<link rel=\"canonical\" href=\"https:\/\/nahuelproducciones.com.ar\/radioquijano\/festival-en-quijano-por-sus-103-anos-viviendo-el-centenario\/\" \/>\n<meta property=\"og:locale\" content=\"es_ES\" \/>\n<meta property=\"og:type\" content=\"article\" \/>\n<meta property=\"og:title\" content=\"Festival en Quijano por sus 103 a\u00f1os: &quot;Viviendo el Centenario&quot; - RQ 99.9\" \/>\n<meta property=\"og:description\" content=\"El intendente, Ing. Lino Fernando Yonar en el Perfil de Facebook de la Municipalidad de Campo Quijano se expreso diciendo : \u00abEstamos felices de presentar la cartelera de nuestro Festival Quijano Viviendo el Centenario. Con una gran cartelera, esperamos que nos puedan acompa\u00f1ar en una celebraci\u00f3n inolvidable para toda la familia.\u00bb Terminaba diciendo, \u00abte esperamos [&hellip;]\" \/>\n<meta property=\"og:url\" content=\"https:\/\/nahuelproducciones.com.ar\/radioquijano\/festival-en-quijano-por-sus-103-anos-viviendo-el-centenario\/\" \/>\n<meta property=\"og:site_name\" content=\"RQ 99.9\" \/>\n<meta property=\"article:publisher\" content=\"https:\/\/www.facebook.com\/nahuelproducciones999\/\" \/>\n<meta property=\"article:published_time\" content=\"2024-06-12T22:28:22+00:00\" \/>\n<meta property=\"article:modified_time\" content=\"2024-06-12T22:28:23+00:00\" \/>\n<meta property=\"og:image\" content=\"https:\/\/nahuelproducciones.com.ar\/radioquijano\/wp-content\/uploads\/2024\/06\/448264724_866728915483520_7337769417476520592_n-e1718231133181.jpg\" \/>\n\t<meta property=\"og:image:width\" content=\"700\" \/>\n\t<meta property=\"og:image:height\" content=\"875\" \/>\n\t<meta property=\"og:image:type\" content=\"image\/jpeg\" \/>\n<meta name=\"author\" content=\"Cecilia Pastrana\" \/>\n<meta name=\"twitter:card\" content=\"summary_large_image\" \/>\n<meta name=\"twitter:creator\" content=\"@nahuproduciones\" \/>\n<meta name=\"twitter:site\" content=\"@nahuproduciones\" \/>\n<meta name=\"twitter:label1\" content=\"Escrito por\" \/>\n\t<meta name=\"twitter:data1\" content=\"Cecilia Pastrana\" \/>\n\t<meta name=\"twitter:label2\" content=\"Tiempo de lectura\" \/>\n\t<meta name=\"twitter:data2\" content=\"1 minuto\" \/>\n<script type=\"application\/ld+json\" class=\"yoast-schema-graph\">{\"@context\":\"https:\/\/schema.org\",\"@graph\":[{\"@type\":\"WebPage\",\"@id\":\"https:\/\/nahuelproducciones.com.ar\/radioquijano\/festival-en-quijano-por-sus-103-anos-viviendo-el-centenario\/\",\"url\":\"https:\/\/nahuelproducciones.com.ar\/radioquijano\/festival-en-quijano-por-sus-103-anos-viviendo-el-centenario\/\",\"name\":\"Festival en Quijano por sus 103 a\u00f1os: \\\"Viviendo el Centenario\\\" - RQ 99.9\",\"isPartOf\":{\"@id\":\"https:\/\/nahuelproducciones.com.ar\/radioquijano\/#website\"},\"datePublished\":\"2024-06-12T22:28:22+00:00\",\"dateModified\":\"2024-06-12T22:28:23+00:00\",\"author\":{\"@id\":\"https:\/\/nahuelproducciones.com.ar\/radioquijano\/#\/schema\/person\/e8a4f939e2cb487fe6d0c54042c9d32c\"},\"breadcrumb\":{\"@id\":\"https:\/\/nahuelproducciones.com.ar\/radioquijano\/festival-en-quijano-por-sus-103-anos-viviendo-el-centenario\/#breadcrumb\"},\"inLanguage\":\"es\",\"potentialAction\":[{\"@type\":\"ReadAction\",\"target\":[\"https:\/\/nahuelproducciones.com.ar\/radioquijano\/festival-en-quijano-por-sus-103-anos-viviendo-el-centenario\/\"]}]},{\"@type\":\"BreadcrumbList\",\"@id\":\"https:\/\/nahuelproducciones.com.ar\/radioquijano\/festival-en-quijano-por-sus-103-anos-viviendo-el-centenario\/#breadcrumb\",\"itemListElement\":[{\"@type\":\"ListItem\",\"position\":1,\"name\":\"Portada\",\"item\":\"https:\/\/nahuelproducciones.com.ar\/radioquijano\/\"},{\"@type\":\"ListItem\",\"position\":2,\"name\":\"Festival en Quijano por sus 103 a\u00f1os: &#8220;Viviendo el Centenario&#8221;\"}]},{\"@type\":\"WebSite\",\"@id\":\"https:\/\/nahuelproducciones.com.ar\/radioquijano\/#website\",\"url\":\"https:\/\/nahuelproducciones.com.ar\/radioquijano\/\",\"name\":\"RQ 99.9\",\"description\":\"Radio Quijano 99.9 MHz\",\"potentialAction\":[{\"@type\":\"SearchAction\",\"target\":{\"@type\":\"EntryPoint\",\"urlTemplate\":\"https:\/\/nahuelproducciones.com.ar\/radioquijano\/?s={search_term_string}\"},\"query-input\":\"required name=search_term_string\"}],\"inLanguage\":\"es\"},{\"@type\":\"Person\",\"@id\":\"https:\/\/nahuelproducciones.com.ar\/radioquijano\/#\/schema\/person\/e8a4f939e2cb487fe6d0c54042c9d32c\",\"name\":\"Cecilia Pastrana\",\"image\":{\"@type\":\"ImageObject\",\"inLanguage\":\"es\",\"@id\":\"https:\/\/nahuelproducciones.com.ar\/radioquijano\/#\/schema\/person\/image\/\",\"url\":\"https:\/\/secure.gravatar.com\/avatar\/661a3ef63a8488d4f2794ed44af8cf71420f7e106f3072c40125114df5157749?s=96&d=mm&r=g\",\"contentUrl\":\"https:\/\/secure.gravatar.com\/avatar\/661a3ef63a8488d4f2794ed44af8cf71420f7e106f3072c40125114df5157749?s=96&d=mm&r=g\",\"caption\":\"Cecilia Pastrana\"},\"sameAs\":[\"cecy\"],\"url\":\"https:\/\/nahuelproducciones.com.ar\/radioquijano\/author\/cecy\/\"}]}<\/script>\n<!-- \/ Yoast SEO plugin. -->","yoast_head_json":{"title":"Festival en Quijano por sus 103 a\u00f1os: \"Viviendo el Centenario\" - RQ 99.9","robots":{"index":"index","follow":"follow","max-snippet":"max-snippet:-1","max-image-preview":"max-image-preview:large","max-video-preview":"max-video-preview:-1"},"canonical":"https:\/\/nahuelproducciones.com.ar\/radioquijano\/festival-en-quijano-por-sus-103-anos-viviendo-el-centenario\/","og_locale":"es_ES","og_type":"article","og_title":"Festival en Quijano por sus 103 a\u00f1os: \"Viviendo el Centenario\" - RQ 99.9","og_description":"El intendente, Ing. Lino Fernando Yonar en el Perfil de Facebook de la Municipalidad de Campo Quijano se expreso diciendo : \u00abEstamos felices de presentar la cartelera de nuestro Festival Quijano Viviendo el Centenario. Con una gran cartelera, esperamos que nos puedan acompa\u00f1ar en una celebraci\u00f3n inolvidable para toda la familia.\u00bb Terminaba diciendo, \u00abte esperamos [&hellip;]","og_url":"https:\/\/nahuelproducciones.com.ar\/radioquijano\/festival-en-quijano-por-sus-103-anos-viviendo-el-centenario\/","og_site_name":"RQ 99.9","article_publisher":"https:\/\/www.facebook.com\/nahuelproducciones999\/","article_published_time":"2024-06-12T22:28:22+00:00","article_modified_time":"2024-06-12T22:28:23+00:00","og_image":[{"width":700,"height":875,"url":"https:\/\/nahuelproducciones.com.ar\/radioquijano\/wp-content\/uploads\/2024\/06\/448264724_866728915483520_7337769417476520592_n-e1718231133181.jpg","type":"image\/jpeg"}],"author":"Cecilia Pastrana","twitter_card":"summary_large_image","twitter_creator":"@nahuproduciones","twitter_site":"@nahuproduciones","twitter_misc":{"Escrito por":"Cecilia Pastrana","Tiempo de lectura":"1 minuto"},"schema":{"@context":"https:\/\/schema.org","@graph":[{"@type":"WebPage","@id":"https:\/\/nahuelproducciones.com.ar\/radioquijano\/festival-en-quijano-por-sus-103-anos-viviendo-el-centenario\/","url":"https:\/\/nahuelproducciones.com.ar\/radioquijano\/festival-en-quijano-por-sus-103-anos-viviendo-el-centenario\/","name":"Festival en Quijano por sus 103 a\u00f1os: \"Viviendo el Centenario\" - RQ 99.9","isPartOf":{"@id":"https:\/\/nahuelproducciones.com.ar\/radioquijano\/#website"},"datePublished":"2024-06-12T22:28:22+00:00","dateModified":"2024-06-12T22:28:23+00:00","author":{"@id":"https:\/\/nahuelproducciones.com.ar\/radioquijano\/#\/schema\/person\/e8a4f939e2cb487fe6d0c54042c9d32c"},"breadcrumb":{"@id":"https:\/\/nahuelproducciones.com.ar\/radioquijano\/festival-en-quijano-por-sus-103-anos-viviendo-el-centenario\/#breadcrumb"},"inLanguage":"es","potentialAction":[{"@type":"ReadAction","target":["https:\/\/nahuelproducciones.com.ar\/radioquijano\/festival-en-quijano-por-sus-103-anos-viviendo-el-centenario\/"]}]},{"@type":"BreadcrumbList","@id":"https:\/\/nahuelproducciones.com.ar\/radioquijano\/festival-en-quijano-por-sus-103-anos-viviendo-el-centenario\/#breadcrumb","itemListElement":[{"@type":"ListItem","position":1,"name":"Portada","item":"https:\/\/nahuelproducciones.com.ar\/radioquijano\/"},{"@type":"ListItem","position":2,"name":"Festival en Quijano por sus 103 a\u00f1os: &#8220;Viviendo el Centenario&#8221;"}]},{"@type":"WebSite","@id":"https:\/\/nahuelproducciones.com.ar\/radioquijano\/#website","url":"https:\/\/nahuelproducciones.com.ar\/radioquijano\/","name":"RQ 99.9","description":"Radio Quijano 99.9 MHz","potentialAction":[{"@type":"SearchAction","target":{"@type":"EntryPoint","urlTemplate":"https:\/\/nahuelproducciones.com.ar\/radioquijano\/?s={search_term_string}"},"query-input":"required name=search_term_string"}],"inLanguage":"es"},{"@type":"Person","@id":"https:\/\/nahuelproducciones.com.ar\/radioquijano\/#\/schema\/person\/e8a4f939e2cb487fe6d0c54042c9d32c","name":"Cecilia Pastrana","image":{"@type":"ImageObject","inLanguage":"es","@id":"https:\/\/nahuelproducciones.com.ar\/radioquijano\/#\/schema\/person\/image\/","url":"https:\/\/secure.gravatar.com\/avatar\/661a3ef63a8488d4f2794ed44af8cf71420f7e106f3072c40125114df5157749?s=96&d=mm&r=g","contentUrl":"https:\/\/secure.gravatar.com\/avatar\/661a3ef63a8488d4f2794ed44af8cf71420f7e106f3072c40125114df5157749?s=96&d=mm&r=g","caption":"Cecilia Pastrana"},"sameAs":["cecy"],"url":"https:\/\/nahuelproducciones.com.ar\/radioquijano\/author\/cecy\/"}]}},"_links":{"self":[{"href":"https:\/\/nahuelproducciones.com.ar\/radioquijano\/wp-json\/wp\/v2\/posts\/8322","targetHints":{"allow":["GET"]}}],"collection":[{"href":"https:\/\/nahuelproducciones.com.ar\/radioquijano\/wp-json\/wp\/v2\/posts"}],"about":[{"href":"https:\/\/nahuelproducciones.com.ar\/radioquijano\/wp-json\/wp\/v2\/types\/post"}],"author":[{"embeddable":true,"href":"https:\/\/nahuelproducciones.com.ar\/radioquijano\/wp-json\/wp\/v2\/users\/8"}],"replies":[{"embeddable":true,"href":"https:\/\/nahuelproducciones.com.ar\/radioquijano\/wp-json\/wp\/v2\/comments?post=8322"}],"version-history":[{"count":1,"href":"https:\/\/nahuelproducciones.com.ar\/radioquijano\/wp-json\/wp\/v2\/posts\/8322\/revisions"}],"predecessor-version":[{"id":8326,"href":"https:\/\/nahuelproducciones.com.ar\/radioquijano\/wp-json\/wp\/v2\/posts\/8322\/revisions\/8326"}],"wp:featuredmedia":[{"embeddable":true,"href":"https:\/\/nahuelproducciones.com.ar\/radioquijano\/wp-json\/wp\/v2\/media\/8324"}],"wp:attachment":[{"href":"https:\/\/nahuelproducciones.com.ar\/radioquijano\/wp-json\/wp\/v2\/media?parent=8322"}],"wp:term":[{"taxonomy":"category","embeddable":true,"href":"https:\/\/nahuelproducciones.com.ar\/radioquijano\/wp-json\/wp\/v2\/categories?post=8322"},{"taxonomy":"post_tag","embeddable":true,"href":"https:\/\/nahuelproducciones.com.ar\/radioquijano\/wp-json\/wp\/v2\/tags?post=8322"}],"curies":[{"name":"wp","href":"https:\/\/api.w.org\/{rel}","templated":true}]}}