{"id":8327,"date":"2024-06-13T08:37:12","date_gmt":"2024-06-13T11:37:12","guid":{"rendered":"https:\/\/nahuelproducciones.com.ar\/radioquijano\/?p=8327"},"modified":"2024-06-13T14:19:14","modified_gmt":"2024-06-13T17:19:14","slug":"mision-pais-tn-recorrio-campo-quijano-salta","status":"publish","type":"post","link":"https:\/\/nahuelproducciones.com.ar\/radioquijano\/mision-pais-tn-recorrio-campo-quijano-salta\/","title":{"rendered":"MISI\u00d3N PA\u00cdS : TN recorri\u00f3 Campo Quijano, Salta"},"content":{"rendered":"\n<p>Paula Bernini y el equipo de TN recorrieron la localidad de Campo Quijano, situada a 36 km de Salta capital.<\/p>\n\n\n\n<p>La periodista Paula Bernini est\u00e1 recorriendo el pa\u00eds y, al detenerse la camioneta de TN en la plaza Mart\u00edn Fierro, comenz\u00f3 la transmisi\u00f3n en vi.<\/p>\n\n\n\n<p>Los t\u00e9cnicos que la acompa\u00f1an encendieron los equipos e inmediatamente Campo Quijano y su gente qued\u00f3 a la vista de todo el mundo. Muchos ciudadanos pudieron saludar a sus familiares que los ve\u00edan desde la pantalla. Varias historias se contaron a trav\u00e9s de las c\u00e1maras y Paula recibi\u00f3 numerosos obsequios.<\/p>\n\n\n\n<p>Bernini y su equipo trabajan con c\u00e1maras y un dron, mostrando las bellezas de nuestro pa\u00eds en vivo. Los conductores del canal desde Buenos Aires, en ese momento, realizan preguntas y suman comentarios a lo que se est\u00e1 viendo en pantalla.<\/p>\n\n\n\n<p>Campo Quijano mostr\u00f3 a su gente, la belleza del paisaje y vivi\u00f3 momentos lindos y relajados que unieron corazones, fortaleciendo el sentido de pertenencia e identidad. Se espera que esta experiencia no termine y que dure un tiempo.<\/p>\n\n\n\n<p>Videos que quedaron grabados :<\/p>\n\n\n\n<figure class=\"wp-block-video\"><video controls src=\"https:\/\/nahuelproducciones.com.ar\/radioquijano\/wp-content\/uploads\/2024\/06\/An-k7dj9EjtigdEt_30H8b1JoOMX5If4h0ZrCcNDmY9D1S0pBeX7m14nHMnxKnNPBLYfhOMUE1gllhQ7v9Q_TTXQ.mp4\"><\/video><\/figure>\n\n\n\n<figure class=\"wp-block-embed is-type-video is-provider-youtube wp-block-embed-youtube wp-embed-aspect-16-9 wp-has-aspect-ratio\"><div class=\"wp-block-embed__wrapper\">\n<iframe loading=\"lazy\" title=\"2 D\u00cdA DE VISITA DE TN A QUIJANO\" width=\"640\" height=\"360\" src=\"https:\/\/www.youtube.com\/embed\/2loEdr6GstU?feature=oembed\" frameborder=\"0\" allow=\"accelerometer; autoplay; clipboard-write; encrypted-media; gyroscope; picture-in-picture; web-share\" referrerpolicy=\"strict-origin-when-cross-origin\" allowfullscreen><\/iframe>\n<\/div><\/figure>\n","protected":false},"excerpt":{"rendered":"<p>Paula Bernini y el equipo de TN recorrieron la localidad de Campo Quijano, situada a 36 km de Salta capital. La periodista Paula Bernini est\u00e1 recorriendo el pa\u00eds y, al detenerse la camioneta de TN en la plaza Mart\u00edn Fierro, comenz\u00f3 la transmisi\u00f3n en vi. Los t\u00e9cnicos que la acompa\u00f1an encendieron los equipos e inmediatamente [&hellip;]<\/p>\n","protected":false},"author":8,"featured_media":8337,"comment_status":"open","ping_status":"open","sticky":false,"template":"","format":"standard","meta":{"_monsterinsights_skip_tracking":false,"_monsterinsights_sitenote_active":false,"_monsterinsights_sitenote_note":"","_monsterinsights_sitenote_category":0,"footnotes":""},"categories":[16],"tags":[],"class_list":["post-8327","post","type-post","status-publish","format-standard","has-post-thumbnail","hentry","category-noticias"],"yoast_head":"<!-- This site is optimized with the Yoast SEO plugin v20.8 - https:\/\/yoast.com\/wordpress\/plugins\/seo\/ -->\n<title>MISI\u00d3N PA\u00cdS : TN recorri\u00f3 Campo Quijano, Salta - RQ 99.9<\/title>\n<meta name=\"robots\" content=\"index, follow, max-snippet:-1, max-image-preview:large, max-video-preview:-1\" \/>\n<link rel=\"canonical\" href=\"https:\/\/nahuelproducciones.com.ar\/radioquijano\/mision-pais-tn-recorrio-campo-quijano-salta\/\" \/>\n<meta property=\"og:locale\" content=\"es_ES\" \/>\n<meta property=\"og:type\" content=\"article\" \/>\n<meta property=\"og:title\" content=\"MISI\u00d3N PA\u00cdS : TN recorri\u00f3 Campo Quijano, Salta - RQ 99.9\" \/>\n<meta property=\"og:description\" content=\"Paula Bernini y el equipo de TN recorrieron la localidad de Campo Quijano, situada a 36 km de Salta capital. La periodista Paula Bernini est\u00e1 recorriendo el pa\u00eds y, al detenerse la camioneta de TN en la plaza Mart\u00edn Fierro, comenz\u00f3 la transmisi\u00f3n en vi. Los t\u00e9cnicos que la acompa\u00f1an encendieron los equipos e inmediatamente [&hellip;]\" \/>\n<meta property=\"og:url\" content=\"https:\/\/nahuelproducciones.com.ar\/radioquijano\/mision-pais-tn-recorrio-campo-quijano-salta\/\" \/>\n<meta property=\"og:site_name\" content=\"RQ 99.9\" \/>\n<meta property=\"article:publisher\" content=\"https:\/\/www.facebook.com\/nahuelproducciones999\/\" \/>\n<meta property=\"article:published_time\" content=\"2024-06-13T11:37:12+00:00\" \/>\n<meta property=\"article:modified_time\" content=\"2024-06-13T17:19:14+00:00\" \/>\n<meta property=\"og:image\" content=\"https:\/\/nahuelproducciones.com.ar\/radioquijano\/wp-content\/uploads\/2024\/06\/448115927_10232138332150075_2602641601679521691_n-e1718299147305.jpg\" \/>\n\t<meta property=\"og:image:width\" content=\"700\" \/>\n\t<meta property=\"og:image:height\" content=\"839\" \/>\n\t<meta property=\"og:image:type\" content=\"image\/jpeg\" \/>\n<meta name=\"author\" content=\"Cecilia Pastrana\" \/>\n<meta name=\"twitter:card\" content=\"summary_large_image\" \/>\n<meta name=\"twitter:creator\" content=\"@nahuproduciones\" \/>\n<meta name=\"twitter:site\" content=\"@nahuproduciones\" \/>\n<meta name=\"twitter:label1\" content=\"Escrito por\" \/>\n\t<meta name=\"twitter:data1\" content=\"Cecilia Pastrana\" \/>\n\t<meta name=\"twitter:label2\" content=\"Tiempo de lectura\" \/>\n\t<meta name=\"twitter:data2\" content=\"1 minuto\" \/>\n<script type=\"application\/ld+json\" class=\"yoast-schema-graph\">{\"@context\":\"https:\/\/schema.org\",\"@graph\":[{\"@type\":\"WebPage\",\"@id\":\"https:\/\/nahuelproducciones.com.ar\/radioquijano\/mision-pais-tn-recorrio-campo-quijano-salta\/\",\"url\":\"https:\/\/nahuelproducciones.com.ar\/radioquijano\/mision-pais-tn-recorrio-campo-quijano-salta\/\",\"name\":\"MISI\u00d3N PA\u00cdS : TN recorri\u00f3 Campo Quijano, Salta - RQ 99.9\",\"isPartOf\":{\"@id\":\"https:\/\/nahuelproducciones.com.ar\/radioquijano\/#website\"},\"datePublished\":\"2024-06-13T11:37:12+00:00\",\"dateModified\":\"2024-06-13T17:19:14+00:00\",\"author\":{\"@id\":\"https:\/\/nahuelproducciones.com.ar\/radioquijano\/#\/schema\/person\/e8a4f939e2cb487fe6d0c54042c9d32c\"},\"breadcrumb\":{\"@id\":\"https:\/\/nahuelproducciones.com.ar\/radioquijano\/mision-pais-tn-recorrio-campo-quijano-salta\/#breadcrumb\"},\"inLanguage\":\"es\",\"potentialAction\":[{\"@type\":\"ReadAction\",\"target\":[\"https:\/\/nahuelproducciones.com.ar\/radioquijano\/mision-pais-tn-recorrio-campo-quijano-salta\/\"]}]},{\"@type\":\"BreadcrumbList\",\"@id\":\"https:\/\/nahuelproducciones.com.ar\/radioquijano\/mision-pais-tn-recorrio-campo-quijano-salta\/#breadcrumb\",\"itemListElement\":[{\"@type\":\"ListItem\",\"position\":1,\"name\":\"Portada\",\"item\":\"https:\/\/nahuelproducciones.com.ar\/radioquijano\/\"},{\"@type\":\"ListItem\",\"position\":2,\"name\":\"MISI\u00d3N PA\u00cdS : TN recorri\u00f3 Campo Quijano, Salta\"}]},{\"@type\":\"WebSite\",\"@id\":\"https:\/\/nahuelproducciones.com.ar\/radioquijano\/#website\",\"url\":\"https:\/\/nahuelproducciones.com.ar\/radioquijano\/\",\"name\":\"RQ 99.9\",\"description\":\"Radio Quijano 99.9 MHz\",\"potentialAction\":[{\"@type\":\"SearchAction\",\"target\":{\"@type\":\"EntryPoint\",\"urlTemplate\":\"https:\/\/nahuelproducciones.com.ar\/radioquijano\/?s={search_term_string}\"},\"query-input\":\"required name=search_term_string\"}],\"inLanguage\":\"es\"},{\"@type\":\"Person\",\"@id\":\"https:\/\/nahuelproducciones.com.ar\/radioquijano\/#\/schema\/person\/e8a4f939e2cb487fe6d0c54042c9d32c\",\"name\":\"Cecilia Pastrana\",\"image\":{\"@type\":\"ImageObject\",\"inLanguage\":\"es\",\"@id\":\"https:\/\/nahuelproducciones.com.ar\/radioquijano\/#\/schema\/person\/image\/\",\"url\":\"https:\/\/secure.gravatar.com\/avatar\/661a3ef63a8488d4f2794ed44af8cf71420f7e106f3072c40125114df5157749?s=96&d=mm&r=g\",\"contentUrl\":\"https:\/\/secure.gravatar.com\/avatar\/661a3ef63a8488d4f2794ed44af8cf71420f7e106f3072c40125114df5157749?s=96&d=mm&r=g\",\"caption\":\"Cecilia Pastrana\"},\"sameAs\":[\"cecy\"],\"url\":\"https:\/\/nahuelproducciones.com.ar\/radioquijano\/author\/cecy\/\"}]}<\/script>\n<!-- \/ Yoast SEO plugin. -->","yoast_head_json":{"title":"MISI\u00d3N PA\u00cdS : TN recorri\u00f3 Campo Quijano, Salta - RQ 99.9","robots":{"index":"index","follow":"follow","max-snippet":"max-snippet:-1","max-image-preview":"max-image-preview:large","max-video-preview":"max-video-preview:-1"},"canonical":"https:\/\/nahuelproducciones.com.ar\/radioquijano\/mision-pais-tn-recorrio-campo-quijano-salta\/","og_locale":"es_ES","og_type":"article","og_title":"MISI\u00d3N PA\u00cdS : TN recorri\u00f3 Campo Quijano, Salta - RQ 99.9","og_description":"Paula Bernini y el equipo de TN recorrieron la localidad de Campo Quijano, situada a 36 km de Salta capital. La periodista Paula Bernini est\u00e1 recorriendo el pa\u00eds y, al detenerse la camioneta de TN en la plaza Mart\u00edn Fierro, comenz\u00f3 la transmisi\u00f3n en vi. Los t\u00e9cnicos que la acompa\u00f1an encendieron los equipos e inmediatamente [&hellip;]","og_url":"https:\/\/nahuelproducciones.com.ar\/radioquijano\/mision-pais-tn-recorrio-campo-quijano-salta\/","og_site_name":"RQ 99.9","article_publisher":"https:\/\/www.facebook.com\/nahuelproducciones999\/","article_published_time":"2024-06-13T11:37:12+00:00","article_modified_time":"2024-06-13T17:19:14+00:00","og_image":[{"width":700,"height":839,"url":"https:\/\/nahuelproducciones.com.ar\/radioquijano\/wp-content\/uploads\/2024\/06\/448115927_10232138332150075_2602641601679521691_n-e1718299147305.jpg","type":"image\/jpeg"}],"author":"Cecilia Pastrana","twitter_card":"summary_large_image","twitter_creator":"@nahuproduciones","twitter_site":"@nahuproduciones","twitter_misc":{"Escrito por":"Cecilia Pastrana","Tiempo de lectura":"1 minuto"},"schema":{"@context":"https:\/\/schema.org","@graph":[{"@type":"WebPage","@id":"https:\/\/nahuelproducciones.com.ar\/radioquijano\/mision-pais-tn-recorrio-campo-quijano-salta\/","url":"https:\/\/nahuelproducciones.com.ar\/radioquijano\/mision-pais-tn-recorrio-campo-quijano-salta\/","name":"MISI\u00d3N PA\u00cdS : TN recorri\u00f3 Campo Quijano, Salta - RQ 99.9","isPartOf":{"@id":"https:\/\/nahuelproducciones.com.ar\/radioquijano\/#website"},"datePublished":"2024-06-13T11:37:12+00:00","dateModified":"2024-06-13T17:19:14+00:00","author":{"@id":"https:\/\/nahuelproducciones.com.ar\/radioquijano\/#\/schema\/person\/e8a4f939e2cb487fe6d0c54042c9d32c"},"breadcrumb":{"@id":"https:\/\/nahuelproducciones.com.ar\/radioquijano\/mision-pais-tn-recorrio-campo-quijano-salta\/#breadcrumb"},"inLanguage":"es","potentialAction":[{"@type":"ReadAction","target":["https:\/\/nahuelproducciones.com.ar\/radioquijano\/mision-pais-tn-recorrio-campo-quijano-salta\/"]}]},{"@type":"BreadcrumbList","@id":"https:\/\/nahuelproducciones.com.ar\/radioquijano\/mision-pais-tn-recorrio-campo-quijano-salta\/#breadcrumb","itemListElement":[{"@type":"ListItem","position":1,"name":"Portada","item":"https:\/\/nahuelproducciones.com.ar\/radioquijano\/"},{"@type":"ListItem","position":2,"name":"MISI\u00d3N PA\u00cdS : TN recorri\u00f3 Campo Quijano, Salta"}]},{"@type":"WebSite","@id":"https:\/\/nahuelproducciones.com.ar\/radioquijano\/#website","url":"https:\/\/nahuelproducciones.com.ar\/radioquijano\/","name":"RQ 99.9","description":"Radio Quijano 99.9 MHz","potentialAction":[{"@type":"SearchAction","target":{"@type":"EntryPoint","urlTemplate":"https:\/\/nahuelproducciones.com.ar\/radioquijano\/?s={search_term_string}"},"query-input":"required name=search_term_string"}],"inLanguage":"es"},{"@type":"Person","@id":"https:\/\/nahuelproducciones.com.ar\/radioquijano\/#\/schema\/person\/e8a4f939e2cb487fe6d0c54042c9d32c","name":"Cecilia Pastrana","image":{"@type":"ImageObject","inLanguage":"es","@id":"https:\/\/nahuelproducciones.com.ar\/radioquijano\/#\/schema\/person\/image\/","url":"https:\/\/secure.gravatar.com\/avatar\/661a3ef63a8488d4f2794ed44af8cf71420f7e106f3072c40125114df5157749?s=96&d=mm&r=g","contentUrl":"https:\/\/secure.gravatar.com\/avatar\/661a3ef63a8488d4f2794ed44af8cf71420f7e106f3072c40125114df5157749?s=96&d=mm&r=g","caption":"Cecilia Pastrana"},"sameAs":["cecy"],"url":"https:\/\/nahuelproducciones.com.ar\/radioquijano\/author\/cecy\/"}]}},"_links":{"self":[{"href":"https:\/\/nahuelproducciones.com.ar\/radioquijano\/wp-json\/wp\/v2\/posts\/8327","targetHints":{"allow":["GET"]}}],"collection":[{"href":"https:\/\/nahuelproducciones.com.ar\/radioquijano\/wp-json\/wp\/v2\/posts"}],"about":[{"href":"https:\/\/nahuelproducciones.com.ar\/radioquijano\/wp-json\/wp\/v2\/types\/post"}],"author":[{"embeddable":true,"href":"https:\/\/nahuelproducciones.com.ar\/radioquijano\/wp-json\/wp\/v2\/users\/8"}],"replies":[{"embeddable":true,"href":"https:\/\/nahuelproducciones.com.ar\/radioquijano\/wp-json\/wp\/v2\/comments?post=8327"}],"version-history":[{"count":2,"href":"https:\/\/nahuelproducciones.com.ar\/radioquijano\/wp-json\/wp\/v2\/posts\/8327\/revisions"}],"predecessor-version":[{"id":8336,"href":"https:\/\/nahuelproducciones.com.ar\/radioquijano\/wp-json\/wp\/v2\/posts\/8327\/revisions\/8336"}],"wp:featuredmedia":[{"embeddable":true,"href":"https:\/\/nahuelproducciones.com.ar\/radioquijano\/wp-json\/wp\/v2\/media\/8337"}],"wp:attachment":[{"href":"https:\/\/nahuelproducciones.com.ar\/radioquijano\/wp-json\/wp\/v2\/media?parent=8327"}],"wp:term":[{"taxonomy":"category","embeddable":true,"href":"https:\/\/nahuelproducciones.com.ar\/radioquijano\/wp-json\/wp\/v2\/categories?post=8327"},{"taxonomy":"post_tag","embeddable":true,"href":"https:\/\/nahuelproducciones.com.ar\/radioquijano\/wp-json\/wp\/v2\/tags?post=8327"}],"curies":[{"name":"wp","href":"https:\/\/api.w.org\/{rel}","templated":true}]}}