{"id":8340,"date":"2024-06-18T23:53:08","date_gmt":"2024-06-19T02:53:08","guid":{"rendered":"https:\/\/nahuelproducciones.com.ar\/radioquijano\/?p=8340"},"modified":"2024-06-18T23:53:08","modified_gmt":"2024-06-19T02:53:08","slug":"estudiantes-de-campo-quijano-realizaran-practicas-en-la-secretaria-de-mineria-y-energia","status":"publish","type":"post","link":"https:\/\/nahuelproducciones.com.ar\/radioquijano\/estudiantes-de-campo-quijano-realizaran-practicas-en-la-secretaria-de-mineria-y-energia\/","title":{"rendered":"Estudiantes de Campo Quijano realizar\u00e1n pr\u00e1cticas en la Secretar\u00eda de Miner\u00eda y Energ\u00eda"},"content":{"rendered":"\n<p>Los estudiantes del \u00faltimo a\u00f1o, de la Tecnicatura en Miner\u00eda, realizar\u00e1n actividades en el organismo durante tres meses. El objetivo es preparar a los alumnos para enfrentar situaciones reales en su futuro laboral.<\/p>\n\n\n\n<p>La&nbsp;<strong>Secretar\u00eda de Miner\u00eda y Energ\u00eda<\/strong>&nbsp;firm\u00f3 un convenio &nbsp;con el Instituto Superior de Formaci\u00f3n Docente N\u00b0 6028, de Campo Quijano, destinado a la implementaci\u00f3n de pr\u00e1cticas profesionales supervisadas por parte de cuatro alumnos de 3er a\u00f1o, de la Tecnicatura de Miner\u00eda, en las instalaciones del organismo gubernamental.&nbsp;<\/p>\n\n\n\n<p>El programa se desarrollar\u00e1 durante tres meses, y buscar\u00e1 proporcionar a los estudiantes una experiencia directa en el campo profesional, mejorando sus habilidades en relaciones humanas y prepar\u00e1ndolos para enfrentar situaciones reales en su futuro laboral.<\/p>\n\n\n\n<p>El convenio fue rubricado por la titular de la cartera de miner\u00eda provincial&nbsp;<strong>Romina Sassarini&nbsp;<\/strong>y la rectora del establecimiento educativo, Elizabeth Carrizo. El acuerdo permitir\u00e1 a los estudiantes de la Tecnicatura trabajar en un entorno real, aplicando los conocimientos adquiridos durante su formaci\u00f3n acad\u00e9mica.<\/p>\n\n\n<div class=\"wp-block-image\">\n<figure class=\"aligncenter is-resized\"><a href=\"https:\/\/www.salta.gob.ar\/public\/images\/noticias\/contenidos\/12645-estudiantes-de-campo-quijano-realizaran-practicas-en-la-secretaria-de-mineria-y-energia.jpeg\"><img loading=\"lazy\" decoding=\"async\" src=\"https:\/\/www.salta.gob.ar\/public\/images\/noticias\/contenidos\/12645-estudiantes-de-campo-quijano-realizaran-practicas-en-la-secretaria-de-mineria-y-energia.jpeg\" alt=\"Estudiantes de Campo Quijano realizar\u00e1n pr\u00e1cticas en la Secretar\u00eda de Miner\u00eda y Energ\u00eda\" width=\"579\" height=\"325\"\/><\/a><\/figure><\/div>\n\n\n<p>Sassarini celebr\u00f3 la importancia de la formaci\u00f3n t\u00e9cnica y el hecho de que estos futuros profesionales est\u00e9n trabajando lado a lado con el personal de la Secretar\u00eda.<\/p>\n\n\n\n<p>En tanto, Elizabeth Carrizo, expres\u00f3 su alegr\u00eda porque los alumnos con mejores promedios est\u00e9n empezando a trabajar hoy en la Secretar\u00eda de Miner\u00eda y Energ\u00eda y que durante tres meses van a estar trabajando con datos reales.<\/p>\n\n\n\n<hr class=\"wp-block-separator has-alpha-channel-opacity\"\/>\n\n\n\n<p>Fuente:&nbsp;<strong>Secretar\u00eda de Prensa<\/strong><\/p>\n","protected":false},"excerpt":{"rendered":"<p>Los estudiantes del \u00faltimo a\u00f1o, de la Tecnicatura en Miner\u00eda, realizar\u00e1n actividades en el organismo durante tres meses. El objetivo es preparar a los alumnos para enfrentar situaciones reales en su futuro laboral. La&nbsp;Secretar\u00eda de Miner\u00eda y Energ\u00eda&nbsp;firm\u00f3 un convenio &nbsp;con el Instituto Superior de Formaci\u00f3n Docente N\u00b0 6028, de Campo Quijano, destinado a la [&hellip;]<\/p>\n","protected":false},"author":8,"featured_media":8341,"comment_status":"open","ping_status":"open","sticky":false,"template":"","format":"standard","meta":{"_monsterinsights_skip_tracking":false,"_monsterinsights_sitenote_active":false,"_monsterinsights_sitenote_note":"","_monsterinsights_sitenote_category":0,"footnotes":""},"categories":[16],"tags":[100,1567],"class_list":["post-8340","post","type-post","status-publish","format-standard","has-post-thumbnail","hentry","category-noticias","tag-municipio-de-campo-quijano","tag-tecnicatura-en-mineria"],"yoast_head":"<!-- This site is optimized with the Yoast SEO plugin v20.8 - https:\/\/yoast.com\/wordpress\/plugins\/seo\/ -->\n<title>Estudiantes de Campo Quijano realizar\u00e1n pr\u00e1cticas en la Secretar\u00eda de Miner\u00eda y Energ\u00eda - RQ 99.9<\/title>\n<meta name=\"description\" content=\"El convenio fue rubricado por la titular de la cartera de miner\u00eda provincial\u00a0Romina Sassarini\u00a0y la rectora del establecimiento educativo, Elizabeth Carrizo.\" \/>\n<meta name=\"robots\" content=\"index, follow, max-snippet:-1, max-image-preview:large, max-video-preview:-1\" \/>\n<link rel=\"canonical\" href=\"https:\/\/nahuelproducciones.com.ar\/radioquijano\/estudiantes-de-campo-quijano-realizaran-practicas-en-la-secretaria-de-mineria-y-energia\/\" \/>\n<meta property=\"og:locale\" content=\"es_ES\" \/>\n<meta property=\"og:type\" content=\"article\" \/>\n<meta property=\"og:title\" content=\"Estudiantes de Campo Quijano realizar\u00e1n pr\u00e1cticas en la Secretar\u00eda de Miner\u00eda y Energ\u00eda - RQ 99.9\" \/>\n<meta property=\"og:description\" content=\"El convenio fue rubricado por la titular de la cartera de miner\u00eda provincial\u00a0Romina Sassarini\u00a0y la rectora del establecimiento educativo, Elizabeth Carrizo.\" \/>\n<meta property=\"og:url\" content=\"https:\/\/nahuelproducciones.com.ar\/radioquijano\/estudiantes-de-campo-quijano-realizaran-practicas-en-la-secretaria-de-mineria-y-energia\/\" \/>\n<meta property=\"og:site_name\" content=\"RQ 99.9\" \/>\n<meta property=\"article:publisher\" content=\"https:\/\/www.facebook.com\/nahuelproducciones999\/\" \/>\n<meta property=\"article:published_time\" content=\"2024-06-19T02:53:08+00:00\" \/>\n<meta property=\"og:image\" content=\"https:\/\/nahuelproducciones.com.ar\/radioquijano\/wp-content\/uploads\/2024\/06\/96275-estudiantes-de-campo-quijano-realizaran-practicas-en-la-secretaria-de-mineria-y-energia-e1718765547795.jpeg\" \/>\n\t<meta property=\"og:image:width\" content=\"700\" \/>\n\t<meta property=\"og:image:height\" content=\"394\" \/>\n\t<meta property=\"og:image:type\" content=\"image\/jpeg\" \/>\n<meta name=\"author\" content=\"Cecilia Pastrana\" \/>\n<meta name=\"twitter:card\" content=\"summary_large_image\" \/>\n<meta name=\"twitter:creator\" content=\"@nahuproduciones\" \/>\n<meta name=\"twitter:site\" content=\"@nahuproduciones\" \/>\n<meta name=\"twitter:label1\" content=\"Escrito por\" \/>\n\t<meta name=\"twitter:data1\" content=\"Cecilia Pastrana\" \/>\n\t<meta name=\"twitter:label2\" content=\"Tiempo de lectura\" \/>\n\t<meta name=\"twitter:data2\" content=\"2 minutos\" \/>\n<script type=\"application\/ld+json\" class=\"yoast-schema-graph\">{\"@context\":\"https:\/\/schema.org\",\"@graph\":[{\"@type\":\"WebPage\",\"@id\":\"https:\/\/nahuelproducciones.com.ar\/radioquijano\/estudiantes-de-campo-quijano-realizaran-practicas-en-la-secretaria-de-mineria-y-energia\/\",\"url\":\"https:\/\/nahuelproducciones.com.ar\/radioquijano\/estudiantes-de-campo-quijano-realizaran-practicas-en-la-secretaria-de-mineria-y-energia\/\",\"name\":\"Estudiantes de Campo Quijano realizar\u00e1n pr\u00e1cticas en la Secretar\u00eda de Miner\u00eda y Energ\u00eda - RQ 99.9\",\"isPartOf\":{\"@id\":\"https:\/\/nahuelproducciones.com.ar\/radioquijano\/#website\"},\"datePublished\":\"2024-06-19T02:53:08+00:00\",\"dateModified\":\"2024-06-19T02:53:08+00:00\",\"author\":{\"@id\":\"https:\/\/nahuelproducciones.com.ar\/radioquijano\/#\/schema\/person\/e8a4f939e2cb487fe6d0c54042c9d32c\"},\"description\":\"El convenio fue rubricado por la titular de la cartera de miner\u00eda provincial\u00a0Romina Sassarini\u00a0y la rectora del establecimiento educativo, Elizabeth Carrizo.\",\"breadcrumb\":{\"@id\":\"https:\/\/nahuelproducciones.com.ar\/radioquijano\/estudiantes-de-campo-quijano-realizaran-practicas-en-la-secretaria-de-mineria-y-energia\/#breadcrumb\"},\"inLanguage\":\"es\",\"potentialAction\":[{\"@type\":\"ReadAction\",\"target\":[\"https:\/\/nahuelproducciones.com.ar\/radioquijano\/estudiantes-de-campo-quijano-realizaran-practicas-en-la-secretaria-de-mineria-y-energia\/\"]}]},{\"@type\":\"BreadcrumbList\",\"@id\":\"https:\/\/nahuelproducciones.com.ar\/radioquijano\/estudiantes-de-campo-quijano-realizaran-practicas-en-la-secretaria-de-mineria-y-energia\/#breadcrumb\",\"itemListElement\":[{\"@type\":\"ListItem\",\"position\":1,\"name\":\"Portada\",\"item\":\"https:\/\/nahuelproducciones.com.ar\/radioquijano\/\"},{\"@type\":\"ListItem\",\"position\":2,\"name\":\"Estudiantes de Campo Quijano realizar\u00e1n pr\u00e1cticas en la Secretar\u00eda de Miner\u00eda y Energ\u00eda\"}]},{\"@type\":\"WebSite\",\"@id\":\"https:\/\/nahuelproducciones.com.ar\/radioquijano\/#website\",\"url\":\"https:\/\/nahuelproducciones.com.ar\/radioquijano\/\",\"name\":\"RQ 99.9\",\"description\":\"Radio Quijano 99.9 MHz\",\"potentialAction\":[{\"@type\":\"SearchAction\",\"target\":{\"@type\":\"EntryPoint\",\"urlTemplate\":\"https:\/\/nahuelproducciones.com.ar\/radioquijano\/?s={search_term_string}\"},\"query-input\":\"required name=search_term_string\"}],\"inLanguage\":\"es\"},{\"@type\":\"Person\",\"@id\":\"https:\/\/nahuelproducciones.com.ar\/radioquijano\/#\/schema\/person\/e8a4f939e2cb487fe6d0c54042c9d32c\",\"name\":\"Cecilia Pastrana\",\"image\":{\"@type\":\"ImageObject\",\"inLanguage\":\"es\",\"@id\":\"https:\/\/nahuelproducciones.com.ar\/radioquijano\/#\/schema\/person\/image\/\",\"url\":\"https:\/\/secure.gravatar.com\/avatar\/661a3ef63a8488d4f2794ed44af8cf71420f7e106f3072c40125114df5157749?s=96&d=mm&r=g\",\"contentUrl\":\"https:\/\/secure.gravatar.com\/avatar\/661a3ef63a8488d4f2794ed44af8cf71420f7e106f3072c40125114df5157749?s=96&d=mm&r=g\",\"caption\":\"Cecilia Pastrana\"},\"sameAs\":[\"cecy\"],\"url\":\"https:\/\/nahuelproducciones.com.ar\/radioquijano\/author\/cecy\/\"}]}<\/script>\n<!-- \/ Yoast SEO plugin. -->","yoast_head_json":{"title":"Estudiantes de Campo Quijano realizar\u00e1n pr\u00e1cticas en la Secretar\u00eda de Miner\u00eda y Energ\u00eda - RQ 99.9","description":"El convenio fue rubricado por la titular de la cartera de miner\u00eda provincial\u00a0Romina Sassarini\u00a0y la rectora del establecimiento educativo, Elizabeth Carrizo.","robots":{"index":"index","follow":"follow","max-snippet":"max-snippet:-1","max-image-preview":"max-image-preview:large","max-video-preview":"max-video-preview:-1"},"canonical":"https:\/\/nahuelproducciones.com.ar\/radioquijano\/estudiantes-de-campo-quijano-realizaran-practicas-en-la-secretaria-de-mineria-y-energia\/","og_locale":"es_ES","og_type":"article","og_title":"Estudiantes de Campo Quijano realizar\u00e1n pr\u00e1cticas en la Secretar\u00eda de Miner\u00eda y Energ\u00eda - RQ 99.9","og_description":"El convenio fue rubricado por la titular de la cartera de miner\u00eda provincial\u00a0Romina Sassarini\u00a0y la rectora del establecimiento educativo, Elizabeth Carrizo.","og_url":"https:\/\/nahuelproducciones.com.ar\/radioquijano\/estudiantes-de-campo-quijano-realizaran-practicas-en-la-secretaria-de-mineria-y-energia\/","og_site_name":"RQ 99.9","article_publisher":"https:\/\/www.facebook.com\/nahuelproducciones999\/","article_published_time":"2024-06-19T02:53:08+00:00","og_image":[{"width":700,"height":394,"url":"https:\/\/nahuelproducciones.com.ar\/radioquijano\/wp-content\/uploads\/2024\/06\/96275-estudiantes-de-campo-quijano-realizaran-practicas-en-la-secretaria-de-mineria-y-energia-e1718765547795.jpeg","type":"image\/jpeg"}],"author":"Cecilia Pastrana","twitter_card":"summary_large_image","twitter_creator":"@nahuproduciones","twitter_site":"@nahuproduciones","twitter_misc":{"Escrito por":"Cecilia Pastrana","Tiempo de lectura":"2 minutos"},"schema":{"@context":"https:\/\/schema.org","@graph":[{"@type":"WebPage","@id":"https:\/\/nahuelproducciones.com.ar\/radioquijano\/estudiantes-de-campo-quijano-realizaran-practicas-en-la-secretaria-de-mineria-y-energia\/","url":"https:\/\/nahuelproducciones.com.ar\/radioquijano\/estudiantes-de-campo-quijano-realizaran-practicas-en-la-secretaria-de-mineria-y-energia\/","name":"Estudiantes de Campo Quijano realizar\u00e1n pr\u00e1cticas en la Secretar\u00eda de Miner\u00eda y Energ\u00eda - RQ 99.9","isPartOf":{"@id":"https:\/\/nahuelproducciones.com.ar\/radioquijano\/#website"},"datePublished":"2024-06-19T02:53:08+00:00","dateModified":"2024-06-19T02:53:08+00:00","author":{"@id":"https:\/\/nahuelproducciones.com.ar\/radioquijano\/#\/schema\/person\/e8a4f939e2cb487fe6d0c54042c9d32c"},"description":"El convenio fue rubricado por la titular de la cartera de miner\u00eda provincial\u00a0Romina Sassarini\u00a0y la rectora del establecimiento educativo, Elizabeth Carrizo.","breadcrumb":{"@id":"https:\/\/nahuelproducciones.com.ar\/radioquijano\/estudiantes-de-campo-quijano-realizaran-practicas-en-la-secretaria-de-mineria-y-energia\/#breadcrumb"},"inLanguage":"es","potentialAction":[{"@type":"ReadAction","target":["https:\/\/nahuelproducciones.com.ar\/radioquijano\/estudiantes-de-campo-quijano-realizaran-practicas-en-la-secretaria-de-mineria-y-energia\/"]}]},{"@type":"BreadcrumbList","@id":"https:\/\/nahuelproducciones.com.ar\/radioquijano\/estudiantes-de-campo-quijano-realizaran-practicas-en-la-secretaria-de-mineria-y-energia\/#breadcrumb","itemListElement":[{"@type":"ListItem","position":1,"name":"Portada","item":"https:\/\/nahuelproducciones.com.ar\/radioquijano\/"},{"@type":"ListItem","position":2,"name":"Estudiantes de Campo Quijano realizar\u00e1n pr\u00e1cticas en la Secretar\u00eda de Miner\u00eda y Energ\u00eda"}]},{"@type":"WebSite","@id":"https:\/\/nahuelproducciones.com.ar\/radioquijano\/#website","url":"https:\/\/nahuelproducciones.com.ar\/radioquijano\/","name":"RQ 99.9","description":"Radio Quijano 99.9 MHz","potentialAction":[{"@type":"SearchAction","target":{"@type":"EntryPoint","urlTemplate":"https:\/\/nahuelproducciones.com.ar\/radioquijano\/?s={search_term_string}"},"query-input":"required name=search_term_string"}],"inLanguage":"es"},{"@type":"Person","@id":"https:\/\/nahuelproducciones.com.ar\/radioquijano\/#\/schema\/person\/e8a4f939e2cb487fe6d0c54042c9d32c","name":"Cecilia Pastrana","image":{"@type":"ImageObject","inLanguage":"es","@id":"https:\/\/nahuelproducciones.com.ar\/radioquijano\/#\/schema\/person\/image\/","url":"https:\/\/secure.gravatar.com\/avatar\/661a3ef63a8488d4f2794ed44af8cf71420f7e106f3072c40125114df5157749?s=96&d=mm&r=g","contentUrl":"https:\/\/secure.gravatar.com\/avatar\/661a3ef63a8488d4f2794ed44af8cf71420f7e106f3072c40125114df5157749?s=96&d=mm&r=g","caption":"Cecilia Pastrana"},"sameAs":["cecy"],"url":"https:\/\/nahuelproducciones.com.ar\/radioquijano\/author\/cecy\/"}]}},"_links":{"self":[{"href":"https:\/\/nahuelproducciones.com.ar\/radioquijano\/wp-json\/wp\/v2\/posts\/8340","targetHints":{"allow":["GET"]}}],"collection":[{"href":"https:\/\/nahuelproducciones.com.ar\/radioquijano\/wp-json\/wp\/v2\/posts"}],"about":[{"href":"https:\/\/nahuelproducciones.com.ar\/radioquijano\/wp-json\/wp\/v2\/types\/post"}],"author":[{"embeddable":true,"href":"https:\/\/nahuelproducciones.com.ar\/radioquijano\/wp-json\/wp\/v2\/users\/8"}],"replies":[{"embeddable":true,"href":"https:\/\/nahuelproducciones.com.ar\/radioquijano\/wp-json\/wp\/v2\/comments?post=8340"}],"version-history":[{"count":1,"href":"https:\/\/nahuelproducciones.com.ar\/radioquijano\/wp-json\/wp\/v2\/posts\/8340\/revisions"}],"predecessor-version":[{"id":8342,"href":"https:\/\/nahuelproducciones.com.ar\/radioquijano\/wp-json\/wp\/v2\/posts\/8340\/revisions\/8342"}],"wp:featuredmedia":[{"embeddable":true,"href":"https:\/\/nahuelproducciones.com.ar\/radioquijano\/wp-json\/wp\/v2\/media\/8341"}],"wp:attachment":[{"href":"https:\/\/nahuelproducciones.com.ar\/radioquijano\/wp-json\/wp\/v2\/media?parent=8340"}],"wp:term":[{"taxonomy":"category","embeddable":true,"href":"https:\/\/nahuelproducciones.com.ar\/radioquijano\/wp-json\/wp\/v2\/categories?post=8340"},{"taxonomy":"post_tag","embeddable":true,"href":"https:\/\/nahuelproducciones.com.ar\/radioquijano\/wp-json\/wp\/v2\/tags?post=8340"}],"curies":[{"name":"wp","href":"https:\/\/api.w.org\/{rel}","templated":true}]}}