{"id":8343,"date":"2024-06-19T00:15:40","date_gmt":"2024-06-19T03:15:40","guid":{"rendered":"https:\/\/nahuelproducciones.com.ar\/radioquijano\/?p=8343"},"modified":"2024-06-19T00:28:17","modified_gmt":"2024-06-19T03:28:17","slug":"fiesta-del-senor-justo-juez-en-la-silleta","status":"publish","type":"post","link":"https:\/\/nahuelproducciones.com.ar\/radioquijano\/fiesta-del-senor-justo-juez-en-la-silleta\/","title":{"rendered":"Delegado Municipal : Invita a la Fiesta del Se\u00f1or Justo Juez en La Silleta."},"content":{"rendered":"\n<p>En comunicaci\u00f3n con RQ99.9Mhz, Lorenzo \u00abPaco\u00bb Vilte Delegado De La Silleta invit\u00f3 a la Misa y posterior procesi\u00f3n en honor a Justo Juez en la Localidad de la Silleta el <strong>Jueves 20 de Junio<\/strong>. La misma es la segunda fiesta patronal mas importante de este lugar y el cronograma de actividades inici\u00f3 con la Novena.<\/p>\n\n\n\n<p><strong>Novena del 11 al 19 de Junio<\/strong><br>19:00 Adoraci\u00f3n al Sant\u00edsimo Sacramento y Rosario<br>19:30 Santa Misa \/ Celebraci\u00f3n<\/p>\n\n\n\n<p><strong>Fiesta Jueves 20 de Junio<\/strong><br>10:00 Acto C\u00edvico<br>10:30 Misa Solemne<br>11:30 Procesi\u00f3n y Desfile<\/p>\n\n\n\n<p>Vilte manifest\u00f3 que se concretar\u00e1 en la Vicaria Inmaculada Concepci\u00f3n en La Silleta y luego se llevara adelante el baile popular.<\/p>\n\n\n\n<p>En el lugar habr\u00e1 fonda y podr\u00e1n disfrutar de comidas regionales.<\/p>\n\n\n\n<p>La Delegaci\u00f3n Municipal colabora e invita a participar de esta Conmemoraci\u00f3n Religiosa. Se pone en condiciones las calles , la iluminaci\u00f3n y las paradas de colectivo .<\/p>\n\n\n\n<p>El Delegado invito a la comunidad a la Plaza principal de La Silleta, que recibir\u00e1 a estudiantes de 4to a\u00f1o que realizaran  su Promesa de Lealtad a la Bandera. Es una instancia donde expresan su compromiso con la democracia, la participaci\u00f3n y la convivencia desde la re afirmaci\u00f3n de los valores de libertad, solidaridad e igualdad.<\/p>\n\n\n\n<p>Escucha la entrevista en donde hablo de esto y mucho m\u00e1s.:<\/p>\n\n\n\n<figure class=\"wp-block-audio\"><audio controls src=\"https:\/\/nahuelproducciones.com.ar\/radioquijano\/wp-content\/uploads\/2024\/06\/18-06-2024-PACO-VILTE-DELEGADO-DE-LA-SILLETA-TELA-JUSTO-JUEZ-QUEMA-CALLES-E-ILUMUNACION.mp3\"><\/audio><\/figure>\n\n\n\n<p>Imagen: Facebook de la Municipalidad de Campo Quijano.<\/p>\n","protected":false},"excerpt":{"rendered":"<p>En comunicaci\u00f3n con RQ99.9Mhz, Lorenzo \u00abPaco\u00bb Vilte Delegado De La Silleta invit\u00f3 a la Misa y posterior procesi\u00f3n en honor a Justo Juez en la Localidad de la Silleta el Jueves 20 de Junio. La misma es la segunda fiesta patronal mas importante de este lugar y el cronograma de actividades inici\u00f3 con la Novena. [&hellip;]<\/p>\n","protected":false},"author":8,"featured_media":8345,"comment_status":"open","ping_status":"open","sticky":false,"template":"","format":"standard","meta":{"_monsterinsights_skip_tracking":false,"_monsterinsights_sitenote_active":false,"_monsterinsights_sitenote_note":"","_monsterinsights_sitenote_category":0,"footnotes":""},"categories":[16],"tags":[1404,77,100],"class_list":["post-8343","post","type-post","status-publish","format-standard","has-post-thumbnail","hentry","category-noticias","tag-delegado-de-la-silleta-sr-lorenzo-paco-raul-dario-vilte","tag-la-silleta","tag-municipio-de-campo-quijano"],"yoast_head":"<!-- This site is optimized with the Yoast SEO plugin v20.8 - https:\/\/yoast.com\/wordpress\/plugins\/seo\/ -->\n<title>Delegado Municipal : Invita a la Fiesta del Se\u00f1or Justo Juez en La Silleta. - RQ 99.9<\/title>\n<meta name=\"description\" content=\"Fiesta Jueves 20 de Junio\" \/>\n<meta name=\"robots\" content=\"index, follow, max-snippet:-1, max-image-preview:large, max-video-preview:-1\" \/>\n<link rel=\"canonical\" href=\"https:\/\/nahuelproducciones.com.ar\/radioquijano\/fiesta-del-senor-justo-juez-en-la-silleta\/\" \/>\n<meta property=\"og:locale\" content=\"es_ES\" \/>\n<meta property=\"og:type\" content=\"article\" \/>\n<meta property=\"og:title\" content=\"Delegado Municipal : Invita a la Fiesta del Se\u00f1or Justo Juez en La Silleta. - RQ 99.9\" \/>\n<meta property=\"og:description\" content=\"Fiesta Jueves 20 de Junio\" \/>\n<meta property=\"og:url\" content=\"https:\/\/nahuelproducciones.com.ar\/radioquijano\/fiesta-del-senor-justo-juez-en-la-silleta\/\" \/>\n<meta property=\"og:site_name\" content=\"RQ 99.9\" \/>\n<meta property=\"article:publisher\" content=\"https:\/\/www.facebook.com\/nahuelproducciones999\/\" \/>\n<meta property=\"article:published_time\" content=\"2024-06-19T03:15:40+00:00\" \/>\n<meta property=\"article:modified_time\" content=\"2024-06-19T03:28:17+00:00\" \/>\n<meta property=\"og:image\" content=\"https:\/\/nahuelproducciones.com.ar\/radioquijano\/wp-content\/uploads\/2024\/06\/412987151_765324642290615_8775849035587120875_n-e1704859700815.jpg\" \/>\n\t<meta property=\"og:image:width\" content=\"700\" \/>\n\t<meta property=\"og:image:height\" content=\"933\" \/>\n\t<meta property=\"og:image:type\" content=\"image\/jpeg\" \/>\n<meta name=\"author\" content=\"Cecilia Pastrana\" \/>\n<meta name=\"twitter:card\" content=\"summary_large_image\" \/>\n<meta name=\"twitter:creator\" content=\"@nahuproduciones\" \/>\n<meta name=\"twitter:site\" content=\"@nahuproduciones\" \/>\n<meta name=\"twitter:label1\" content=\"Escrito por\" \/>\n\t<meta name=\"twitter:data1\" content=\"Cecilia Pastrana\" \/>\n\t<meta name=\"twitter:label2\" content=\"Tiempo de lectura\" \/>\n\t<meta name=\"twitter:data2\" content=\"2 minutos\" \/>\n<script type=\"application\/ld+json\" class=\"yoast-schema-graph\">{\"@context\":\"https:\/\/schema.org\",\"@graph\":[{\"@type\":\"WebPage\",\"@id\":\"https:\/\/nahuelproducciones.com.ar\/radioquijano\/fiesta-del-senor-justo-juez-en-la-silleta\/\",\"url\":\"https:\/\/nahuelproducciones.com.ar\/radioquijano\/fiesta-del-senor-justo-juez-en-la-silleta\/\",\"name\":\"Delegado Municipal : Invita a la Fiesta del Se\u00f1or Justo Juez en La Silleta. - RQ 99.9\",\"isPartOf\":{\"@id\":\"https:\/\/nahuelproducciones.com.ar\/radioquijano\/#website\"},\"datePublished\":\"2024-06-19T03:15:40+00:00\",\"dateModified\":\"2024-06-19T03:28:17+00:00\",\"author\":{\"@id\":\"https:\/\/nahuelproducciones.com.ar\/radioquijano\/#\/schema\/person\/e8a4f939e2cb487fe6d0c54042c9d32c\"},\"description\":\"Fiesta Jueves 20 de Junio\",\"breadcrumb\":{\"@id\":\"https:\/\/nahuelproducciones.com.ar\/radioquijano\/fiesta-del-senor-justo-juez-en-la-silleta\/#breadcrumb\"},\"inLanguage\":\"es\",\"potentialAction\":[{\"@type\":\"ReadAction\",\"target\":[\"https:\/\/nahuelproducciones.com.ar\/radioquijano\/fiesta-del-senor-justo-juez-en-la-silleta\/\"]}]},{\"@type\":\"BreadcrumbList\",\"@id\":\"https:\/\/nahuelproducciones.com.ar\/radioquijano\/fiesta-del-senor-justo-juez-en-la-silleta\/#breadcrumb\",\"itemListElement\":[{\"@type\":\"ListItem\",\"position\":1,\"name\":\"Portada\",\"item\":\"https:\/\/nahuelproducciones.com.ar\/radioquijano\/\"},{\"@type\":\"ListItem\",\"position\":2,\"name\":\"Delegado Municipal : Invita a la Fiesta del Se\u00f1or Justo Juez en La Silleta.\"}]},{\"@type\":\"WebSite\",\"@id\":\"https:\/\/nahuelproducciones.com.ar\/radioquijano\/#website\",\"url\":\"https:\/\/nahuelproducciones.com.ar\/radioquijano\/\",\"name\":\"RQ 99.9\",\"description\":\"Radio Quijano 99.9 MHz\",\"potentialAction\":[{\"@type\":\"SearchAction\",\"target\":{\"@type\":\"EntryPoint\",\"urlTemplate\":\"https:\/\/nahuelproducciones.com.ar\/radioquijano\/?s={search_term_string}\"},\"query-input\":\"required name=search_term_string\"}],\"inLanguage\":\"es\"},{\"@type\":\"Person\",\"@id\":\"https:\/\/nahuelproducciones.com.ar\/radioquijano\/#\/schema\/person\/e8a4f939e2cb487fe6d0c54042c9d32c\",\"name\":\"Cecilia Pastrana\",\"image\":{\"@type\":\"ImageObject\",\"inLanguage\":\"es\",\"@id\":\"https:\/\/nahuelproducciones.com.ar\/radioquijano\/#\/schema\/person\/image\/\",\"url\":\"https:\/\/secure.gravatar.com\/avatar\/661a3ef63a8488d4f2794ed44af8cf71420f7e106f3072c40125114df5157749?s=96&d=mm&r=g\",\"contentUrl\":\"https:\/\/secure.gravatar.com\/avatar\/661a3ef63a8488d4f2794ed44af8cf71420f7e106f3072c40125114df5157749?s=96&d=mm&r=g\",\"caption\":\"Cecilia Pastrana\"},\"sameAs\":[\"cecy\"],\"url\":\"https:\/\/nahuelproducciones.com.ar\/radioquijano\/author\/cecy\/\"}]}<\/script>\n<!-- \/ Yoast SEO plugin. -->","yoast_head_json":{"title":"Delegado Municipal : Invita a la Fiesta del Se\u00f1or Justo Juez en La Silleta. - RQ 99.9","description":"Fiesta Jueves 20 de Junio","robots":{"index":"index","follow":"follow","max-snippet":"max-snippet:-1","max-image-preview":"max-image-preview:large","max-video-preview":"max-video-preview:-1"},"canonical":"https:\/\/nahuelproducciones.com.ar\/radioquijano\/fiesta-del-senor-justo-juez-en-la-silleta\/","og_locale":"es_ES","og_type":"article","og_title":"Delegado Municipal : Invita a la Fiesta del Se\u00f1or Justo Juez en La Silleta. - RQ 99.9","og_description":"Fiesta Jueves 20 de Junio","og_url":"https:\/\/nahuelproducciones.com.ar\/radioquijano\/fiesta-del-senor-justo-juez-en-la-silleta\/","og_site_name":"RQ 99.9","article_publisher":"https:\/\/www.facebook.com\/nahuelproducciones999\/","article_published_time":"2024-06-19T03:15:40+00:00","article_modified_time":"2024-06-19T03:28:17+00:00","og_image":[{"width":700,"height":933,"url":"https:\/\/nahuelproducciones.com.ar\/radioquijano\/wp-content\/uploads\/2024\/06\/412987151_765324642290615_8775849035587120875_n-e1704859700815.jpg","type":"image\/jpeg"}],"author":"Cecilia Pastrana","twitter_card":"summary_large_image","twitter_creator":"@nahuproduciones","twitter_site":"@nahuproduciones","twitter_misc":{"Escrito por":"Cecilia Pastrana","Tiempo de lectura":"2 minutos"},"schema":{"@context":"https:\/\/schema.org","@graph":[{"@type":"WebPage","@id":"https:\/\/nahuelproducciones.com.ar\/radioquijano\/fiesta-del-senor-justo-juez-en-la-silleta\/","url":"https:\/\/nahuelproducciones.com.ar\/radioquijano\/fiesta-del-senor-justo-juez-en-la-silleta\/","name":"Delegado Municipal : Invita a la Fiesta del Se\u00f1or Justo Juez en La Silleta. - RQ 99.9","isPartOf":{"@id":"https:\/\/nahuelproducciones.com.ar\/radioquijano\/#website"},"datePublished":"2024-06-19T03:15:40+00:00","dateModified":"2024-06-19T03:28:17+00:00","author":{"@id":"https:\/\/nahuelproducciones.com.ar\/radioquijano\/#\/schema\/person\/e8a4f939e2cb487fe6d0c54042c9d32c"},"description":"Fiesta Jueves 20 de Junio","breadcrumb":{"@id":"https:\/\/nahuelproducciones.com.ar\/radioquijano\/fiesta-del-senor-justo-juez-en-la-silleta\/#breadcrumb"},"inLanguage":"es","potentialAction":[{"@type":"ReadAction","target":["https:\/\/nahuelproducciones.com.ar\/radioquijano\/fiesta-del-senor-justo-juez-en-la-silleta\/"]}]},{"@type":"BreadcrumbList","@id":"https:\/\/nahuelproducciones.com.ar\/radioquijano\/fiesta-del-senor-justo-juez-en-la-silleta\/#breadcrumb","itemListElement":[{"@type":"ListItem","position":1,"name":"Portada","item":"https:\/\/nahuelproducciones.com.ar\/radioquijano\/"},{"@type":"ListItem","position":2,"name":"Delegado Municipal : Invita a la Fiesta del Se\u00f1or Justo Juez en La Silleta."}]},{"@type":"WebSite","@id":"https:\/\/nahuelproducciones.com.ar\/radioquijano\/#website","url":"https:\/\/nahuelproducciones.com.ar\/radioquijano\/","name":"RQ 99.9","description":"Radio Quijano 99.9 MHz","potentialAction":[{"@type":"SearchAction","target":{"@type":"EntryPoint","urlTemplate":"https:\/\/nahuelproducciones.com.ar\/radioquijano\/?s={search_term_string}"},"query-input":"required name=search_term_string"}],"inLanguage":"es"},{"@type":"Person","@id":"https:\/\/nahuelproducciones.com.ar\/radioquijano\/#\/schema\/person\/e8a4f939e2cb487fe6d0c54042c9d32c","name":"Cecilia Pastrana","image":{"@type":"ImageObject","inLanguage":"es","@id":"https:\/\/nahuelproducciones.com.ar\/radioquijano\/#\/schema\/person\/image\/","url":"https:\/\/secure.gravatar.com\/avatar\/661a3ef63a8488d4f2794ed44af8cf71420f7e106f3072c40125114df5157749?s=96&d=mm&r=g","contentUrl":"https:\/\/secure.gravatar.com\/avatar\/661a3ef63a8488d4f2794ed44af8cf71420f7e106f3072c40125114df5157749?s=96&d=mm&r=g","caption":"Cecilia Pastrana"},"sameAs":["cecy"],"url":"https:\/\/nahuelproducciones.com.ar\/radioquijano\/author\/cecy\/"}]}},"_links":{"self":[{"href":"https:\/\/nahuelproducciones.com.ar\/radioquijano\/wp-json\/wp\/v2\/posts\/8343","targetHints":{"allow":["GET"]}}],"collection":[{"href":"https:\/\/nahuelproducciones.com.ar\/radioquijano\/wp-json\/wp\/v2\/posts"}],"about":[{"href":"https:\/\/nahuelproducciones.com.ar\/radioquijano\/wp-json\/wp\/v2\/types\/post"}],"author":[{"embeddable":true,"href":"https:\/\/nahuelproducciones.com.ar\/radioquijano\/wp-json\/wp\/v2\/users\/8"}],"replies":[{"embeddable":true,"href":"https:\/\/nahuelproducciones.com.ar\/radioquijano\/wp-json\/wp\/v2\/comments?post=8343"}],"version-history":[{"count":4,"href":"https:\/\/nahuelproducciones.com.ar\/radioquijano\/wp-json\/wp\/v2\/posts\/8343\/revisions"}],"predecessor-version":[{"id":8351,"href":"https:\/\/nahuelproducciones.com.ar\/radioquijano\/wp-json\/wp\/v2\/posts\/8343\/revisions\/8351"}],"wp:featuredmedia":[{"embeddable":true,"href":"https:\/\/nahuelproducciones.com.ar\/radioquijano\/wp-json\/wp\/v2\/media\/8345"}],"wp:attachment":[{"href":"https:\/\/nahuelproducciones.com.ar\/radioquijano\/wp-json\/wp\/v2\/media?parent=8343"}],"wp:term":[{"taxonomy":"category","embeddable":true,"href":"https:\/\/nahuelproducciones.com.ar\/radioquijano\/wp-json\/wp\/v2\/categories?post=8343"},{"taxonomy":"post_tag","embeddable":true,"href":"https:\/\/nahuelproducciones.com.ar\/radioquijano\/wp-json\/wp\/v2\/tags?post=8343"}],"curies":[{"name":"wp","href":"https:\/\/api.w.org\/{rel}","templated":true}]}}