{"id":8354,"date":"2024-06-19T12:31:18","date_gmt":"2024-06-19T15:31:18","guid":{"rendered":"https:\/\/nahuelproducciones.com.ar\/radioquijano\/?p=8354"},"modified":"2024-06-19T12:39:57","modified_gmt":"2024-06-19T15:39:57","slug":"el-burrito-ortega-llega-a-campo-quijano","status":"publish","type":"post","link":"https:\/\/nahuelproducciones.com.ar\/radioquijano\/el-burrito-ortega-llega-a-campo-quijano\/","title":{"rendered":"El Burrito Ortega llega a Campo Quijano"},"content":{"rendered":"\n<p>Una de las figuras m\u00e1s emblem\u00e1ticas de River Plate llegar\u00e1 para disputar un amistoso entre los veteranos del Club Atl\u00e9tico Social Boroquimica (C.A.S.B.).<\/p>\n\n\n\n<p> En comunicaci\u00f3n telef\u00f3nica con RQ9.9Mhz, el Director de Deporte Alfredo \u00abMilico\u00bb Burgos invit\u00f3 a la comunidad a presenciar el partido que se jugar\u00e1 el 6 de julio a las 16:00 horas en el Estadio Dura\u00f1ona, en el Club Boroquimica.<\/p>\n\n\n\n<p>Dijo que la venta de entradas ya esta en marcha y 5000 pesos es el valor de las anticipadas .<\/p>\n\n\n\n<blockquote class=\"wp-block-quote is-layout-flow wp-block-quote-is-layout-flow\">\n<p>Arnaldo Ariel Ortega, apodado El Burrito, exfutbolista argentino que jugaba como mediapunta en River Plate . Actualmente es Coordinador del Selectivo Infanto-Juvenil de River Plate.<\/p>\n\n\n\n<p>Fue jugador de la Selecci\u00f3n de f\u00fatbol de Argentina, con la que jug\u00f3 88 partidos y anot\u00f3 17 goles, participando de&nbsp;<strong>tres<\/strong>&nbsp;copas del mundo (1994, 1998 y 2002) y fue subcampe\u00f3n de la Copa FIFA Confederaciones 1995.<\/p>\n<\/blockquote>\n\n\n\n<p>Escucha la entrevista:<\/p>\n\n\n\n<figure class=\"wp-block-audio\"><audio controls src=\"https:\/\/nahuelproducciones.com.ar\/radioquijano\/wp-content\/uploads\/2024\/06\/19-06-2024-Direccion-De-Deporte-Alfredo-Milico-Burgos-TEMA-BURRITO-ORTEGA.mp3\"><\/audio><\/figure>\n","protected":false},"excerpt":{"rendered":"<p>Una de las figuras m\u00e1s emblem\u00e1ticas de River Plate llegar\u00e1 para disputar un amistoso entre los veteranos del Club Atl\u00e9tico Social Boroquimica (C.A.S.B.). En comunicaci\u00f3n telef\u00f3nica con RQ9.9Mhz, el Director de Deporte Alfredo \u00abMilico\u00bb Burgos invit\u00f3 a la comunidad a presenciar el partido que se jugar\u00e1 el 6 de julio a las 16:00 horas en [&hellip;]<\/p>\n","protected":false},"author":8,"featured_media":8356,"comment_status":"open","ping_status":"open","sticky":false,"template":"","format":"standard","meta":{"_monsterinsights_skip_tracking":false,"_monsterinsights_sitenote_active":false,"_monsterinsights_sitenote_note":"","_monsterinsights_sitenote_category":0,"footnotes":""},"categories":[16],"tags":[1569,1324,100],"class_list":["post-8354","post","type-post","status-publish","format-standard","has-post-thumbnail","hentry","category-noticias","tag-burrito-ortega","tag-club-atletico-social-boroquimica","tag-municipio-de-campo-quijano"],"yoast_head":"<!-- This site is optimized with the Yoast SEO plugin v20.8 - https:\/\/yoast.com\/wordpress\/plugins\/seo\/ -->\n<title>El Burrito Ortega llega a Campo Quijano - RQ 99.9<\/title>\n<meta name=\"description\" content=\"Se jugar\u00e1 el 6 de julio a las 16:00 horas en el Estadio Dura\u00f1ona, en el Club Boroquimica.\" \/>\n<meta name=\"robots\" content=\"index, follow, max-snippet:-1, max-image-preview:large, max-video-preview:-1\" \/>\n<link rel=\"canonical\" href=\"https:\/\/nahuelproducciones.com.ar\/radioquijano\/el-burrito-ortega-llega-a-campo-quijano\/\" \/>\n<meta property=\"og:locale\" content=\"es_ES\" \/>\n<meta property=\"og:type\" content=\"article\" \/>\n<meta property=\"og:title\" content=\"El Burrito Ortega llega a Campo Quijano - RQ 99.9\" \/>\n<meta property=\"og:description\" content=\"Se jugar\u00e1 el 6 de julio a las 16:00 horas en el Estadio Dura\u00f1ona, en el Club Boroquimica.\" \/>\n<meta property=\"og:url\" content=\"https:\/\/nahuelproducciones.com.ar\/radioquijano\/el-burrito-ortega-llega-a-campo-quijano\/\" \/>\n<meta property=\"og:site_name\" content=\"RQ 99.9\" \/>\n<meta property=\"article:publisher\" content=\"https:\/\/www.facebook.com\/nahuelproducciones999\/\" \/>\n<meta property=\"article:published_time\" content=\"2024-06-19T15:31:18+00:00\" \/>\n<meta property=\"article:modified_time\" content=\"2024-06-19T15:39:57+00:00\" \/>\n<meta property=\"og:image\" content=\"https:\/\/nahuelproducciones.com.ar\/radioquijano\/wp-content\/uploads\/2024\/06\/448547175_870753981747680_755294500737125559_n-e1718811066315.jpg\" \/>\n\t<meta property=\"og:image:width\" content=\"700\" \/>\n\t<meta property=\"og:image:height\" content=\"875\" \/>\n\t<meta property=\"og:image:type\" content=\"image\/jpeg\" \/>\n<meta name=\"author\" content=\"Cecilia Pastrana\" \/>\n<meta name=\"twitter:card\" content=\"summary_large_image\" \/>\n<meta name=\"twitter:creator\" content=\"@nahuproduciones\" \/>\n<meta name=\"twitter:site\" content=\"@nahuproduciones\" \/>\n<meta name=\"twitter:label1\" content=\"Escrito por\" \/>\n\t<meta name=\"twitter:data1\" content=\"Cecilia Pastrana\" \/>\n\t<meta name=\"twitter:label2\" content=\"Tiempo de lectura\" \/>\n\t<meta name=\"twitter:data2\" content=\"1 minuto\" \/>\n<script type=\"application\/ld+json\" class=\"yoast-schema-graph\">{\"@context\":\"https:\/\/schema.org\",\"@graph\":[{\"@type\":\"WebPage\",\"@id\":\"https:\/\/nahuelproducciones.com.ar\/radioquijano\/el-burrito-ortega-llega-a-campo-quijano\/\",\"url\":\"https:\/\/nahuelproducciones.com.ar\/radioquijano\/el-burrito-ortega-llega-a-campo-quijano\/\",\"name\":\"El Burrito Ortega llega a Campo Quijano - RQ 99.9\",\"isPartOf\":{\"@id\":\"https:\/\/nahuelproducciones.com.ar\/radioquijano\/#website\"},\"datePublished\":\"2024-06-19T15:31:18+00:00\",\"dateModified\":\"2024-06-19T15:39:57+00:00\",\"author\":{\"@id\":\"https:\/\/nahuelproducciones.com.ar\/radioquijano\/#\/schema\/person\/e8a4f939e2cb487fe6d0c54042c9d32c\"},\"description\":\"Se jugar\u00e1 el 6 de julio a las 16:00 horas en el Estadio Dura\u00f1ona, en el Club Boroquimica.\",\"breadcrumb\":{\"@id\":\"https:\/\/nahuelproducciones.com.ar\/radioquijano\/el-burrito-ortega-llega-a-campo-quijano\/#breadcrumb\"},\"inLanguage\":\"es\",\"potentialAction\":[{\"@type\":\"ReadAction\",\"target\":[\"https:\/\/nahuelproducciones.com.ar\/radioquijano\/el-burrito-ortega-llega-a-campo-quijano\/\"]}]},{\"@type\":\"BreadcrumbList\",\"@id\":\"https:\/\/nahuelproducciones.com.ar\/radioquijano\/el-burrito-ortega-llega-a-campo-quijano\/#breadcrumb\",\"itemListElement\":[{\"@type\":\"ListItem\",\"position\":1,\"name\":\"Portada\",\"item\":\"https:\/\/nahuelproducciones.com.ar\/radioquijano\/\"},{\"@type\":\"ListItem\",\"position\":2,\"name\":\"El Burrito Ortega llega a Campo Quijano\"}]},{\"@type\":\"WebSite\",\"@id\":\"https:\/\/nahuelproducciones.com.ar\/radioquijano\/#website\",\"url\":\"https:\/\/nahuelproducciones.com.ar\/radioquijano\/\",\"name\":\"RQ 99.9\",\"description\":\"Radio Quijano 99.9 MHz\",\"potentialAction\":[{\"@type\":\"SearchAction\",\"target\":{\"@type\":\"EntryPoint\",\"urlTemplate\":\"https:\/\/nahuelproducciones.com.ar\/radioquijano\/?s={search_term_string}\"},\"query-input\":\"required name=search_term_string\"}],\"inLanguage\":\"es\"},{\"@type\":\"Person\",\"@id\":\"https:\/\/nahuelproducciones.com.ar\/radioquijano\/#\/schema\/person\/e8a4f939e2cb487fe6d0c54042c9d32c\",\"name\":\"Cecilia Pastrana\",\"image\":{\"@type\":\"ImageObject\",\"inLanguage\":\"es\",\"@id\":\"https:\/\/nahuelproducciones.com.ar\/radioquijano\/#\/schema\/person\/image\/\",\"url\":\"https:\/\/secure.gravatar.com\/avatar\/661a3ef63a8488d4f2794ed44af8cf71420f7e106f3072c40125114df5157749?s=96&d=mm&r=g\",\"contentUrl\":\"https:\/\/secure.gravatar.com\/avatar\/661a3ef63a8488d4f2794ed44af8cf71420f7e106f3072c40125114df5157749?s=96&d=mm&r=g\",\"caption\":\"Cecilia Pastrana\"},\"sameAs\":[\"cecy\"],\"url\":\"https:\/\/nahuelproducciones.com.ar\/radioquijano\/author\/cecy\/\"}]}<\/script>\n<!-- \/ Yoast SEO plugin. -->","yoast_head_json":{"title":"El Burrito Ortega llega a Campo Quijano - RQ 99.9","description":"Se jugar\u00e1 el 6 de julio a las 16:00 horas en el Estadio Dura\u00f1ona, en el Club Boroquimica.","robots":{"index":"index","follow":"follow","max-snippet":"max-snippet:-1","max-image-preview":"max-image-preview:large","max-video-preview":"max-video-preview:-1"},"canonical":"https:\/\/nahuelproducciones.com.ar\/radioquijano\/el-burrito-ortega-llega-a-campo-quijano\/","og_locale":"es_ES","og_type":"article","og_title":"El Burrito Ortega llega a Campo Quijano - RQ 99.9","og_description":"Se jugar\u00e1 el 6 de julio a las 16:00 horas en el Estadio Dura\u00f1ona, en el Club Boroquimica.","og_url":"https:\/\/nahuelproducciones.com.ar\/radioquijano\/el-burrito-ortega-llega-a-campo-quijano\/","og_site_name":"RQ 99.9","article_publisher":"https:\/\/www.facebook.com\/nahuelproducciones999\/","article_published_time":"2024-06-19T15:31:18+00:00","article_modified_time":"2024-06-19T15:39:57+00:00","og_image":[{"width":700,"height":875,"url":"https:\/\/nahuelproducciones.com.ar\/radioquijano\/wp-content\/uploads\/2024\/06\/448547175_870753981747680_755294500737125559_n-e1718811066315.jpg","type":"image\/jpeg"}],"author":"Cecilia Pastrana","twitter_card":"summary_large_image","twitter_creator":"@nahuproduciones","twitter_site":"@nahuproduciones","twitter_misc":{"Escrito por":"Cecilia Pastrana","Tiempo de lectura":"1 minuto"},"schema":{"@context":"https:\/\/schema.org","@graph":[{"@type":"WebPage","@id":"https:\/\/nahuelproducciones.com.ar\/radioquijano\/el-burrito-ortega-llega-a-campo-quijano\/","url":"https:\/\/nahuelproducciones.com.ar\/radioquijano\/el-burrito-ortega-llega-a-campo-quijano\/","name":"El Burrito Ortega llega a Campo Quijano - RQ 99.9","isPartOf":{"@id":"https:\/\/nahuelproducciones.com.ar\/radioquijano\/#website"},"datePublished":"2024-06-19T15:31:18+00:00","dateModified":"2024-06-19T15:39:57+00:00","author":{"@id":"https:\/\/nahuelproducciones.com.ar\/radioquijano\/#\/schema\/person\/e8a4f939e2cb487fe6d0c54042c9d32c"},"description":"Se jugar\u00e1 el 6 de julio a las 16:00 horas en el Estadio Dura\u00f1ona, en el Club Boroquimica.","breadcrumb":{"@id":"https:\/\/nahuelproducciones.com.ar\/radioquijano\/el-burrito-ortega-llega-a-campo-quijano\/#breadcrumb"},"inLanguage":"es","potentialAction":[{"@type":"ReadAction","target":["https:\/\/nahuelproducciones.com.ar\/radioquijano\/el-burrito-ortega-llega-a-campo-quijano\/"]}]},{"@type":"BreadcrumbList","@id":"https:\/\/nahuelproducciones.com.ar\/radioquijano\/el-burrito-ortega-llega-a-campo-quijano\/#breadcrumb","itemListElement":[{"@type":"ListItem","position":1,"name":"Portada","item":"https:\/\/nahuelproducciones.com.ar\/radioquijano\/"},{"@type":"ListItem","position":2,"name":"El Burrito Ortega llega a Campo Quijano"}]},{"@type":"WebSite","@id":"https:\/\/nahuelproducciones.com.ar\/radioquijano\/#website","url":"https:\/\/nahuelproducciones.com.ar\/radioquijano\/","name":"RQ 99.9","description":"Radio Quijano 99.9 MHz","potentialAction":[{"@type":"SearchAction","target":{"@type":"EntryPoint","urlTemplate":"https:\/\/nahuelproducciones.com.ar\/radioquijano\/?s={search_term_string}"},"query-input":"required name=search_term_string"}],"inLanguage":"es"},{"@type":"Person","@id":"https:\/\/nahuelproducciones.com.ar\/radioquijano\/#\/schema\/person\/e8a4f939e2cb487fe6d0c54042c9d32c","name":"Cecilia Pastrana","image":{"@type":"ImageObject","inLanguage":"es","@id":"https:\/\/nahuelproducciones.com.ar\/radioquijano\/#\/schema\/person\/image\/","url":"https:\/\/secure.gravatar.com\/avatar\/661a3ef63a8488d4f2794ed44af8cf71420f7e106f3072c40125114df5157749?s=96&d=mm&r=g","contentUrl":"https:\/\/secure.gravatar.com\/avatar\/661a3ef63a8488d4f2794ed44af8cf71420f7e106f3072c40125114df5157749?s=96&d=mm&r=g","caption":"Cecilia Pastrana"},"sameAs":["cecy"],"url":"https:\/\/nahuelproducciones.com.ar\/radioquijano\/author\/cecy\/"}]}},"_links":{"self":[{"href":"https:\/\/nahuelproducciones.com.ar\/radioquijano\/wp-json\/wp\/v2\/posts\/8354","targetHints":{"allow":["GET"]}}],"collection":[{"href":"https:\/\/nahuelproducciones.com.ar\/radioquijano\/wp-json\/wp\/v2\/posts"}],"about":[{"href":"https:\/\/nahuelproducciones.com.ar\/radioquijano\/wp-json\/wp\/v2\/types\/post"}],"author":[{"embeddable":true,"href":"https:\/\/nahuelproducciones.com.ar\/radioquijano\/wp-json\/wp\/v2\/users\/8"}],"replies":[{"embeddable":true,"href":"https:\/\/nahuelproducciones.com.ar\/radioquijano\/wp-json\/wp\/v2\/comments?post=8354"}],"version-history":[{"count":2,"href":"https:\/\/nahuelproducciones.com.ar\/radioquijano\/wp-json\/wp\/v2\/posts\/8354\/revisions"}],"predecessor-version":[{"id":8358,"href":"https:\/\/nahuelproducciones.com.ar\/radioquijano\/wp-json\/wp\/v2\/posts\/8354\/revisions\/8358"}],"wp:featuredmedia":[{"embeddable":true,"href":"https:\/\/nahuelproducciones.com.ar\/radioquijano\/wp-json\/wp\/v2\/media\/8356"}],"wp:attachment":[{"href":"https:\/\/nahuelproducciones.com.ar\/radioquijano\/wp-json\/wp\/v2\/media?parent=8354"}],"wp:term":[{"taxonomy":"category","embeddable":true,"href":"https:\/\/nahuelproducciones.com.ar\/radioquijano\/wp-json\/wp\/v2\/categories?post=8354"},{"taxonomy":"post_tag","embeddable":true,"href":"https:\/\/nahuelproducciones.com.ar\/radioquijano\/wp-json\/wp\/v2\/tags?post=8354"}],"curies":[{"name":"wp","href":"https:\/\/api.w.org\/{rel}","templated":true}]}}