{"id":8359,"date":"2024-06-19T21:56:48","date_gmt":"2024-06-20T00:56:48","guid":{"rendered":"https:\/\/nahuelproducciones.com.ar\/radioquijano\/?p=8359"},"modified":"2024-06-19T21:56:49","modified_gmt":"2024-06-20T00:56:49","slug":"en-el-dia-de-la-bandera-se-iluminara-el-cabildo-historico-de-la-ciudad-de-salta","status":"publish","type":"post","link":"https:\/\/nahuelproducciones.com.ar\/radioquijano\/en-el-dia-de-la-bandera-se-iluminara-el-cabildo-historico-de-la-ciudad-de-salta\/","title":{"rendered":"En el d\u00eda de la bandera se iluminar\u00e1 el Cabildo Hist\u00f3rico de la Ciudad de Salta."},"content":{"rendered":"\n<p><strong>Ser\u00e1 este jueves 20 de junio, en el marco del 204\u00ba aniversario del Paso a la Inmortalidad del General Manuel Belgrano, a las 18:30 horas. Actuar\u00e1 la Banda Municipal \u201c25 de Mayo\u201d y el ballet folcl\u00f3rico \u201cTradici\u00f3n Salte\u00f1a\u201d.<\/strong><\/p>\n\n\n\n<p>La Municipalidad de Salta invita a los vecinos y turistas a participar de la iluminaci\u00f3n del Cabildo Hist\u00f3rico que se llevar\u00e1 adelante el jueves 20 de junio en el marco de conmemorarse el D\u00eda de la Bandera en el 204\u00ba aniversario del fallecimiento del General Belgrano.<\/p>\n\n\n\n<p>Fecha instituida por ley 12361\/38 en homenaje a quien falleci\u00f3 en 1820 en la ciudad de Buenos Aires, en la pobreza m\u00e1s extrema, olvidado por sus conciudadanos que se debat\u00edan en las primeras guerras civiles que enlutaron a la Patria. S\u00f3lo estuvieron su hermano, sus amigos m\u00e1s \u00edntimos y el Dr. Readhed, quien acompa\u00f1\u00f3 al pr\u00f3cer enviado por el general G\u00fcemes.<\/p>\n\n\n\n<p>El acto iniciar\u00e1 a las 18:30 con el encendido de luces de la explanada del edificio hist\u00f3rico con los colores de la Bandera Nacional.<\/p>\n\n\n\n<p>La ceremonia tendr\u00e1 la participaci\u00f3n y actuaci\u00f3n de la Banda Municipal \u201c25 de Mayo\u201d con un destacado repertorio para que disfrute el p\u00fablico presente.<\/p>\n\n\n\n<p>Asimismo, acompa\u00f1ar\u00e1n el ballet folcl\u00f3rico \u201cTradici\u00f3n Salte\u00f1a\u201d, a cargo de la profesora Villagra, con una presentaci\u00f3n de danza y representaci\u00f3n alusiva a la fecha.\u00a0<\/p>\n\n\n<div class=\"wp-block-image\">\n<figure class=\"aligncenter size-large is-resized\"><img loading=\"lazy\" decoding=\"async\" src=\"https:\/\/nahuelproducciones.com.ar\/radioquijano\/wp-content\/uploads\/2024\/06\/dia-de-la-bandera-cabildo-blanco-y-celeste-1024x769.jpeg\" alt=\"\" class=\"wp-image-8361\" width=\"494\" height=\"370\" srcset=\"https:\/\/nahuelproducciones.com.ar\/radioquijano\/wp-content\/uploads\/2024\/06\/dia-de-la-bandera-cabildo-blanco-y-celeste-1024x769.jpeg 1024w, https:\/\/nahuelproducciones.com.ar\/radioquijano\/wp-content\/uploads\/2024\/06\/dia-de-la-bandera-cabildo-blanco-y-celeste-300x225.jpeg 300w, https:\/\/nahuelproducciones.com.ar\/radioquijano\/wp-content\/uploads\/2024\/06\/dia-de-la-bandera-cabildo-blanco-y-celeste-768x577.jpeg 768w, https:\/\/nahuelproducciones.com.ar\/radioquijano\/wp-content\/uploads\/2024\/06\/dia-de-la-bandera-cabildo-blanco-y-celeste-150x113.jpeg 150w, https:\/\/nahuelproducciones.com.ar\/radioquijano\/wp-content\/uploads\/2024\/06\/dia-de-la-bandera-cabildo-blanco-y-celeste.jpeg 1280w\" sizes=\"auto, (max-width: 494px) 100vw, 494px\" \/><\/figure><\/div>","protected":false},"excerpt":{"rendered":"<p>Ser\u00e1 este jueves 20 de junio, en el marco del 204\u00ba aniversario del Paso a la Inmortalidad del General Manuel Belgrano, a las 18:30 horas. Actuar\u00e1 la Banda Municipal \u201c25 de Mayo\u201d y el ballet folcl\u00f3rico \u201cTradici\u00f3n Salte\u00f1a\u201d. La Municipalidad de Salta invita a los vecinos y turistas a participar de la iluminaci\u00f3n del Cabildo [&hellip;]<\/p>\n","protected":false},"author":8,"featured_media":8360,"comment_status":"open","ping_status":"open","sticky":false,"template":"","format":"standard","meta":{"_monsterinsights_skip_tracking":false,"_monsterinsights_sitenote_active":false,"_monsterinsights_sitenote_note":"","_monsterinsights_sitenote_category":0,"footnotes":""},"categories":[16],"tags":[1574,521,100],"class_list":["post-8359","post","type-post","status-publish","format-standard","has-post-thumbnail","hentry","category-noticias","tag-cabildo-historico-2","tag-ciudad-de-salta","tag-municipio-de-campo-quijano"],"yoast_head":"<!-- This site is optimized with the Yoast SEO plugin v20.8 - https:\/\/yoast.com\/wordpress\/plugins\/seo\/ -->\n<title>En el d\u00eda de la bandera se iluminar\u00e1 el Cabildo Hist\u00f3rico de la Ciudad de Salta. - RQ 99.9<\/title>\n<meta name=\"description\" content=\"Se llevar\u00e1 adelante el jueves 20 de junio en el marco de conmemorarse el D\u00eda de la Bandera en el 204\u00ba aniversario del fallecimiento del General Belgrano.\" \/>\n<meta name=\"robots\" content=\"index, follow, max-snippet:-1, max-image-preview:large, max-video-preview:-1\" \/>\n<link rel=\"canonical\" href=\"https:\/\/nahuelproducciones.com.ar\/radioquijano\/en-el-dia-de-la-bandera-se-iluminara-el-cabildo-historico-de-la-ciudad-de-salta\/\" \/>\n<meta property=\"og:locale\" content=\"es_ES\" \/>\n<meta property=\"og:type\" content=\"article\" \/>\n<meta property=\"og:title\" content=\"En el d\u00eda de la bandera se iluminar\u00e1 el Cabildo Hist\u00f3rico de la Ciudad de Salta. - RQ 99.9\" \/>\n<meta property=\"og:description\" content=\"Se llevar\u00e1 adelante el jueves 20 de junio en el marco de conmemorarse el D\u00eda de la Bandera en el 204\u00ba aniversario del fallecimiento del General Belgrano.\" \/>\n<meta property=\"og:url\" content=\"https:\/\/nahuelproducciones.com.ar\/radioquijano\/en-el-dia-de-la-bandera-se-iluminara-el-cabildo-historico-de-la-ciudad-de-salta\/\" \/>\n<meta property=\"og:site_name\" content=\"RQ 99.9\" \/>\n<meta property=\"article:publisher\" content=\"https:\/\/www.facebook.com\/nahuelproducciones999\/\" \/>\n<meta property=\"article:published_time\" content=\"2024-06-20T00:56:48+00:00\" \/>\n<meta property=\"article:modified_time\" content=\"2024-06-20T00:56:49+00:00\" \/>\n<meta property=\"og:image\" content=\"https:\/\/nahuelproducciones.com.ar\/radioquijano\/wp-content\/uploads\/2024\/06\/dia-de-la-bandera-se-iluminara-el-cabildo-historico-de-la-ciudad-2-e1718844933502.jpeg\" \/>\n\t<meta property=\"og:image:width\" content=\"1280\" \/>\n\t<meta property=\"og:image:height\" content=\"961\" \/>\n\t<meta property=\"og:image:type\" content=\"image\/jpeg\" \/>\n<meta name=\"author\" content=\"Cecilia Pastrana\" \/>\n<meta name=\"twitter:card\" content=\"summary_large_image\" \/>\n<meta name=\"twitter:creator\" content=\"@nahuproduciones\" \/>\n<meta name=\"twitter:site\" content=\"@nahuproduciones\" \/>\n<meta name=\"twitter:label1\" content=\"Escrito por\" \/>\n\t<meta name=\"twitter:data1\" content=\"Cecilia Pastrana\" \/>\n\t<meta name=\"twitter:label2\" content=\"Tiempo de lectura\" \/>\n\t<meta name=\"twitter:data2\" content=\"2 minutos\" \/>\n<script type=\"application\/ld+json\" class=\"yoast-schema-graph\">{\"@context\":\"https:\/\/schema.org\",\"@graph\":[{\"@type\":\"WebPage\",\"@id\":\"https:\/\/nahuelproducciones.com.ar\/radioquijano\/en-el-dia-de-la-bandera-se-iluminara-el-cabildo-historico-de-la-ciudad-de-salta\/\",\"url\":\"https:\/\/nahuelproducciones.com.ar\/radioquijano\/en-el-dia-de-la-bandera-se-iluminara-el-cabildo-historico-de-la-ciudad-de-salta\/\",\"name\":\"En el d\u00eda de la bandera se iluminar\u00e1 el Cabildo Hist\u00f3rico de la Ciudad de Salta. - RQ 99.9\",\"isPartOf\":{\"@id\":\"https:\/\/nahuelproducciones.com.ar\/radioquijano\/#website\"},\"datePublished\":\"2024-06-20T00:56:48+00:00\",\"dateModified\":\"2024-06-20T00:56:49+00:00\",\"author\":{\"@id\":\"https:\/\/nahuelproducciones.com.ar\/radioquijano\/#\/schema\/person\/e8a4f939e2cb487fe6d0c54042c9d32c\"},\"description\":\"Se llevar\u00e1 adelante el jueves 20 de junio en el marco de conmemorarse el D\u00eda de la Bandera en el 204\u00ba aniversario del fallecimiento del General Belgrano.\",\"breadcrumb\":{\"@id\":\"https:\/\/nahuelproducciones.com.ar\/radioquijano\/en-el-dia-de-la-bandera-se-iluminara-el-cabildo-historico-de-la-ciudad-de-salta\/#breadcrumb\"},\"inLanguage\":\"es\",\"potentialAction\":[{\"@type\":\"ReadAction\",\"target\":[\"https:\/\/nahuelproducciones.com.ar\/radioquijano\/en-el-dia-de-la-bandera-se-iluminara-el-cabildo-historico-de-la-ciudad-de-salta\/\"]}]},{\"@type\":\"BreadcrumbList\",\"@id\":\"https:\/\/nahuelproducciones.com.ar\/radioquijano\/en-el-dia-de-la-bandera-se-iluminara-el-cabildo-historico-de-la-ciudad-de-salta\/#breadcrumb\",\"itemListElement\":[{\"@type\":\"ListItem\",\"position\":1,\"name\":\"Portada\",\"item\":\"https:\/\/nahuelproducciones.com.ar\/radioquijano\/\"},{\"@type\":\"ListItem\",\"position\":2,\"name\":\"En el d\u00eda de la bandera se iluminar\u00e1 el Cabildo Hist\u00f3rico de la Ciudad de Salta.\"}]},{\"@type\":\"WebSite\",\"@id\":\"https:\/\/nahuelproducciones.com.ar\/radioquijano\/#website\",\"url\":\"https:\/\/nahuelproducciones.com.ar\/radioquijano\/\",\"name\":\"RQ 99.9\",\"description\":\"Radio Quijano 99.9 MHz\",\"potentialAction\":[{\"@type\":\"SearchAction\",\"target\":{\"@type\":\"EntryPoint\",\"urlTemplate\":\"https:\/\/nahuelproducciones.com.ar\/radioquijano\/?s={search_term_string}\"},\"query-input\":\"required name=search_term_string\"}],\"inLanguage\":\"es\"},{\"@type\":\"Person\",\"@id\":\"https:\/\/nahuelproducciones.com.ar\/radioquijano\/#\/schema\/person\/e8a4f939e2cb487fe6d0c54042c9d32c\",\"name\":\"Cecilia Pastrana\",\"image\":{\"@type\":\"ImageObject\",\"inLanguage\":\"es\",\"@id\":\"https:\/\/nahuelproducciones.com.ar\/radioquijano\/#\/schema\/person\/image\/\",\"url\":\"https:\/\/secure.gravatar.com\/avatar\/661a3ef63a8488d4f2794ed44af8cf71420f7e106f3072c40125114df5157749?s=96&d=mm&r=g\",\"contentUrl\":\"https:\/\/secure.gravatar.com\/avatar\/661a3ef63a8488d4f2794ed44af8cf71420f7e106f3072c40125114df5157749?s=96&d=mm&r=g\",\"caption\":\"Cecilia Pastrana\"},\"sameAs\":[\"cecy\"],\"url\":\"https:\/\/nahuelproducciones.com.ar\/radioquijano\/author\/cecy\/\"}]}<\/script>\n<!-- \/ Yoast SEO plugin. -->","yoast_head_json":{"title":"En el d\u00eda de la bandera se iluminar\u00e1 el Cabildo Hist\u00f3rico de la Ciudad de Salta. - RQ 99.9","description":"Se llevar\u00e1 adelante el jueves 20 de junio en el marco de conmemorarse el D\u00eda de la Bandera en el 204\u00ba aniversario del fallecimiento del General Belgrano.","robots":{"index":"index","follow":"follow","max-snippet":"max-snippet:-1","max-image-preview":"max-image-preview:large","max-video-preview":"max-video-preview:-1"},"canonical":"https:\/\/nahuelproducciones.com.ar\/radioquijano\/en-el-dia-de-la-bandera-se-iluminara-el-cabildo-historico-de-la-ciudad-de-salta\/","og_locale":"es_ES","og_type":"article","og_title":"En el d\u00eda de la bandera se iluminar\u00e1 el Cabildo Hist\u00f3rico de la Ciudad de Salta. - RQ 99.9","og_description":"Se llevar\u00e1 adelante el jueves 20 de junio en el marco de conmemorarse el D\u00eda de la Bandera en el 204\u00ba aniversario del fallecimiento del General Belgrano.","og_url":"https:\/\/nahuelproducciones.com.ar\/radioquijano\/en-el-dia-de-la-bandera-se-iluminara-el-cabildo-historico-de-la-ciudad-de-salta\/","og_site_name":"RQ 99.9","article_publisher":"https:\/\/www.facebook.com\/nahuelproducciones999\/","article_published_time":"2024-06-20T00:56:48+00:00","article_modified_time":"2024-06-20T00:56:49+00:00","og_image":[{"width":1280,"height":961,"url":"https:\/\/nahuelproducciones.com.ar\/radioquijano\/wp-content\/uploads\/2024\/06\/dia-de-la-bandera-se-iluminara-el-cabildo-historico-de-la-ciudad-2-e1718844933502.jpeg","type":"image\/jpeg"}],"author":"Cecilia Pastrana","twitter_card":"summary_large_image","twitter_creator":"@nahuproduciones","twitter_site":"@nahuproduciones","twitter_misc":{"Escrito por":"Cecilia Pastrana","Tiempo de lectura":"2 minutos"},"schema":{"@context":"https:\/\/schema.org","@graph":[{"@type":"WebPage","@id":"https:\/\/nahuelproducciones.com.ar\/radioquijano\/en-el-dia-de-la-bandera-se-iluminara-el-cabildo-historico-de-la-ciudad-de-salta\/","url":"https:\/\/nahuelproducciones.com.ar\/radioquijano\/en-el-dia-de-la-bandera-se-iluminara-el-cabildo-historico-de-la-ciudad-de-salta\/","name":"En el d\u00eda de la bandera se iluminar\u00e1 el Cabildo Hist\u00f3rico de la Ciudad de Salta. - RQ 99.9","isPartOf":{"@id":"https:\/\/nahuelproducciones.com.ar\/radioquijano\/#website"},"datePublished":"2024-06-20T00:56:48+00:00","dateModified":"2024-06-20T00:56:49+00:00","author":{"@id":"https:\/\/nahuelproducciones.com.ar\/radioquijano\/#\/schema\/person\/e8a4f939e2cb487fe6d0c54042c9d32c"},"description":"Se llevar\u00e1 adelante el jueves 20 de junio en el marco de conmemorarse el D\u00eda de la Bandera en el 204\u00ba aniversario del fallecimiento del General Belgrano.","breadcrumb":{"@id":"https:\/\/nahuelproducciones.com.ar\/radioquijano\/en-el-dia-de-la-bandera-se-iluminara-el-cabildo-historico-de-la-ciudad-de-salta\/#breadcrumb"},"inLanguage":"es","potentialAction":[{"@type":"ReadAction","target":["https:\/\/nahuelproducciones.com.ar\/radioquijano\/en-el-dia-de-la-bandera-se-iluminara-el-cabildo-historico-de-la-ciudad-de-salta\/"]}]},{"@type":"BreadcrumbList","@id":"https:\/\/nahuelproducciones.com.ar\/radioquijano\/en-el-dia-de-la-bandera-se-iluminara-el-cabildo-historico-de-la-ciudad-de-salta\/#breadcrumb","itemListElement":[{"@type":"ListItem","position":1,"name":"Portada","item":"https:\/\/nahuelproducciones.com.ar\/radioquijano\/"},{"@type":"ListItem","position":2,"name":"En el d\u00eda de la bandera se iluminar\u00e1 el Cabildo Hist\u00f3rico de la Ciudad de Salta."}]},{"@type":"WebSite","@id":"https:\/\/nahuelproducciones.com.ar\/radioquijano\/#website","url":"https:\/\/nahuelproducciones.com.ar\/radioquijano\/","name":"RQ 99.9","description":"Radio Quijano 99.9 MHz","potentialAction":[{"@type":"SearchAction","target":{"@type":"EntryPoint","urlTemplate":"https:\/\/nahuelproducciones.com.ar\/radioquijano\/?s={search_term_string}"},"query-input":"required name=search_term_string"}],"inLanguage":"es"},{"@type":"Person","@id":"https:\/\/nahuelproducciones.com.ar\/radioquijano\/#\/schema\/person\/e8a4f939e2cb487fe6d0c54042c9d32c","name":"Cecilia Pastrana","image":{"@type":"ImageObject","inLanguage":"es","@id":"https:\/\/nahuelproducciones.com.ar\/radioquijano\/#\/schema\/person\/image\/","url":"https:\/\/secure.gravatar.com\/avatar\/661a3ef63a8488d4f2794ed44af8cf71420f7e106f3072c40125114df5157749?s=96&d=mm&r=g","contentUrl":"https:\/\/secure.gravatar.com\/avatar\/661a3ef63a8488d4f2794ed44af8cf71420f7e106f3072c40125114df5157749?s=96&d=mm&r=g","caption":"Cecilia Pastrana"},"sameAs":["cecy"],"url":"https:\/\/nahuelproducciones.com.ar\/radioquijano\/author\/cecy\/"}]}},"_links":{"self":[{"href":"https:\/\/nahuelproducciones.com.ar\/radioquijano\/wp-json\/wp\/v2\/posts\/8359","targetHints":{"allow":["GET"]}}],"collection":[{"href":"https:\/\/nahuelproducciones.com.ar\/radioquijano\/wp-json\/wp\/v2\/posts"}],"about":[{"href":"https:\/\/nahuelproducciones.com.ar\/radioquijano\/wp-json\/wp\/v2\/types\/post"}],"author":[{"embeddable":true,"href":"https:\/\/nahuelproducciones.com.ar\/radioquijano\/wp-json\/wp\/v2\/users\/8"}],"replies":[{"embeddable":true,"href":"https:\/\/nahuelproducciones.com.ar\/radioquijano\/wp-json\/wp\/v2\/comments?post=8359"}],"version-history":[{"count":1,"href":"https:\/\/nahuelproducciones.com.ar\/radioquijano\/wp-json\/wp\/v2\/posts\/8359\/revisions"}],"predecessor-version":[{"id":8362,"href":"https:\/\/nahuelproducciones.com.ar\/radioquijano\/wp-json\/wp\/v2\/posts\/8359\/revisions\/8362"}],"wp:featuredmedia":[{"embeddable":true,"href":"https:\/\/nahuelproducciones.com.ar\/radioquijano\/wp-json\/wp\/v2\/media\/8360"}],"wp:attachment":[{"href":"https:\/\/nahuelproducciones.com.ar\/radioquijano\/wp-json\/wp\/v2\/media?parent=8359"}],"wp:term":[{"taxonomy":"category","embeddable":true,"href":"https:\/\/nahuelproducciones.com.ar\/radioquijano\/wp-json\/wp\/v2\/categories?post=8359"},{"taxonomy":"post_tag","embeddable":true,"href":"https:\/\/nahuelproducciones.com.ar\/radioquijano\/wp-json\/wp\/v2\/tags?post=8359"}],"curies":[{"name":"wp","href":"https:\/\/api.w.org\/{rel}","templated":true}]}}