{"id":8363,"date":"2024-06-19T22:16:09","date_gmt":"2024-06-20T01:16:09","guid":{"rendered":"https:\/\/nahuelproducciones.com.ar\/radioquijano\/?p=8363"},"modified":"2024-06-19T22:16:10","modified_gmt":"2024-06-20T01:16:10","slug":"primer-desfile-patriotico-por-el-dia-de-las-heroinas-y-martires-de-la-independencia-de-america","status":"publish","type":"post","link":"https:\/\/nahuelproducciones.com.ar\/radioquijano\/primer-desfile-patriotico-por-el-dia-de-las-heroinas-y-martires-de-la-independencia-de-america\/","title":{"rendered":"\u00abPrimer Desfile Patri\u00f3tico por el D\u00eda de las Hero\u00ednas y M\u00e1rtires de la Independencia de Am\u00e9rica\u201d"},"content":{"rendered":"\n<p>En comunicaci\u00f3n con RQ99.9Mhz,\u00a0Marta de la Zerda, miembro de la Asociaci\u00f3n Cultural Hero\u00ednas Hispanoamericanas,\u00a0coment\u00f3  que a trav\u00e9s del Decreto N\u00b0 325 firmado por el gobernador, Gustavo S\u00e1enz se declar\u00f3 de Inter\u00e9s Provincial el \u201cPrimer Desfile Patri\u00f3tico por el D\u00eda de las Hero\u00ednas y M\u00e1rtires de la Independencia de Am\u00e9rica\u201d.<\/p>\n\n\n\n<p>\u201cEl mismo busca homenajear el aporte de la mujer en la Emancipaci\u00f3n Hispanoamericana, afirmar el pasado hist\u00f3rico y destacar su imagen y heroica participaci\u00f3n en los hechos que forjaron nuestra independencia, exaltando los ideales por lo que lucharon en pos de la libertad, basados en los principios de Unidad, Fraternidad, Amor y Paz entre los pueblos de Am\u00e9rica\u201d, se subraya en los considerandos del citado decreto.<\/p>\n\n\n\n<p>El desfile ser\u00e1 el 12 de julio a las 9:30 hs en el Monumento al Gral. Mart\u00edn Miguel de G\u00fcemes.<\/p>\n\n\n\n<p>Desfilaran femeninas de la fuerza de seguridad y de la polic\u00eda, mujeres de los consulados hispanoamericanos, gauchas de agrupaciones y fortines, y personal de la Cruz Roja Argentina.<\/p>\n\n\n\n<p>Invito a todas la mujeres del municipio que quieran ser parte a participar comunic\u00e1ndose a su numero de celular 3874 59-3875 con anticipaci\u00f3n para coordinar.<\/p>\n\n\n\n<p>Escucha la entrevista:<\/p>\n\n\n\n<figure class=\"wp-block-audio\"><audio controls src=\"https:\/\/nahuelproducciones.com.ar\/radioquijano\/wp-content\/uploads\/2024\/06\/19-06-2024-Marta-De-La-ZerdaPrimer-Desfile-Patriotico-por-el-Dia-de-las-Heroinas-y-Martires-de-la-Independencia-de-America.mp3\"><\/audio><\/figure>\n\n\n<div class=\"wp-block-image\">\n<figure class=\"aligncenter size-large is-resized\"><img loading=\"lazy\" decoding=\"async\" src=\"https:\/\/nahuelproducciones.com.ar\/radioquijano\/wp-content\/uploads\/2024\/06\/29a73a3a-f7e6-49f2-acf4-d4b783b85c4c-1024x768.jpg\" alt=\"\" class=\"wp-image-8366\" width=\"528\" height=\"396\" srcset=\"https:\/\/nahuelproducciones.com.ar\/radioquijano\/wp-content\/uploads\/2024\/06\/29a73a3a-f7e6-49f2-acf4-d4b783b85c4c-1024x768.jpg 1024w, https:\/\/nahuelproducciones.com.ar\/radioquijano\/wp-content\/uploads\/2024\/06\/29a73a3a-f7e6-49f2-acf4-d4b783b85c4c-300x225.jpg 300w, https:\/\/nahuelproducciones.com.ar\/radioquijano\/wp-content\/uploads\/2024\/06\/29a73a3a-f7e6-49f2-acf4-d4b783b85c4c-768x576.jpg 768w, https:\/\/nahuelproducciones.com.ar\/radioquijano\/wp-content\/uploads\/2024\/06\/29a73a3a-f7e6-49f2-acf4-d4b783b85c4c-150x113.jpg 150w, https:\/\/nahuelproducciones.com.ar\/radioquijano\/wp-content\/uploads\/2024\/06\/29a73a3a-f7e6-49f2-acf4-d4b783b85c4c.jpg 1280w\" sizes=\"auto, (max-width: 528px) 100vw, 528px\" \/><\/figure><\/div>","protected":false},"excerpt":{"rendered":"<p>En comunicaci\u00f3n con RQ99.9Mhz,\u00a0Marta de la Zerda, miembro de la Asociaci\u00f3n Cultural Hero\u00ednas Hispanoamericanas,\u00a0coment\u00f3 que a trav\u00e9s del Decreto N\u00b0 325 firmado por el gobernador, Gustavo S\u00e1enz se declar\u00f3 de Inter\u00e9s Provincial el \u201cPrimer Desfile Patri\u00f3tico por el D\u00eda de las Hero\u00ednas y M\u00e1rtires de la Independencia de Am\u00e9rica\u201d. \u201cEl mismo busca homenajear el aporte [&hellip;]<\/p>\n","protected":false},"author":8,"featured_media":8365,"comment_status":"open","ping_status":"open","sticky":false,"template":"","format":"standard","meta":{"_monsterinsights_skip_tracking":false,"_monsterinsights_sitenote_active":false,"_monsterinsights_sitenote_note":"","_monsterinsights_sitenote_category":0,"footnotes":""},"categories":[2,16],"tags":[1575,100],"class_list":["post-8363","post","type-post","status-publish","format-standard","has-post-thumbnail","hentry","category-cultura","category-noticias","tag-asociacion-cultural-heroinas-hispanoamericanas","tag-municipio-de-campo-quijano"],"yoast_head":"<!-- This site is optimized with the Yoast SEO plugin v20.8 - https:\/\/yoast.com\/wordpress\/plugins\/seo\/ -->\n<title>&quot;Primer Desfile Patri\u00f3tico por el D\u00eda de las Hero\u00ednas y M\u00e1rtires de la Independencia de Am\u00e9rica\u201d - RQ 99.9<\/title>\n<meta name=\"description\" content=\"Se llevar\u00e1 a cabo el pr\u00f3ximo 12 de julio.\" \/>\n<meta name=\"robots\" content=\"index, follow, max-snippet:-1, max-image-preview:large, max-video-preview:-1\" \/>\n<link rel=\"canonical\" href=\"https:\/\/nahuelproducciones.com.ar\/radioquijano\/primer-desfile-patriotico-por-el-dia-de-las-heroinas-y-martires-de-la-independencia-de-america\/\" \/>\n<meta property=\"og:locale\" content=\"es_ES\" \/>\n<meta property=\"og:type\" content=\"article\" \/>\n<meta property=\"og:title\" content=\"&quot;Primer Desfile Patri\u00f3tico por el D\u00eda de las Hero\u00ednas y M\u00e1rtires de la Independencia de Am\u00e9rica\u201d - RQ 99.9\" \/>\n<meta property=\"og:description\" content=\"Se llevar\u00e1 a cabo el pr\u00f3ximo 12 de julio.\" \/>\n<meta property=\"og:url\" content=\"https:\/\/nahuelproducciones.com.ar\/radioquijano\/primer-desfile-patriotico-por-el-dia-de-las-heroinas-y-martires-de-la-independencia-de-america\/\" \/>\n<meta property=\"og:site_name\" content=\"RQ 99.9\" \/>\n<meta property=\"article:publisher\" content=\"https:\/\/www.facebook.com\/nahuelproducciones999\/\" \/>\n<meta property=\"article:published_time\" content=\"2024-06-20T01:16:09+00:00\" \/>\n<meta property=\"article:modified_time\" content=\"2024-06-20T01:16:10+00:00\" \/>\n<meta property=\"og:image\" content=\"https:\/\/nahuelproducciones.com.ar\/radioquijano\/wp-content\/uploads\/2024\/06\/WhatsApp-Image-2024-06-19-at-12.08.08-PM-e1718845990999.jpeg\" \/>\n\t<meta property=\"og:image:width\" content=\"700\" \/>\n\t<meta property=\"og:image:height\" content=\"992\" \/>\n\t<meta property=\"og:image:type\" content=\"image\/jpeg\" \/>\n<meta name=\"author\" content=\"Cecilia Pastrana\" \/>\n<meta name=\"twitter:card\" content=\"summary_large_image\" \/>\n<meta name=\"twitter:creator\" content=\"@nahuproduciones\" \/>\n<meta name=\"twitter:site\" content=\"@nahuproduciones\" \/>\n<meta name=\"twitter:label1\" content=\"Escrito por\" \/>\n\t<meta name=\"twitter:data1\" content=\"Cecilia Pastrana\" \/>\n\t<meta name=\"twitter:label2\" content=\"Tiempo de lectura\" \/>\n\t<meta name=\"twitter:data2\" content=\"2 minutos\" \/>\n<script type=\"application\/ld+json\" class=\"yoast-schema-graph\">{\"@context\":\"https:\/\/schema.org\",\"@graph\":[{\"@type\":\"WebPage\",\"@id\":\"https:\/\/nahuelproducciones.com.ar\/radioquijano\/primer-desfile-patriotico-por-el-dia-de-las-heroinas-y-martires-de-la-independencia-de-america\/\",\"url\":\"https:\/\/nahuelproducciones.com.ar\/radioquijano\/primer-desfile-patriotico-por-el-dia-de-las-heroinas-y-martires-de-la-independencia-de-america\/\",\"name\":\"\\\"Primer Desfile Patri\u00f3tico por el D\u00eda de las Hero\u00ednas y M\u00e1rtires de la Independencia de Am\u00e9rica\u201d - RQ 99.9\",\"isPartOf\":{\"@id\":\"https:\/\/nahuelproducciones.com.ar\/radioquijano\/#website\"},\"datePublished\":\"2024-06-20T01:16:09+00:00\",\"dateModified\":\"2024-06-20T01:16:10+00:00\",\"author\":{\"@id\":\"https:\/\/nahuelproducciones.com.ar\/radioquijano\/#\/schema\/person\/e8a4f939e2cb487fe6d0c54042c9d32c\"},\"description\":\"Se llevar\u00e1 a cabo el pr\u00f3ximo 12 de julio.\",\"breadcrumb\":{\"@id\":\"https:\/\/nahuelproducciones.com.ar\/radioquijano\/primer-desfile-patriotico-por-el-dia-de-las-heroinas-y-martires-de-la-independencia-de-america\/#breadcrumb\"},\"inLanguage\":\"es\",\"potentialAction\":[{\"@type\":\"ReadAction\",\"target\":[\"https:\/\/nahuelproducciones.com.ar\/radioquijano\/primer-desfile-patriotico-por-el-dia-de-las-heroinas-y-martires-de-la-independencia-de-america\/\"]}]},{\"@type\":\"BreadcrumbList\",\"@id\":\"https:\/\/nahuelproducciones.com.ar\/radioquijano\/primer-desfile-patriotico-por-el-dia-de-las-heroinas-y-martires-de-la-independencia-de-america\/#breadcrumb\",\"itemListElement\":[{\"@type\":\"ListItem\",\"position\":1,\"name\":\"Portada\",\"item\":\"https:\/\/nahuelproducciones.com.ar\/radioquijano\/\"},{\"@type\":\"ListItem\",\"position\":2,\"name\":\"&#8220;Primer Desfile Patri\u00f3tico por el D\u00eda de las Hero\u00ednas y M\u00e1rtires de la Independencia de Am\u00e9rica\u201d\"}]},{\"@type\":\"WebSite\",\"@id\":\"https:\/\/nahuelproducciones.com.ar\/radioquijano\/#website\",\"url\":\"https:\/\/nahuelproducciones.com.ar\/radioquijano\/\",\"name\":\"RQ 99.9\",\"description\":\"Radio Quijano 99.9 MHz\",\"potentialAction\":[{\"@type\":\"SearchAction\",\"target\":{\"@type\":\"EntryPoint\",\"urlTemplate\":\"https:\/\/nahuelproducciones.com.ar\/radioquijano\/?s={search_term_string}\"},\"query-input\":\"required name=search_term_string\"}],\"inLanguage\":\"es\"},{\"@type\":\"Person\",\"@id\":\"https:\/\/nahuelproducciones.com.ar\/radioquijano\/#\/schema\/person\/e8a4f939e2cb487fe6d0c54042c9d32c\",\"name\":\"Cecilia Pastrana\",\"image\":{\"@type\":\"ImageObject\",\"inLanguage\":\"es\",\"@id\":\"https:\/\/nahuelproducciones.com.ar\/radioquijano\/#\/schema\/person\/image\/\",\"url\":\"https:\/\/secure.gravatar.com\/avatar\/661a3ef63a8488d4f2794ed44af8cf71420f7e106f3072c40125114df5157749?s=96&d=mm&r=g\",\"contentUrl\":\"https:\/\/secure.gravatar.com\/avatar\/661a3ef63a8488d4f2794ed44af8cf71420f7e106f3072c40125114df5157749?s=96&d=mm&r=g\",\"caption\":\"Cecilia Pastrana\"},\"sameAs\":[\"cecy\"],\"url\":\"https:\/\/nahuelproducciones.com.ar\/radioquijano\/author\/cecy\/\"}]}<\/script>\n<!-- \/ Yoast SEO plugin. -->","yoast_head_json":{"title":"\"Primer Desfile Patri\u00f3tico por el D\u00eda de las Hero\u00ednas y M\u00e1rtires de la Independencia de Am\u00e9rica\u201d - RQ 99.9","description":"Se llevar\u00e1 a cabo el pr\u00f3ximo 12 de julio.","robots":{"index":"index","follow":"follow","max-snippet":"max-snippet:-1","max-image-preview":"max-image-preview:large","max-video-preview":"max-video-preview:-1"},"canonical":"https:\/\/nahuelproducciones.com.ar\/radioquijano\/primer-desfile-patriotico-por-el-dia-de-las-heroinas-y-martires-de-la-independencia-de-america\/","og_locale":"es_ES","og_type":"article","og_title":"\"Primer Desfile Patri\u00f3tico por el D\u00eda de las Hero\u00ednas y M\u00e1rtires de la Independencia de Am\u00e9rica\u201d - RQ 99.9","og_description":"Se llevar\u00e1 a cabo el pr\u00f3ximo 12 de julio.","og_url":"https:\/\/nahuelproducciones.com.ar\/radioquijano\/primer-desfile-patriotico-por-el-dia-de-las-heroinas-y-martires-de-la-independencia-de-america\/","og_site_name":"RQ 99.9","article_publisher":"https:\/\/www.facebook.com\/nahuelproducciones999\/","article_published_time":"2024-06-20T01:16:09+00:00","article_modified_time":"2024-06-20T01:16:10+00:00","og_image":[{"width":700,"height":992,"url":"https:\/\/nahuelproducciones.com.ar\/radioquijano\/wp-content\/uploads\/2024\/06\/WhatsApp-Image-2024-06-19-at-12.08.08-PM-e1718845990999.jpeg","type":"image\/jpeg"}],"author":"Cecilia Pastrana","twitter_card":"summary_large_image","twitter_creator":"@nahuproduciones","twitter_site":"@nahuproduciones","twitter_misc":{"Escrito por":"Cecilia Pastrana","Tiempo de lectura":"2 minutos"},"schema":{"@context":"https:\/\/schema.org","@graph":[{"@type":"WebPage","@id":"https:\/\/nahuelproducciones.com.ar\/radioquijano\/primer-desfile-patriotico-por-el-dia-de-las-heroinas-y-martires-de-la-independencia-de-america\/","url":"https:\/\/nahuelproducciones.com.ar\/radioquijano\/primer-desfile-patriotico-por-el-dia-de-las-heroinas-y-martires-de-la-independencia-de-america\/","name":"\"Primer Desfile Patri\u00f3tico por el D\u00eda de las Hero\u00ednas y M\u00e1rtires de la Independencia de Am\u00e9rica\u201d - RQ 99.9","isPartOf":{"@id":"https:\/\/nahuelproducciones.com.ar\/radioquijano\/#website"},"datePublished":"2024-06-20T01:16:09+00:00","dateModified":"2024-06-20T01:16:10+00:00","author":{"@id":"https:\/\/nahuelproducciones.com.ar\/radioquijano\/#\/schema\/person\/e8a4f939e2cb487fe6d0c54042c9d32c"},"description":"Se llevar\u00e1 a cabo el pr\u00f3ximo 12 de julio.","breadcrumb":{"@id":"https:\/\/nahuelproducciones.com.ar\/radioquijano\/primer-desfile-patriotico-por-el-dia-de-las-heroinas-y-martires-de-la-independencia-de-america\/#breadcrumb"},"inLanguage":"es","potentialAction":[{"@type":"ReadAction","target":["https:\/\/nahuelproducciones.com.ar\/radioquijano\/primer-desfile-patriotico-por-el-dia-de-las-heroinas-y-martires-de-la-independencia-de-america\/"]}]},{"@type":"BreadcrumbList","@id":"https:\/\/nahuelproducciones.com.ar\/radioquijano\/primer-desfile-patriotico-por-el-dia-de-las-heroinas-y-martires-de-la-independencia-de-america\/#breadcrumb","itemListElement":[{"@type":"ListItem","position":1,"name":"Portada","item":"https:\/\/nahuelproducciones.com.ar\/radioquijano\/"},{"@type":"ListItem","position":2,"name":"&#8220;Primer Desfile Patri\u00f3tico por el D\u00eda de las Hero\u00ednas y M\u00e1rtires de la Independencia de Am\u00e9rica\u201d"}]},{"@type":"WebSite","@id":"https:\/\/nahuelproducciones.com.ar\/radioquijano\/#website","url":"https:\/\/nahuelproducciones.com.ar\/radioquijano\/","name":"RQ 99.9","description":"Radio Quijano 99.9 MHz","potentialAction":[{"@type":"SearchAction","target":{"@type":"EntryPoint","urlTemplate":"https:\/\/nahuelproducciones.com.ar\/radioquijano\/?s={search_term_string}"},"query-input":"required name=search_term_string"}],"inLanguage":"es"},{"@type":"Person","@id":"https:\/\/nahuelproducciones.com.ar\/radioquijano\/#\/schema\/person\/e8a4f939e2cb487fe6d0c54042c9d32c","name":"Cecilia Pastrana","image":{"@type":"ImageObject","inLanguage":"es","@id":"https:\/\/nahuelproducciones.com.ar\/radioquijano\/#\/schema\/person\/image\/","url":"https:\/\/secure.gravatar.com\/avatar\/661a3ef63a8488d4f2794ed44af8cf71420f7e106f3072c40125114df5157749?s=96&d=mm&r=g","contentUrl":"https:\/\/secure.gravatar.com\/avatar\/661a3ef63a8488d4f2794ed44af8cf71420f7e106f3072c40125114df5157749?s=96&d=mm&r=g","caption":"Cecilia Pastrana"},"sameAs":["cecy"],"url":"https:\/\/nahuelproducciones.com.ar\/radioquijano\/author\/cecy\/"}]}},"_links":{"self":[{"href":"https:\/\/nahuelproducciones.com.ar\/radioquijano\/wp-json\/wp\/v2\/posts\/8363","targetHints":{"allow":["GET"]}}],"collection":[{"href":"https:\/\/nahuelproducciones.com.ar\/radioquijano\/wp-json\/wp\/v2\/posts"}],"about":[{"href":"https:\/\/nahuelproducciones.com.ar\/radioquijano\/wp-json\/wp\/v2\/types\/post"}],"author":[{"embeddable":true,"href":"https:\/\/nahuelproducciones.com.ar\/radioquijano\/wp-json\/wp\/v2\/users\/8"}],"replies":[{"embeddable":true,"href":"https:\/\/nahuelproducciones.com.ar\/radioquijano\/wp-json\/wp\/v2\/comments?post=8363"}],"version-history":[{"count":1,"href":"https:\/\/nahuelproducciones.com.ar\/radioquijano\/wp-json\/wp\/v2\/posts\/8363\/revisions"}],"predecessor-version":[{"id":8367,"href":"https:\/\/nahuelproducciones.com.ar\/radioquijano\/wp-json\/wp\/v2\/posts\/8363\/revisions\/8367"}],"wp:featuredmedia":[{"embeddable":true,"href":"https:\/\/nahuelproducciones.com.ar\/radioquijano\/wp-json\/wp\/v2\/media\/8365"}],"wp:attachment":[{"href":"https:\/\/nahuelproducciones.com.ar\/radioquijano\/wp-json\/wp\/v2\/media?parent=8363"}],"wp:term":[{"taxonomy":"category","embeddable":true,"href":"https:\/\/nahuelproducciones.com.ar\/radioquijano\/wp-json\/wp\/v2\/categories?post=8363"},{"taxonomy":"post_tag","embeddable":true,"href":"https:\/\/nahuelproducciones.com.ar\/radioquijano\/wp-json\/wp\/v2\/tags?post=8363"}],"curies":[{"name":"wp","href":"https:\/\/api.w.org\/{rel}","templated":true}]}}