{"id":8372,"date":"2024-06-20T12:22:55","date_gmt":"2024-06-20T15:22:55","guid":{"rendered":"https:\/\/nahuelproducciones.com.ar\/radioquijano\/?p=8372"},"modified":"2024-06-21T00:33:55","modified_gmt":"2024-06-21T03:33:55","slug":"inti-raymi-fiesta-del-sol","status":"publish","type":"post","link":"https:\/\/nahuelproducciones.com.ar\/radioquijano\/inti-raymi-fiesta-del-sol\/","title":{"rendered":"Inti Raymi, Fiesta del Sol"},"content":{"rendered":"\n<p>\u2018Inti Raymi\u2019 es una palabra quechua (el idioma de los incas) que quiere decir \u2018Fiesta del Sol\u2019. Antiguamente, en la \u00e9poca incaica, dicha celebraci\u00f3n era llamada \u2018Wawa Inti Raymi\u2019 que significa \u2018Fiesta del ni\u00f1o Sol\u2019.<\/p>\n\n\n\n<p>Junto al Consejo del pueblo Tastil invitamos a la comunidad a ser parte de la fiesta del Inti Raymi en el Dique Las Lomitas (punta brava) a las 06:00 hs.<\/p>\n\n\n\n<p>El Wawa Inti Raymi \u00abla fiesta del sol\u00bb, es cuando empieza el solsticio de invierno y el sol se encuentra a mayor distancia de la tierra. Es entonces cuando se inician las cosechas.<\/p>\n\n\n\n<p>Inti y su fervor solar aseguraban la continuidad y renovaci\u00f3n de la&nbsp;vida; sus ben\u00e9ficos rayos propiciaban las buenas cosechas y la salud, por tanto, de hombres y animales.<\/p>\n\n\n\n<p>Durante la \u00e9poca de los incas, el Inti Raymi era el m\u00e1s importante de los festivales celebrados en el Cusco, (nombre que deriva del quechua Qosqo) seg\u00fan relata el Inca Garcilaso duraba 9 d\u00edas, en los cuales hab\u00eda bailes y sacrificios.<\/p>\n\n\n\n<p>El Inca, los sacerdotes y el pueblo, le rend\u00edan homenaje al dios Sol. Le agradec\u00edan por las cosechas y le ped\u00edan que vuelva a fecundar la tierra y que continuara dando bienestar a los hijos del Tahuantinsuyo.<\/p>\n\n\n\n<p>La ceremonia estaba a cargo del Willaj Uma, un amauta, sabio en conocimientos que interpretar\u00e1 el mensaje de la Naturaleza.<\/p>\n\n\n\n<p>En 1572 el virrey Francisco de Toledo (1515-1584) la prohibi\u00f3 por considerarla una ceremonia pagana y contraria a la fe cat\u00f3lica, aunque se sigui\u00f3 realizando de manera clandestina.<\/p>\n\n\n\n<p>En 1944, se efectu\u00f3 una reconstrucci\u00f3n hist\u00f3rica del Inti Raymi en base a las cr\u00f3nicas de Garcilaso de la Vega.<\/p>\n\n\n\n<p><strong>Escucha la invitaci\u00f3n del director de Cultura de la municipalidad de Campo Quijano, don Javier Gonz\u00e1lez.<\/strong><\/p>\n\n\n\n<figure class=\"wp-block-audio\"><audio controls src=\"https:\/\/nahuelproducciones.com.ar\/radioquijano\/wp-content\/uploads\/2024\/06\/DIRECTOR-DE-CULTURA-INVITA-A-INTI-RAYMI.ogg\"><\/audio><\/figure>\n","protected":false},"excerpt":{"rendered":"<p>\u2018Inti Raymi\u2019 es una palabra quechua (el idioma de los incas) que quiere decir \u2018Fiesta del Sol\u2019. Antiguamente, en la \u00e9poca incaica, dicha celebraci\u00f3n era llamada \u2018Wawa Inti Raymi\u2019 que significa \u2018Fiesta del ni\u00f1o Sol\u2019. Junto al Consejo del pueblo Tastil invitamos a la comunidad a ser parte de la fiesta del Inti Raymi en [&hellip;]<\/p>\n","protected":false},"author":8,"featured_media":8374,"comment_status":"open","ping_status":"open","sticky":false,"template":"","format":"standard","meta":{"_monsterinsights_skip_tracking":false,"_monsterinsights_sitenote_active":false,"_monsterinsights_sitenote_note":"","_monsterinsights_sitenote_category":0,"footnotes":""},"categories":[16],"tags":[1577,1576,100],"class_list":["post-8372","post","type-post","status-publish","format-standard","has-post-thumbnail","hentry","category-noticias","tag-fiesta-del-sol","tag-inti-raymi","tag-municipio-de-campo-quijano"],"yoast_head":"<!-- This site is optimized with the Yoast SEO plugin v20.8 - https:\/\/yoast.com\/wordpress\/plugins\/seo\/ -->\n<title>Inti Raymi, Fiesta del Sol - RQ 99.9<\/title>\n<meta name=\"description\" content=\"Fiesta del Inti Raymi en el Dique Las Lomitas (punta brava) a las 06:00 hs el 21 de junio de 2024\" \/>\n<meta name=\"robots\" content=\"index, follow, max-snippet:-1, max-image-preview:large, max-video-preview:-1\" \/>\n<link rel=\"canonical\" href=\"https:\/\/nahuelproducciones.com.ar\/radioquijano\/inti-raymi-fiesta-del-sol\/\" \/>\n<meta property=\"og:locale\" content=\"es_ES\" \/>\n<meta property=\"og:type\" content=\"article\" \/>\n<meta property=\"og:title\" content=\"Inti Raymi, Fiesta del Sol - RQ 99.9\" \/>\n<meta property=\"og:description\" content=\"Fiesta del Inti Raymi en el Dique Las Lomitas (punta brava) a las 06:00 hs el 21 de junio de 2024\" \/>\n<meta property=\"og:url\" content=\"https:\/\/nahuelproducciones.com.ar\/radioquijano\/inti-raymi-fiesta-del-sol\/\" \/>\n<meta property=\"og:site_name\" content=\"RQ 99.9\" \/>\n<meta property=\"article:publisher\" content=\"https:\/\/www.facebook.com\/nahuelproducciones999\/\" \/>\n<meta property=\"article:published_time\" content=\"2024-06-20T15:22:55+00:00\" \/>\n<meta property=\"article:modified_time\" content=\"2024-06-21T03:33:55+00:00\" \/>\n<meta property=\"og:image\" content=\"https:\/\/nahuelproducciones.com.ar\/radioquijano\/wp-content\/uploads\/2024\/06\/448541053_870705671752511_6842419364900023782_n.jpg\" \/>\n\t<meta property=\"og:image:width\" content=\"720\" \/>\n\t<meta property=\"og:image:height\" content=\"1129\" \/>\n\t<meta property=\"og:image:type\" content=\"image\/jpeg\" \/>\n<meta name=\"author\" content=\"Cecilia Pastrana\" \/>\n<meta name=\"twitter:card\" content=\"summary_large_image\" \/>\n<meta name=\"twitter:creator\" content=\"@nahuproduciones\" \/>\n<meta name=\"twitter:site\" content=\"@nahuproduciones\" \/>\n<meta name=\"twitter:label1\" content=\"Escrito por\" \/>\n\t<meta name=\"twitter:data1\" content=\"Cecilia Pastrana\" \/>\n\t<meta name=\"twitter:label2\" content=\"Tiempo de lectura\" \/>\n\t<meta name=\"twitter:data2\" content=\"2 minutos\" \/>\n<script type=\"application\/ld+json\" class=\"yoast-schema-graph\">{\"@context\":\"https:\/\/schema.org\",\"@graph\":[{\"@type\":\"WebPage\",\"@id\":\"https:\/\/nahuelproducciones.com.ar\/radioquijano\/inti-raymi-fiesta-del-sol\/\",\"url\":\"https:\/\/nahuelproducciones.com.ar\/radioquijano\/inti-raymi-fiesta-del-sol\/\",\"name\":\"Inti Raymi, Fiesta del Sol - RQ 99.9\",\"isPartOf\":{\"@id\":\"https:\/\/nahuelproducciones.com.ar\/radioquijano\/#website\"},\"datePublished\":\"2024-06-20T15:22:55+00:00\",\"dateModified\":\"2024-06-21T03:33:55+00:00\",\"author\":{\"@id\":\"https:\/\/nahuelproducciones.com.ar\/radioquijano\/#\/schema\/person\/e8a4f939e2cb487fe6d0c54042c9d32c\"},\"description\":\"Fiesta del Inti Raymi en el Dique Las Lomitas (punta brava) a las 06:00 hs el 21 de junio de 2024\",\"breadcrumb\":{\"@id\":\"https:\/\/nahuelproducciones.com.ar\/radioquijano\/inti-raymi-fiesta-del-sol\/#breadcrumb\"},\"inLanguage\":\"es\",\"potentialAction\":[{\"@type\":\"ReadAction\",\"target\":[\"https:\/\/nahuelproducciones.com.ar\/radioquijano\/inti-raymi-fiesta-del-sol\/\"]}]},{\"@type\":\"BreadcrumbList\",\"@id\":\"https:\/\/nahuelproducciones.com.ar\/radioquijano\/inti-raymi-fiesta-del-sol\/#breadcrumb\",\"itemListElement\":[{\"@type\":\"ListItem\",\"position\":1,\"name\":\"Portada\",\"item\":\"https:\/\/nahuelproducciones.com.ar\/radioquijano\/\"},{\"@type\":\"ListItem\",\"position\":2,\"name\":\"Inti Raymi, Fiesta del Sol\"}]},{\"@type\":\"WebSite\",\"@id\":\"https:\/\/nahuelproducciones.com.ar\/radioquijano\/#website\",\"url\":\"https:\/\/nahuelproducciones.com.ar\/radioquijano\/\",\"name\":\"RQ 99.9\",\"description\":\"Radio Quijano 99.9 MHz\",\"potentialAction\":[{\"@type\":\"SearchAction\",\"target\":{\"@type\":\"EntryPoint\",\"urlTemplate\":\"https:\/\/nahuelproducciones.com.ar\/radioquijano\/?s={search_term_string}\"},\"query-input\":\"required name=search_term_string\"}],\"inLanguage\":\"es\"},{\"@type\":\"Person\",\"@id\":\"https:\/\/nahuelproducciones.com.ar\/radioquijano\/#\/schema\/person\/e8a4f939e2cb487fe6d0c54042c9d32c\",\"name\":\"Cecilia Pastrana\",\"image\":{\"@type\":\"ImageObject\",\"inLanguage\":\"es\",\"@id\":\"https:\/\/nahuelproducciones.com.ar\/radioquijano\/#\/schema\/person\/image\/\",\"url\":\"https:\/\/secure.gravatar.com\/avatar\/661a3ef63a8488d4f2794ed44af8cf71420f7e106f3072c40125114df5157749?s=96&d=mm&r=g\",\"contentUrl\":\"https:\/\/secure.gravatar.com\/avatar\/661a3ef63a8488d4f2794ed44af8cf71420f7e106f3072c40125114df5157749?s=96&d=mm&r=g\",\"caption\":\"Cecilia Pastrana\"},\"sameAs\":[\"cecy\"],\"url\":\"https:\/\/nahuelproducciones.com.ar\/radioquijano\/author\/cecy\/\"}]}<\/script>\n<!-- \/ Yoast SEO plugin. -->","yoast_head_json":{"title":"Inti Raymi, Fiesta del Sol - RQ 99.9","description":"Fiesta del Inti Raymi en el Dique Las Lomitas (punta brava) a las 06:00 hs el 21 de junio de 2024","robots":{"index":"index","follow":"follow","max-snippet":"max-snippet:-1","max-image-preview":"max-image-preview:large","max-video-preview":"max-video-preview:-1"},"canonical":"https:\/\/nahuelproducciones.com.ar\/radioquijano\/inti-raymi-fiesta-del-sol\/","og_locale":"es_ES","og_type":"article","og_title":"Inti Raymi, Fiesta del Sol - RQ 99.9","og_description":"Fiesta del Inti Raymi en el Dique Las Lomitas (punta brava) a las 06:00 hs el 21 de junio de 2024","og_url":"https:\/\/nahuelproducciones.com.ar\/radioquijano\/inti-raymi-fiesta-del-sol\/","og_site_name":"RQ 99.9","article_publisher":"https:\/\/www.facebook.com\/nahuelproducciones999\/","article_published_time":"2024-06-20T15:22:55+00:00","article_modified_time":"2024-06-21T03:33:55+00:00","og_image":[{"width":720,"height":1129,"url":"https:\/\/nahuelproducciones.com.ar\/radioquijano\/wp-content\/uploads\/2024\/06\/448541053_870705671752511_6842419364900023782_n.jpg","type":"image\/jpeg"}],"author":"Cecilia Pastrana","twitter_card":"summary_large_image","twitter_creator":"@nahuproduciones","twitter_site":"@nahuproduciones","twitter_misc":{"Escrito por":"Cecilia Pastrana","Tiempo de lectura":"2 minutos"},"schema":{"@context":"https:\/\/schema.org","@graph":[{"@type":"WebPage","@id":"https:\/\/nahuelproducciones.com.ar\/radioquijano\/inti-raymi-fiesta-del-sol\/","url":"https:\/\/nahuelproducciones.com.ar\/radioquijano\/inti-raymi-fiesta-del-sol\/","name":"Inti Raymi, Fiesta del Sol - RQ 99.9","isPartOf":{"@id":"https:\/\/nahuelproducciones.com.ar\/radioquijano\/#website"},"datePublished":"2024-06-20T15:22:55+00:00","dateModified":"2024-06-21T03:33:55+00:00","author":{"@id":"https:\/\/nahuelproducciones.com.ar\/radioquijano\/#\/schema\/person\/e8a4f939e2cb487fe6d0c54042c9d32c"},"description":"Fiesta del Inti Raymi en el Dique Las Lomitas (punta brava) a las 06:00 hs el 21 de junio de 2024","breadcrumb":{"@id":"https:\/\/nahuelproducciones.com.ar\/radioquijano\/inti-raymi-fiesta-del-sol\/#breadcrumb"},"inLanguage":"es","potentialAction":[{"@type":"ReadAction","target":["https:\/\/nahuelproducciones.com.ar\/radioquijano\/inti-raymi-fiesta-del-sol\/"]}]},{"@type":"BreadcrumbList","@id":"https:\/\/nahuelproducciones.com.ar\/radioquijano\/inti-raymi-fiesta-del-sol\/#breadcrumb","itemListElement":[{"@type":"ListItem","position":1,"name":"Portada","item":"https:\/\/nahuelproducciones.com.ar\/radioquijano\/"},{"@type":"ListItem","position":2,"name":"Inti Raymi, Fiesta del Sol"}]},{"@type":"WebSite","@id":"https:\/\/nahuelproducciones.com.ar\/radioquijano\/#website","url":"https:\/\/nahuelproducciones.com.ar\/radioquijano\/","name":"RQ 99.9","description":"Radio Quijano 99.9 MHz","potentialAction":[{"@type":"SearchAction","target":{"@type":"EntryPoint","urlTemplate":"https:\/\/nahuelproducciones.com.ar\/radioquijano\/?s={search_term_string}"},"query-input":"required name=search_term_string"}],"inLanguage":"es"},{"@type":"Person","@id":"https:\/\/nahuelproducciones.com.ar\/radioquijano\/#\/schema\/person\/e8a4f939e2cb487fe6d0c54042c9d32c","name":"Cecilia Pastrana","image":{"@type":"ImageObject","inLanguage":"es","@id":"https:\/\/nahuelproducciones.com.ar\/radioquijano\/#\/schema\/person\/image\/","url":"https:\/\/secure.gravatar.com\/avatar\/661a3ef63a8488d4f2794ed44af8cf71420f7e106f3072c40125114df5157749?s=96&d=mm&r=g","contentUrl":"https:\/\/secure.gravatar.com\/avatar\/661a3ef63a8488d4f2794ed44af8cf71420f7e106f3072c40125114df5157749?s=96&d=mm&r=g","caption":"Cecilia Pastrana"},"sameAs":["cecy"],"url":"https:\/\/nahuelproducciones.com.ar\/radioquijano\/author\/cecy\/"}]}},"_links":{"self":[{"href":"https:\/\/nahuelproducciones.com.ar\/radioquijano\/wp-json\/wp\/v2\/posts\/8372","targetHints":{"allow":["GET"]}}],"collection":[{"href":"https:\/\/nahuelproducciones.com.ar\/radioquijano\/wp-json\/wp\/v2\/posts"}],"about":[{"href":"https:\/\/nahuelproducciones.com.ar\/radioquijano\/wp-json\/wp\/v2\/types\/post"}],"author":[{"embeddable":true,"href":"https:\/\/nahuelproducciones.com.ar\/radioquijano\/wp-json\/wp\/v2\/users\/8"}],"replies":[{"embeddable":true,"href":"https:\/\/nahuelproducciones.com.ar\/radioquijano\/wp-json\/wp\/v2\/comments?post=8372"}],"version-history":[{"count":2,"href":"https:\/\/nahuelproducciones.com.ar\/radioquijano\/wp-json\/wp\/v2\/posts\/8372\/revisions"}],"predecessor-version":[{"id":8377,"href":"https:\/\/nahuelproducciones.com.ar\/radioquijano\/wp-json\/wp\/v2\/posts\/8372\/revisions\/8377"}],"wp:featuredmedia":[{"embeddable":true,"href":"https:\/\/nahuelproducciones.com.ar\/radioquijano\/wp-json\/wp\/v2\/media\/8374"}],"wp:attachment":[{"href":"https:\/\/nahuelproducciones.com.ar\/radioquijano\/wp-json\/wp\/v2\/media?parent=8372"}],"wp:term":[{"taxonomy":"category","embeddable":true,"href":"https:\/\/nahuelproducciones.com.ar\/radioquijano\/wp-json\/wp\/v2\/categories?post=8372"},{"taxonomy":"post_tag","embeddable":true,"href":"https:\/\/nahuelproducciones.com.ar\/radioquijano\/wp-json\/wp\/v2\/tags?post=8372"}],"curies":[{"name":"wp","href":"https:\/\/api.w.org\/{rel}","templated":true}]}}