{"id":8385,"date":"2024-06-25T22:09:28","date_gmt":"2024-06-26T01:09:28","guid":{"rendered":"https:\/\/nahuelproducciones.com.ar\/radioquijano\/?p=8385"},"modified":"2024-06-25T22:09:31","modified_gmt":"2024-06-26T01:09:31","slug":"la-silleta-roban-la-bandera-del-polideportivo-municipal-luis-michi-morales","status":"publish","type":"post","link":"https:\/\/nahuelproducciones.com.ar\/radioquijano\/la-silleta-roban-la-bandera-del-polideportivo-municipal-luis-michi-morales\/","title":{"rendered":"La Silleta: Roban la bandera del Polideportivo Municipal Luis \u00abMichi\u00bb Morales"},"content":{"rendered":"\n<p>La bandera argentina que flameaba en el m\u00e1stil del Polideportivo no se encontraba all\u00ed en la ma\u00f1ana del domingo 24 de junio.<\/p>\n\n\n\n<p>En comunicaci\u00f3n con RQ99.9Mhz, Lorenzo \u00abPaco\u00bb Vilte Delegado De La Silleta coment\u00f3 que se robaron la bandera que reinstalaron hace apenas\u00a04 d\u00edas, bendecida por nuestro p\u00e1rroco y donada por el Ministerio de Educaci\u00f3n.<\/p>\n\n\n\n<p>El robo fue denunciado por autoridades de la Delegaci\u00f3n de La Silleta para que sea investigado e identificar a los autores de la sustracci\u00f3n de la bandera nacional.<\/p>\n\n\n\n<p>Vilte comparti\u00f3 im\u00e1genes y seg\u00fan pruebas fotogr\u00e1ficas, ayer por la tarde mientras se jugaba en el polideportivo, se encontraba flameando.<\/p>\n\n\n\n<p>Se solicita a los vecinos si puede aportar alg\u00fan dato, es un hecho que atenta contra el patrimonio hist\u00f3rico y cultural de nuestra comunidad.<\/p>\n\n\n\n<p>Escucha la entrevista:<\/p>\n\n\n\n<p><\/p>\n\n\n\n<figure class=\"wp-block-audio\"><audio controls src=\"https:\/\/nahuelproducciones.com.ar\/radioquijano\/wp-content\/uploads\/2024\/06\/24-06-2024-delegado-de-la-silleta-le-robaron-la-bandera-esta-manana-del-polideportivo-municipal-luis-Michi-Morales-.mp3\"><\/audio><\/figure>\n\n\n\n<figure class=\"wp-block-gallery has-nested-images columns-default is-cropped wp-block-gallery-1 is-layout-flex wp-block-gallery-is-layout-flex\">\n<figure class=\"wp-block-image size-large\"><img loading=\"lazy\" decoding=\"async\" width=\"1000\" height=\"461\" data-id=\"8388\" src=\"https:\/\/nahuelproducciones.com.ar\/radioquijano\/wp-content\/uploads\/2024\/06\/448882118_2285088631845441_5475863279938645547_n-1.jpg\" alt=\"\" class=\"wp-image-8388\" srcset=\"https:\/\/nahuelproducciones.com.ar\/radioquijano\/wp-content\/uploads\/2024\/06\/448882118_2285088631845441_5475863279938645547_n-1.jpg 1000w, https:\/\/nahuelproducciones.com.ar\/radioquijano\/wp-content\/uploads\/2024\/06\/448882118_2285088631845441_5475863279938645547_n-1-300x138.jpg 300w, https:\/\/nahuelproducciones.com.ar\/radioquijano\/wp-content\/uploads\/2024\/06\/448882118_2285088631845441_5475863279938645547_n-1-768x354.jpg 768w, https:\/\/nahuelproducciones.com.ar\/radioquijano\/wp-content\/uploads\/2024\/06\/448882118_2285088631845441_5475863279938645547_n-1-150x69.jpg 150w\" sizes=\"auto, (max-width: 1000px) 100vw, 1000px\" \/><\/figure>\n\n\n\n<figure class=\"wp-block-image size-large\"><img loading=\"lazy\" decoding=\"async\" width=\"1024\" height=\"768\" data-id=\"8389\" src=\"https:\/\/nahuelproducciones.com.ar\/radioquijano\/wp-content\/uploads\/2024\/06\/448953251_2285088915178746_8655966733163889949_n-1024x768.jpg\" alt=\"\" class=\"wp-image-8389\" srcset=\"https:\/\/nahuelproducciones.com.ar\/radioquijano\/wp-content\/uploads\/2024\/06\/448953251_2285088915178746_8655966733163889949_n-1024x768.jpg 1024w, https:\/\/nahuelproducciones.com.ar\/radioquijano\/wp-content\/uploads\/2024\/06\/448953251_2285088915178746_8655966733163889949_n-300x225.jpg 300w, https:\/\/nahuelproducciones.com.ar\/radioquijano\/wp-content\/uploads\/2024\/06\/448953251_2285088915178746_8655966733163889949_n-768x576.jpg 768w, https:\/\/nahuelproducciones.com.ar\/radioquijano\/wp-content\/uploads\/2024\/06\/448953251_2285088915178746_8655966733163889949_n-1536x1152.jpg 1536w, https:\/\/nahuelproducciones.com.ar\/radioquijano\/wp-content\/uploads\/2024\/06\/448953251_2285088915178746_8655966733163889949_n-150x113.jpg 150w, https:\/\/nahuelproducciones.com.ar\/radioquijano\/wp-content\/uploads\/2024\/06\/448953251_2285088915178746_8655966733163889949_n.jpg 1600w\" sizes=\"auto, (max-width: 1024px) 100vw, 1024px\" \/><\/figure>\n<\/figure>\n","protected":false},"excerpt":{"rendered":"<p>La bandera argentina que flameaba en el m\u00e1stil del Polideportivo no se encontraba all\u00ed en la ma\u00f1ana del domingo 24 de junio. En comunicaci\u00f3n con RQ99.9Mhz, Lorenzo \u00abPaco\u00bb Vilte Delegado De La Silleta coment\u00f3 que se robaron la bandera que reinstalaron hace apenas\u00a04 d\u00edas, bendecida por nuestro p\u00e1rroco y donada por el Ministerio de Educaci\u00f3n. [&hellip;]<\/p>\n","protected":false},"author":8,"featured_media":8387,"comment_status":"open","ping_status":"open","sticky":false,"template":"","format":"standard","meta":{"_monsterinsights_skip_tracking":false,"_monsterinsights_sitenote_active":false,"_monsterinsights_sitenote_note":"","_monsterinsights_sitenote_category":0,"footnotes":""},"categories":[16],"tags":[],"class_list":["post-8385","post","type-post","status-publish","format-standard","has-post-thumbnail","hentry","category-noticias"],"yoast_head":"<!-- This site is optimized with the Yoast SEO plugin v20.8 - https:\/\/yoast.com\/wordpress\/plugins\/seo\/ -->\n<title>La Silleta: Roban la bandera del Polideportivo Municipal Luis &quot;Michi&quot; Morales - RQ 99.9<\/title>\n<meta name=\"description\" content=\"Se solicita a los vecinos si puede aportar alg\u00fan dato, es un hecho que atenta contra el patrimonio hist\u00f3rico y cultural de nuestra comunidad.\" \/>\n<meta name=\"robots\" content=\"index, follow, max-snippet:-1, max-image-preview:large, max-video-preview:-1\" \/>\n<link rel=\"canonical\" href=\"https:\/\/nahuelproducciones.com.ar\/radioquijano\/la-silleta-roban-la-bandera-del-polideportivo-municipal-luis-michi-morales\/\" \/>\n<meta property=\"og:locale\" content=\"es_ES\" \/>\n<meta property=\"og:type\" content=\"article\" \/>\n<meta property=\"og:title\" content=\"La Silleta: Roban la bandera del Polideportivo Municipal Luis &quot;Michi&quot; Morales - RQ 99.9\" \/>\n<meta property=\"og:description\" content=\"Se solicita a los vecinos si puede aportar alg\u00fan dato, es un hecho que atenta contra el patrimonio hist\u00f3rico y cultural de nuestra comunidad.\" \/>\n<meta property=\"og:url\" content=\"https:\/\/nahuelproducciones.com.ar\/radioquijano\/la-silleta-roban-la-bandera-del-polideportivo-municipal-luis-michi-morales\/\" \/>\n<meta property=\"og:site_name\" content=\"RQ 99.9\" \/>\n<meta property=\"article:publisher\" content=\"https:\/\/www.facebook.com\/nahuelproducciones999\/\" \/>\n<meta property=\"article:published_time\" content=\"2024-06-26T01:09:28+00:00\" \/>\n<meta property=\"article:modified_time\" content=\"2024-06-26T01:09:31+00:00\" \/>\n<meta property=\"og:image\" content=\"https:\/\/nahuelproducciones.com.ar\/radioquijano\/wp-content\/uploads\/2024\/06\/448882118_2285088631845441_5475863279938645547_n.jpg\" \/>\n\t<meta property=\"og:image:width\" content=\"1000\" \/>\n\t<meta property=\"og:image:height\" content=\"461\" \/>\n\t<meta property=\"og:image:type\" content=\"image\/jpeg\" \/>\n<meta name=\"author\" content=\"Cecilia Pastrana\" \/>\n<meta name=\"twitter:card\" content=\"summary_large_image\" \/>\n<meta name=\"twitter:creator\" content=\"@nahuproduciones\" \/>\n<meta name=\"twitter:site\" content=\"@nahuproduciones\" \/>\n<meta name=\"twitter:label1\" content=\"Escrito por\" \/>\n\t<meta name=\"twitter:data1\" content=\"Cecilia Pastrana\" \/>\n\t<meta name=\"twitter:label2\" content=\"Tiempo de lectura\" \/>\n\t<meta name=\"twitter:data2\" content=\"2 minutos\" \/>\n<script type=\"application\/ld+json\" class=\"yoast-schema-graph\">{\"@context\":\"https:\/\/schema.org\",\"@graph\":[{\"@type\":\"WebPage\",\"@id\":\"https:\/\/nahuelproducciones.com.ar\/radioquijano\/la-silleta-roban-la-bandera-del-polideportivo-municipal-luis-michi-morales\/\",\"url\":\"https:\/\/nahuelproducciones.com.ar\/radioquijano\/la-silleta-roban-la-bandera-del-polideportivo-municipal-luis-michi-morales\/\",\"name\":\"La Silleta: Roban la bandera del Polideportivo Municipal Luis \\\"Michi\\\" Morales - RQ 99.9\",\"isPartOf\":{\"@id\":\"https:\/\/nahuelproducciones.com.ar\/radioquijano\/#website\"},\"datePublished\":\"2024-06-26T01:09:28+00:00\",\"dateModified\":\"2024-06-26T01:09:31+00:00\",\"author\":{\"@id\":\"https:\/\/nahuelproducciones.com.ar\/radioquijano\/#\/schema\/person\/e8a4f939e2cb487fe6d0c54042c9d32c\"},\"description\":\"Se solicita a los vecinos si puede aportar alg\u00fan dato, es un hecho que atenta contra el patrimonio hist\u00f3rico y cultural de nuestra comunidad.\",\"breadcrumb\":{\"@id\":\"https:\/\/nahuelproducciones.com.ar\/radioquijano\/la-silleta-roban-la-bandera-del-polideportivo-municipal-luis-michi-morales\/#breadcrumb\"},\"inLanguage\":\"es\",\"potentialAction\":[{\"@type\":\"ReadAction\",\"target\":[\"https:\/\/nahuelproducciones.com.ar\/radioquijano\/la-silleta-roban-la-bandera-del-polideportivo-municipal-luis-michi-morales\/\"]}]},{\"@type\":\"BreadcrumbList\",\"@id\":\"https:\/\/nahuelproducciones.com.ar\/radioquijano\/la-silleta-roban-la-bandera-del-polideportivo-municipal-luis-michi-morales\/#breadcrumb\",\"itemListElement\":[{\"@type\":\"ListItem\",\"position\":1,\"name\":\"Portada\",\"item\":\"https:\/\/nahuelproducciones.com.ar\/radioquijano\/\"},{\"@type\":\"ListItem\",\"position\":2,\"name\":\"La Silleta: Roban la bandera del Polideportivo Municipal Luis &#8220;Michi&#8221; Morales\"}]},{\"@type\":\"WebSite\",\"@id\":\"https:\/\/nahuelproducciones.com.ar\/radioquijano\/#website\",\"url\":\"https:\/\/nahuelproducciones.com.ar\/radioquijano\/\",\"name\":\"RQ 99.9\",\"description\":\"Radio Quijano 99.9 MHz\",\"potentialAction\":[{\"@type\":\"SearchAction\",\"target\":{\"@type\":\"EntryPoint\",\"urlTemplate\":\"https:\/\/nahuelproducciones.com.ar\/radioquijano\/?s={search_term_string}\"},\"query-input\":\"required name=search_term_string\"}],\"inLanguage\":\"es\"},{\"@type\":\"Person\",\"@id\":\"https:\/\/nahuelproducciones.com.ar\/radioquijano\/#\/schema\/person\/e8a4f939e2cb487fe6d0c54042c9d32c\",\"name\":\"Cecilia Pastrana\",\"image\":{\"@type\":\"ImageObject\",\"inLanguage\":\"es\",\"@id\":\"https:\/\/nahuelproducciones.com.ar\/radioquijano\/#\/schema\/person\/image\/\",\"url\":\"https:\/\/secure.gravatar.com\/avatar\/661a3ef63a8488d4f2794ed44af8cf71420f7e106f3072c40125114df5157749?s=96&d=mm&r=g\",\"contentUrl\":\"https:\/\/secure.gravatar.com\/avatar\/661a3ef63a8488d4f2794ed44af8cf71420f7e106f3072c40125114df5157749?s=96&d=mm&r=g\",\"caption\":\"Cecilia Pastrana\"},\"sameAs\":[\"cecy\"],\"url\":\"https:\/\/nahuelproducciones.com.ar\/radioquijano\/author\/cecy\/\"}]}<\/script>\n<!-- \/ Yoast SEO plugin. -->","yoast_head_json":{"title":"La Silleta: Roban la bandera del Polideportivo Municipal Luis \"Michi\" Morales - RQ 99.9","description":"Se solicita a los vecinos si puede aportar alg\u00fan dato, es un hecho que atenta contra el patrimonio hist\u00f3rico y cultural de nuestra comunidad.","robots":{"index":"index","follow":"follow","max-snippet":"max-snippet:-1","max-image-preview":"max-image-preview:large","max-video-preview":"max-video-preview:-1"},"canonical":"https:\/\/nahuelproducciones.com.ar\/radioquijano\/la-silleta-roban-la-bandera-del-polideportivo-municipal-luis-michi-morales\/","og_locale":"es_ES","og_type":"article","og_title":"La Silleta: Roban la bandera del Polideportivo Municipal Luis \"Michi\" Morales - RQ 99.9","og_description":"Se solicita a los vecinos si puede aportar alg\u00fan dato, es un hecho que atenta contra el patrimonio hist\u00f3rico y cultural de nuestra comunidad.","og_url":"https:\/\/nahuelproducciones.com.ar\/radioquijano\/la-silleta-roban-la-bandera-del-polideportivo-municipal-luis-michi-morales\/","og_site_name":"RQ 99.9","article_publisher":"https:\/\/www.facebook.com\/nahuelproducciones999\/","article_published_time":"2024-06-26T01:09:28+00:00","article_modified_time":"2024-06-26T01:09:31+00:00","og_image":[{"width":1000,"height":461,"url":"https:\/\/nahuelproducciones.com.ar\/radioquijano\/wp-content\/uploads\/2024\/06\/448882118_2285088631845441_5475863279938645547_n.jpg","type":"image\/jpeg"}],"author":"Cecilia Pastrana","twitter_card":"summary_large_image","twitter_creator":"@nahuproduciones","twitter_site":"@nahuproduciones","twitter_misc":{"Escrito por":"Cecilia Pastrana","Tiempo de lectura":"2 minutos"},"schema":{"@context":"https:\/\/schema.org","@graph":[{"@type":"WebPage","@id":"https:\/\/nahuelproducciones.com.ar\/radioquijano\/la-silleta-roban-la-bandera-del-polideportivo-municipal-luis-michi-morales\/","url":"https:\/\/nahuelproducciones.com.ar\/radioquijano\/la-silleta-roban-la-bandera-del-polideportivo-municipal-luis-michi-morales\/","name":"La Silleta: Roban la bandera del Polideportivo Municipal Luis \"Michi\" Morales - RQ 99.9","isPartOf":{"@id":"https:\/\/nahuelproducciones.com.ar\/radioquijano\/#website"},"datePublished":"2024-06-26T01:09:28+00:00","dateModified":"2024-06-26T01:09:31+00:00","author":{"@id":"https:\/\/nahuelproducciones.com.ar\/radioquijano\/#\/schema\/person\/e8a4f939e2cb487fe6d0c54042c9d32c"},"description":"Se solicita a los vecinos si puede aportar alg\u00fan dato, es un hecho que atenta contra el patrimonio hist\u00f3rico y cultural de nuestra comunidad.","breadcrumb":{"@id":"https:\/\/nahuelproducciones.com.ar\/radioquijano\/la-silleta-roban-la-bandera-del-polideportivo-municipal-luis-michi-morales\/#breadcrumb"},"inLanguage":"es","potentialAction":[{"@type":"ReadAction","target":["https:\/\/nahuelproducciones.com.ar\/radioquijano\/la-silleta-roban-la-bandera-del-polideportivo-municipal-luis-michi-morales\/"]}]},{"@type":"BreadcrumbList","@id":"https:\/\/nahuelproducciones.com.ar\/radioquijano\/la-silleta-roban-la-bandera-del-polideportivo-municipal-luis-michi-morales\/#breadcrumb","itemListElement":[{"@type":"ListItem","position":1,"name":"Portada","item":"https:\/\/nahuelproducciones.com.ar\/radioquijano\/"},{"@type":"ListItem","position":2,"name":"La Silleta: Roban la bandera del Polideportivo Municipal Luis &#8220;Michi&#8221; Morales"}]},{"@type":"WebSite","@id":"https:\/\/nahuelproducciones.com.ar\/radioquijano\/#website","url":"https:\/\/nahuelproducciones.com.ar\/radioquijano\/","name":"RQ 99.9","description":"Radio Quijano 99.9 MHz","potentialAction":[{"@type":"SearchAction","target":{"@type":"EntryPoint","urlTemplate":"https:\/\/nahuelproducciones.com.ar\/radioquijano\/?s={search_term_string}"},"query-input":"required name=search_term_string"}],"inLanguage":"es"},{"@type":"Person","@id":"https:\/\/nahuelproducciones.com.ar\/radioquijano\/#\/schema\/person\/e8a4f939e2cb487fe6d0c54042c9d32c","name":"Cecilia Pastrana","image":{"@type":"ImageObject","inLanguage":"es","@id":"https:\/\/nahuelproducciones.com.ar\/radioquijano\/#\/schema\/person\/image\/","url":"https:\/\/secure.gravatar.com\/avatar\/661a3ef63a8488d4f2794ed44af8cf71420f7e106f3072c40125114df5157749?s=96&d=mm&r=g","contentUrl":"https:\/\/secure.gravatar.com\/avatar\/661a3ef63a8488d4f2794ed44af8cf71420f7e106f3072c40125114df5157749?s=96&d=mm&r=g","caption":"Cecilia Pastrana"},"sameAs":["cecy"],"url":"https:\/\/nahuelproducciones.com.ar\/radioquijano\/author\/cecy\/"}]}},"_links":{"self":[{"href":"https:\/\/nahuelproducciones.com.ar\/radioquijano\/wp-json\/wp\/v2\/posts\/8385","targetHints":{"allow":["GET"]}}],"collection":[{"href":"https:\/\/nahuelproducciones.com.ar\/radioquijano\/wp-json\/wp\/v2\/posts"}],"about":[{"href":"https:\/\/nahuelproducciones.com.ar\/radioquijano\/wp-json\/wp\/v2\/types\/post"}],"author":[{"embeddable":true,"href":"https:\/\/nahuelproducciones.com.ar\/radioquijano\/wp-json\/wp\/v2\/users\/8"}],"replies":[{"embeddable":true,"href":"https:\/\/nahuelproducciones.com.ar\/radioquijano\/wp-json\/wp\/v2\/comments?post=8385"}],"version-history":[{"count":1,"href":"https:\/\/nahuelproducciones.com.ar\/radioquijano\/wp-json\/wp\/v2\/posts\/8385\/revisions"}],"predecessor-version":[{"id":8390,"href":"https:\/\/nahuelproducciones.com.ar\/radioquijano\/wp-json\/wp\/v2\/posts\/8385\/revisions\/8390"}],"wp:featuredmedia":[{"embeddable":true,"href":"https:\/\/nahuelproducciones.com.ar\/radioquijano\/wp-json\/wp\/v2\/media\/8387"}],"wp:attachment":[{"href":"https:\/\/nahuelproducciones.com.ar\/radioquijano\/wp-json\/wp\/v2\/media?parent=8385"}],"wp:term":[{"taxonomy":"category","embeddable":true,"href":"https:\/\/nahuelproducciones.com.ar\/radioquijano\/wp-json\/wp\/v2\/categories?post=8385"},{"taxonomy":"post_tag","embeddable":true,"href":"https:\/\/nahuelproducciones.com.ar\/radioquijano\/wp-json\/wp\/v2\/tags?post=8385"}],"curies":[{"name":"wp","href":"https:\/\/api.w.org\/{rel}","templated":true}]}}