{"id":8401,"date":"2024-06-30T12:26:30","date_gmt":"2024-06-30T15:26:30","guid":{"rendered":"https:\/\/nahuelproducciones.com.ar\/radioquijano\/?p=8401"},"modified":"2024-06-30T12:38:59","modified_gmt":"2024-06-30T15:38:59","slug":"julio-mes-de-celebracion-y-recuerdos","status":"publish","type":"post","link":"https:\/\/nahuelproducciones.com.ar\/radioquijano\/julio-mes-de-celebracion-y-recuerdos\/","title":{"rendered":"Julio mes de celebraci\u00f3n y recuerdos."},"content":{"rendered":"\n<p>La Municipalidad de Campo Quijano dar\u00e1 a conocer el programa de actividades que se realizar\u00e1n en la Plaza Mart\u00edn Fierro y otros lugares del pueblo para comenzar un mes patrio y mes del cumplea\u00f1os de Quijano.<\/p>\n\n\n\n<p>El Director de Cultura , Profesor Javier Gonz\u00e1lez , en comunicaci\u00f3n con RQ99.9Mhz, anticip\u00f3 que el cronograma se dar\u00e1 a conocer desde el Primero de julio y estar\u00e1 colmado de actividades culturales y recreativas.<\/p>\n\n\n\n<p>Las propuestas est\u00e1n pensadas para toda la familia. Llegan las vacaciones de invierno, por eso tambi\u00e9n ,  se viviran d\u00edas a pura m\u00fasica, espect\u00e1culos y diversi\u00f3n para todos los gustos.<\/p>\n\n\n\n<p>Escucha la entrevista:<\/p>\n\n\n\n<figure class=\"wp-block-audio\"><audio controls src=\"https:\/\/nahuelproducciones.com.ar\/radioquijano\/wp-content\/uploads\/2024\/06\/24-06-2024-DIRE-DE-CULTURA-SEMANA-DE-JULIO-CAMINO-AL-CUMPLE-DE-QUIJANO.mp3\"><\/audio><\/figure>\n","protected":false},"excerpt":{"rendered":"<p>La Municipalidad de Campo Quijano dar\u00e1 a conocer el programa de actividades que se realizar\u00e1n en la Plaza Mart\u00edn Fierro y otros lugares del pueblo para comenzar un mes patrio y mes del cumplea\u00f1os de Quijano. El Director de Cultura , Profesor Javier Gonz\u00e1lez , en comunicaci\u00f3n con RQ99.9Mhz, anticip\u00f3 que el cronograma se dar\u00e1 [&hellip;]<\/p>\n","protected":false},"author":8,"featured_media":8406,"comment_status":"open","ping_status":"open","sticky":false,"template":"","format":"standard","meta":{"_monsterinsights_skip_tracking":false,"_monsterinsights_sitenote_active":false,"_monsterinsights_sitenote_note":"","_monsterinsights_sitenote_category":0,"footnotes":""},"categories":[16],"tags":[1447,100],"class_list":["post-8401","post","type-post","status-publish","format-standard","has-post-thumbnail","hentry","category-noticias","tag-director-de-cultura-del-municipio-de-campo-quijano","tag-municipio-de-campo-quijano"],"yoast_head":"<!-- This site is optimized with the Yoast SEO plugin v20.8 - https:\/\/yoast.com\/wordpress\/plugins\/seo\/ -->\n<title>Julio mes de celebraci\u00f3n y recuerdos. - RQ 99.9<\/title>\n<meta name=\"description\" content=\"Las propuestas est\u00e1n pensadas para toda la familia.\" \/>\n<meta name=\"robots\" content=\"index, follow, max-snippet:-1, max-image-preview:large, max-video-preview:-1\" \/>\n<link rel=\"canonical\" href=\"https:\/\/nahuelproducciones.com.ar\/radioquijano\/julio-mes-de-celebracion-y-recuerdos\/\" \/>\n<meta property=\"og:locale\" content=\"es_ES\" \/>\n<meta property=\"og:type\" content=\"article\" \/>\n<meta property=\"og:title\" content=\"Julio mes de celebraci\u00f3n y recuerdos. - RQ 99.9\" \/>\n<meta property=\"og:description\" content=\"Las propuestas est\u00e1n pensadas para toda la familia.\" \/>\n<meta property=\"og:url\" content=\"https:\/\/nahuelproducciones.com.ar\/radioquijano\/julio-mes-de-celebracion-y-recuerdos\/\" \/>\n<meta property=\"og:site_name\" content=\"RQ 99.9\" \/>\n<meta property=\"article:publisher\" content=\"https:\/\/www.facebook.com\/nahuelproducciones999\/\" \/>\n<meta property=\"article:published_time\" content=\"2024-06-30T15:26:30+00:00\" \/>\n<meta property=\"article:modified_time\" content=\"2024-06-30T15:38:59+00:00\" \/>\n<meta property=\"og:image\" content=\"https:\/\/nahuelproducciones.com.ar\/radioquijano\/wp-content\/uploads\/2024\/06\/WhatsApp-Image-2024-06-29-at-9.04.29-PM-1-e1719761323854.jpeg\" \/>\n\t<meta property=\"og:image:width\" content=\"700\" \/>\n\t<meta property=\"og:image:height\" content=\"670\" \/>\n\t<meta property=\"og:image:type\" content=\"image\/jpeg\" \/>\n<meta name=\"author\" content=\"Cecilia Pastrana\" \/>\n<meta name=\"twitter:card\" content=\"summary_large_image\" \/>\n<meta name=\"twitter:creator\" content=\"@nahuproduciones\" \/>\n<meta name=\"twitter:site\" content=\"@nahuproduciones\" \/>\n<meta name=\"twitter:label1\" content=\"Escrito por\" \/>\n\t<meta name=\"twitter:data1\" content=\"Cecilia Pastrana\" \/>\n\t<meta name=\"twitter:label2\" content=\"Tiempo de lectura\" \/>\n\t<meta name=\"twitter:data2\" content=\"1 minuto\" \/>\n<script type=\"application\/ld+json\" class=\"yoast-schema-graph\">{\"@context\":\"https:\/\/schema.org\",\"@graph\":[{\"@type\":\"WebPage\",\"@id\":\"https:\/\/nahuelproducciones.com.ar\/radioquijano\/julio-mes-de-celebracion-y-recuerdos\/\",\"url\":\"https:\/\/nahuelproducciones.com.ar\/radioquijano\/julio-mes-de-celebracion-y-recuerdos\/\",\"name\":\"Julio mes de celebraci\u00f3n y recuerdos. - RQ 99.9\",\"isPartOf\":{\"@id\":\"https:\/\/nahuelproducciones.com.ar\/radioquijano\/#website\"},\"datePublished\":\"2024-06-30T15:26:30+00:00\",\"dateModified\":\"2024-06-30T15:38:59+00:00\",\"author\":{\"@id\":\"https:\/\/nahuelproducciones.com.ar\/radioquijano\/#\/schema\/person\/e8a4f939e2cb487fe6d0c54042c9d32c\"},\"description\":\"Las propuestas est\u00e1n pensadas para toda la familia.\",\"breadcrumb\":{\"@id\":\"https:\/\/nahuelproducciones.com.ar\/radioquijano\/julio-mes-de-celebracion-y-recuerdos\/#breadcrumb\"},\"inLanguage\":\"es\",\"potentialAction\":[{\"@type\":\"ReadAction\",\"target\":[\"https:\/\/nahuelproducciones.com.ar\/radioquijano\/julio-mes-de-celebracion-y-recuerdos\/\"]}]},{\"@type\":\"BreadcrumbList\",\"@id\":\"https:\/\/nahuelproducciones.com.ar\/radioquijano\/julio-mes-de-celebracion-y-recuerdos\/#breadcrumb\",\"itemListElement\":[{\"@type\":\"ListItem\",\"position\":1,\"name\":\"Portada\",\"item\":\"https:\/\/nahuelproducciones.com.ar\/radioquijano\/\"},{\"@type\":\"ListItem\",\"position\":2,\"name\":\"Julio mes de celebraci\u00f3n y recuerdos.\"}]},{\"@type\":\"WebSite\",\"@id\":\"https:\/\/nahuelproducciones.com.ar\/radioquijano\/#website\",\"url\":\"https:\/\/nahuelproducciones.com.ar\/radioquijano\/\",\"name\":\"RQ 99.9\",\"description\":\"Radio Quijano 99.9 MHz\",\"potentialAction\":[{\"@type\":\"SearchAction\",\"target\":{\"@type\":\"EntryPoint\",\"urlTemplate\":\"https:\/\/nahuelproducciones.com.ar\/radioquijano\/?s={search_term_string}\"},\"query-input\":\"required name=search_term_string\"}],\"inLanguage\":\"es\"},{\"@type\":\"Person\",\"@id\":\"https:\/\/nahuelproducciones.com.ar\/radioquijano\/#\/schema\/person\/e8a4f939e2cb487fe6d0c54042c9d32c\",\"name\":\"Cecilia Pastrana\",\"image\":{\"@type\":\"ImageObject\",\"inLanguage\":\"es\",\"@id\":\"https:\/\/nahuelproducciones.com.ar\/radioquijano\/#\/schema\/person\/image\/\",\"url\":\"https:\/\/secure.gravatar.com\/avatar\/661a3ef63a8488d4f2794ed44af8cf71420f7e106f3072c40125114df5157749?s=96&d=mm&r=g\",\"contentUrl\":\"https:\/\/secure.gravatar.com\/avatar\/661a3ef63a8488d4f2794ed44af8cf71420f7e106f3072c40125114df5157749?s=96&d=mm&r=g\",\"caption\":\"Cecilia Pastrana\"},\"sameAs\":[\"cecy\"],\"url\":\"https:\/\/nahuelproducciones.com.ar\/radioquijano\/author\/cecy\/\"}]}<\/script>\n<!-- \/ Yoast SEO plugin. -->","yoast_head_json":{"title":"Julio mes de celebraci\u00f3n y recuerdos. - RQ 99.9","description":"Las propuestas est\u00e1n pensadas para toda la familia.","robots":{"index":"index","follow":"follow","max-snippet":"max-snippet:-1","max-image-preview":"max-image-preview:large","max-video-preview":"max-video-preview:-1"},"canonical":"https:\/\/nahuelproducciones.com.ar\/radioquijano\/julio-mes-de-celebracion-y-recuerdos\/","og_locale":"es_ES","og_type":"article","og_title":"Julio mes de celebraci\u00f3n y recuerdos. - RQ 99.9","og_description":"Las propuestas est\u00e1n pensadas para toda la familia.","og_url":"https:\/\/nahuelproducciones.com.ar\/radioquijano\/julio-mes-de-celebracion-y-recuerdos\/","og_site_name":"RQ 99.9","article_publisher":"https:\/\/www.facebook.com\/nahuelproducciones999\/","article_published_time":"2024-06-30T15:26:30+00:00","article_modified_time":"2024-06-30T15:38:59+00:00","og_image":[{"width":700,"height":670,"url":"https:\/\/nahuelproducciones.com.ar\/radioquijano\/wp-content\/uploads\/2024\/06\/WhatsApp-Image-2024-06-29-at-9.04.29-PM-1-e1719761323854.jpeg","type":"image\/jpeg"}],"author":"Cecilia Pastrana","twitter_card":"summary_large_image","twitter_creator":"@nahuproduciones","twitter_site":"@nahuproduciones","twitter_misc":{"Escrito por":"Cecilia Pastrana","Tiempo de lectura":"1 minuto"},"schema":{"@context":"https:\/\/schema.org","@graph":[{"@type":"WebPage","@id":"https:\/\/nahuelproducciones.com.ar\/radioquijano\/julio-mes-de-celebracion-y-recuerdos\/","url":"https:\/\/nahuelproducciones.com.ar\/radioquijano\/julio-mes-de-celebracion-y-recuerdos\/","name":"Julio mes de celebraci\u00f3n y recuerdos. - RQ 99.9","isPartOf":{"@id":"https:\/\/nahuelproducciones.com.ar\/radioquijano\/#website"},"datePublished":"2024-06-30T15:26:30+00:00","dateModified":"2024-06-30T15:38:59+00:00","author":{"@id":"https:\/\/nahuelproducciones.com.ar\/radioquijano\/#\/schema\/person\/e8a4f939e2cb487fe6d0c54042c9d32c"},"description":"Las propuestas est\u00e1n pensadas para toda la familia.","breadcrumb":{"@id":"https:\/\/nahuelproducciones.com.ar\/radioquijano\/julio-mes-de-celebracion-y-recuerdos\/#breadcrumb"},"inLanguage":"es","potentialAction":[{"@type":"ReadAction","target":["https:\/\/nahuelproducciones.com.ar\/radioquijano\/julio-mes-de-celebracion-y-recuerdos\/"]}]},{"@type":"BreadcrumbList","@id":"https:\/\/nahuelproducciones.com.ar\/radioquijano\/julio-mes-de-celebracion-y-recuerdos\/#breadcrumb","itemListElement":[{"@type":"ListItem","position":1,"name":"Portada","item":"https:\/\/nahuelproducciones.com.ar\/radioquijano\/"},{"@type":"ListItem","position":2,"name":"Julio mes de celebraci\u00f3n y recuerdos."}]},{"@type":"WebSite","@id":"https:\/\/nahuelproducciones.com.ar\/radioquijano\/#website","url":"https:\/\/nahuelproducciones.com.ar\/radioquijano\/","name":"RQ 99.9","description":"Radio Quijano 99.9 MHz","potentialAction":[{"@type":"SearchAction","target":{"@type":"EntryPoint","urlTemplate":"https:\/\/nahuelproducciones.com.ar\/radioquijano\/?s={search_term_string}"},"query-input":"required name=search_term_string"}],"inLanguage":"es"},{"@type":"Person","@id":"https:\/\/nahuelproducciones.com.ar\/radioquijano\/#\/schema\/person\/e8a4f939e2cb487fe6d0c54042c9d32c","name":"Cecilia Pastrana","image":{"@type":"ImageObject","inLanguage":"es","@id":"https:\/\/nahuelproducciones.com.ar\/radioquijano\/#\/schema\/person\/image\/","url":"https:\/\/secure.gravatar.com\/avatar\/661a3ef63a8488d4f2794ed44af8cf71420f7e106f3072c40125114df5157749?s=96&d=mm&r=g","contentUrl":"https:\/\/secure.gravatar.com\/avatar\/661a3ef63a8488d4f2794ed44af8cf71420f7e106f3072c40125114df5157749?s=96&d=mm&r=g","caption":"Cecilia Pastrana"},"sameAs":["cecy"],"url":"https:\/\/nahuelproducciones.com.ar\/radioquijano\/author\/cecy\/"}]}},"_links":{"self":[{"href":"https:\/\/nahuelproducciones.com.ar\/radioquijano\/wp-json\/wp\/v2\/posts\/8401","targetHints":{"allow":["GET"]}}],"collection":[{"href":"https:\/\/nahuelproducciones.com.ar\/radioquijano\/wp-json\/wp\/v2\/posts"}],"about":[{"href":"https:\/\/nahuelproducciones.com.ar\/radioquijano\/wp-json\/wp\/v2\/types\/post"}],"author":[{"embeddable":true,"href":"https:\/\/nahuelproducciones.com.ar\/radioquijano\/wp-json\/wp\/v2\/users\/8"}],"replies":[{"embeddable":true,"href":"https:\/\/nahuelproducciones.com.ar\/radioquijano\/wp-json\/wp\/v2\/comments?post=8401"}],"version-history":[{"count":1,"href":"https:\/\/nahuelproducciones.com.ar\/radioquijano\/wp-json\/wp\/v2\/posts\/8401\/revisions"}],"predecessor-version":[{"id":8405,"href":"https:\/\/nahuelproducciones.com.ar\/radioquijano\/wp-json\/wp\/v2\/posts\/8401\/revisions\/8405"}],"wp:featuredmedia":[{"embeddable":true,"href":"https:\/\/nahuelproducciones.com.ar\/radioquijano\/wp-json\/wp\/v2\/media\/8406"}],"wp:attachment":[{"href":"https:\/\/nahuelproducciones.com.ar\/radioquijano\/wp-json\/wp\/v2\/media?parent=8401"}],"wp:term":[{"taxonomy":"category","embeddable":true,"href":"https:\/\/nahuelproducciones.com.ar\/radioquijano\/wp-json\/wp\/v2\/categories?post=8401"},{"taxonomy":"post_tag","embeddable":true,"href":"https:\/\/nahuelproducciones.com.ar\/radioquijano\/wp-json\/wp\/v2\/tags?post=8401"}],"curies":[{"name":"wp","href":"https:\/\/api.w.org\/{rel}","templated":true}]}}