{"id":8407,"date":"2024-07-12T00:12:56","date_gmt":"2024-07-12T03:12:56","guid":{"rendered":"https:\/\/nahuelproducciones.com.ar\/radioquijano\/?p=8407"},"modified":"2024-07-12T00:31:29","modified_gmt":"2024-07-12T03:31:29","slug":"la-importancia-de-la-transparencia-legislativa-y-la-respuesta-a-la-prensa","status":"publish","type":"post","link":"https:\/\/nahuelproducciones.com.ar\/radioquijano\/la-importancia-de-la-transparencia-legislativa-y-la-respuesta-a-la-prensa\/","title":{"rendered":"La Importancia de la Transparencia Legislativa y la Respuesta a la Prensa"},"content":{"rendered":"\n<hr class=\"wp-block-separator has-alpha-channel-opacity\"\/>\n\n\n\n<h3 class=\"wp-block-heading\">Todo surge en virtud de lograr no solo para RQ99.9 sino tambi\u00e9n para toda una comunidad que espera sinceramente alg\u00fan tipo de respuesta, comentario o posici\u00f3n pol\u00edtica de nuestros funcionarios respecto de nuestras fechas patrias.<\/h3>\n\n\n\n<p>La pregunta fue f\u00e1cil, de f\u00e1cil interpretaci\u00f3n y sobre todo buscando en el interior de nuestros funcionarios para lograr entender en cierta forma su pertenencia pol\u00edtica, social, legislativa o interior si se quiere en cuanto a nuestra historia como Rep\u00fablica Argentina o com Patria.<\/p>\n\n\n\n<p>La pregunta enviada por Whatsapp: <strong>\u00ab\u00bfQUE SIGNIFICA EL 9 DE JULIO PARA UD?\u00bb<\/strong> Respuesta que ser\u00eda publicada en nuestro medio radial de manera rotativa.<\/p>\n\n\n\n<p>Los receptores fueron Int. lino Yonar; Dips. Nicol\u00e1s Taibo, Griselda Galleguillos; Sen. Perica Minetti; Ediles Pablo Orosco, Patricio Suarez, Cristina Ger\u00f3n, Mirta Copa y Lorena Torres. Pablo Monteros,nobleza obliga, el mensaje fue escrito pero no sali\u00f3 quien sabe porque raz\u00f3n o circunstancia.<\/p>\n\n\n\n<p>Aqui las respuestas:<br> <\/p>\n\n\n\n<figure class=\"wp-block-audio\"><audio controls src=\"https:\/\/nahuelproducciones.com.ar\/radioquijano\/wp-content\/uploads\/2024\/07\/Lino-Yonar-9-de-julio.ogg\"><\/audio><figcaption class=\"wp-element-caption\">Int. Lino Yonar<\/figcaption><\/figure>\n\n\n\n<figure class=\"wp-block-audio\"><audio controls src=\"https:\/\/nahuelproducciones.com.ar\/radioquijano\/wp-content\/uploads\/2024\/07\/Pablo-Orosco-9-de-julio.ogg\"><\/audio><figcaption class=\"wp-element-caption\">Cjal. Pablo Orosco<\/figcaption><\/figure>\n\n\n\n<figure class=\"wp-block-audio\"><audio controls src=\"https:\/\/nahuelproducciones.com.ar\/radioquijano\/wp-content\/uploads\/2024\/07\/Cristina-Geron-9-de-julio.ogg\"><\/audio><figcaption class=\"wp-element-caption\">Cjal. Cristina Ger\u00f3n<\/figcaption><\/figure>\n\n\n\n<figure class=\"wp-block-audio\"><audio controls src=\"https:\/\/nahuelproducciones.com.ar\/radioquijano\/wp-content\/uploads\/2024\/07\/Lorena-Torres-9-de-Julio.ogg\"><\/audio><figcaption class=\"wp-element-caption\">Cjal. Lorena Torres<\/figcaption><\/figure>\n\n\n\n<p>Entonces nos queda elucubrar una reflexi\u00f3n sobre la importancia de que los funcionarios legislativos respondan consultas a la prensa para ser trasladadas a la opini\u00f3n p\u00fablica<\/p>\n\n\n\n<h3 class=\"wp-block-heading\">La Importancia de la Transparencia Legislativa y la Respuesta a la Prensa<\/h3>\n\n\n\n<p>La interacci\u00f3n entre los funcionarios legislativos y la prensa es un componente esencial en el funcionamiento de una democracia saludable. Esta relaci\u00f3n no solo fortalece la transparencia y la rendici\u00f3n de cuentas, sino que tambi\u00e9n fomenta una ciudadan\u00eda informada y activa. Aqu\u00ed se exponen algunas razones por las cuales es fundamental que los funcionarios legislativos respondan a las consultas de la prensa:<\/p>\n\n\n\n<h4 class=\"wp-block-heading\">1. <strong>Transparencia y Rendici\u00f3n de Cuentas<\/strong><\/h4>\n\n\n\n<p>La transparencia es un pilar b\u00e1sico de cualquier sistema democr\u00e1tico. Los funcionarios legislativos, al responder a las consultas de la prensa, demuestran que no tienen nada que ocultar y que est\u00e1n dispuestos a ser evaluados por sus acciones y decisiones. Esto genera un clima de confianza entre los ciudadanos y sus representantes, lo que es crucial para la legitimidad del sistema pol\u00edtico.<\/p>\n\n\n\n<h4 class=\"wp-block-heading\">2. <strong>Acceso a la Informaci\u00f3n<\/strong><\/h4>\n\n\n\n<p>La prensa act\u00faa como intermediaria entre el gobierno y la ciudadan\u00eda, proporcionando informaci\u00f3n que de otro modo podr\u00eda no estar f\u00e1cilmente disponible para el p\u00fablico en general. Cuando los legisladores responden a las consultas de la prensa, est\u00e1n facilitando el acceso a la informaci\u00f3n, permitiendo que los ciudadanos est\u00e9n mejor informados sobre las pol\u00edticas y decisiones que les afectan.<\/p>\n\n\n\n<h4 class=\"wp-block-heading\">3. <strong>Control y Vigilancia del Poder<\/strong><\/h4>\n\n\n\n<p>La funci\u00f3n de la prensa como \u201cperro guardi\u00e1n\u201d es vital en cualquier democracia. Al cuestionar y examinar a los funcionarios legislativos, los periodistas aseguran que estos se mantengan responsables y no abusen de su poder. Este escrutinio continuo es fundamental para prevenir la corrupci\u00f3n y el mal uso de los recursos p\u00fablicos.<\/p>\n\n\n\n<h4 class=\"wp-block-heading\">4. <strong>Fomento del Debate P\u00fablico<\/strong><\/h4>\n\n\n\n<p>Las respuestas de los legisladores a la prensa pueden estimular el debate p\u00fablico sobre temas de inter\u00e9s nacional o local. Al proporcionar sus perspectivas y justificaciones, los funcionarios legislativos enriquecen la discusi\u00f3n p\u00fablica y permiten que los ciudadanos comprendan mejor las complejidades de las pol\u00edticas y legislaciones en debate.<\/p>\n\n\n\n<h4 class=\"wp-block-heading\">5. <strong>Educaci\u00f3n C\u00edvica<\/strong><\/h4>\n\n\n\n<p>La interacci\u00f3n entre los legisladores y la prensa tambi\u00e9n desempe\u00f1a un papel educativo. A trav\u00e9s de las noticias y reportajes, los ciudadanos pueden aprender sobre el proceso legislativo, los desaf\u00edos que enfrenta el gobierno y c\u00f3mo pueden participar activamente en la vida pol\u00edtica. Esto es especialmente importante en sociedades donde la educaci\u00f3n c\u00edvica formal puede ser insuficiente.<\/p>\n\n\n\n<h4 class=\"wp-block-heading\">6. <strong>Respuesta a las Necesidades Ciudadanas<\/strong><\/h4>\n\n\n\n<p>La prensa a menudo act\u00faa como portavoz de las preocupaciones y necesidades de la ciudadan\u00eda. Al responder a las consultas de los periodistas, los legisladores demuestran su compromiso con escuchar y abordar las preocupaciones de sus electores. Esto no solo mejora la percepci\u00f3n p\u00fablica de los funcionarios, sino que tambi\u00e9n puede llevar a una formulaci\u00f3n de pol\u00edticas m\u00e1s efectiva y receptiva.<\/p>\n\n\n\n<h4 class=\"wp-block-heading\">7. <strong>Fortalecimiento de la Democracia<\/strong><\/h4>\n\n\n\n<p>Finalmente, una relaci\u00f3n abierta y colaborativa entre los legisladores y la prensa fortalece la democracia en su conjunto. La capacidad de los medios para cuestionar a los funcionarios y recibir respuestas claras y precisas es una se\u00f1al de una democracia vibrante y funcional, donde el poder se ejerce con responsabilidad y los ciudadanos est\u00e1n empoderados para participar en la toma de decisiones.<\/p>\n\n\n\n<hr class=\"wp-block-separator has-alpha-channel-opacity\"\/>\n\n\n\n<blockquote class=\"wp-block-quote has-white-color has-vivid-cyan-blue-background-color has-text-color has-background is-layout-flow wp-block-quote-is-layout-flow\">\n<p><strong>En conclusi\u00f3n, la disposici\u00f3n de los funcionarios legislativos para responder a las consultas de la prensa es crucial para la transparencia, la rendici\u00f3n de cuentas y el fortalecimiento de la democracia. A trav\u00e9s de este di\u00e1logo continuo, se asegura que los ciudadanos est\u00e9n informados, los funcionarios sean responsables y el sistema democr\u00e1tico funcione de manera efectiva y justa.<\/strong><\/p>\n<cite>Atte. Cady Guzm\u00e1n<\/cite><\/blockquote>\n","protected":false},"excerpt":{"rendered":"<p>Todo surge en virtud de lograr no solo para RQ99.9 sino tambi\u00e9n para toda una comunidad que espera sinceramente alg\u00fan tipo de respuesta, comentario o posici\u00f3n pol\u00edtica de nuestros funcionarios respecto de nuestras fechas patrias. La pregunta fue f\u00e1cil, de f\u00e1cil interpretaci\u00f3n y sobre todo buscando en el interior de nuestros funcionarios para lograr entender [&hellip;]<\/p>\n","protected":false},"author":6,"featured_media":8414,"comment_status":"open","ping_status":"open","sticky":false,"template":"","format":"standard","meta":{"_monsterinsights_skip_tracking":false,"_monsterinsights_sitenote_active":false,"_monsterinsights_sitenote_note":"","_monsterinsights_sitenote_category":0,"footnotes":""},"categories":[16],"tags":[73,36,58,75,1583,63,1582,96,84,1302,306,71,100,1580,1581,47,62],"class_list":["post-8407","post","type-post","status-publish","format-standard","has-post-thumbnail","hentry","category-noticias","tag-ariel-gallardo","tag-campo-quijano","tag-carlos-folloni","tag-concejo-deliberante-de-campo-quijano","tag-javier-zambrano","tag-lino-yonar","tag-lorena-torres","tag-lupy-cruz","tag-manuel-cornejo","tag-milei","tag-mirta-copa","tag-municipalidad-de-campo-quijano","tag-municipio-de-campo-quijano","tag-pablo-orosco","tag-patricio-suarez","tag-rosario-de-lerma","tag-topo-ramos"],"yoast_head":"<!-- This site is optimized with the Yoast SEO plugin v20.8 - https:\/\/yoast.com\/wordpress\/plugins\/seo\/ -->\n<title>La Importancia de la Transparencia Legislativa y la Respuesta a la Prensa - RQ 99.9<\/title>\n<meta name=\"robots\" content=\"index, follow, max-snippet:-1, max-image-preview:large, max-video-preview:-1\" \/>\n<link rel=\"canonical\" href=\"https:\/\/nahuelproducciones.com.ar\/radioquijano\/la-importancia-de-la-transparencia-legislativa-y-la-respuesta-a-la-prensa\/\" \/>\n<meta property=\"og:locale\" content=\"es_ES\" \/>\n<meta property=\"og:type\" content=\"article\" \/>\n<meta property=\"og:title\" content=\"La Importancia de la Transparencia Legislativa y la Respuesta a la Prensa - RQ 99.9\" \/>\n<meta property=\"og:description\" content=\"Todo surge en virtud de lograr no solo para RQ99.9 sino tambi\u00e9n para toda una comunidad que espera sinceramente alg\u00fan tipo de respuesta, comentario o posici\u00f3n pol\u00edtica de nuestros funcionarios respecto de nuestras fechas patrias. La pregunta fue f\u00e1cil, de f\u00e1cil interpretaci\u00f3n y sobre todo buscando en el interior de nuestros funcionarios para lograr entender [&hellip;]\" \/>\n<meta property=\"og:url\" content=\"https:\/\/nahuelproducciones.com.ar\/radioquijano\/la-importancia-de-la-transparencia-legislativa-y-la-respuesta-a-la-prensa\/\" \/>\n<meta property=\"og:site_name\" content=\"RQ 99.9\" \/>\n<meta property=\"article:publisher\" content=\"https:\/\/www.facebook.com\/nahuelproducciones999\/\" \/>\n<meta property=\"article:published_time\" content=\"2024-07-12T03:12:56+00:00\" \/>\n<meta property=\"article:modified_time\" content=\"2024-07-12T03:31:29+00:00\" \/>\n<meta property=\"og:image\" content=\"https:\/\/nahuelproducciones.com.ar\/radioquijano\/wp-content\/uploads\/2024\/07\/450226817_884790900343988_5475646624091056561_n.jpg\" \/>\n\t<meta property=\"og:image:width\" content=\"900\" \/>\n\t<meta property=\"og:image:height\" content=\"1000\" \/>\n\t<meta property=\"og:image:type\" content=\"image\/jpeg\" \/>\n<meta name=\"author\" content=\"Ricardo Guzman\" \/>\n<meta name=\"twitter:card\" content=\"summary_large_image\" \/>\n<meta name=\"twitter:creator\" content=\"@nahuproduciones\" \/>\n<meta name=\"twitter:site\" content=\"@nahuproduciones\" \/>\n<meta name=\"twitter:label1\" content=\"Escrito por\" \/>\n\t<meta name=\"twitter:data1\" content=\"Ricardo Guzman\" \/>\n\t<meta name=\"twitter:label2\" content=\"Tiempo de lectura\" \/>\n\t<meta name=\"twitter:data2\" content=\"4 minutos\" \/>\n<script type=\"application\/ld+json\" class=\"yoast-schema-graph\">{\"@context\":\"https:\/\/schema.org\",\"@graph\":[{\"@type\":\"WebPage\",\"@id\":\"https:\/\/nahuelproducciones.com.ar\/radioquijano\/la-importancia-de-la-transparencia-legislativa-y-la-respuesta-a-la-prensa\/\",\"url\":\"https:\/\/nahuelproducciones.com.ar\/radioquijano\/la-importancia-de-la-transparencia-legislativa-y-la-respuesta-a-la-prensa\/\",\"name\":\"La Importancia de la Transparencia Legislativa y la Respuesta a la Prensa - RQ 99.9\",\"isPartOf\":{\"@id\":\"https:\/\/nahuelproducciones.com.ar\/radioquijano\/#website\"},\"datePublished\":\"2024-07-12T03:12:56+00:00\",\"dateModified\":\"2024-07-12T03:31:29+00:00\",\"author\":{\"@id\":\"https:\/\/nahuelproducciones.com.ar\/radioquijano\/#\/schema\/person\/b9b81a110cbdf07949e2cd02d478ab9d\"},\"breadcrumb\":{\"@id\":\"https:\/\/nahuelproducciones.com.ar\/radioquijano\/la-importancia-de-la-transparencia-legislativa-y-la-respuesta-a-la-prensa\/#breadcrumb\"},\"inLanguage\":\"es\",\"potentialAction\":[{\"@type\":\"ReadAction\",\"target\":[\"https:\/\/nahuelproducciones.com.ar\/radioquijano\/la-importancia-de-la-transparencia-legislativa-y-la-respuesta-a-la-prensa\/\"]}]},{\"@type\":\"BreadcrumbList\",\"@id\":\"https:\/\/nahuelproducciones.com.ar\/radioquijano\/la-importancia-de-la-transparencia-legislativa-y-la-respuesta-a-la-prensa\/#breadcrumb\",\"itemListElement\":[{\"@type\":\"ListItem\",\"position\":1,\"name\":\"Portada\",\"item\":\"https:\/\/nahuelproducciones.com.ar\/radioquijano\/\"},{\"@type\":\"ListItem\",\"position\":2,\"name\":\"La Importancia de la Transparencia Legislativa y la Respuesta a la Prensa\"}]},{\"@type\":\"WebSite\",\"@id\":\"https:\/\/nahuelproducciones.com.ar\/radioquijano\/#website\",\"url\":\"https:\/\/nahuelproducciones.com.ar\/radioquijano\/\",\"name\":\"RQ 99.9\",\"description\":\"Radio Quijano 99.9 MHz\",\"potentialAction\":[{\"@type\":\"SearchAction\",\"target\":{\"@type\":\"EntryPoint\",\"urlTemplate\":\"https:\/\/nahuelproducciones.com.ar\/radioquijano\/?s={search_term_string}\"},\"query-input\":\"required name=search_term_string\"}],\"inLanguage\":\"es\"},{\"@type\":\"Person\",\"@id\":\"https:\/\/nahuelproducciones.com.ar\/radioquijano\/#\/schema\/person\/b9b81a110cbdf07949e2cd02d478ab9d\",\"name\":\"Ricardo Guzman\",\"image\":{\"@type\":\"ImageObject\",\"inLanguage\":\"es\",\"@id\":\"https:\/\/nahuelproducciones.com.ar\/radioquijano\/#\/schema\/person\/image\/\",\"url\":\"https:\/\/secure.gravatar.com\/avatar\/a5d582deda251f95dc882b72fc6e7b4854f88bb25c3154519210afffa7d706e8?s=96&d=mm&r=g\",\"contentUrl\":\"https:\/\/secure.gravatar.com\/avatar\/a5d582deda251f95dc882b72fc6e7b4854f88bb25c3154519210afffa7d706e8?s=96&d=mm&r=g\",\"caption\":\"Ricardo Guzman\"},\"url\":\"https:\/\/nahuelproducciones.com.ar\/radioquijano\/author\/cady\/\"}]}<\/script>\n<!-- \/ Yoast SEO plugin. -->","yoast_head_json":{"title":"La Importancia de la Transparencia Legislativa y la Respuesta a la Prensa - RQ 99.9","robots":{"index":"index","follow":"follow","max-snippet":"max-snippet:-1","max-image-preview":"max-image-preview:large","max-video-preview":"max-video-preview:-1"},"canonical":"https:\/\/nahuelproducciones.com.ar\/radioquijano\/la-importancia-de-la-transparencia-legislativa-y-la-respuesta-a-la-prensa\/","og_locale":"es_ES","og_type":"article","og_title":"La Importancia de la Transparencia Legislativa y la Respuesta a la Prensa - RQ 99.9","og_description":"Todo surge en virtud de lograr no solo para RQ99.9 sino tambi\u00e9n para toda una comunidad que espera sinceramente alg\u00fan tipo de respuesta, comentario o posici\u00f3n pol\u00edtica de nuestros funcionarios respecto de nuestras fechas patrias. La pregunta fue f\u00e1cil, de f\u00e1cil interpretaci\u00f3n y sobre todo buscando en el interior de nuestros funcionarios para lograr entender [&hellip;]","og_url":"https:\/\/nahuelproducciones.com.ar\/radioquijano\/la-importancia-de-la-transparencia-legislativa-y-la-respuesta-a-la-prensa\/","og_site_name":"RQ 99.9","article_publisher":"https:\/\/www.facebook.com\/nahuelproducciones999\/","article_published_time":"2024-07-12T03:12:56+00:00","article_modified_time":"2024-07-12T03:31:29+00:00","og_image":[{"width":900,"height":1000,"url":"https:\/\/nahuelproducciones.com.ar\/radioquijano\/wp-content\/uploads\/2024\/07\/450226817_884790900343988_5475646624091056561_n.jpg","type":"image\/jpeg"}],"author":"Ricardo Guzman","twitter_card":"summary_large_image","twitter_creator":"@nahuproduciones","twitter_site":"@nahuproduciones","twitter_misc":{"Escrito por":"Ricardo Guzman","Tiempo de lectura":"4 minutos"},"schema":{"@context":"https:\/\/schema.org","@graph":[{"@type":"WebPage","@id":"https:\/\/nahuelproducciones.com.ar\/radioquijano\/la-importancia-de-la-transparencia-legislativa-y-la-respuesta-a-la-prensa\/","url":"https:\/\/nahuelproducciones.com.ar\/radioquijano\/la-importancia-de-la-transparencia-legislativa-y-la-respuesta-a-la-prensa\/","name":"La Importancia de la Transparencia Legislativa y la Respuesta a la Prensa - RQ 99.9","isPartOf":{"@id":"https:\/\/nahuelproducciones.com.ar\/radioquijano\/#website"},"datePublished":"2024-07-12T03:12:56+00:00","dateModified":"2024-07-12T03:31:29+00:00","author":{"@id":"https:\/\/nahuelproducciones.com.ar\/radioquijano\/#\/schema\/person\/b9b81a110cbdf07949e2cd02d478ab9d"},"breadcrumb":{"@id":"https:\/\/nahuelproducciones.com.ar\/radioquijano\/la-importancia-de-la-transparencia-legislativa-y-la-respuesta-a-la-prensa\/#breadcrumb"},"inLanguage":"es","potentialAction":[{"@type":"ReadAction","target":["https:\/\/nahuelproducciones.com.ar\/radioquijano\/la-importancia-de-la-transparencia-legislativa-y-la-respuesta-a-la-prensa\/"]}]},{"@type":"BreadcrumbList","@id":"https:\/\/nahuelproducciones.com.ar\/radioquijano\/la-importancia-de-la-transparencia-legislativa-y-la-respuesta-a-la-prensa\/#breadcrumb","itemListElement":[{"@type":"ListItem","position":1,"name":"Portada","item":"https:\/\/nahuelproducciones.com.ar\/radioquijano\/"},{"@type":"ListItem","position":2,"name":"La Importancia de la Transparencia Legislativa y la Respuesta a la Prensa"}]},{"@type":"WebSite","@id":"https:\/\/nahuelproducciones.com.ar\/radioquijano\/#website","url":"https:\/\/nahuelproducciones.com.ar\/radioquijano\/","name":"RQ 99.9","description":"Radio Quijano 99.9 MHz","potentialAction":[{"@type":"SearchAction","target":{"@type":"EntryPoint","urlTemplate":"https:\/\/nahuelproducciones.com.ar\/radioquijano\/?s={search_term_string}"},"query-input":"required name=search_term_string"}],"inLanguage":"es"},{"@type":"Person","@id":"https:\/\/nahuelproducciones.com.ar\/radioquijano\/#\/schema\/person\/b9b81a110cbdf07949e2cd02d478ab9d","name":"Ricardo Guzman","image":{"@type":"ImageObject","inLanguage":"es","@id":"https:\/\/nahuelproducciones.com.ar\/radioquijano\/#\/schema\/person\/image\/","url":"https:\/\/secure.gravatar.com\/avatar\/a5d582deda251f95dc882b72fc6e7b4854f88bb25c3154519210afffa7d706e8?s=96&d=mm&r=g","contentUrl":"https:\/\/secure.gravatar.com\/avatar\/a5d582deda251f95dc882b72fc6e7b4854f88bb25c3154519210afffa7d706e8?s=96&d=mm&r=g","caption":"Ricardo Guzman"},"url":"https:\/\/nahuelproducciones.com.ar\/radioquijano\/author\/cady\/"}]}},"_links":{"self":[{"href":"https:\/\/nahuelproducciones.com.ar\/radioquijano\/wp-json\/wp\/v2\/posts\/8407","targetHints":{"allow":["GET"]}}],"collection":[{"href":"https:\/\/nahuelproducciones.com.ar\/radioquijano\/wp-json\/wp\/v2\/posts"}],"about":[{"href":"https:\/\/nahuelproducciones.com.ar\/radioquijano\/wp-json\/wp\/v2\/types\/post"}],"author":[{"embeddable":true,"href":"https:\/\/nahuelproducciones.com.ar\/radioquijano\/wp-json\/wp\/v2\/users\/6"}],"replies":[{"embeddable":true,"href":"https:\/\/nahuelproducciones.com.ar\/radioquijano\/wp-json\/wp\/v2\/comments?post=8407"}],"version-history":[{"count":3,"href":"https:\/\/nahuelproducciones.com.ar\/radioquijano\/wp-json\/wp\/v2\/posts\/8407\/revisions"}],"predecessor-version":[{"id":8417,"href":"https:\/\/nahuelproducciones.com.ar\/radioquijano\/wp-json\/wp\/v2\/posts\/8407\/revisions\/8417"}],"wp:featuredmedia":[{"embeddable":true,"href":"https:\/\/nahuelproducciones.com.ar\/radioquijano\/wp-json\/wp\/v2\/media\/8414"}],"wp:attachment":[{"href":"https:\/\/nahuelproducciones.com.ar\/radioquijano\/wp-json\/wp\/v2\/media?parent=8407"}],"wp:term":[{"taxonomy":"category","embeddable":true,"href":"https:\/\/nahuelproducciones.com.ar\/radioquijano\/wp-json\/wp\/v2\/categories?post=8407"},{"taxonomy":"post_tag","embeddable":true,"href":"https:\/\/nahuelproducciones.com.ar\/radioquijano\/wp-json\/wp\/v2\/tags?post=8407"}],"curies":[{"name":"wp","href":"https:\/\/api.w.org\/{rel}","templated":true}]}}