{"id":8419,"date":"2024-07-16T22:11:45","date_gmt":"2024-07-17T01:11:45","guid":{"rendered":"https:\/\/nahuelproducciones.com.ar\/radioquijano\/?p=8419"},"modified":"2024-07-16T22:11:46","modified_gmt":"2024-07-17T01:11:46","slug":"cerrado-el-concejo-deliberante-de-campo-quijano-hasta-el-22-de-julio","status":"publish","type":"post","link":"https:\/\/nahuelproducciones.com.ar\/radioquijano\/cerrado-el-concejo-deliberante-de-campo-quijano-hasta-el-22-de-julio\/","title":{"rendered":"Cerrado el Concejo Deliberante de Campo Quijano hasta el 22 de julio."},"content":{"rendered":"\n<p>En la Sesi\u00f3n Ordinaria N\u00b015 correspondiente al Per\u00edodo 2024 del Concejo Deliberante de Campo Quijano, realizada el d\u00eda 4 de julio del corriente a\u00f1o, se resolvi\u00f3 efectuar un RECESO en la actividad legislativa desde el d\u00eda 08 de julio hasta el 22 de julio inclusive.<\/p>\n\n\n\n<p>En comunicaci\u00f3n con RQ99.9Mhz, la concejal Lorena Torres manifest\u00f3 que no estaba de acuerdo con la medida y que una propuesta suya para sesionar en La Silleta no fue aceptada por la mayor\u00eda.<\/p>\n\n\n\n<p>Se dice que el receso es para realizar mejoras edilicias, pero no se especificaron cu\u00e1les ni de d\u00f3nde se obtendr\u00e1n los fondos para ejecutar las obras ni cu\u00e1nto ser\u00eda el monto efectivo. As\u00ed lo se\u00f1al\u00f3 la edil.<\/p>\n\n\n\n<p>Torres mencion\u00f3 que solicit\u00f3 en el Concejo que se informara a los medios de comunicaci\u00f3n sobre lo decidido, para que los vecinos conocieran la medida. Tambi\u00e9n pidi\u00f3 que se publicara la informaci\u00f3n en el perfil de Facebook, pero hasta el momento no se hab\u00eda subido.<\/p>\n\n\n\n<p>Reconoci\u00f3 la concejal que a todos los rotulan de vagos, pero es cierto que algunos concejales a\u00fan no han presentado propuestas para ser tratadas en las sesiones.<\/p>\n\n\n\n<p>La RESOLUCI\u00d3N N\u00b019\/2024 dice lo siguiente:<\/p>\n\n\n\n<p>ACTA 18\/2024<\/p>\n\n\n\n<p>04\/07\/2024<\/p>\n\n\n\n<p>Expte. N\u00b0799\/2024<\/p>\n\n\n\n<p>VISTO:<\/p>\n\n\n\n<p>Las atribuciones del Concejo Deliberante Ley 8126<\/p>\n\n\n\n<p>CONSIDERANDOS:<\/p>\n\n\n\n<p>Que, desde el Ejecutivo Municipal debe garantizar los recursos necesarios para el correcto funcionamiento del Concejo Deliberante,<\/p>\n\n\n\n<p>Que, la Resoluci\u00f3n de Cuerpo N\u00b0 05\/2024 estableci\u00f3 que el recinto del Concejo Deliberante se denominar\u00e1 \u00ab2 de Abril\u00bb;<\/p>\n\n\n\n<p>Que, en su Art. 2 de la presente Resoluci\u00f3n de Cuerpo mencionada ut supra se estableci\u00f3 la colocaci\u00f3n de una placa dentro del recinto del Concejo Deliberante en conmemoraci\u00f3n del D\u00eda del Veterano y los ca\u00eddos en la guerra de Malvinas;<\/p>\n\n\n\n<p>Que, es de p\u00fablico conocimiento que la infraestructura edilicia del Concejo se encuentra deteriorada:<\/p>\n\n\n\n<p>Que, este Cuerpo Colegiado establece que necesario disponer un receso legislativo a los efectos de que puedan llevarse a cabo diferentes arreglos y mantenimientos en el presente recinto;<\/p>\n\n\n\n<p>Que, por todo lo expuesto y dispuesto en la Sesi\u00f3n Extraordinaria surge materializar la voluntad del Concejo Deliberante para los temas en cuesti\u00f3n a trav\u00e9s del instrumento legal correspondiente.<\/p>\n\n\n\n<p>POR ELLO<\/p>\n\n\n\n<p>PRESENTE CON FUERZA DE:<\/p>\n\n\n\n<p>EL CONCEJO DELIBERANTE DEL MUNICIPIO DE CAMPO QUIJANO SANCIONA LA<\/p>\n\n\n\n<p>RESOLUCI\u00d3N<\/p>\n\n\n\n<p>ART\u00cdCULO N&#8217;1: EFECTUAR receso en la actividad legislativa a partir del 08 de Julio hasta el 22 de Julio del cte. a\u00f1o; conforme al considerando de la presente<\/p>\n\n\n\n<p>ART\u00cdCULO N\u00b02: Mientras dure el receso dispuesto por el Art. 1\u00ba de la presente Resoluci\u00f3n, quedar\u00e1n suspendidos todos los t\u00e9rminos previstos en los procedimientos y reglamentaciones administrativas vigentes que pudieren ser. opuestas al Concejo Deliberante por parte de terceros.<\/p>\n\n\n\n<p>ART\u00cdCULO N\u00b03: COMUN\u00cdQUESE al Departamento del Ejecutivo Municipal para su conocimiento y dem\u00e1s efectos. Luego Publiquese y Archivese<\/p>\n\n\n\n<p>ART\u00cdCULO N\u00b0 4: De Forma<\/p>\n\n\n\n<p>Sec. Parlamentario<\/p>\n\n\n\n<p>Jorge Martin Salas \u00c1lvarez Concejo Deliberante C.Q.<\/p>\n\n\n\n<p>Presidente<\/p>\n\n\n\n<p>Pablo M. Orosco<\/p>\n\n\n\n<p>Concejo Deliberante C.Q<\/p>\n\n\n\n<p> Escucha la entrevista con la Concejal Lorena Torres.:<\/p>\n\n\n\n<p><\/p>\n\n\n\n<figure class=\"wp-block-audio\"><audio controls src=\"https:\/\/nahuelproducciones.com.ar\/radioquijano\/wp-content\/uploads\/2024\/07\/11-07-2024-CONCEJAL-LORENA-TORRES-CONCEJO-CERRAO-DEL8-AL-22-DE-JULIO.mp3\"><\/audio><\/figure>\n","protected":false},"excerpt":{"rendered":"<p>En la Sesi\u00f3n Ordinaria N\u00b015 correspondiente al Per\u00edodo 2024 del Concejo Deliberante de Campo Quijano, realizada el d\u00eda 4 de julio del corriente a\u00f1o, se resolvi\u00f3 efectuar un RECESO en la actividad legislativa desde el d\u00eda 08 de julio hasta el 22 de julio inclusive. En comunicaci\u00f3n con RQ99.9Mhz, la concejal Lorena Torres manifest\u00f3 que [&hellip;]<\/p>\n","protected":false},"author":8,"featured_media":8421,"comment_status":"open","ping_status":"open","sticky":false,"template":"","format":"standard","meta":{"_monsterinsights_skip_tracking":false,"_monsterinsights_sitenote_active":false,"_monsterinsights_sitenote_note":"","_monsterinsights_sitenote_category":0,"footnotes":""},"categories":[16],"tags":[1584,75,100],"class_list":["post-8419","post","type-post","status-publish","format-standard","has-post-thumbnail","hentry","category-noticias","tag-concejal-lorena-tores","tag-concejo-deliberante-de-campo-quijano","tag-municipio-de-campo-quijano"],"yoast_head":"<!-- This site is optimized with the Yoast SEO plugin v20.8 - https:\/\/yoast.com\/wordpress\/plugins\/seo\/ -->\n<title>Cerrado el Concejo Deliberante de Campo Quijano hasta el 22 de julio. - RQ 99.9<\/title>\n<meta name=\"description\" content=\"Se dice que el receso es para realizar mejoras edilicias, pero no se especificaron cu\u00e1les ni de d\u00f3nde se obtendr\u00e1n los fondos para ejecutar las obras ni cu\u00e1nto ser\u00eda el monto efectivo. As\u00ed lo se\u00f1al\u00f3 la edil.\" \/>\n<meta name=\"robots\" content=\"index, follow, max-snippet:-1, max-image-preview:large, max-video-preview:-1\" \/>\n<link rel=\"canonical\" href=\"https:\/\/nahuelproducciones.com.ar\/radioquijano\/cerrado-el-concejo-deliberante-de-campo-quijano-hasta-el-22-de-julio\/\" \/>\n<meta property=\"og:locale\" content=\"es_ES\" \/>\n<meta property=\"og:type\" content=\"article\" \/>\n<meta property=\"og:title\" content=\"Cerrado el Concejo Deliberante de Campo Quijano hasta el 22 de julio. - RQ 99.9\" \/>\n<meta property=\"og:description\" content=\"Se dice que el receso es para realizar mejoras edilicias, pero no se especificaron cu\u00e1les ni de d\u00f3nde se obtendr\u00e1n los fondos para ejecutar las obras ni cu\u00e1nto ser\u00eda el monto efectivo. As\u00ed lo se\u00f1al\u00f3 la edil.\" \/>\n<meta property=\"og:url\" content=\"https:\/\/nahuelproducciones.com.ar\/radioquijano\/cerrado-el-concejo-deliberante-de-campo-quijano-hasta-el-22-de-julio\/\" \/>\n<meta property=\"og:site_name\" content=\"RQ 99.9\" \/>\n<meta property=\"article:publisher\" content=\"https:\/\/www.facebook.com\/nahuelproducciones999\/\" \/>\n<meta property=\"article:published_time\" content=\"2024-07-17T01:11:45+00:00\" \/>\n<meta property=\"article:modified_time\" content=\"2024-07-17T01:11:46+00:00\" \/>\n<meta property=\"og:image\" content=\"https:\/\/nahuelproducciones.com.ar\/radioquijano\/wp-content\/uploads\/2024\/07\/WhatsApp-Image-2024-07-16-at-7.36.53-PM.jpeg\" \/>\n\t<meta property=\"og:image:width\" content=\"548\" \/>\n\t<meta property=\"og:image:height\" content=\"440\" \/>\n\t<meta property=\"og:image:type\" content=\"image\/jpeg\" \/>\n<meta name=\"author\" content=\"Cecilia Pastrana\" \/>\n<meta name=\"twitter:card\" content=\"summary_large_image\" \/>\n<meta name=\"twitter:creator\" content=\"@nahuproduciones\" \/>\n<meta name=\"twitter:site\" content=\"@nahuproduciones\" \/>\n<meta name=\"twitter:label1\" content=\"Escrito por\" \/>\n\t<meta name=\"twitter:data1\" content=\"Cecilia Pastrana\" \/>\n\t<meta name=\"twitter:label2\" content=\"Tiempo de lectura\" \/>\n\t<meta name=\"twitter:data2\" content=\"3 minutos\" \/>\n<script type=\"application\/ld+json\" class=\"yoast-schema-graph\">{\"@context\":\"https:\/\/schema.org\",\"@graph\":[{\"@type\":\"WebPage\",\"@id\":\"https:\/\/nahuelproducciones.com.ar\/radioquijano\/cerrado-el-concejo-deliberante-de-campo-quijano-hasta-el-22-de-julio\/\",\"url\":\"https:\/\/nahuelproducciones.com.ar\/radioquijano\/cerrado-el-concejo-deliberante-de-campo-quijano-hasta-el-22-de-julio\/\",\"name\":\"Cerrado el Concejo Deliberante de Campo Quijano hasta el 22 de julio. - RQ 99.9\",\"isPartOf\":{\"@id\":\"https:\/\/nahuelproducciones.com.ar\/radioquijano\/#website\"},\"datePublished\":\"2024-07-17T01:11:45+00:00\",\"dateModified\":\"2024-07-17T01:11:46+00:00\",\"author\":{\"@id\":\"https:\/\/nahuelproducciones.com.ar\/radioquijano\/#\/schema\/person\/e8a4f939e2cb487fe6d0c54042c9d32c\"},\"description\":\"Se dice que el receso es para realizar mejoras edilicias, pero no se especificaron cu\u00e1les ni de d\u00f3nde se obtendr\u00e1n los fondos para ejecutar las obras ni cu\u00e1nto ser\u00eda el monto efectivo. As\u00ed lo se\u00f1al\u00f3 la edil.\",\"breadcrumb\":{\"@id\":\"https:\/\/nahuelproducciones.com.ar\/radioquijano\/cerrado-el-concejo-deliberante-de-campo-quijano-hasta-el-22-de-julio\/#breadcrumb\"},\"inLanguage\":\"es\",\"potentialAction\":[{\"@type\":\"ReadAction\",\"target\":[\"https:\/\/nahuelproducciones.com.ar\/radioquijano\/cerrado-el-concejo-deliberante-de-campo-quijano-hasta-el-22-de-julio\/\"]}]},{\"@type\":\"BreadcrumbList\",\"@id\":\"https:\/\/nahuelproducciones.com.ar\/radioquijano\/cerrado-el-concejo-deliberante-de-campo-quijano-hasta-el-22-de-julio\/#breadcrumb\",\"itemListElement\":[{\"@type\":\"ListItem\",\"position\":1,\"name\":\"Portada\",\"item\":\"https:\/\/nahuelproducciones.com.ar\/radioquijano\/\"},{\"@type\":\"ListItem\",\"position\":2,\"name\":\"Cerrado el Concejo Deliberante de Campo Quijano hasta el 22 de julio.\"}]},{\"@type\":\"WebSite\",\"@id\":\"https:\/\/nahuelproducciones.com.ar\/radioquijano\/#website\",\"url\":\"https:\/\/nahuelproducciones.com.ar\/radioquijano\/\",\"name\":\"RQ 99.9\",\"description\":\"Radio Quijano 99.9 MHz\",\"potentialAction\":[{\"@type\":\"SearchAction\",\"target\":{\"@type\":\"EntryPoint\",\"urlTemplate\":\"https:\/\/nahuelproducciones.com.ar\/radioquijano\/?s={search_term_string}\"},\"query-input\":\"required name=search_term_string\"}],\"inLanguage\":\"es\"},{\"@type\":\"Person\",\"@id\":\"https:\/\/nahuelproducciones.com.ar\/radioquijano\/#\/schema\/person\/e8a4f939e2cb487fe6d0c54042c9d32c\",\"name\":\"Cecilia Pastrana\",\"image\":{\"@type\":\"ImageObject\",\"inLanguage\":\"es\",\"@id\":\"https:\/\/nahuelproducciones.com.ar\/radioquijano\/#\/schema\/person\/image\/\",\"url\":\"https:\/\/secure.gravatar.com\/avatar\/661a3ef63a8488d4f2794ed44af8cf71420f7e106f3072c40125114df5157749?s=96&d=mm&r=g\",\"contentUrl\":\"https:\/\/secure.gravatar.com\/avatar\/661a3ef63a8488d4f2794ed44af8cf71420f7e106f3072c40125114df5157749?s=96&d=mm&r=g\",\"caption\":\"Cecilia Pastrana\"},\"sameAs\":[\"cecy\"],\"url\":\"https:\/\/nahuelproducciones.com.ar\/radioquijano\/author\/cecy\/\"}]}<\/script>\n<!-- \/ Yoast SEO plugin. -->","yoast_head_json":{"title":"Cerrado el Concejo Deliberante de Campo Quijano hasta el 22 de julio. - RQ 99.9","description":"Se dice que el receso es para realizar mejoras edilicias, pero no se especificaron cu\u00e1les ni de d\u00f3nde se obtendr\u00e1n los fondos para ejecutar las obras ni cu\u00e1nto ser\u00eda el monto efectivo. As\u00ed lo se\u00f1al\u00f3 la edil.","robots":{"index":"index","follow":"follow","max-snippet":"max-snippet:-1","max-image-preview":"max-image-preview:large","max-video-preview":"max-video-preview:-1"},"canonical":"https:\/\/nahuelproducciones.com.ar\/radioquijano\/cerrado-el-concejo-deliberante-de-campo-quijano-hasta-el-22-de-julio\/","og_locale":"es_ES","og_type":"article","og_title":"Cerrado el Concejo Deliberante de Campo Quijano hasta el 22 de julio. - RQ 99.9","og_description":"Se dice que el receso es para realizar mejoras edilicias, pero no se especificaron cu\u00e1les ni de d\u00f3nde se obtendr\u00e1n los fondos para ejecutar las obras ni cu\u00e1nto ser\u00eda el monto efectivo. As\u00ed lo se\u00f1al\u00f3 la edil.","og_url":"https:\/\/nahuelproducciones.com.ar\/radioquijano\/cerrado-el-concejo-deliberante-de-campo-quijano-hasta-el-22-de-julio\/","og_site_name":"RQ 99.9","article_publisher":"https:\/\/www.facebook.com\/nahuelproducciones999\/","article_published_time":"2024-07-17T01:11:45+00:00","article_modified_time":"2024-07-17T01:11:46+00:00","og_image":[{"width":548,"height":440,"url":"https:\/\/nahuelproducciones.com.ar\/radioquijano\/wp-content\/uploads\/2024\/07\/WhatsApp-Image-2024-07-16-at-7.36.53-PM.jpeg","type":"image\/jpeg"}],"author":"Cecilia Pastrana","twitter_card":"summary_large_image","twitter_creator":"@nahuproduciones","twitter_site":"@nahuproduciones","twitter_misc":{"Escrito por":"Cecilia Pastrana","Tiempo de lectura":"3 minutos"},"schema":{"@context":"https:\/\/schema.org","@graph":[{"@type":"WebPage","@id":"https:\/\/nahuelproducciones.com.ar\/radioquijano\/cerrado-el-concejo-deliberante-de-campo-quijano-hasta-el-22-de-julio\/","url":"https:\/\/nahuelproducciones.com.ar\/radioquijano\/cerrado-el-concejo-deliberante-de-campo-quijano-hasta-el-22-de-julio\/","name":"Cerrado el Concejo Deliberante de Campo Quijano hasta el 22 de julio. - RQ 99.9","isPartOf":{"@id":"https:\/\/nahuelproducciones.com.ar\/radioquijano\/#website"},"datePublished":"2024-07-17T01:11:45+00:00","dateModified":"2024-07-17T01:11:46+00:00","author":{"@id":"https:\/\/nahuelproducciones.com.ar\/radioquijano\/#\/schema\/person\/e8a4f939e2cb487fe6d0c54042c9d32c"},"description":"Se dice que el receso es para realizar mejoras edilicias, pero no se especificaron cu\u00e1les ni de d\u00f3nde se obtendr\u00e1n los fondos para ejecutar las obras ni cu\u00e1nto ser\u00eda el monto efectivo. As\u00ed lo se\u00f1al\u00f3 la edil.","breadcrumb":{"@id":"https:\/\/nahuelproducciones.com.ar\/radioquijano\/cerrado-el-concejo-deliberante-de-campo-quijano-hasta-el-22-de-julio\/#breadcrumb"},"inLanguage":"es","potentialAction":[{"@type":"ReadAction","target":["https:\/\/nahuelproducciones.com.ar\/radioquijano\/cerrado-el-concejo-deliberante-de-campo-quijano-hasta-el-22-de-julio\/"]}]},{"@type":"BreadcrumbList","@id":"https:\/\/nahuelproducciones.com.ar\/radioquijano\/cerrado-el-concejo-deliberante-de-campo-quijano-hasta-el-22-de-julio\/#breadcrumb","itemListElement":[{"@type":"ListItem","position":1,"name":"Portada","item":"https:\/\/nahuelproducciones.com.ar\/radioquijano\/"},{"@type":"ListItem","position":2,"name":"Cerrado el Concejo Deliberante de Campo Quijano hasta el 22 de julio."}]},{"@type":"WebSite","@id":"https:\/\/nahuelproducciones.com.ar\/radioquijano\/#website","url":"https:\/\/nahuelproducciones.com.ar\/radioquijano\/","name":"RQ 99.9","description":"Radio Quijano 99.9 MHz","potentialAction":[{"@type":"SearchAction","target":{"@type":"EntryPoint","urlTemplate":"https:\/\/nahuelproducciones.com.ar\/radioquijano\/?s={search_term_string}"},"query-input":"required name=search_term_string"}],"inLanguage":"es"},{"@type":"Person","@id":"https:\/\/nahuelproducciones.com.ar\/radioquijano\/#\/schema\/person\/e8a4f939e2cb487fe6d0c54042c9d32c","name":"Cecilia Pastrana","image":{"@type":"ImageObject","inLanguage":"es","@id":"https:\/\/nahuelproducciones.com.ar\/radioquijano\/#\/schema\/person\/image\/","url":"https:\/\/secure.gravatar.com\/avatar\/661a3ef63a8488d4f2794ed44af8cf71420f7e106f3072c40125114df5157749?s=96&d=mm&r=g","contentUrl":"https:\/\/secure.gravatar.com\/avatar\/661a3ef63a8488d4f2794ed44af8cf71420f7e106f3072c40125114df5157749?s=96&d=mm&r=g","caption":"Cecilia Pastrana"},"sameAs":["cecy"],"url":"https:\/\/nahuelproducciones.com.ar\/radioquijano\/author\/cecy\/"}]}},"_links":{"self":[{"href":"https:\/\/nahuelproducciones.com.ar\/radioquijano\/wp-json\/wp\/v2\/posts\/8419","targetHints":{"allow":["GET"]}}],"collection":[{"href":"https:\/\/nahuelproducciones.com.ar\/radioquijano\/wp-json\/wp\/v2\/posts"}],"about":[{"href":"https:\/\/nahuelproducciones.com.ar\/radioquijano\/wp-json\/wp\/v2\/types\/post"}],"author":[{"embeddable":true,"href":"https:\/\/nahuelproducciones.com.ar\/radioquijano\/wp-json\/wp\/v2\/users\/8"}],"replies":[{"embeddable":true,"href":"https:\/\/nahuelproducciones.com.ar\/radioquijano\/wp-json\/wp\/v2\/comments?post=8419"}],"version-history":[{"count":1,"href":"https:\/\/nahuelproducciones.com.ar\/radioquijano\/wp-json\/wp\/v2\/posts\/8419\/revisions"}],"predecessor-version":[{"id":8422,"href":"https:\/\/nahuelproducciones.com.ar\/radioquijano\/wp-json\/wp\/v2\/posts\/8419\/revisions\/8422"}],"wp:featuredmedia":[{"embeddable":true,"href":"https:\/\/nahuelproducciones.com.ar\/radioquijano\/wp-json\/wp\/v2\/media\/8421"}],"wp:attachment":[{"href":"https:\/\/nahuelproducciones.com.ar\/radioquijano\/wp-json\/wp\/v2\/media?parent=8419"}],"wp:term":[{"taxonomy":"category","embeddable":true,"href":"https:\/\/nahuelproducciones.com.ar\/radioquijano\/wp-json\/wp\/v2\/categories?post=8419"},{"taxonomy":"post_tag","embeddable":true,"href":"https:\/\/nahuelproducciones.com.ar\/radioquijano\/wp-json\/wp\/v2\/tags?post=8419"}],"curies":[{"name":"wp","href":"https:\/\/api.w.org\/{rel}","templated":true}]}}