{"id":8424,"date":"2024-07-16T23:25:02","date_gmt":"2024-07-17T02:25:02","guid":{"rendered":"https:\/\/nahuelproducciones.com.ar\/radioquijano\/?p=8424"},"modified":"2024-07-16T23:25:02","modified_gmt":"2024-07-17T02:25:02","slug":"el-frio-y-los-efectos-en-la-salud","status":"publish","type":"post","link":"https:\/\/nahuelproducciones.com.ar\/radioquijano\/el-frio-y-los-efectos-en-la-salud\/","title":{"rendered":"El Fr\u00edo y los efectos en la salud."},"content":{"rendered":"\n<p>El fr\u00edo intenso puede producir efectos perjudiciales para la salud de las personas, especialmente si son mayores, enfermos cr\u00f3nicos o ni\u00f1os.<\/p>\n\n\n\n<p>\u00a0En comunicaci\u00f3n telef\u00f3nica con RQ99.9Mhz\u00a0, la Lic. Rosario Ger\u00f3nimo , encargada del \u00e1rea EPIDEMIOLOG\u00cdA del Hospital Dr Francisco Herrera, nos coment\u00f3  que en esta \u00e9poca es necesario prestar atenci\u00f3n a los primeros s\u00edntomas que nos pueden indicar la aparici\u00f3n de\u00a0<strong>enfermedades infecciosas respiratorias<\/strong>.<\/p>\n\n\n\n<p>Como medidas generales recomend\u00f3 que debemos tener las vacunas incluidas en el Calendario Nacional de Vacunaci\u00f3n, que protegen contra muchas enfermedades disminuyendo las complicaciones en la salud. <\/p>\n\n\n\n<p>La Lic. recomend\u00f3 a los vecinos, que se acerquen al APS con el carnet de vacunas para completar el calendario, sobretodo aquellos pacientes\u00a0<em>inmunodeprimidos<\/em>.<\/p>\n\n\n\n<p>En cuanto al hogar es importante revisar los sistemas de calefacci\u00f3n para asegurarse de que est\u00e9 limpio, funcione bien y la ventilaci\u00f3n salga al exterior. Tenga precauci\u00f3n con las\u00a0<strong>estufas de le\u00f1a y de gas<\/strong>\u00a0para evitar riesgos de incendio o intoxicaci\u00f3n por mon\u00f3xido de carbono.<\/p>\n\n\n\n<p>Recuerden que la prevenci\u00f3n y el autocuidado son fundamentales para disfrutar de un invierno saludable.<\/p>\n\n\n\n<p>Los grupos m\u00e1s vulnerables son las\u00a0personas mayores, las personas con dolencias cr\u00f3nicas (card\u00edacas, respiratorias, adicci\u00f3n al alcohol, etc.), los beb\u00e9s, y las personas sin hogar o que viven en hogares con deficientes condiciones.<\/p>\n\n\n\n<p>Ger\u00f3nimo manifest\u00f3 que durante la \u00e9poca de fr\u00edo, los mosquitos adultos no sobreviven a temperaturas bajas Tampoco las pupas y larvas. Pero s\u00ed lo hacen los huevos. Los refugios elegidos por los mosquitos con la baja en las temperaturas son los alrededores de las viviendas o dentro de las mismas. En estos entornos pueden sobrevivir un tiempo m\u00e1s el mosquito Aedes aegipti, transmisor del virus.<\/p>\n\n\n\n<p>Escucha la entrevista:<\/p>\n\n\n\n<figure class=\"wp-block-audio\"><audio controls src=\"https:\/\/nahuelproducciones.com.ar\/radioquijano\/wp-content\/uploads\/2024\/07\/11-07-2024-LIC-ROSARIO-GERONIMO-TEMA-SALUD-Y-EL-FRIO-EPIDEMIOLOGIA.mp3\"><\/audio><\/figure>\n","protected":false},"excerpt":{"rendered":"<p>El fr\u00edo intenso puede producir efectos perjudiciales para la salud de las personas, especialmente si son mayores, enfermos cr\u00f3nicos o ni\u00f1os. \u00a0En comunicaci\u00f3n telef\u00f3nica con RQ99.9Mhz\u00a0, la Lic. Rosario Ger\u00f3nimo , encargada del \u00e1rea EPIDEMIOLOG\u00cdA del Hospital Dr Francisco Herrera, nos coment\u00f3 que en esta \u00e9poca es necesario prestar atenci\u00f3n a los primeros s\u00edntomas que [&hellip;]<\/p>\n","protected":false},"author":8,"featured_media":8427,"comment_status":"open","ping_status":"open","sticky":false,"template":"","format":"standard","meta":{"_monsterinsights_skip_tracking":false,"_monsterinsights_sitenote_active":false,"_monsterinsights_sitenote_note":"","_monsterinsights_sitenote_category":0,"footnotes":""},"categories":[18,16],"tags":[471,1585,100],"class_list":["post-8424","post","type-post","status-publish","format-standard","has-post-thumbnail","hentry","category-covid-19","category-noticias","tag-hospital-dr-francisco-herrera-2","tag-lic-rosario-geronimo","tag-municipio-de-campo-quijano"],"yoast_head":"<!-- This site is optimized with the Yoast SEO plugin v20.8 - https:\/\/yoast.com\/wordpress\/plugins\/seo\/ -->\n<title>El Fr\u00edo y los efectos en la salud. - RQ 99.9<\/title>\n<meta name=\"description\" content=\"Recuerden que la prevenci\u00f3n y el autocuidado son fundamentales para disfrutar de un invierno saludable.\" \/>\n<meta name=\"robots\" content=\"index, follow, max-snippet:-1, max-image-preview:large, max-video-preview:-1\" \/>\n<link rel=\"canonical\" href=\"https:\/\/nahuelproducciones.com.ar\/radioquijano\/el-frio-y-los-efectos-en-la-salud\/\" \/>\n<meta property=\"og:locale\" content=\"es_ES\" \/>\n<meta property=\"og:type\" content=\"article\" \/>\n<meta property=\"og:title\" content=\"El Fr\u00edo y los efectos en la salud. - RQ 99.9\" \/>\n<meta property=\"og:description\" content=\"Recuerden que la prevenci\u00f3n y el autocuidado son fundamentales para disfrutar de un invierno saludable.\" \/>\n<meta property=\"og:url\" content=\"https:\/\/nahuelproducciones.com.ar\/radioquijano\/el-frio-y-los-efectos-en-la-salud\/\" \/>\n<meta property=\"og:site_name\" content=\"RQ 99.9\" \/>\n<meta property=\"article:publisher\" content=\"https:\/\/www.facebook.com\/nahuelproducciones999\/\" \/>\n<meta property=\"article:published_time\" content=\"2024-07-17T02:25:02+00:00\" \/>\n<meta property=\"og:image\" content=\"https:\/\/nahuelproducciones.com.ar\/radioquijano\/wp-content\/uploads\/2024\/07\/WhatsApp-Image-2024-07-16-at-11.16.55-PM.jpeg\" \/>\n\t<meta property=\"og:image:width\" content=\"500\" \/>\n\t<meta property=\"og:image:height\" content=\"670\" \/>\n\t<meta property=\"og:image:type\" content=\"image\/jpeg\" \/>\n<meta name=\"author\" content=\"Cecilia Pastrana\" \/>\n<meta name=\"twitter:card\" content=\"summary_large_image\" \/>\n<meta name=\"twitter:creator\" content=\"@nahuproduciones\" \/>\n<meta name=\"twitter:site\" content=\"@nahuproduciones\" \/>\n<meta name=\"twitter:label1\" content=\"Escrito por\" \/>\n\t<meta name=\"twitter:data1\" content=\"Cecilia Pastrana\" \/>\n\t<meta name=\"twitter:label2\" content=\"Tiempo de lectura\" \/>\n\t<meta name=\"twitter:data2\" content=\"2 minutos\" \/>\n<script type=\"application\/ld+json\" class=\"yoast-schema-graph\">{\"@context\":\"https:\/\/schema.org\",\"@graph\":[{\"@type\":\"WebPage\",\"@id\":\"https:\/\/nahuelproducciones.com.ar\/radioquijano\/el-frio-y-los-efectos-en-la-salud\/\",\"url\":\"https:\/\/nahuelproducciones.com.ar\/radioquijano\/el-frio-y-los-efectos-en-la-salud\/\",\"name\":\"El Fr\u00edo y los efectos en la salud. - RQ 99.9\",\"isPartOf\":{\"@id\":\"https:\/\/nahuelproducciones.com.ar\/radioquijano\/#website\"},\"datePublished\":\"2024-07-17T02:25:02+00:00\",\"dateModified\":\"2024-07-17T02:25:02+00:00\",\"author\":{\"@id\":\"https:\/\/nahuelproducciones.com.ar\/radioquijano\/#\/schema\/person\/e8a4f939e2cb487fe6d0c54042c9d32c\"},\"description\":\"Recuerden que la prevenci\u00f3n y el autocuidado son fundamentales para disfrutar de un invierno saludable.\",\"breadcrumb\":{\"@id\":\"https:\/\/nahuelproducciones.com.ar\/radioquijano\/el-frio-y-los-efectos-en-la-salud\/#breadcrumb\"},\"inLanguage\":\"es\",\"potentialAction\":[{\"@type\":\"ReadAction\",\"target\":[\"https:\/\/nahuelproducciones.com.ar\/radioquijano\/el-frio-y-los-efectos-en-la-salud\/\"]}]},{\"@type\":\"BreadcrumbList\",\"@id\":\"https:\/\/nahuelproducciones.com.ar\/radioquijano\/el-frio-y-los-efectos-en-la-salud\/#breadcrumb\",\"itemListElement\":[{\"@type\":\"ListItem\",\"position\":1,\"name\":\"Portada\",\"item\":\"https:\/\/nahuelproducciones.com.ar\/radioquijano\/\"},{\"@type\":\"ListItem\",\"position\":2,\"name\":\"El Fr\u00edo y los efectos en la salud.\"}]},{\"@type\":\"WebSite\",\"@id\":\"https:\/\/nahuelproducciones.com.ar\/radioquijano\/#website\",\"url\":\"https:\/\/nahuelproducciones.com.ar\/radioquijano\/\",\"name\":\"RQ 99.9\",\"description\":\"Radio Quijano 99.9 MHz\",\"potentialAction\":[{\"@type\":\"SearchAction\",\"target\":{\"@type\":\"EntryPoint\",\"urlTemplate\":\"https:\/\/nahuelproducciones.com.ar\/radioquijano\/?s={search_term_string}\"},\"query-input\":\"required name=search_term_string\"}],\"inLanguage\":\"es\"},{\"@type\":\"Person\",\"@id\":\"https:\/\/nahuelproducciones.com.ar\/radioquijano\/#\/schema\/person\/e8a4f939e2cb487fe6d0c54042c9d32c\",\"name\":\"Cecilia Pastrana\",\"image\":{\"@type\":\"ImageObject\",\"inLanguage\":\"es\",\"@id\":\"https:\/\/nahuelproducciones.com.ar\/radioquijano\/#\/schema\/person\/image\/\",\"url\":\"https:\/\/secure.gravatar.com\/avatar\/661a3ef63a8488d4f2794ed44af8cf71420f7e106f3072c40125114df5157749?s=96&d=mm&r=g\",\"contentUrl\":\"https:\/\/secure.gravatar.com\/avatar\/661a3ef63a8488d4f2794ed44af8cf71420f7e106f3072c40125114df5157749?s=96&d=mm&r=g\",\"caption\":\"Cecilia Pastrana\"},\"sameAs\":[\"cecy\"],\"url\":\"https:\/\/nahuelproducciones.com.ar\/radioquijano\/author\/cecy\/\"}]}<\/script>\n<!-- \/ Yoast SEO plugin. -->","yoast_head_json":{"title":"El Fr\u00edo y los efectos en la salud. - RQ 99.9","description":"Recuerden que la prevenci\u00f3n y el autocuidado son fundamentales para disfrutar de un invierno saludable.","robots":{"index":"index","follow":"follow","max-snippet":"max-snippet:-1","max-image-preview":"max-image-preview:large","max-video-preview":"max-video-preview:-1"},"canonical":"https:\/\/nahuelproducciones.com.ar\/radioquijano\/el-frio-y-los-efectos-en-la-salud\/","og_locale":"es_ES","og_type":"article","og_title":"El Fr\u00edo y los efectos en la salud. - RQ 99.9","og_description":"Recuerden que la prevenci\u00f3n y el autocuidado son fundamentales para disfrutar de un invierno saludable.","og_url":"https:\/\/nahuelproducciones.com.ar\/radioquijano\/el-frio-y-los-efectos-en-la-salud\/","og_site_name":"RQ 99.9","article_publisher":"https:\/\/www.facebook.com\/nahuelproducciones999\/","article_published_time":"2024-07-17T02:25:02+00:00","og_image":[{"width":500,"height":670,"url":"https:\/\/nahuelproducciones.com.ar\/radioquijano\/wp-content\/uploads\/2024\/07\/WhatsApp-Image-2024-07-16-at-11.16.55-PM.jpeg","type":"image\/jpeg"}],"author":"Cecilia Pastrana","twitter_card":"summary_large_image","twitter_creator":"@nahuproduciones","twitter_site":"@nahuproduciones","twitter_misc":{"Escrito por":"Cecilia Pastrana","Tiempo de lectura":"2 minutos"},"schema":{"@context":"https:\/\/schema.org","@graph":[{"@type":"WebPage","@id":"https:\/\/nahuelproducciones.com.ar\/radioquijano\/el-frio-y-los-efectos-en-la-salud\/","url":"https:\/\/nahuelproducciones.com.ar\/radioquijano\/el-frio-y-los-efectos-en-la-salud\/","name":"El Fr\u00edo y los efectos en la salud. - RQ 99.9","isPartOf":{"@id":"https:\/\/nahuelproducciones.com.ar\/radioquijano\/#website"},"datePublished":"2024-07-17T02:25:02+00:00","dateModified":"2024-07-17T02:25:02+00:00","author":{"@id":"https:\/\/nahuelproducciones.com.ar\/radioquijano\/#\/schema\/person\/e8a4f939e2cb487fe6d0c54042c9d32c"},"description":"Recuerden que la prevenci\u00f3n y el autocuidado son fundamentales para disfrutar de un invierno saludable.","breadcrumb":{"@id":"https:\/\/nahuelproducciones.com.ar\/radioquijano\/el-frio-y-los-efectos-en-la-salud\/#breadcrumb"},"inLanguage":"es","potentialAction":[{"@type":"ReadAction","target":["https:\/\/nahuelproducciones.com.ar\/radioquijano\/el-frio-y-los-efectos-en-la-salud\/"]}]},{"@type":"BreadcrumbList","@id":"https:\/\/nahuelproducciones.com.ar\/radioquijano\/el-frio-y-los-efectos-en-la-salud\/#breadcrumb","itemListElement":[{"@type":"ListItem","position":1,"name":"Portada","item":"https:\/\/nahuelproducciones.com.ar\/radioquijano\/"},{"@type":"ListItem","position":2,"name":"El Fr\u00edo y los efectos en la salud."}]},{"@type":"WebSite","@id":"https:\/\/nahuelproducciones.com.ar\/radioquijano\/#website","url":"https:\/\/nahuelproducciones.com.ar\/radioquijano\/","name":"RQ 99.9","description":"Radio Quijano 99.9 MHz","potentialAction":[{"@type":"SearchAction","target":{"@type":"EntryPoint","urlTemplate":"https:\/\/nahuelproducciones.com.ar\/radioquijano\/?s={search_term_string}"},"query-input":"required name=search_term_string"}],"inLanguage":"es"},{"@type":"Person","@id":"https:\/\/nahuelproducciones.com.ar\/radioquijano\/#\/schema\/person\/e8a4f939e2cb487fe6d0c54042c9d32c","name":"Cecilia Pastrana","image":{"@type":"ImageObject","inLanguage":"es","@id":"https:\/\/nahuelproducciones.com.ar\/radioquijano\/#\/schema\/person\/image\/","url":"https:\/\/secure.gravatar.com\/avatar\/661a3ef63a8488d4f2794ed44af8cf71420f7e106f3072c40125114df5157749?s=96&d=mm&r=g","contentUrl":"https:\/\/secure.gravatar.com\/avatar\/661a3ef63a8488d4f2794ed44af8cf71420f7e106f3072c40125114df5157749?s=96&d=mm&r=g","caption":"Cecilia Pastrana"},"sameAs":["cecy"],"url":"https:\/\/nahuelproducciones.com.ar\/radioquijano\/author\/cecy\/"}]}},"_links":{"self":[{"href":"https:\/\/nahuelproducciones.com.ar\/radioquijano\/wp-json\/wp\/v2\/posts\/8424","targetHints":{"allow":["GET"]}}],"collection":[{"href":"https:\/\/nahuelproducciones.com.ar\/radioquijano\/wp-json\/wp\/v2\/posts"}],"about":[{"href":"https:\/\/nahuelproducciones.com.ar\/radioquijano\/wp-json\/wp\/v2\/types\/post"}],"author":[{"embeddable":true,"href":"https:\/\/nahuelproducciones.com.ar\/radioquijano\/wp-json\/wp\/v2\/users\/8"}],"replies":[{"embeddable":true,"href":"https:\/\/nahuelproducciones.com.ar\/radioquijano\/wp-json\/wp\/v2\/comments?post=8424"}],"version-history":[{"count":1,"href":"https:\/\/nahuelproducciones.com.ar\/radioquijano\/wp-json\/wp\/v2\/posts\/8424\/revisions"}],"predecessor-version":[{"id":8428,"href":"https:\/\/nahuelproducciones.com.ar\/radioquijano\/wp-json\/wp\/v2\/posts\/8424\/revisions\/8428"}],"wp:featuredmedia":[{"embeddable":true,"href":"https:\/\/nahuelproducciones.com.ar\/radioquijano\/wp-json\/wp\/v2\/media\/8427"}],"wp:attachment":[{"href":"https:\/\/nahuelproducciones.com.ar\/radioquijano\/wp-json\/wp\/v2\/media?parent=8424"}],"wp:term":[{"taxonomy":"category","embeddable":true,"href":"https:\/\/nahuelproducciones.com.ar\/radioquijano\/wp-json\/wp\/v2\/categories?post=8424"},{"taxonomy":"post_tag","embeddable":true,"href":"https:\/\/nahuelproducciones.com.ar\/radioquijano\/wp-json\/wp\/v2\/tags?post=8424"}],"curies":[{"name":"wp","href":"https:\/\/api.w.org\/{rel}","templated":true}]}}