{"id":8429,"date":"2024-07-17T01:38:36","date_gmt":"2024-07-17T04:38:36","guid":{"rendered":"https:\/\/nahuelproducciones.com.ar\/radioquijano\/?p=8429"},"modified":"2024-07-17T17:30:25","modified_gmt":"2024-07-17T20:30:25","slug":"el-intendente-de-quijano-aclara-versiones-sobre-el-festival-del-8-de-julio","status":"publish","type":"post","link":"https:\/\/nahuelproducciones.com.ar\/radioquijano\/el-intendente-de-quijano-aclara-versiones-sobre-el-festival-del-8-de-julio\/","title":{"rendered":"El intendente de Quijano aclara versiones sobre el Festival del 8 de Julio."},"content":{"rendered":"\n<p>En una entrevista telef\u00f3nica con RQ99.9Mhz, el Intendente por Campo Quijano, Ing. Lino Fernando Yonar acept\u00f3 responder a las preguntas de los oyentes y versiones en las redes sociales y medios digitales.<\/p>\n\n\n\n<blockquote class=\"wp-block-quote is-layout-flow wp-block-quote-is-layout-flow\">\n<p>Yonar coment\u00f3 que est\u00e1 \u00abcontento, contento porque hemos vivido una jornada muy linda de nuestra festividad, as\u00ed que la verdad que muy contento y es lo que la gente viene transmitiendo, no?<br>Y creo que este tipo de festividad y vivir de la manera en la que lo hemos vivido era una deuda que nos ten\u00edan a todos los quijanos y que la verdad que contento en ese sentido.<br><\/p>\n\n\n\n<p>Mir\u00e1, la verdad que no vi nada en el tema de las redes, pero si me llegaron los comentarios de hecho y por ah\u00ed las fotitos y dem\u00e1s.<\/p>\n\n\n\n<p>Yo primero y principal, darle la tranquilidad a la gente que cada paso que damos, que cada decisi\u00f3n que tomamos tiene su an\u00e1lisis, su estudio, si as\u00ed como se compr\u00f3 una moto niveladora en $200 millones sin deberle plata a nadie y con plata y recursos nuestros pag\u00e1ndolo de contado, hoy estamos tranquilos.<\/p>\n\n\n\n<p>As\u00ed como hemos comprado la mini pala cargadora, lo hicimos de contado con plata nuestra y no le debemos plata a nadie.<\/p>\n\n\n\n<p>Y lo mismo sucede con el tema del festival, un festival que hemos tomado la decisi\u00f3n de que el quijane\u00f1o  ingrese de manera gratuita y que la gente que no es de Quijano pague, porque siempre dije yo, los recursos que generamos y que son de Quijano tienen que ser en beneficio de los quijane\u00f1os y no en beneficio de nadie de afuera.<\/p>\n\n\n\n<p>Por eso la gente de afuera tuvo que pagar su entradita para verlo a Emanero, para verlo a Sergio Galleguillo, para verlo a L\u00e1zaro. Pero el quijane\u00f1o por supuesto ten\u00eda la prioridad para poder disfrutar de ese tipo de eventos y donde todo los que quisieron ingresar estuvieron dentro del predio, aquel que por ah\u00ed no fue, fue porque se qued\u00f3 en su casa, porque no pod\u00eda, porque le hac\u00eda fr\u00edo, bueno, son decisiones propias, pero todas aquellas personas que quisieron ingresar al predio con sus hijos, con su familia y disfrutar y cantar todos junto el feliz cumplea\u00f1os, fueron porque quisieron y quisieron compartir esto tan lindo que hab\u00edamos armado para los quijane\u00f1os.<\/p>\n\n\n\n<p>Entonces darle la tranquilidad a la gente que nosotros no hemos generado ning\u00fan tipo de deuda con nadie. Si hicimos un evento de tal envergadura es porque ten\u00edamos el respaldo econ\u00f3mico para poder hacerlo.<\/p>\n\n\n\n<p>As\u00ed que darle esa tranquilidad a la gente porque tenemos los sueldos al d\u00eda, venimos prestando servicio, invertimos en maquinarias nuevas, invertimos en maquinaria vieja,  inauguramos obras como el fin de semana que se inaugur\u00f3 la obra del patio gastron\u00f3mico que lo hemos terminado con recursos nuestros Y estamos haciendo en La Silleta.<\/p>\n\n\n\n<p>Hemos realizado un evento de tal envergadura con un festival inolvidable para todos los quijane\u00f1os, vivimos la fiesta central donde Campo Quijano fue la capital por un d\u00eda de la provincia, con el festival, con la fiesta y el desfile del 9 de julio.<\/p>\n\n\n\n<p>O sea, darle la tranquilidad que nosotros cada paso que damos lo hacemos de manera responsable.<br>\u00bfAs\u00ed que todo eso que sali\u00f3 de que hay una deuda de $25 millones es todo mentira y es la envidia que toda esta gente le genera por el \u00e9xito que ha sido esto y porque no quiere verlo a Quijano feliz, porque el medio que sacan, d\u00edganme de d\u00f3nde son, de Rosario, de Lerma, de Salta capital?<\/p>\n\n\n\n<p>El quijane\u00f1o vive feliz, quiere vivir de la mejor manera, porque no solamente el quijane\u00f1o artista subi\u00f3 al escenario a cantar en un escenario de tal envergadura, no solamente el quiJane\u00f1o que tiene voz de locutor, ha locutado en el evento o ha cantado como el himno nacional como Mayra Rosetto, no solamente el quijane\u00f1o que quer\u00eda trabajar ha logrado trabajar y ha vendido todo y soy consciente porque recorr\u00ed puesto por puesto de la gente que tuvo la oportunidad de trabajar y vendieron todo, sino tambi\u00e9n que el quijane\u00f1o quiso disfrutar.<\/p>\n\n\n\n<p>Entonces el quijane\u00f1o fue protagonista de esto y los recursos que nosotros tengamos que invertir para que el quijane\u00f1o disfrute, le vaya bien, trabaje, genere un movimiento econ\u00f3mico, lo hacemos y no lo vemos como un gasto, lo vemos como una verdadera inversi\u00f3n.<\/p>\n\n\n\n<p>Entonces yo lo dije desde el primer d\u00eda, todo lo que nosotros venimos haciendo, el \u00e9xito de esto est\u00e1 en que el quijane\u00f1o sea protagonista, en que el quijane\u00f1o disfrute, en que el quijane\u00f1o muestre su potencial art\u00edstico, en que el quijane\u00f1o que ha puesto un puesto de pancho, de chorizo, de empanada, que tiene su hospedaje y dem\u00e1s, labure, ahi radica el \u00e9xito, porque no nos olvidemos que yo soy el estado, yo soy el estado municipal, no soy un empresario en el cargo como intendente. Empresario lo hago en mi negocio compro y vendo y gano plata. En la municipalidad yo no vengo a ganar plata, ni vengo a hacer que el municipio gane plata, lo que venimos a hacer es a generar y a invertir para generar oportunidades para la gente y eso fue el objetivo .<\/p>\n\n\n\n<p>Entonces, todo lo que se dice es una mentira y es una envidia total y darle la certeza y la tranquilidad\u00bb&#8230;<\/p>\n<\/blockquote>\n\n\n\n<p>Escucha la entrevista, tambi\u00e9n se refiere a la presentaci\u00f3n de la Cuenta General del 2023 al  Concejo Deliberante y la pr\u00f3rroga de presentaci\u00f3n a Auditoria de la Provincia<\/p>\n\n\n\n<figure class=\"wp-block-audio\"><audio controls src=\"https:\/\/nahuelproducciones.com.ar\/radioquijano\/wp-content\/uploads\/2024\/07\/12-07-2024-INT-ING-LINO-YONAR-TEMA-FESTIVAL-CUENTA-GENERAL-2023-CONCEJO-DELIBERANTE-AUDITORIA.mp3\"><\/audio><\/figure>\n\n\n<div class=\"wp-block-image\">\n<figure class=\"aligncenter size-large is-resized\"><img decoding=\"async\" src=\"https:\/\/nahuelproducciones.com.ar\/radioquijano\/wp-content\/uploads\/2024\/07\/WhatsApp-Image-2024-07-17-at-1.31.37-AM-1-edited.jpeg\" alt=\"\" class=\"wp-image-8464\" width=\"510\" srcset=\"https:\/\/nahuelproducciones.com.ar\/radioquijano\/wp-content\/uploads\/2024\/07\/WhatsApp-Image-2024-07-17-at-1.31.37-AM-1-edited.jpeg 360w, https:\/\/nahuelproducciones.com.ar\/radioquijano\/wp-content\/uploads\/2024\/07\/WhatsApp-Image-2024-07-17-at-1.31.37-AM-1-edited-227x300.jpeg 227w, https:\/\/nahuelproducciones.com.ar\/radioquijano\/wp-content\/uploads\/2024\/07\/WhatsApp-Image-2024-07-17-at-1.31.37-AM-1-edited-150x198.jpeg 150w\" sizes=\"(max-width: 360px) 100vw, 360px\" \/><\/figure><\/div>","protected":false},"excerpt":{"rendered":"<p>En una entrevista telef\u00f3nica con RQ99.9Mhz, el Intendente por Campo Quijano, Ing. Lino Fernando Yonar acept\u00f3 responder a las preguntas de los oyentes y versiones en las redes sociales y medios digitales. Yonar coment\u00f3 que est\u00e1 \u00abcontento, contento porque hemos vivido una jornada muy linda de nuestra festividad, as\u00ed que la verdad que muy contento [&hellip;]<\/p>\n","protected":false},"author":8,"featured_media":8432,"comment_status":"open","ping_status":"open","sticky":false,"template":"","format":"standard","meta":{"_monsterinsights_skip_tracking":false,"_monsterinsights_sitenote_active":false,"_monsterinsights_sitenote_note":"","_monsterinsights_sitenote_category":0,"footnotes":""},"categories":[16],"tags":[1369,100],"class_list":["post-8429","post","type-post","status-publish","format-standard","has-post-thumbnail","hentry","category-noticias","tag-intendente-ing-lino-fernando-yonar","tag-municipio-de-campo-quijano"],"yoast_head":"<!-- This site is optimized with the Yoast SEO plugin v20.8 - https:\/\/yoast.com\/wordpress\/plugins\/seo\/ -->\n<title>El intendente de Quijano aclara versiones sobre el Festival del 8 de Julio. - RQ 99.9<\/title>\n<meta name=\"description\" content=\"Todo lo que se dice es una mentira y es una envidia total .\" \/>\n<meta name=\"robots\" content=\"index, follow, max-snippet:-1, max-image-preview:large, max-video-preview:-1\" \/>\n<link rel=\"canonical\" href=\"https:\/\/nahuelproducciones.com.ar\/radioquijano\/el-intendente-de-quijano-aclara-versiones-sobre-el-festival-del-8-de-julio\/\" \/>\n<meta property=\"og:locale\" content=\"es_ES\" \/>\n<meta property=\"og:type\" content=\"article\" \/>\n<meta property=\"og:title\" content=\"El intendente de Quijano aclara versiones sobre el Festival del 8 de Julio. - RQ 99.9\" \/>\n<meta property=\"og:description\" content=\"Todo lo que se dice es una mentira y es una envidia total .\" \/>\n<meta property=\"og:url\" content=\"https:\/\/nahuelproducciones.com.ar\/radioquijano\/el-intendente-de-quijano-aclara-versiones-sobre-el-festival-del-8-de-julio\/\" \/>\n<meta property=\"og:site_name\" content=\"RQ 99.9\" \/>\n<meta property=\"article:publisher\" content=\"https:\/\/www.facebook.com\/nahuelproducciones999\/\" \/>\n<meta property=\"article:published_time\" content=\"2024-07-17T04:38:36+00:00\" \/>\n<meta property=\"article:modified_time\" content=\"2024-07-17T20:30:25+00:00\" \/>\n<meta property=\"og:image\" content=\"https:\/\/nahuelproducciones.com.ar\/radioquijano\/wp-content\/uploads\/2024\/07\/WhatsApp-Image-2024-07-17-at-1.31.29-AM-e1721191105432.jpeg\" \/>\n\t<meta property=\"og:image:width\" content=\"700\" \/>\n\t<meta property=\"og:image:height\" content=\"951\" \/>\n\t<meta property=\"og:image:type\" content=\"image\/jpeg\" \/>\n<meta name=\"author\" content=\"Cecilia Pastrana\" \/>\n<meta name=\"twitter:card\" content=\"summary_large_image\" \/>\n<meta name=\"twitter:creator\" content=\"@nahuproduciones\" \/>\n<meta name=\"twitter:site\" content=\"@nahuproduciones\" \/>\n<meta name=\"twitter:label1\" content=\"Escrito por\" \/>\n\t<meta name=\"twitter:data1\" content=\"Cecilia Pastrana\" \/>\n\t<meta name=\"twitter:label2\" content=\"Tiempo de lectura\" \/>\n\t<meta name=\"twitter:data2\" content=\"5 minutos\" \/>\n<script type=\"application\/ld+json\" class=\"yoast-schema-graph\">{\"@context\":\"https:\/\/schema.org\",\"@graph\":[{\"@type\":\"WebPage\",\"@id\":\"https:\/\/nahuelproducciones.com.ar\/radioquijano\/el-intendente-de-quijano-aclara-versiones-sobre-el-festival-del-8-de-julio\/\",\"url\":\"https:\/\/nahuelproducciones.com.ar\/radioquijano\/el-intendente-de-quijano-aclara-versiones-sobre-el-festival-del-8-de-julio\/\",\"name\":\"El intendente de Quijano aclara versiones sobre el Festival del 8 de Julio. - RQ 99.9\",\"isPartOf\":{\"@id\":\"https:\/\/nahuelproducciones.com.ar\/radioquijano\/#website\"},\"datePublished\":\"2024-07-17T04:38:36+00:00\",\"dateModified\":\"2024-07-17T20:30:25+00:00\",\"author\":{\"@id\":\"https:\/\/nahuelproducciones.com.ar\/radioquijano\/#\/schema\/person\/e8a4f939e2cb487fe6d0c54042c9d32c\"},\"description\":\"Todo lo que se dice es una mentira y es una envidia total .\",\"breadcrumb\":{\"@id\":\"https:\/\/nahuelproducciones.com.ar\/radioquijano\/el-intendente-de-quijano-aclara-versiones-sobre-el-festival-del-8-de-julio\/#breadcrumb\"},\"inLanguage\":\"es\",\"potentialAction\":[{\"@type\":\"ReadAction\",\"target\":[\"https:\/\/nahuelproducciones.com.ar\/radioquijano\/el-intendente-de-quijano-aclara-versiones-sobre-el-festival-del-8-de-julio\/\"]}]},{\"@type\":\"BreadcrumbList\",\"@id\":\"https:\/\/nahuelproducciones.com.ar\/radioquijano\/el-intendente-de-quijano-aclara-versiones-sobre-el-festival-del-8-de-julio\/#breadcrumb\",\"itemListElement\":[{\"@type\":\"ListItem\",\"position\":1,\"name\":\"Portada\",\"item\":\"https:\/\/nahuelproducciones.com.ar\/radioquijano\/\"},{\"@type\":\"ListItem\",\"position\":2,\"name\":\"El intendente de Quijano aclara versiones sobre el Festival del 8 de Julio.\"}]},{\"@type\":\"WebSite\",\"@id\":\"https:\/\/nahuelproducciones.com.ar\/radioquijano\/#website\",\"url\":\"https:\/\/nahuelproducciones.com.ar\/radioquijano\/\",\"name\":\"RQ 99.9\",\"description\":\"Radio Quijano 99.9 MHz\",\"potentialAction\":[{\"@type\":\"SearchAction\",\"target\":{\"@type\":\"EntryPoint\",\"urlTemplate\":\"https:\/\/nahuelproducciones.com.ar\/radioquijano\/?s={search_term_string}\"},\"query-input\":\"required name=search_term_string\"}],\"inLanguage\":\"es\"},{\"@type\":\"Person\",\"@id\":\"https:\/\/nahuelproducciones.com.ar\/radioquijano\/#\/schema\/person\/e8a4f939e2cb487fe6d0c54042c9d32c\",\"name\":\"Cecilia Pastrana\",\"image\":{\"@type\":\"ImageObject\",\"inLanguage\":\"es\",\"@id\":\"https:\/\/nahuelproducciones.com.ar\/radioquijano\/#\/schema\/person\/image\/\",\"url\":\"https:\/\/secure.gravatar.com\/avatar\/661a3ef63a8488d4f2794ed44af8cf71420f7e106f3072c40125114df5157749?s=96&d=mm&r=g\",\"contentUrl\":\"https:\/\/secure.gravatar.com\/avatar\/661a3ef63a8488d4f2794ed44af8cf71420f7e106f3072c40125114df5157749?s=96&d=mm&r=g\",\"caption\":\"Cecilia Pastrana\"},\"sameAs\":[\"cecy\"],\"url\":\"https:\/\/nahuelproducciones.com.ar\/radioquijano\/author\/cecy\/\"}]}<\/script>\n<!-- \/ Yoast SEO plugin. -->","yoast_head_json":{"title":"El intendente de Quijano aclara versiones sobre el Festival del 8 de Julio. - RQ 99.9","description":"Todo lo que se dice es una mentira y es una envidia total .","robots":{"index":"index","follow":"follow","max-snippet":"max-snippet:-1","max-image-preview":"max-image-preview:large","max-video-preview":"max-video-preview:-1"},"canonical":"https:\/\/nahuelproducciones.com.ar\/radioquijano\/el-intendente-de-quijano-aclara-versiones-sobre-el-festival-del-8-de-julio\/","og_locale":"es_ES","og_type":"article","og_title":"El intendente de Quijano aclara versiones sobre el Festival del 8 de Julio. - RQ 99.9","og_description":"Todo lo que se dice es una mentira y es una envidia total .","og_url":"https:\/\/nahuelproducciones.com.ar\/radioquijano\/el-intendente-de-quijano-aclara-versiones-sobre-el-festival-del-8-de-julio\/","og_site_name":"RQ 99.9","article_publisher":"https:\/\/www.facebook.com\/nahuelproducciones999\/","article_published_time":"2024-07-17T04:38:36+00:00","article_modified_time":"2024-07-17T20:30:25+00:00","og_image":[{"width":700,"height":951,"url":"https:\/\/nahuelproducciones.com.ar\/radioquijano\/wp-content\/uploads\/2024\/07\/WhatsApp-Image-2024-07-17-at-1.31.29-AM-e1721191105432.jpeg","type":"image\/jpeg"}],"author":"Cecilia Pastrana","twitter_card":"summary_large_image","twitter_creator":"@nahuproduciones","twitter_site":"@nahuproduciones","twitter_misc":{"Escrito por":"Cecilia Pastrana","Tiempo de lectura":"5 minutos"},"schema":{"@context":"https:\/\/schema.org","@graph":[{"@type":"WebPage","@id":"https:\/\/nahuelproducciones.com.ar\/radioquijano\/el-intendente-de-quijano-aclara-versiones-sobre-el-festival-del-8-de-julio\/","url":"https:\/\/nahuelproducciones.com.ar\/radioquijano\/el-intendente-de-quijano-aclara-versiones-sobre-el-festival-del-8-de-julio\/","name":"El intendente de Quijano aclara versiones sobre el Festival del 8 de Julio. - RQ 99.9","isPartOf":{"@id":"https:\/\/nahuelproducciones.com.ar\/radioquijano\/#website"},"datePublished":"2024-07-17T04:38:36+00:00","dateModified":"2024-07-17T20:30:25+00:00","author":{"@id":"https:\/\/nahuelproducciones.com.ar\/radioquijano\/#\/schema\/person\/e8a4f939e2cb487fe6d0c54042c9d32c"},"description":"Todo lo que se dice es una mentira y es una envidia total .","breadcrumb":{"@id":"https:\/\/nahuelproducciones.com.ar\/radioquijano\/el-intendente-de-quijano-aclara-versiones-sobre-el-festival-del-8-de-julio\/#breadcrumb"},"inLanguage":"es","potentialAction":[{"@type":"ReadAction","target":["https:\/\/nahuelproducciones.com.ar\/radioquijano\/el-intendente-de-quijano-aclara-versiones-sobre-el-festival-del-8-de-julio\/"]}]},{"@type":"BreadcrumbList","@id":"https:\/\/nahuelproducciones.com.ar\/radioquijano\/el-intendente-de-quijano-aclara-versiones-sobre-el-festival-del-8-de-julio\/#breadcrumb","itemListElement":[{"@type":"ListItem","position":1,"name":"Portada","item":"https:\/\/nahuelproducciones.com.ar\/radioquijano\/"},{"@type":"ListItem","position":2,"name":"El intendente de Quijano aclara versiones sobre el Festival del 8 de Julio."}]},{"@type":"WebSite","@id":"https:\/\/nahuelproducciones.com.ar\/radioquijano\/#website","url":"https:\/\/nahuelproducciones.com.ar\/radioquijano\/","name":"RQ 99.9","description":"Radio Quijano 99.9 MHz","potentialAction":[{"@type":"SearchAction","target":{"@type":"EntryPoint","urlTemplate":"https:\/\/nahuelproducciones.com.ar\/radioquijano\/?s={search_term_string}"},"query-input":"required name=search_term_string"}],"inLanguage":"es"},{"@type":"Person","@id":"https:\/\/nahuelproducciones.com.ar\/radioquijano\/#\/schema\/person\/e8a4f939e2cb487fe6d0c54042c9d32c","name":"Cecilia Pastrana","image":{"@type":"ImageObject","inLanguage":"es","@id":"https:\/\/nahuelproducciones.com.ar\/radioquijano\/#\/schema\/person\/image\/","url":"https:\/\/secure.gravatar.com\/avatar\/661a3ef63a8488d4f2794ed44af8cf71420f7e106f3072c40125114df5157749?s=96&d=mm&r=g","contentUrl":"https:\/\/secure.gravatar.com\/avatar\/661a3ef63a8488d4f2794ed44af8cf71420f7e106f3072c40125114df5157749?s=96&d=mm&r=g","caption":"Cecilia Pastrana"},"sameAs":["cecy"],"url":"https:\/\/nahuelproducciones.com.ar\/radioquijano\/author\/cecy\/"}]}},"_links":{"self":[{"href":"https:\/\/nahuelproducciones.com.ar\/radioquijano\/wp-json\/wp\/v2\/posts\/8429","targetHints":{"allow":["GET"]}}],"collection":[{"href":"https:\/\/nahuelproducciones.com.ar\/radioquijano\/wp-json\/wp\/v2\/posts"}],"about":[{"href":"https:\/\/nahuelproducciones.com.ar\/radioquijano\/wp-json\/wp\/v2\/types\/post"}],"author":[{"embeddable":true,"href":"https:\/\/nahuelproducciones.com.ar\/radioquijano\/wp-json\/wp\/v2\/users\/8"}],"replies":[{"embeddable":true,"href":"https:\/\/nahuelproducciones.com.ar\/radioquijano\/wp-json\/wp\/v2\/comments?post=8429"}],"version-history":[{"count":3,"href":"https:\/\/nahuelproducciones.com.ar\/radioquijano\/wp-json\/wp\/v2\/posts\/8429\/revisions"}],"predecessor-version":[{"id":8465,"href":"https:\/\/nahuelproducciones.com.ar\/radioquijano\/wp-json\/wp\/v2\/posts\/8429\/revisions\/8465"}],"wp:featuredmedia":[{"embeddable":true,"href":"https:\/\/nahuelproducciones.com.ar\/radioquijano\/wp-json\/wp\/v2\/media\/8432"}],"wp:attachment":[{"href":"https:\/\/nahuelproducciones.com.ar\/radioquijano\/wp-json\/wp\/v2\/media?parent=8429"}],"wp:term":[{"taxonomy":"category","embeddable":true,"href":"https:\/\/nahuelproducciones.com.ar\/radioquijano\/wp-json\/wp\/v2\/categories?post=8429"},{"taxonomy":"post_tag","embeddable":true,"href":"https:\/\/nahuelproducciones.com.ar\/radioquijano\/wp-json\/wp\/v2\/tags?post=8429"}],"curies":[{"name":"wp","href":"https:\/\/api.w.org\/{rel}","templated":true}]}}