{"id":848,"date":"2021-05-20T21:17:22","date_gmt":"2021-05-21T00:17:22","guid":{"rendered":"https:\/\/nahuelproducciones.com.ar\/radioquijano\/?p=848"},"modified":"2021-05-20T21:17:23","modified_gmt":"2021-05-21T00:17:23","slug":"se-inauguro-la-escuela-gesta-guemesiana-no-5149-de-la-silleta","status":"publish","type":"post","link":"https:\/\/nahuelproducciones.com.ar\/radioquijano\/se-inauguro-la-escuela-gesta-guemesiana-no-5149-de-la-silleta\/","title":{"rendered":"Se inaugur\u00f3 la Escuela Gesta G\u00fcemesiana N\u00ba 5149 de La Silleta."},"content":{"rendered":"\n<p>El ministro de Educaci\u00f3n de la Naci\u00f3n, Nicol\u00e1s Trotta, vino a Salta a inaugurar establecimientos educativos, entre otros temas de su agenda.<\/p>\n\n\n\n<p><strong>El ministro Trotta particip\u00f3 de la inauguraci\u00f3n de la Escuela Gesta G\u00fcemesiana N\u00ba 5149 de La Silleta, localidad de <a href=\"https:\/\/www.nahuelproducciones.com.ar\/\">Campo Quijano<\/a> (departamento de Rosario de Lerma),junto a Directivos de la instituci\u00f3n, a la comunidad educativa , al Vice gobernador de la provincia de Salta Antonio Maroco .<\/strong><\/p>\n\n\n\n<p>En representaci\u00f3n del municipio estuvo presente el Secretario de Gobierno Adrian Guaimas. El Senador por el departamento Sergio Omar Ramos, la Senadora Nacional Nora Gimenez, Autoridades Provinciales, Locales y vecinos llegaron para esta inauguraci\u00f3n.<\/p>\n\n\n\n<p>El titular de la cartera educativa nacional expres\u00f3: \u201cGenerar verdadera igualdad, para construir justicia social, demanda la articulaci\u00f3n del Estado nacional con las provincias y los municipios; se logra construyendo nuevas escuelas y reactivando obras que hab\u00edan sido abandonadas. Eso se traduce en el crecimiento de la inversi\u00f3n educativa en infraestructura, que este a\u00f1o aument\u00f3 m\u00e1s del 600%, seis veces m\u00e1s de lo que se invert\u00eda\u201d.<\/p>\n\n\n\n<p>Las autoridades recorrieron el establecimiento escolar de 1.200 metros cuadrados en donde se invirtieron m\u00e1s de 40 millones de pesos. <\/p>\n\n\n\n<p>Los presentes pudieron observar que la escuela  cuenta con cinco aulas para nivel medio, un taller multiprop\u00f3sito, una biblioteca, un \u00e1rea de gobierno, un sal\u00f3n de usos m\u00faltiples, una sala de profesores, patios de lectura y formaci\u00f3n, ba\u00f1os para alumnas, alumnos, docentes y personas con discapacidad, rampa de acceso y tanque de reserva.<\/p>\n\n\n\n<p>Se concreto as\u00ed un pedido de toda la comunidad , que hoy es  un sue\u00f1o cumplido.<\/p>\n\n\n\n<p><a href=\"#RQ99.9Mhz\">#<\/a><a href=\"https:\/\/www.facebook.com\/nahuelproducciones999\">RQ99.9Mhz<\/a><\/p>\n\n\n\n<p>.<\/p>\n\n\n\n<p><\/p>\n","protected":false},"excerpt":{"rendered":"<p>El ministro Trotta particip\u00f3 de la inauguraci\u00f3n de la Escuela Gesta G\u00fcemesiana N\u00ba 5149 de La Silleta, localidad de Campo Quijano<\/p>\n","protected":false},"author":8,"featured_media":850,"comment_status":"open","ping_status":"open","sticky":false,"template":"","format":"standard","meta":{"_monsterinsights_skip_tracking":false,"_monsterinsights_sitenote_active":false,"_monsterinsights_sitenote_note":"","_monsterinsights_sitenote_category":0,"footnotes":""},"categories":[2,16],"tags":[],"class_list":["post-848","post","type-post","status-publish","format-standard","has-post-thumbnail","hentry","category-cultura","category-noticias"],"yoast_head":"<!-- This site is optimized with the Yoast SEO plugin v20.8 - https:\/\/yoast.com\/wordpress\/plugins\/seo\/ -->\n<title>Se inaugur\u00f3 la Escuela Gesta G\u00fcemesiana N\u00ba 5149 de La Silleta. - RQ 99.9<\/title>\n<meta name=\"description\" content=\"Se concreto as\u00ed un pedido de toda la comunidad , que hoy es un sue\u00f1o cumplido.\" \/>\n<meta name=\"robots\" content=\"index, follow, max-snippet:-1, max-image-preview:large, max-video-preview:-1\" \/>\n<link rel=\"canonical\" href=\"https:\/\/nahuelproducciones.com.ar\/radioquijano\/se-inauguro-la-escuela-gesta-guemesiana-no-5149-de-la-silleta\/\" \/>\n<meta property=\"og:locale\" content=\"es_ES\" \/>\n<meta property=\"og:type\" content=\"article\" \/>\n<meta property=\"og:title\" content=\"Se inaugur\u00f3 la Escuela Gesta G\u00fcemesiana N\u00ba 5149 de La Silleta. - RQ 99.9\" \/>\n<meta property=\"og:description\" content=\"Se concreto as\u00ed un pedido de toda la comunidad , que hoy es un sue\u00f1o cumplido.\" \/>\n<meta property=\"og:url\" content=\"https:\/\/nahuelproducciones.com.ar\/radioquijano\/se-inauguro-la-escuela-gesta-guemesiana-no-5149-de-la-silleta\/\" \/>\n<meta property=\"og:site_name\" content=\"RQ 99.9\" \/>\n<meta property=\"article:publisher\" content=\"https:\/\/www.facebook.com\/nahuelproducciones999\/\" \/>\n<meta property=\"article:published_time\" content=\"2021-05-21T00:17:22+00:00\" \/>\n<meta property=\"article:modified_time\" content=\"2021-05-21T00:17:23+00:00\" \/>\n<meta property=\"og:image\" content=\"https:\/\/nahuelproducciones.com.ar\/radioquijano\/wp-content\/uploads\/2021\/05\/escuela-gesta-guemesiana-de-la-silleta-1.jpg\" \/>\n\t<meta property=\"og:image:width\" content=\"700\" \/>\n\t<meta property=\"og:image:height\" content=\"350\" \/>\n\t<meta property=\"og:image:type\" content=\"image\/jpeg\" \/>\n<meta name=\"author\" content=\"Cecilia Pastrana\" \/>\n<meta name=\"twitter:card\" content=\"summary_large_image\" \/>\n<meta name=\"twitter:creator\" content=\"@nahuproduciones\" \/>\n<meta name=\"twitter:site\" content=\"@nahuproduciones\" \/>\n<meta name=\"twitter:label1\" content=\"Escrito por\" \/>\n\t<meta name=\"twitter:data1\" content=\"Cecilia Pastrana\" \/>\n\t<meta name=\"twitter:label2\" content=\"Tiempo de lectura\" \/>\n\t<meta name=\"twitter:data2\" content=\"2 minutos\" \/>\n<script type=\"application\/ld+json\" class=\"yoast-schema-graph\">{\"@context\":\"https:\/\/schema.org\",\"@graph\":[{\"@type\":\"WebPage\",\"@id\":\"https:\/\/nahuelproducciones.com.ar\/radioquijano\/se-inauguro-la-escuela-gesta-guemesiana-no-5149-de-la-silleta\/\",\"url\":\"https:\/\/nahuelproducciones.com.ar\/radioquijano\/se-inauguro-la-escuela-gesta-guemesiana-no-5149-de-la-silleta\/\",\"name\":\"Se inaugur\u00f3 la Escuela Gesta G\u00fcemesiana N\u00ba 5149 de La Silleta. - RQ 99.9\",\"isPartOf\":{\"@id\":\"https:\/\/nahuelproducciones.com.ar\/radioquijano\/#website\"},\"datePublished\":\"2021-05-21T00:17:22+00:00\",\"dateModified\":\"2021-05-21T00:17:23+00:00\",\"author\":{\"@id\":\"https:\/\/nahuelproducciones.com.ar\/radioquijano\/#\/schema\/person\/e8a4f939e2cb487fe6d0c54042c9d32c\"},\"description\":\"Se concreto as\u00ed un pedido de toda la comunidad , que hoy es un sue\u00f1o cumplido.\",\"breadcrumb\":{\"@id\":\"https:\/\/nahuelproducciones.com.ar\/radioquijano\/se-inauguro-la-escuela-gesta-guemesiana-no-5149-de-la-silleta\/#breadcrumb\"},\"inLanguage\":\"es\",\"potentialAction\":[{\"@type\":\"ReadAction\",\"target\":[\"https:\/\/nahuelproducciones.com.ar\/radioquijano\/se-inauguro-la-escuela-gesta-guemesiana-no-5149-de-la-silleta\/\"]}]},{\"@type\":\"BreadcrumbList\",\"@id\":\"https:\/\/nahuelproducciones.com.ar\/radioquijano\/se-inauguro-la-escuela-gesta-guemesiana-no-5149-de-la-silleta\/#breadcrumb\",\"itemListElement\":[{\"@type\":\"ListItem\",\"position\":1,\"name\":\"Portada\",\"item\":\"https:\/\/nahuelproducciones.com.ar\/radioquijano\/\"},{\"@type\":\"ListItem\",\"position\":2,\"name\":\"Se inaugur\u00f3 la Escuela Gesta G\u00fcemesiana N\u00ba 5149 de La Silleta.\"}]},{\"@type\":\"WebSite\",\"@id\":\"https:\/\/nahuelproducciones.com.ar\/radioquijano\/#website\",\"url\":\"https:\/\/nahuelproducciones.com.ar\/radioquijano\/\",\"name\":\"RQ 99.9\",\"description\":\"Radio Quijano 99.9 MHz\",\"potentialAction\":[{\"@type\":\"SearchAction\",\"target\":{\"@type\":\"EntryPoint\",\"urlTemplate\":\"https:\/\/nahuelproducciones.com.ar\/radioquijano\/?s={search_term_string}\"},\"query-input\":\"required name=search_term_string\"}],\"inLanguage\":\"es\"},{\"@type\":\"Person\",\"@id\":\"https:\/\/nahuelproducciones.com.ar\/radioquijano\/#\/schema\/person\/e8a4f939e2cb487fe6d0c54042c9d32c\",\"name\":\"Cecilia Pastrana\",\"image\":{\"@type\":\"ImageObject\",\"inLanguage\":\"es\",\"@id\":\"https:\/\/nahuelproducciones.com.ar\/radioquijano\/#\/schema\/person\/image\/\",\"url\":\"https:\/\/secure.gravatar.com\/avatar\/661a3ef63a8488d4f2794ed44af8cf71420f7e106f3072c40125114df5157749?s=96&d=mm&r=g\",\"contentUrl\":\"https:\/\/secure.gravatar.com\/avatar\/661a3ef63a8488d4f2794ed44af8cf71420f7e106f3072c40125114df5157749?s=96&d=mm&r=g\",\"caption\":\"Cecilia Pastrana\"},\"sameAs\":[\"cecy\"],\"url\":\"https:\/\/nahuelproducciones.com.ar\/radioquijano\/author\/cecy\/\"}]}<\/script>\n<!-- \/ Yoast SEO plugin. -->","yoast_head_json":{"title":"Se inaugur\u00f3 la Escuela Gesta G\u00fcemesiana N\u00ba 5149 de La Silleta. - RQ 99.9","description":"Se concreto as\u00ed un pedido de toda la comunidad , que hoy es un sue\u00f1o cumplido.","robots":{"index":"index","follow":"follow","max-snippet":"max-snippet:-1","max-image-preview":"max-image-preview:large","max-video-preview":"max-video-preview:-1"},"canonical":"https:\/\/nahuelproducciones.com.ar\/radioquijano\/se-inauguro-la-escuela-gesta-guemesiana-no-5149-de-la-silleta\/","og_locale":"es_ES","og_type":"article","og_title":"Se inaugur\u00f3 la Escuela Gesta G\u00fcemesiana N\u00ba 5149 de La Silleta. - RQ 99.9","og_description":"Se concreto as\u00ed un pedido de toda la comunidad , que hoy es un sue\u00f1o cumplido.","og_url":"https:\/\/nahuelproducciones.com.ar\/radioquijano\/se-inauguro-la-escuela-gesta-guemesiana-no-5149-de-la-silleta\/","og_site_name":"RQ 99.9","article_publisher":"https:\/\/www.facebook.com\/nahuelproducciones999\/","article_published_time":"2021-05-21T00:17:22+00:00","article_modified_time":"2021-05-21T00:17:23+00:00","og_image":[{"width":700,"height":350,"url":"https:\/\/nahuelproducciones.com.ar\/radioquijano\/wp-content\/uploads\/2021\/05\/escuela-gesta-guemesiana-de-la-silleta-1.jpg","type":"image\/jpeg"}],"author":"Cecilia Pastrana","twitter_card":"summary_large_image","twitter_creator":"@nahuproduciones","twitter_site":"@nahuproduciones","twitter_misc":{"Escrito por":"Cecilia Pastrana","Tiempo de lectura":"2 minutos"},"schema":{"@context":"https:\/\/schema.org","@graph":[{"@type":"WebPage","@id":"https:\/\/nahuelproducciones.com.ar\/radioquijano\/se-inauguro-la-escuela-gesta-guemesiana-no-5149-de-la-silleta\/","url":"https:\/\/nahuelproducciones.com.ar\/radioquijano\/se-inauguro-la-escuela-gesta-guemesiana-no-5149-de-la-silleta\/","name":"Se inaugur\u00f3 la Escuela Gesta G\u00fcemesiana N\u00ba 5149 de La Silleta. - RQ 99.9","isPartOf":{"@id":"https:\/\/nahuelproducciones.com.ar\/radioquijano\/#website"},"datePublished":"2021-05-21T00:17:22+00:00","dateModified":"2021-05-21T00:17:23+00:00","author":{"@id":"https:\/\/nahuelproducciones.com.ar\/radioquijano\/#\/schema\/person\/e8a4f939e2cb487fe6d0c54042c9d32c"},"description":"Se concreto as\u00ed un pedido de toda la comunidad , que hoy es un sue\u00f1o cumplido.","breadcrumb":{"@id":"https:\/\/nahuelproducciones.com.ar\/radioquijano\/se-inauguro-la-escuela-gesta-guemesiana-no-5149-de-la-silleta\/#breadcrumb"},"inLanguage":"es","potentialAction":[{"@type":"ReadAction","target":["https:\/\/nahuelproducciones.com.ar\/radioquijano\/se-inauguro-la-escuela-gesta-guemesiana-no-5149-de-la-silleta\/"]}]},{"@type":"BreadcrumbList","@id":"https:\/\/nahuelproducciones.com.ar\/radioquijano\/se-inauguro-la-escuela-gesta-guemesiana-no-5149-de-la-silleta\/#breadcrumb","itemListElement":[{"@type":"ListItem","position":1,"name":"Portada","item":"https:\/\/nahuelproducciones.com.ar\/radioquijano\/"},{"@type":"ListItem","position":2,"name":"Se inaugur\u00f3 la Escuela Gesta G\u00fcemesiana N\u00ba 5149 de La Silleta."}]},{"@type":"WebSite","@id":"https:\/\/nahuelproducciones.com.ar\/radioquijano\/#website","url":"https:\/\/nahuelproducciones.com.ar\/radioquijano\/","name":"RQ 99.9","description":"Radio Quijano 99.9 MHz","potentialAction":[{"@type":"SearchAction","target":{"@type":"EntryPoint","urlTemplate":"https:\/\/nahuelproducciones.com.ar\/radioquijano\/?s={search_term_string}"},"query-input":"required name=search_term_string"}],"inLanguage":"es"},{"@type":"Person","@id":"https:\/\/nahuelproducciones.com.ar\/radioquijano\/#\/schema\/person\/e8a4f939e2cb487fe6d0c54042c9d32c","name":"Cecilia Pastrana","image":{"@type":"ImageObject","inLanguage":"es","@id":"https:\/\/nahuelproducciones.com.ar\/radioquijano\/#\/schema\/person\/image\/","url":"https:\/\/secure.gravatar.com\/avatar\/661a3ef63a8488d4f2794ed44af8cf71420f7e106f3072c40125114df5157749?s=96&d=mm&r=g","contentUrl":"https:\/\/secure.gravatar.com\/avatar\/661a3ef63a8488d4f2794ed44af8cf71420f7e106f3072c40125114df5157749?s=96&d=mm&r=g","caption":"Cecilia Pastrana"},"sameAs":["cecy"],"url":"https:\/\/nahuelproducciones.com.ar\/radioquijano\/author\/cecy\/"}]}},"_links":{"self":[{"href":"https:\/\/nahuelproducciones.com.ar\/radioquijano\/wp-json\/wp\/v2\/posts\/848","targetHints":{"allow":["GET"]}}],"collection":[{"href":"https:\/\/nahuelproducciones.com.ar\/radioquijano\/wp-json\/wp\/v2\/posts"}],"about":[{"href":"https:\/\/nahuelproducciones.com.ar\/radioquijano\/wp-json\/wp\/v2\/types\/post"}],"author":[{"embeddable":true,"href":"https:\/\/nahuelproducciones.com.ar\/radioquijano\/wp-json\/wp\/v2\/users\/8"}],"replies":[{"embeddable":true,"href":"https:\/\/nahuelproducciones.com.ar\/radioquijano\/wp-json\/wp\/v2\/comments?post=848"}],"version-history":[{"count":1,"href":"https:\/\/nahuelproducciones.com.ar\/radioquijano\/wp-json\/wp\/v2\/posts\/848\/revisions"}],"predecessor-version":[{"id":851,"href":"https:\/\/nahuelproducciones.com.ar\/radioquijano\/wp-json\/wp\/v2\/posts\/848\/revisions\/851"}],"wp:featuredmedia":[{"embeddable":true,"href":"https:\/\/nahuelproducciones.com.ar\/radioquijano\/wp-json\/wp\/v2\/media\/850"}],"wp:attachment":[{"href":"https:\/\/nahuelproducciones.com.ar\/radioquijano\/wp-json\/wp\/v2\/media?parent=848"}],"wp:term":[{"taxonomy":"category","embeddable":true,"href":"https:\/\/nahuelproducciones.com.ar\/radioquijano\/wp-json\/wp\/v2\/categories?post=848"},{"taxonomy":"post_tag","embeddable":true,"href":"https:\/\/nahuelproducciones.com.ar\/radioquijano\/wp-json\/wp\/v2\/tags?post=848"}],"curies":[{"name":"wp","href":"https:\/\/api.w.org\/{rel}","templated":true}]}}