{"id":8497,"date":"2024-07-23T23:28:49","date_gmt":"2024-07-24T02:28:49","guid":{"rendered":"https:\/\/nahuelproducciones.com.ar\/radioquijano\/?p=8497"},"modified":"2024-07-23T23:28:50","modified_gmt":"2024-07-24T02:28:50","slug":"en-agosto-operativo-sanitario-en-la-quebrada-del-toro","status":"publish","type":"post","link":"https:\/\/nahuelproducciones.com.ar\/radioquijano\/en-agosto-operativo-sanitario-en-la-quebrada-del-toro\/","title":{"rendered":"En agosto, \u00abOperativo Sanitario en la Quebrada del Toro\u00bb."},"content":{"rendered":"\n<p>ENASHU anuncia un nuevo operativo sanitario, el cual se llevar\u00e1 a cabo en la zona monta\u00f1osa de la Quebrada del Toro (Salta, Argentina), del 11 al 16 de agosto de 2024. Esta misi\u00f3n, que busca brindar atenci\u00f3n m\u00e9dica integral a los ni\u00f1os y sus familias en seis escuelas rurales, es un testimonio de nuestro compromiso con las comunidades m\u00e1s vulnerables.<\/p>\n\n\n\n<p>En colaboraci\u00f3n con las autoridades del Hospital Francisco Herrera de Campo Quijano, a trav\u00e9s de la Lic. D\u00e9bora L\u00f3pez; con nuestro equipo de m\u00e9dicos\/as, enfermeros\/as, obst\u00e9tricas y voluntarios de log\u00edstica se desplegar\u00e1 para ofrecer controles cl\u00ednicos con la posibilidad de realizar test r\u00e1pidos de embarazo, test r\u00e1pidos de COVID, controles de glucemia, electrocardiogramas, etc. Adem\u00e1s, estamos intentando articular nuestro trabajo en el terreno con las autoridades del Hospital Dr. Cayetano Pagano de San Antonio de los Cobres.<\/p>\n\n\n\n<p>Queremos destacar la importancia de los\/as directores\/as de las escuelas rurales con quienes estamos coordinando el trabajo de campo; en particular con el director de la Escuela N\u00ba 4526 \u201cEl Rosal\u201d, Don Aldo Rom\u00e1n Palacios. Su colaboraci\u00f3n y compromiso son fundamentales para el \u00e9xito de esta misi\u00f3n. Gracias a ellos, podemos identificar y priorizar las necesidades de los ni\u00f1os y sus familias, asegurando una atenci\u00f3n efectiva.<\/p>\n\n\n\n<p>El apoyo log\u00edstico de la Municipalidad de Campo Quijano (base del operativo sanitario), a trav\u00e9s del Intendente Ing. Lino Yonar, es fundamental para la organizaci\u00f3n de este operativo. Su colaboraci\u00f3n nos permitir\u00e1 garantizar la llegada segura y eficiente de nuestro equipo y suministros a las \u00e1reas remotas que m\u00e1s lo necesitan.<\/p>\n\n\n\n<p>El cronograma del operativo sanitario ser\u00e1 el siguiente:<\/p>\n\n\n\n<p>12\/08\/2024 \u2013 Visitaremos la Escuela Rural N* 4422 \u00abCrucero A.R.A General Belgrano\u201d en Potrero de Cha\u00f1i, situado a unos 3.800 metros de altura sobre el nivel del mar (msnm) y al pie del imponente Nevado de Cha\u00f1i. Luego llegaremos hasta la Escuela Rural N* 4526 \u201cEl Rosal\u201d, situada a 3.367 metros de altura (msnm). Finalmente visitaremos la Escuela Rural N* 4327 en San Bernardo de las Zorras.<\/p>\n\n\n\n<p>13\/08\/2024 \u2013 Visitaremos la Escuela Rural N\u00b0 4599 \u00abVeteranos de Guerra y Ca\u00eddos en Combate de Malvinas\u00bb de Paraje Pascha, en plena Puna Salte\u00f1a y a m\u00e1s 3.000 metros de altura (msnm).<\/p>\n\n\n\n<p>14\/08\/2024 \u2013 Visitaremos la Escuela N* 4619 \u201cCoronel Severo de Zequeira\u201d en el Paraje de Finca El Toro, situada a unos 3.700 metros de altura (msnm). Al finalizar la atenci\u00f3n y con la ayuda del Director de la Escuela Don Osvaldo Barrientos intentaremos llegar a dos parajes, Puesto Grande y La Aguada, a unos 40 km adentr\u00e1ndonos en los cerros.<\/p>\n\n\n\n<p>15\/08\/2024 \u2013 Visitaremos la Escuela N* 4756 en el Paraje El Palomar situada a unos 3.700 metros de altura (msnm).<\/p>\n\n\n\n<p>Desde hace m\u00e1s de diez a\u00f1os, ENASHU ha trabajado incansablemente para mejorar la salud y el bienestar de las comunidades rurales en el norte argentino. Este operativo es parte de nuestro esfuerzo continuo y de muchas personas que colaboran con su donaci\u00f3n para poder asegurar que todos los ni\u00f1os y ni\u00f1as tengan acceso a una atenci\u00f3n m\u00e9dica de calidad, independientemente de su ubicaci\u00f3n geogr\u00e1fica.<\/p>\n\n\n\n<p>Invitamos a todos los medios de comunicaci\u00f3n, organizaciones y miembros de la comunidad a unirse a nosotros en esta noble causa. Su apoyo y difusi\u00f3n son vitales para el \u00e9xito de nuestra misi\u00f3n y para generar un impacto positivo en la vida de \u00e9stas personas.<\/p>\n\n\n\n<blockquote class=\"wp-block-quote is-layout-flow wp-block-quote-is-layout-flow\">\n<p>ENASHU es una organizaci\u00f3n que brinda Asistencia Humanitaria a trav\u00e9s de Operativos Sanitarios en ayuda de personas vulnerables, marginadas y sin acceso a la Salud, defendiendo el derecho universal del acceso b\u00e1sico a la atenci\u00f3n sanitaria.<\/p>\n<\/blockquote>\n\n\n\n<p>Para m\u00e1s informaci\u00f3n, por favor contactar a:<\/p>\n\n\n\n<p>ENASHU &#8211; Equipo de Comunicaciones<br>WSP: +54 9 11 5053 4770<br>Sitio Web: asistenciahumanitaria.com<br>IG: @crisishumanitaria<\/p>\n\n\n\n<p>Fuente: ENASHU &#8211; Equipo de Comunicaciones<br><br><\/p>\n\n\n\n<figure class=\"wp-block-gallery has-nested-images columns-default is-cropped wp-block-gallery-1 is-layout-flex wp-block-gallery-is-layout-flex\">\n<figure class=\"wp-block-image size-large\"><img loading=\"lazy\" decoding=\"async\" width=\"630\" height=\"575\" data-id=\"8505\" src=\"https:\/\/nahuelproducciones.com.ar\/radioquijano\/wp-content\/uploads\/2024\/07\/WhatsApp-Image-2024-07-23-at-11.14.46-PM.jpeg\" alt=\"\" class=\"wp-image-8505\" srcset=\"https:\/\/nahuelproducciones.com.ar\/radioquijano\/wp-content\/uploads\/2024\/07\/WhatsApp-Image-2024-07-23-at-11.14.46-PM.jpeg 630w, https:\/\/nahuelproducciones.com.ar\/radioquijano\/wp-content\/uploads\/2024\/07\/WhatsApp-Image-2024-07-23-at-11.14.46-PM-300x274.jpeg 300w, https:\/\/nahuelproducciones.com.ar\/radioquijano\/wp-content\/uploads\/2024\/07\/WhatsApp-Image-2024-07-23-at-11.14.46-PM-150x137.jpeg 150w\" sizes=\"auto, (max-width: 630px) 100vw, 630px\" \/><\/figure>\n\n\n\n<figure class=\"wp-block-image size-large\"><img loading=\"lazy\" decoding=\"async\" width=\"610\" height=\"619\" data-id=\"8506\" src=\"https:\/\/nahuelproducciones.com.ar\/radioquijano\/wp-content\/uploads\/2024\/07\/WhatsApp-Image-2024-07-23-at-11.15.23-PM.jpeg\" alt=\"\" class=\"wp-image-8506\" srcset=\"https:\/\/nahuelproducciones.com.ar\/radioquijano\/wp-content\/uploads\/2024\/07\/WhatsApp-Image-2024-07-23-at-11.15.23-PM.jpeg 610w, https:\/\/nahuelproducciones.com.ar\/radioquijano\/wp-content\/uploads\/2024\/07\/WhatsApp-Image-2024-07-23-at-11.15.23-PM-296x300.jpeg 296w, https:\/\/nahuelproducciones.com.ar\/radioquijano\/wp-content\/uploads\/2024\/07\/WhatsApp-Image-2024-07-23-at-11.15.23-PM-96x96.jpeg 96w, https:\/\/nahuelproducciones.com.ar\/radioquijano\/wp-content\/uploads\/2024\/07\/WhatsApp-Image-2024-07-23-at-11.15.23-PM-150x152.jpeg 150w\" sizes=\"auto, (max-width: 610px) 100vw, 610px\" \/><\/figure>\n\n\n\n<figure class=\"wp-block-image size-large\"><img loading=\"lazy\" decoding=\"async\" width=\"633\" height=\"583\" data-id=\"8504\" src=\"https:\/\/nahuelproducciones.com.ar\/radioquijano\/wp-content\/uploads\/2024\/07\/WhatsApp-Image-2024-07-23-at-11.15.55-PM.jpeg\" alt=\"\" class=\"wp-image-8504\" srcset=\"https:\/\/nahuelproducciones.com.ar\/radioquijano\/wp-content\/uploads\/2024\/07\/WhatsApp-Image-2024-07-23-at-11.15.55-PM.jpeg 633w, https:\/\/nahuelproducciones.com.ar\/radioquijano\/wp-content\/uploads\/2024\/07\/WhatsApp-Image-2024-07-23-at-11.15.55-PM-300x276.jpeg 300w, https:\/\/nahuelproducciones.com.ar\/radioquijano\/wp-content\/uploads\/2024\/07\/WhatsApp-Image-2024-07-23-at-11.15.55-PM-150x138.jpeg 150w\" sizes=\"auto, (max-width: 633px) 100vw, 633px\" \/><\/figure>\n<\/figure>\n","protected":false},"excerpt":{"rendered":"<p>ENASHU anuncia un nuevo operativo sanitario, el cual se llevar\u00e1 a cabo en la zona monta\u00f1osa de la Quebrada del Toro (Salta, Argentina), del 11 al 16 de agosto de 2024. Esta misi\u00f3n, que busca brindar atenci\u00f3n m\u00e9dica integral a los ni\u00f1os y sus familias en seis escuelas rurales, es un testimonio de nuestro compromiso [&hellip;]<\/p>\n","protected":false},"author":8,"featured_media":8503,"comment_status":"open","ping_status":"open","sticky":false,"template":"","format":"standard","meta":{"_monsterinsights_skip_tracking":false,"_monsterinsights_sitenote_active":false,"_monsterinsights_sitenote_note":"","_monsterinsights_sitenote_category":0,"footnotes":""},"categories":[16],"tags":[1596,1597,100,76],"class_list":["post-8497","post","type-post","status-publish","format-standard","has-post-thumbnail","hentry","category-noticias","tag-asistencia-humanitaria-internacional","tag-enashu","tag-municipio-de-campo-quijano","tag-quebrada-del-toro"],"yoast_head":"<!-- This site is optimized with the Yoast SEO plugin v20.8 - https:\/\/yoast.com\/wordpress\/plugins\/seo\/ -->\n<title>En agosto, &quot;Operativo Sanitario en la Quebrada del Toro&quot;. - RQ 99.9<\/title>\n<meta name=\"description\" content=\"Del 11 al 16 de agosto de 2024\" \/>\n<meta name=\"robots\" content=\"index, follow, max-snippet:-1, max-image-preview:large, max-video-preview:-1\" \/>\n<link rel=\"canonical\" href=\"https:\/\/nahuelproducciones.com.ar\/radioquijano\/en-agosto-operativo-sanitario-en-la-quebrada-del-toro\/\" \/>\n<meta property=\"og:locale\" content=\"es_ES\" \/>\n<meta property=\"og:type\" content=\"article\" \/>\n<meta property=\"og:title\" content=\"En agosto, &quot;Operativo Sanitario en la Quebrada del Toro&quot;. - RQ 99.9\" \/>\n<meta property=\"og:description\" content=\"Del 11 al 16 de agosto de 2024\" \/>\n<meta property=\"og:url\" content=\"https:\/\/nahuelproducciones.com.ar\/radioquijano\/en-agosto-operativo-sanitario-en-la-quebrada-del-toro\/\" \/>\n<meta property=\"og:site_name\" content=\"RQ 99.9\" \/>\n<meta property=\"article:publisher\" content=\"https:\/\/www.facebook.com\/nahuelproducciones999\/\" \/>\n<meta property=\"article:published_time\" content=\"2024-07-24T02:28:49+00:00\" \/>\n<meta property=\"article:modified_time\" content=\"2024-07-24T02:28:50+00:00\" \/>\n<meta property=\"og:image\" content=\"https:\/\/nahuelproducciones.com.ar\/radioquijano\/wp-content\/uploads\/2024\/07\/452100695_2385442545000373_2052532720184668706_n-e1721788088288.jpg\" \/>\n\t<meta property=\"og:image:width\" content=\"700\" \/>\n\t<meta property=\"og:image:height\" content=\"700\" \/>\n\t<meta property=\"og:image:type\" content=\"image\/jpeg\" \/>\n<meta name=\"author\" content=\"Cecilia Pastrana\" \/>\n<meta name=\"twitter:card\" content=\"summary_large_image\" \/>\n<meta name=\"twitter:creator\" content=\"@nahuproduciones\" \/>\n<meta name=\"twitter:site\" content=\"@nahuproduciones\" \/>\n<meta name=\"twitter:label1\" content=\"Escrito por\" \/>\n\t<meta name=\"twitter:data1\" content=\"Cecilia Pastrana\" \/>\n\t<meta name=\"twitter:label2\" content=\"Tiempo de lectura\" \/>\n\t<meta name=\"twitter:data2\" content=\"4 minutos\" \/>\n<script type=\"application\/ld+json\" class=\"yoast-schema-graph\">{\"@context\":\"https:\/\/schema.org\",\"@graph\":[{\"@type\":\"WebPage\",\"@id\":\"https:\/\/nahuelproducciones.com.ar\/radioquijano\/en-agosto-operativo-sanitario-en-la-quebrada-del-toro\/\",\"url\":\"https:\/\/nahuelproducciones.com.ar\/radioquijano\/en-agosto-operativo-sanitario-en-la-quebrada-del-toro\/\",\"name\":\"En agosto, \\\"Operativo Sanitario en la Quebrada del Toro\\\". - RQ 99.9\",\"isPartOf\":{\"@id\":\"https:\/\/nahuelproducciones.com.ar\/radioquijano\/#website\"},\"datePublished\":\"2024-07-24T02:28:49+00:00\",\"dateModified\":\"2024-07-24T02:28:50+00:00\",\"author\":{\"@id\":\"https:\/\/nahuelproducciones.com.ar\/radioquijano\/#\/schema\/person\/e8a4f939e2cb487fe6d0c54042c9d32c\"},\"description\":\"Del 11 al 16 de agosto de 2024\",\"breadcrumb\":{\"@id\":\"https:\/\/nahuelproducciones.com.ar\/radioquijano\/en-agosto-operativo-sanitario-en-la-quebrada-del-toro\/#breadcrumb\"},\"inLanguage\":\"es\",\"potentialAction\":[{\"@type\":\"ReadAction\",\"target\":[\"https:\/\/nahuelproducciones.com.ar\/radioquijano\/en-agosto-operativo-sanitario-en-la-quebrada-del-toro\/\"]}]},{\"@type\":\"BreadcrumbList\",\"@id\":\"https:\/\/nahuelproducciones.com.ar\/radioquijano\/en-agosto-operativo-sanitario-en-la-quebrada-del-toro\/#breadcrumb\",\"itemListElement\":[{\"@type\":\"ListItem\",\"position\":1,\"name\":\"Portada\",\"item\":\"https:\/\/nahuelproducciones.com.ar\/radioquijano\/\"},{\"@type\":\"ListItem\",\"position\":2,\"name\":\"En agosto, &#8220;Operativo Sanitario en la Quebrada del Toro&#8221;.\"}]},{\"@type\":\"WebSite\",\"@id\":\"https:\/\/nahuelproducciones.com.ar\/radioquijano\/#website\",\"url\":\"https:\/\/nahuelproducciones.com.ar\/radioquijano\/\",\"name\":\"RQ 99.9\",\"description\":\"Radio Quijano 99.9 MHz\",\"potentialAction\":[{\"@type\":\"SearchAction\",\"target\":{\"@type\":\"EntryPoint\",\"urlTemplate\":\"https:\/\/nahuelproducciones.com.ar\/radioquijano\/?s={search_term_string}\"},\"query-input\":\"required name=search_term_string\"}],\"inLanguage\":\"es\"},{\"@type\":\"Person\",\"@id\":\"https:\/\/nahuelproducciones.com.ar\/radioquijano\/#\/schema\/person\/e8a4f939e2cb487fe6d0c54042c9d32c\",\"name\":\"Cecilia Pastrana\",\"image\":{\"@type\":\"ImageObject\",\"inLanguage\":\"es\",\"@id\":\"https:\/\/nahuelproducciones.com.ar\/radioquijano\/#\/schema\/person\/image\/\",\"url\":\"https:\/\/secure.gravatar.com\/avatar\/661a3ef63a8488d4f2794ed44af8cf71420f7e106f3072c40125114df5157749?s=96&d=mm&r=g\",\"contentUrl\":\"https:\/\/secure.gravatar.com\/avatar\/661a3ef63a8488d4f2794ed44af8cf71420f7e106f3072c40125114df5157749?s=96&d=mm&r=g\",\"caption\":\"Cecilia Pastrana\"},\"sameAs\":[\"cecy\"],\"url\":\"https:\/\/nahuelproducciones.com.ar\/radioquijano\/author\/cecy\/\"}]}<\/script>\n<!-- \/ Yoast SEO plugin. -->","yoast_head_json":{"title":"En agosto, \"Operativo Sanitario en la Quebrada del Toro\". - RQ 99.9","description":"Del 11 al 16 de agosto de 2024","robots":{"index":"index","follow":"follow","max-snippet":"max-snippet:-1","max-image-preview":"max-image-preview:large","max-video-preview":"max-video-preview:-1"},"canonical":"https:\/\/nahuelproducciones.com.ar\/radioquijano\/en-agosto-operativo-sanitario-en-la-quebrada-del-toro\/","og_locale":"es_ES","og_type":"article","og_title":"En agosto, \"Operativo Sanitario en la Quebrada del Toro\". - RQ 99.9","og_description":"Del 11 al 16 de agosto de 2024","og_url":"https:\/\/nahuelproducciones.com.ar\/radioquijano\/en-agosto-operativo-sanitario-en-la-quebrada-del-toro\/","og_site_name":"RQ 99.9","article_publisher":"https:\/\/www.facebook.com\/nahuelproducciones999\/","article_published_time":"2024-07-24T02:28:49+00:00","article_modified_time":"2024-07-24T02:28:50+00:00","og_image":[{"width":700,"height":700,"url":"https:\/\/nahuelproducciones.com.ar\/radioquijano\/wp-content\/uploads\/2024\/07\/452100695_2385442545000373_2052532720184668706_n-e1721788088288.jpg","type":"image\/jpeg"}],"author":"Cecilia Pastrana","twitter_card":"summary_large_image","twitter_creator":"@nahuproduciones","twitter_site":"@nahuproduciones","twitter_misc":{"Escrito por":"Cecilia Pastrana","Tiempo de lectura":"4 minutos"},"schema":{"@context":"https:\/\/schema.org","@graph":[{"@type":"WebPage","@id":"https:\/\/nahuelproducciones.com.ar\/radioquijano\/en-agosto-operativo-sanitario-en-la-quebrada-del-toro\/","url":"https:\/\/nahuelproducciones.com.ar\/radioquijano\/en-agosto-operativo-sanitario-en-la-quebrada-del-toro\/","name":"En agosto, \"Operativo Sanitario en la Quebrada del Toro\". - RQ 99.9","isPartOf":{"@id":"https:\/\/nahuelproducciones.com.ar\/radioquijano\/#website"},"datePublished":"2024-07-24T02:28:49+00:00","dateModified":"2024-07-24T02:28:50+00:00","author":{"@id":"https:\/\/nahuelproducciones.com.ar\/radioquijano\/#\/schema\/person\/e8a4f939e2cb487fe6d0c54042c9d32c"},"description":"Del 11 al 16 de agosto de 2024","breadcrumb":{"@id":"https:\/\/nahuelproducciones.com.ar\/radioquijano\/en-agosto-operativo-sanitario-en-la-quebrada-del-toro\/#breadcrumb"},"inLanguage":"es","potentialAction":[{"@type":"ReadAction","target":["https:\/\/nahuelproducciones.com.ar\/radioquijano\/en-agosto-operativo-sanitario-en-la-quebrada-del-toro\/"]}]},{"@type":"BreadcrumbList","@id":"https:\/\/nahuelproducciones.com.ar\/radioquijano\/en-agosto-operativo-sanitario-en-la-quebrada-del-toro\/#breadcrumb","itemListElement":[{"@type":"ListItem","position":1,"name":"Portada","item":"https:\/\/nahuelproducciones.com.ar\/radioquijano\/"},{"@type":"ListItem","position":2,"name":"En agosto, &#8220;Operativo Sanitario en la Quebrada del Toro&#8221;."}]},{"@type":"WebSite","@id":"https:\/\/nahuelproducciones.com.ar\/radioquijano\/#website","url":"https:\/\/nahuelproducciones.com.ar\/radioquijano\/","name":"RQ 99.9","description":"Radio Quijano 99.9 MHz","potentialAction":[{"@type":"SearchAction","target":{"@type":"EntryPoint","urlTemplate":"https:\/\/nahuelproducciones.com.ar\/radioquijano\/?s={search_term_string}"},"query-input":"required name=search_term_string"}],"inLanguage":"es"},{"@type":"Person","@id":"https:\/\/nahuelproducciones.com.ar\/radioquijano\/#\/schema\/person\/e8a4f939e2cb487fe6d0c54042c9d32c","name":"Cecilia Pastrana","image":{"@type":"ImageObject","inLanguage":"es","@id":"https:\/\/nahuelproducciones.com.ar\/radioquijano\/#\/schema\/person\/image\/","url":"https:\/\/secure.gravatar.com\/avatar\/661a3ef63a8488d4f2794ed44af8cf71420f7e106f3072c40125114df5157749?s=96&d=mm&r=g","contentUrl":"https:\/\/secure.gravatar.com\/avatar\/661a3ef63a8488d4f2794ed44af8cf71420f7e106f3072c40125114df5157749?s=96&d=mm&r=g","caption":"Cecilia Pastrana"},"sameAs":["cecy"],"url":"https:\/\/nahuelproducciones.com.ar\/radioquijano\/author\/cecy\/"}]}},"_links":{"self":[{"href":"https:\/\/nahuelproducciones.com.ar\/radioquijano\/wp-json\/wp\/v2\/posts\/8497","targetHints":{"allow":["GET"]}}],"collection":[{"href":"https:\/\/nahuelproducciones.com.ar\/radioquijano\/wp-json\/wp\/v2\/posts"}],"about":[{"href":"https:\/\/nahuelproducciones.com.ar\/radioquijano\/wp-json\/wp\/v2\/types\/post"}],"author":[{"embeddable":true,"href":"https:\/\/nahuelproducciones.com.ar\/radioquijano\/wp-json\/wp\/v2\/users\/8"}],"replies":[{"embeddable":true,"href":"https:\/\/nahuelproducciones.com.ar\/radioquijano\/wp-json\/wp\/v2\/comments?post=8497"}],"version-history":[{"count":1,"href":"https:\/\/nahuelproducciones.com.ar\/radioquijano\/wp-json\/wp\/v2\/posts\/8497\/revisions"}],"predecessor-version":[{"id":8507,"href":"https:\/\/nahuelproducciones.com.ar\/radioquijano\/wp-json\/wp\/v2\/posts\/8497\/revisions\/8507"}],"wp:featuredmedia":[{"embeddable":true,"href":"https:\/\/nahuelproducciones.com.ar\/radioquijano\/wp-json\/wp\/v2\/media\/8503"}],"wp:attachment":[{"href":"https:\/\/nahuelproducciones.com.ar\/radioquijano\/wp-json\/wp\/v2\/media?parent=8497"}],"wp:term":[{"taxonomy":"category","embeddable":true,"href":"https:\/\/nahuelproducciones.com.ar\/radioquijano\/wp-json\/wp\/v2\/categories?post=8497"},{"taxonomy":"post_tag","embeddable":true,"href":"https:\/\/nahuelproducciones.com.ar\/radioquijano\/wp-json\/wp\/v2\/tags?post=8497"}],"curies":[{"name":"wp","href":"https:\/\/api.w.org\/{rel}","templated":true}]}}