{"id":8498,"date":"2024-07-23T23:05:46","date_gmt":"2024-07-24T02:05:46","guid":{"rendered":"https:\/\/nahuelproducciones.com.ar\/radioquijano\/?p=8498"},"modified":"2024-07-23T23:05:46","modified_gmt":"2024-07-24T02:05:46","slug":"orgullosos-de-este-equipo","status":"publish","type":"post","link":"https:\/\/nahuelproducciones.com.ar\/radioquijano\/orgullosos-de-este-equipo\/","title":{"rendered":"\u00a1ORGULLOSOS DE ESTE EQUIPO!"},"content":{"rendered":"\n<p>El Comit\u00e9 Ol\u00edmpico Argentino dio a conocer el listado oficial de la Delegaci\u00f3n Argentina <img loading=\"lazy\" decoding=\"async\" height=\"16\" width=\"16\" src=\"https:\/\/static.xx.fbcdn.net\/images\/emoji.php\/v9\/t48\/1\/16\/1f1e6_1f1f7.png\" alt=\"&#x1f1e6;&#x1f1f7;\"> que disputar\u00e1 los XXXIII Juegos Ol\u00edmpicos Par\u00eds 2024<img loading=\"lazy\" decoding=\"async\" height=\"16\" width=\"16\" src=\"https:\/\/static.xx.fbcdn.net\/images\/emoji.php\/v9\/t74\/1\/16\/1f1eb_1f1f7.png\" alt=\"&#x1f1eb;&#x1f1f7;\">, que se llevar\u00e1n a cabo del 26 de julio al 11 de agosto.<\/p>\n\n\n\n<p><img loading=\"lazy\" decoding=\"async\" height=\"16\" width=\"16\" alt=\"&#x1f518;\" src=\"https:\/\/static.xx.fbcdn.net\/images\/emoji.php\/v9\/t34\/1\/16\/1f518.png\"> El equipo est\u00e1 conformado por 136 atletas, 103 varones y 33 mujeres, que participar\u00e1n en 25 disciplinas:<\/p>\n\n\n\n<p>Atletismo<img loading=\"lazy\" decoding=\"async\" height=\"16\" width=\"16\" src=\"https:\/\/static.xx.fbcdn.net\/images\/emoji.php\/v9\/t4d\/1\/16\/1f3bd.png\" alt=\"&#x1f3bd;\"> (6): Bel\u00e9n Casetta (3000m c\/obst\u00e1culos) y Florencia Borelli y Daiana Ocampo (Marat\u00f3n); y Eli\u00e1n Larregina (400m), Nazareno Sasia (Lanzamiento de Bala) y Joaqu\u00edn G\u00f3mez (Lanzamiento de Martillo).<\/p>\n\n\n\n<p>BMX Freestyle (1): Jos\u00e9 Torres.<\/p>\n\n\n\n<p>Canotaje Velocidad<img loading=\"lazy\" decoding=\"async\" height=\"16\" width=\"16\" src=\"https:\/\/static.xx.fbcdn.net\/images\/emoji.php\/v9\/t5e\/1\/16\/1f6f6.png\" alt=\"&#x1f6f6;\"> (2): Agust\u00edn Vernice (K1 1000m) y Brenda Rojas (K1 500m).0<\/p>\n\n\n\n<p>Ciclismo BMX (1): Gonzalo Molina.<\/p>\n\n\n\n<p>Ciclismo De Ruta<img loading=\"lazy\" decoding=\"async\" height=\"16\" width=\"16\" src=\"https:\/\/static.xx.fbcdn.net\/images\/emoji.php\/v9\/tc\/1\/16\/1f6b4_1f3fc_200d_2642.png\" alt=\"&#x1f6b4;&#x1f3fc;&#x200d;&#x2642;&#xfe0f;\"> (1): Eduardo Sep\u00falveda.<\/p>\n\n\n\n<p>Equitaci\u00f3n<img loading=\"lazy\" decoding=\"async\" height=\"16\" width=\"16\" src=\"https:\/\/static.xx.fbcdn.net\/images\/emoji.php\/v9\/tfb\/1\/16\/1f3c7_1f3fc.png\" alt=\"&#x1f3c7;&#x1f3fc;\"> (1): Jos\u00e9 Mar\u00eda Larocca (Salto Individual).<\/p>\n\n\n\n<p>Esgrima<img loading=\"lazy\" decoding=\"async\" height=\"16\" width=\"16\" src=\"https:\/\/static.xx.fbcdn.net\/images\/emoji.php\/v9\/t1f\/1\/16\/1f93a.png\" alt=\"&#x1f93a;\"> (1): Pascual Di Tella (Sable Individual).<\/p>\n\n\n\n<p>F\u00fatbol<img loading=\"lazy\" decoding=\"async\" height=\"16\" width=\"16\" src=\"https:\/\/static.xx.fbcdn.net\/images\/emoji.php\/v9\/taf\/1\/16\/26bd.png\" alt=\"&#x26bd;&#xfe0f;\"> Masculino (18): Leandro Brey y Ger\u00f3nimo Rulli (Arqueros), Bruno Amione, Marco Di C\u00e9sare, Joaqu\u00edn Garc\u00eda, Gonzalo Luj\u00e1n, Nicol\u00e1s Otamendi y Julio C\u00e9sar Soler (Defensores); Ezequiel Fern\u00e1ndez, Santiago Hezze, Cristian Medina y Kevin Zen\u00f3n (Mediocampistas); y Thiago Almada, Juli\u00e1n \u00c1lvarez, Lucas Beltr\u00e1n, Claudio Echeverri, Luciano Gondou y Giuliano Simeone (Delanteros). | Reservas: Fabricio Iacovich, Aaron Quir\u00f3s, Juan Nardoni y Federico Redondo.<\/p>\n\n\n\n<p>Golf<img loading=\"lazy\" decoding=\"async\" height=\"16\" width=\"16\" src=\"https:\/\/static.xx.fbcdn.net\/images\/emoji.php\/v9\/t7a\/1\/16\/26f3.png\" alt=\"&#x26f3;&#xfe0f;\"> (2): Emiliano Grillo y Alejandro Tosti.<\/p>\n\n\n\n<p>Handball<img loading=\"lazy\" decoding=\"async\" height=\"16\" width=\"16\" src=\"https:\/\/static.xx.fbcdn.net\/images\/emoji.php\/v9\/t4f\/1\/16\/1f93e_1f3fc_200d_2642.png\" alt=\"&#x1f93e;&#x1f3fc;&#x200d;&#x2642;&#xfe0f;\"> Masculino | Los Gladiadores<img loading=\"lazy\" decoding=\"async\" height=\"16\" width=\"16\" src=\"https:\/\/static.xx.fbcdn.net\/images\/emoji.php\/v9\/t8\/1\/16\/2694.png\" alt=\"&#x2694;&#xfe0f;\"><img loading=\"lazy\" decoding=\"async\" height=\"16\" width=\"16\" src=\"https:\/\/static.xx.fbcdn.net\/images\/emoji.php\/v9\/t3a\/1\/16\/1f6e1.png\" alt=\"&#x1f6e1;&#xfe0f;\"> (14): Leonel Maciel y Juan Bar (Arqueros); Ignacio Pizarro, Federico Fern\u00e1ndez y Santiago Baronetto (Extremos); Nicol\u00e1s Bonanno, Federico Pizarro y Andr\u00e9s Moyano (Laterales); Diego Simonet, Nicol\u00e1s Bono, Pablo Simonet y Pedro Mart\u00ednez Cami (Centrales); y Gast\u00f3n Mouri\u00f1o y Lucas Moscariello (Pivotes). | Reservas: James Parker, Pablo Vainstein y Guillermo Fischer.<\/p>\n\n\n\n<p>Hockey<img loading=\"lazy\" decoding=\"async\" height=\"16\" width=\"16\" src=\"https:\/\/static.xx.fbcdn.net\/images\/emoji.php\/v9\/td8\/1\/16\/1f3d1.png\" alt=\"&#x1f3d1;\"><\/p>\n\n\n\n<p>Las Leonas (16): Cristina Cosentino (Arquera); Juana Castellaro, Agustina Gorzelany y Valentina Raposo (Defensoras); Roc\u00edo S\u00e1nchez Moccia, Sof\u00eda Toccalino, Agostina Alonso, Victoria Sauze, Sof\u00eda Cair\u00f3 y Eugenia Trinchinetti (Volantes); Pilar Campoy, Mar\u00eda Jos\u00e9 Granatto, Agustina Albertarrio, Julieta Jankunas, Zoe D\u00edaz y Lara Casas (Delanteras) | Reservas: Clara Barberi (Arquera), Victoria Miranda (Defensora) y Valentina Marcucci (Volante).<\/p>\n\n\n\n<p>Los Leones<img loading=\"lazy\" decoding=\"async\" height=\"16\" width=\"16\" src=\"https:\/\/static.xx.fbcdn.net\/images\/emoji.php\/v9\/ta\/1\/16\/1f981.png\" alt=\"&#x1f981;\"> (16): Tom\u00e1s Santiago (Arquero); Juan Ignacio Cat\u00e1n, Nicol\u00e1s Della Torre, Federico Monja, Tadeo Marcucci e I\u00f1aki Minadeo (Defensores); Santiago Tarazona, Mat\u00edas Rey, Thomas Habif y Agust\u00edn Bugallo (Volantes); Maico Casella, Lucas Toscani, Tom\u00e1s Domene, Lucas Mart\u00ednez, Agust\u00edn Mazzilli y Bautista Capurro. | Reservas: Nehu\u00e9n Hernando (Arquero), Tob\u00edas Martins (Volante) y Nicol\u00e1s Keenan (Delantero).<\/p>\n\n\n\n<p>Judo<img loading=\"lazy\" decoding=\"async\" height=\"16\" width=\"16\" src=\"https:\/\/static.xx.fbcdn.net\/images\/emoji.php\/v9\/t3f\/1\/16\/1f94b.png\" alt=\"&#x1f94b;\"> (1): Sof\u00eda Fiora en -52 kg.<\/p>\n\n\n\n<p>Nataci\u00f3n<img loading=\"lazy\" decoding=\"async\" height=\"16\" width=\"16\" src=\"https:\/\/static.xx.fbcdn.net\/images\/emoji.php\/v9\/t95\/1\/16\/1f3ca_1f3fc_200d_2642.png\" alt=\"&#x1f3ca;&#x1f3fc;&#x200d;&#x2642;&#xfe0f;\"> (3): Macarena Ceballos (100m y 200m Pecho), Agostina Hein (400m y 800m Libre) y Ulises Saravia (100m Espalda).<\/p>\n\n\n\n<p>Pentatl\u00f3n<img loading=\"lazy\" decoding=\"async\" height=\"16\" width=\"16\" src=\"https:\/\/static.xx.fbcdn.net\/images\/emoji.php\/v9\/tf6\/1\/16\/35_20e3.png\" alt=\"5&#x20e3;\"> (1): Franco Serrano.<\/p>\n\n\n\n<p>Remo<img loading=\"lazy\" decoding=\"async\" height=\"16\" width=\"16\" src=\"https:\/\/static.xx.fbcdn.net\/images\/emoji.php\/v9\/tbc\/1\/16\/1f6a3_1f3fc.png\" alt=\"&#x1f6a3;&#x1f3fc;\"> (4): Sonia Baluzzo-Evelyn Silvestro (LW2x) y Alejandro Colomino-Pedro Dickson (LM2x).<\/p>\n\n\n\n<p>Rugby Seven<img loading=\"lazy\" decoding=\"async\" height=\"16\" width=\"16\" src=\"https:\/\/static.xx.fbcdn.net\/images\/emoji.php\/v9\/t41\/1\/16\/1f3c9.png\" alt=\"&#x1f3c9;\"> Masculino | Los Pumas 7s<img loading=\"lazy\" decoding=\"async\" height=\"16\" width=\"16\" src=\"https:\/\/static.xx.fbcdn.net\/images\/emoji.php\/v9\/t52\/1\/16\/1f406.png\" alt=\"&#x1f406;\"> (12): Santiago \u00c1lvarez Fourcade (C), Tom\u00e1s Elizalde, Agust\u00edn Fraga, Luciano Gonz\u00e1lez Rizzoni, Matteo Graziano, Santiago Mare, Marcos Moneta, Mat\u00edas Osadczuk, Joaqu\u00edn Pellandini, Gast\u00f3n Revol, Germ\u00e1n Schulz y Tob\u00edas Wade. | Reservas: Rodrigo Isgr\u00f3 y Santiago Vera Feld.<\/p>\n\n\n\n<p>Skateboarding<img loading=\"lazy\" decoding=\"async\" height=\"16\" width=\"16\" src=\"https:\/\/static.xx.fbcdn.net\/images\/emoji.php\/v9\/te1\/1\/16\/1f6f9.png\" alt=\"&#x1f6f9;\"> (2): Mat\u00edas Dell Olio y Mauro Iglesias (Street).<\/p>\n\n\n\n<p>Taekwondo<img loading=\"lazy\" decoding=\"async\" height=\"16\" width=\"16\" src=\"https:\/\/static.xx.fbcdn.net\/images\/emoji.php\/v9\/t3f\/1\/16\/1f94b.png\" alt=\"&#x1f94b;\"> (1): Lucas Guzm\u00e1n (-58 kg.).<\/p>\n\n\n\n<p>Tenis<img loading=\"lazy\" decoding=\"async\" height=\"16\" width=\"16\" src=\"https:\/\/static.xx.fbcdn.net\/images\/emoji.php\/v9\/tce\/1\/16\/1f3be.png\" alt=\"&#x1f3be;\"> (8): Sebasti\u00e1n B\u00e1ez, Francisco Cer\u00fandolo, Mariano Navone, Tom\u00e1s Etcheverry, Andr\u00e9s Molteni (Dobles) y M\u00e1ximo Gonz\u00e1lez (Dobles); y Nadia Podoroska y Mar\u00eda Lourdes Carl\u00e9.<\/p>\n\n\n\n<p>Tenis De Mesa<img loading=\"lazy\" decoding=\"async\" height=\"16\" width=\"16\" src=\"https:\/\/static.xx.fbcdn.net\/images\/emoji.php\/v9\/tda\/1\/16\/1f3d3.png\" alt=\"&#x1f3d3;\"> (1): Santiago Lorenzo.<\/p>\n\n\n\n<p>Tiro (3): Fernanda Russo (10m Rifle de Aire), Juli\u00e1n Guti\u00e9rrez (10m Rifle de Aire) y Federico Gil (Escopeta | Skeet).<\/p>\n\n\n\n<p>Tiro Con Arco<img loading=\"lazy\" decoding=\"async\" height=\"16\" width=\"16\" src=\"https:\/\/static.xx.fbcdn.net\/images\/emoji.php\/v9\/t1e\/1\/16\/1f3f9.png\" alt=\"&#x1f3f9;\"> (1): Mario Dami\u00e1n Jajarabilla (Arco Recurvo).<\/p>\n\n\n\n<p>Triatl\u00f3n<img loading=\"lazy\" decoding=\"async\" height=\"16\" width=\"16\" src=\"https:\/\/static.xx.fbcdn.net\/images\/emoji.php\/v9\/t93\/1\/16\/1f3ca_1f3fc_200d_2640.png\" alt=\"&#x1f3ca;&#x1f3fc;&#x200d;&#x2640;&#xfe0f;\"><img loading=\"lazy\" decoding=\"async\" height=\"16\" width=\"16\" src=\"https:\/\/static.xx.fbcdn.net\/images\/emoji.php\/v9\/ta\/1\/16\/1f6b4_1f3fc_200d_2640.png\" alt=\"&#x1f6b4;&#x1f3fc;&#x200d;&#x2640;&#xfe0f;\"><img loading=\"lazy\" decoding=\"async\" height=\"16\" width=\"16\" src=\"https:\/\/static.xx.fbcdn.net\/images\/emoji.php\/v9\/t65\/1\/16\/1f3c3_1f3fc_200d_2640.png\" alt=\"&#x1f3c3;&#x1f3fc;&#x200d;&#x2640;&#xfe0f;\"> (1): Romina Biagioli.<\/p>\n\n\n\n<p>Vela<img loading=\"lazy\" decoding=\"async\" height=\"16\" width=\"16\" src=\"https:\/\/static.xx.fbcdn.net\/images\/emoji.php\/v9\/t7c\/1\/16\/26f5.png\" alt=\"&#x26f5;&#xfe0f;\"> (7): Eugenia Bosco y Mateo Majdalani (Nacra 17), Luc\u00eda Falasca (ILCA 6), Catalina Turienzo (F\u00f3rmula Kite), Francisco Saubidet (IQ Foil Masculino), Chiara Ferretti (IQ Foil Femenino) y Francisco Guaragna (ILCA 7).<\/p>\n\n\n\n<p>Voleibol <img loading=\"lazy\" decoding=\"async\" height=\"16\" width=\"16\" src=\"https:\/\/static.xx.fbcdn.net\/images\/emoji.php\/v9\/t57\/1\/16\/1f3d0.png\" alt=\"&#x1f3d0;\"> Masculino (12): Luciano De Cecco, Mat\u00edas S\u00e1nchez, Bruno Lima, Pablo Kourkartsev, Agust\u00edn Loser, Nicol\u00e1s Zerba, Mart\u00edn Ramos, Luciano Vicent\u00edn, Facundo Conte, Jan Mart\u00ednez, Luciano Palonsky y Santiago Danani. | Reserva: Ezequiel Palacios.<\/p>\n\n\n\n<p><img loading=\"lazy\" decoding=\"async\" height=\"16\" width=\"16\" alt=\"&#x1f518;\" src=\"https:\/\/static.xx.fbcdn.net\/images\/emoji.php\/v9\/t34\/1\/16\/1f518.png\"> Roc\u00edo S\u00e1nchez Moccia, integrante de #LasLeonas, y Luciano De Cecco, jugador del seleccionado de V\u00f3ley, ser\u00e1n los portadores de la Bandera Argentina <img loading=\"lazy\" decoding=\"async\" height=\"16\" width=\"16\" alt=\"&#x1f1e6;&#x1f1f7;\" src=\"https:\/\/static.xx.fbcdn.net\/images\/emoji.php\/v9\/t48\/1\/16\/1f1e6_1f1f7.png\"> durante la Ceremonia de Apertura.<\/p>\n\n\n\n<p><img loading=\"lazy\" decoding=\"async\" height=\"16\" width=\"16\" src=\"https:\/\/static.xx.fbcdn.net\/images\/emoji.php\/v9\/tdf\/1\/16\/1f51c.png\" alt=\"&#x1f51c;\"> Si bien el inicio oficial es el viernes, ya desde este mi\u00e9rcoles 24 habr\u00e1 acci\u00f3n albiceleste. A las 10 am, hora de nuestro pa\u00eds, el Seleccionado Masculino de F\u00fatbol debuta ante Marruecos <img loading=\"lazy\" decoding=\"async\" height=\"16\" width=\"16\" src=\"https:\/\/static.xx.fbcdn.net\/images\/emoji.php\/v9\/t83\/1\/16\/1f1f2_1f1e6.png\" alt=\"&#x1f1f2;&#x1f1e6;\">. Por su parte, Los Pumas 7s juegan ante Kenia <img loading=\"lazy\" decoding=\"async\" height=\"16\" width=\"16\" src=\"https:\/\/static.xx.fbcdn.net\/images\/emoji.php\/v9\/tac\/1\/16\/1f1f0_1f1ea.png\" alt=\"&#x1f1f0;&#x1f1ea;\"> (11 hs.) y ante Samoa <img loading=\"lazy\" decoding=\"async\" height=\"16\" width=\"16\" src=\"https:\/\/static.xx.fbcdn.net\/images\/emoji.php\/v9\/t15\/1\/16\/1f1fc_1f1f8.png\" alt=\"&#x1f1fc;&#x1f1f8;\"> (14:30 hs.). El jueves a las 9:30 hs., el seleccionado de Rugby cierra la 1ra fase ante Australia <img loading=\"lazy\" decoding=\"async\" height=\"16\" width=\"16\" src=\"https:\/\/static.xx.fbcdn.net\/images\/emoji.php\/v9\/t72\/1\/16\/1f1e6_1f1fa.png\" alt=\"&#x1f1e6;&#x1f1fa;\">, mientras que, el arquero Dami\u00e1n Jajarabilla disputar\u00e1, desde las 9:15 hs., la clasificaci\u00f3n de Arco Recurvo.<\/p>\n\n\n\n<p>Fuente: Ente Nacional de Alto Rendimiento Deportivo.<\/p>\n","protected":false},"excerpt":{"rendered":"<p>El Comit\u00e9 Ol\u00edmpico Argentino dio a conocer el listado oficial de la Delegaci\u00f3n Argentina que disputar\u00e1 los XXXIII Juegos Ol\u00edmpicos Par\u00eds 2024, que se llevar\u00e1n a cabo del 26 de julio al 11 de agosto. El equipo est\u00e1 conformado por 136 atletas, 103 varones y 33 mujeres, que participar\u00e1n en 25 disciplinas: Atletismo (6): Bel\u00e9n [&hellip;]<\/p>\n","protected":false},"author":8,"featured_media":8499,"comment_status":"open","ping_status":"open","sticky":false,"template":"","format":"standard","meta":{"_monsterinsights_skip_tracking":false,"_monsterinsights_sitenote_active":false,"_monsterinsights_sitenote_note":"","_monsterinsights_sitenote_category":0,"footnotes":""},"categories":[16],"tags":[1594,1595,100],"class_list":["post-8498","post","type-post","status-publish","format-standard","has-post-thumbnail","hentry","category-noticias","tag-ente-nacional-de-alto-rendimiento-deportivo","tag-juegos-olimpicos-paris-2024","tag-municipio-de-campo-quijano"],"yoast_head":"<!-- This site is optimized with the Yoast SEO plugin v20.8 - https:\/\/yoast.com\/wordpress\/plugins\/seo\/ -->\n<title>\u00a1ORGULLOSOS DE ESTE EQUIPO! - RQ 99.9<\/title>\n<meta name=\"description\" content=\"El equipo est\u00e1 conformado por 136 atletas, 103 varones y 33 mujeres, que participar\u00e1n en 25 disciplinas\" \/>\n<meta name=\"robots\" content=\"index, follow, max-snippet:-1, max-image-preview:large, max-video-preview:-1\" \/>\n<link rel=\"canonical\" href=\"https:\/\/nahuelproducciones.com.ar\/radioquijano\/orgullosos-de-este-equipo\/\" \/>\n<meta property=\"og:locale\" content=\"es_ES\" \/>\n<meta property=\"og:type\" content=\"article\" \/>\n<meta property=\"og:title\" content=\"\u00a1ORGULLOSOS DE ESTE EQUIPO! - RQ 99.9\" \/>\n<meta property=\"og:description\" content=\"El equipo est\u00e1 conformado por 136 atletas, 103 varones y 33 mujeres, que participar\u00e1n en 25 disciplinas\" \/>\n<meta property=\"og:url\" content=\"https:\/\/nahuelproducciones.com.ar\/radioquijano\/orgullosos-de-este-equipo\/\" \/>\n<meta property=\"og:site_name\" content=\"RQ 99.9\" \/>\n<meta property=\"article:publisher\" content=\"https:\/\/www.facebook.com\/nahuelproducciones999\/\" \/>\n<meta property=\"article:published_time\" content=\"2024-07-24T02:05:46+00:00\" \/>\n<meta property=\"og:image\" content=\"https:\/\/nahuelproducciones.com.ar\/radioquijano\/wp-content\/uploads\/2024\/07\/452191709_806515941642935_2043418627593598050_n-e1721786713692.jpg\" \/>\n\t<meta property=\"og:image:width\" content=\"700\" \/>\n\t<meta property=\"og:image:height\" content=\"700\" \/>\n\t<meta property=\"og:image:type\" content=\"image\/jpeg\" \/>\n<meta name=\"author\" content=\"Cecilia Pastrana\" \/>\n<meta name=\"twitter:card\" content=\"summary_large_image\" \/>\n<meta name=\"twitter:creator\" content=\"@nahuproduciones\" \/>\n<meta name=\"twitter:site\" content=\"@nahuproduciones\" \/>\n<meta name=\"twitter:label1\" content=\"Escrito por\" \/>\n\t<meta name=\"twitter:data1\" content=\"Cecilia Pastrana\" \/>\n\t<meta name=\"twitter:label2\" content=\"Tiempo de lectura\" \/>\n\t<meta name=\"twitter:data2\" content=\"11 minutos\" \/>\n<script type=\"application\/ld+json\" class=\"yoast-schema-graph\">{\"@context\":\"https:\/\/schema.org\",\"@graph\":[{\"@type\":\"WebPage\",\"@id\":\"https:\/\/nahuelproducciones.com.ar\/radioquijano\/orgullosos-de-este-equipo\/\",\"url\":\"https:\/\/nahuelproducciones.com.ar\/radioquijano\/orgullosos-de-este-equipo\/\",\"name\":\"\u00a1ORGULLOSOS DE ESTE EQUIPO! - RQ 99.9\",\"isPartOf\":{\"@id\":\"https:\/\/nahuelproducciones.com.ar\/radioquijano\/#website\"},\"datePublished\":\"2024-07-24T02:05:46+00:00\",\"dateModified\":\"2024-07-24T02:05:46+00:00\",\"author\":{\"@id\":\"https:\/\/nahuelproducciones.com.ar\/radioquijano\/#\/schema\/person\/e8a4f939e2cb487fe6d0c54042c9d32c\"},\"description\":\"El equipo est\u00e1 conformado por 136 atletas, 103 varones y 33 mujeres, que participar\u00e1n en 25 disciplinas\",\"breadcrumb\":{\"@id\":\"https:\/\/nahuelproducciones.com.ar\/radioquijano\/orgullosos-de-este-equipo\/#breadcrumb\"},\"inLanguage\":\"es\",\"potentialAction\":[{\"@type\":\"ReadAction\",\"target\":[\"https:\/\/nahuelproducciones.com.ar\/radioquijano\/orgullosos-de-este-equipo\/\"]}]},{\"@type\":\"BreadcrumbList\",\"@id\":\"https:\/\/nahuelproducciones.com.ar\/radioquijano\/orgullosos-de-este-equipo\/#breadcrumb\",\"itemListElement\":[{\"@type\":\"ListItem\",\"position\":1,\"name\":\"Portada\",\"item\":\"https:\/\/nahuelproducciones.com.ar\/radioquijano\/\"},{\"@type\":\"ListItem\",\"position\":2,\"name\":\"\u00a1ORGULLOSOS DE ESTE EQUIPO!\"}]},{\"@type\":\"WebSite\",\"@id\":\"https:\/\/nahuelproducciones.com.ar\/radioquijano\/#website\",\"url\":\"https:\/\/nahuelproducciones.com.ar\/radioquijano\/\",\"name\":\"RQ 99.9\",\"description\":\"Radio Quijano 99.9 MHz\",\"potentialAction\":[{\"@type\":\"SearchAction\",\"target\":{\"@type\":\"EntryPoint\",\"urlTemplate\":\"https:\/\/nahuelproducciones.com.ar\/radioquijano\/?s={search_term_string}\"},\"query-input\":\"required name=search_term_string\"}],\"inLanguage\":\"es\"},{\"@type\":\"Person\",\"@id\":\"https:\/\/nahuelproducciones.com.ar\/radioquijano\/#\/schema\/person\/e8a4f939e2cb487fe6d0c54042c9d32c\",\"name\":\"Cecilia Pastrana\",\"image\":{\"@type\":\"ImageObject\",\"inLanguage\":\"es\",\"@id\":\"https:\/\/nahuelproducciones.com.ar\/radioquijano\/#\/schema\/person\/image\/\",\"url\":\"https:\/\/secure.gravatar.com\/avatar\/661a3ef63a8488d4f2794ed44af8cf71420f7e106f3072c40125114df5157749?s=96&d=mm&r=g\",\"contentUrl\":\"https:\/\/secure.gravatar.com\/avatar\/661a3ef63a8488d4f2794ed44af8cf71420f7e106f3072c40125114df5157749?s=96&d=mm&r=g\",\"caption\":\"Cecilia Pastrana\"},\"sameAs\":[\"cecy\"],\"url\":\"https:\/\/nahuelproducciones.com.ar\/radioquijano\/author\/cecy\/\"}]}<\/script>\n<!-- \/ Yoast SEO plugin. -->","yoast_head_json":{"title":"\u00a1ORGULLOSOS DE ESTE EQUIPO! - RQ 99.9","description":"El equipo est\u00e1 conformado por 136 atletas, 103 varones y 33 mujeres, que participar\u00e1n en 25 disciplinas","robots":{"index":"index","follow":"follow","max-snippet":"max-snippet:-1","max-image-preview":"max-image-preview:large","max-video-preview":"max-video-preview:-1"},"canonical":"https:\/\/nahuelproducciones.com.ar\/radioquijano\/orgullosos-de-este-equipo\/","og_locale":"es_ES","og_type":"article","og_title":"\u00a1ORGULLOSOS DE ESTE EQUIPO! - RQ 99.9","og_description":"El equipo est\u00e1 conformado por 136 atletas, 103 varones y 33 mujeres, que participar\u00e1n en 25 disciplinas","og_url":"https:\/\/nahuelproducciones.com.ar\/radioquijano\/orgullosos-de-este-equipo\/","og_site_name":"RQ 99.9","article_publisher":"https:\/\/www.facebook.com\/nahuelproducciones999\/","article_published_time":"2024-07-24T02:05:46+00:00","og_image":[{"width":700,"height":700,"url":"https:\/\/nahuelproducciones.com.ar\/radioquijano\/wp-content\/uploads\/2024\/07\/452191709_806515941642935_2043418627593598050_n-e1721786713692.jpg","type":"image\/jpeg"}],"author":"Cecilia Pastrana","twitter_card":"summary_large_image","twitter_creator":"@nahuproduciones","twitter_site":"@nahuproduciones","twitter_misc":{"Escrito por":"Cecilia Pastrana","Tiempo de lectura":"11 minutos"},"schema":{"@context":"https:\/\/schema.org","@graph":[{"@type":"WebPage","@id":"https:\/\/nahuelproducciones.com.ar\/radioquijano\/orgullosos-de-este-equipo\/","url":"https:\/\/nahuelproducciones.com.ar\/radioquijano\/orgullosos-de-este-equipo\/","name":"\u00a1ORGULLOSOS DE ESTE EQUIPO! - RQ 99.9","isPartOf":{"@id":"https:\/\/nahuelproducciones.com.ar\/radioquijano\/#website"},"datePublished":"2024-07-24T02:05:46+00:00","dateModified":"2024-07-24T02:05:46+00:00","author":{"@id":"https:\/\/nahuelproducciones.com.ar\/radioquijano\/#\/schema\/person\/e8a4f939e2cb487fe6d0c54042c9d32c"},"description":"El equipo est\u00e1 conformado por 136 atletas, 103 varones y 33 mujeres, que participar\u00e1n en 25 disciplinas","breadcrumb":{"@id":"https:\/\/nahuelproducciones.com.ar\/radioquijano\/orgullosos-de-este-equipo\/#breadcrumb"},"inLanguage":"es","potentialAction":[{"@type":"ReadAction","target":["https:\/\/nahuelproducciones.com.ar\/radioquijano\/orgullosos-de-este-equipo\/"]}]},{"@type":"BreadcrumbList","@id":"https:\/\/nahuelproducciones.com.ar\/radioquijano\/orgullosos-de-este-equipo\/#breadcrumb","itemListElement":[{"@type":"ListItem","position":1,"name":"Portada","item":"https:\/\/nahuelproducciones.com.ar\/radioquijano\/"},{"@type":"ListItem","position":2,"name":"\u00a1ORGULLOSOS DE ESTE EQUIPO!"}]},{"@type":"WebSite","@id":"https:\/\/nahuelproducciones.com.ar\/radioquijano\/#website","url":"https:\/\/nahuelproducciones.com.ar\/radioquijano\/","name":"RQ 99.9","description":"Radio Quijano 99.9 MHz","potentialAction":[{"@type":"SearchAction","target":{"@type":"EntryPoint","urlTemplate":"https:\/\/nahuelproducciones.com.ar\/radioquijano\/?s={search_term_string}"},"query-input":"required name=search_term_string"}],"inLanguage":"es"},{"@type":"Person","@id":"https:\/\/nahuelproducciones.com.ar\/radioquijano\/#\/schema\/person\/e8a4f939e2cb487fe6d0c54042c9d32c","name":"Cecilia Pastrana","image":{"@type":"ImageObject","inLanguage":"es","@id":"https:\/\/nahuelproducciones.com.ar\/radioquijano\/#\/schema\/person\/image\/","url":"https:\/\/secure.gravatar.com\/avatar\/661a3ef63a8488d4f2794ed44af8cf71420f7e106f3072c40125114df5157749?s=96&d=mm&r=g","contentUrl":"https:\/\/secure.gravatar.com\/avatar\/661a3ef63a8488d4f2794ed44af8cf71420f7e106f3072c40125114df5157749?s=96&d=mm&r=g","caption":"Cecilia Pastrana"},"sameAs":["cecy"],"url":"https:\/\/nahuelproducciones.com.ar\/radioquijano\/author\/cecy\/"}]}},"_links":{"self":[{"href":"https:\/\/nahuelproducciones.com.ar\/radioquijano\/wp-json\/wp\/v2\/posts\/8498","targetHints":{"allow":["GET"]}}],"collection":[{"href":"https:\/\/nahuelproducciones.com.ar\/radioquijano\/wp-json\/wp\/v2\/posts"}],"about":[{"href":"https:\/\/nahuelproducciones.com.ar\/radioquijano\/wp-json\/wp\/v2\/types\/post"}],"author":[{"embeddable":true,"href":"https:\/\/nahuelproducciones.com.ar\/radioquijano\/wp-json\/wp\/v2\/users\/8"}],"replies":[{"embeddable":true,"href":"https:\/\/nahuelproducciones.com.ar\/radioquijano\/wp-json\/wp\/v2\/comments?post=8498"}],"version-history":[{"count":1,"href":"https:\/\/nahuelproducciones.com.ar\/radioquijano\/wp-json\/wp\/v2\/posts\/8498\/revisions"}],"predecessor-version":[{"id":8500,"href":"https:\/\/nahuelproducciones.com.ar\/radioquijano\/wp-json\/wp\/v2\/posts\/8498\/revisions\/8500"}],"wp:featuredmedia":[{"embeddable":true,"href":"https:\/\/nahuelproducciones.com.ar\/radioquijano\/wp-json\/wp\/v2\/media\/8499"}],"wp:attachment":[{"href":"https:\/\/nahuelproducciones.com.ar\/radioquijano\/wp-json\/wp\/v2\/media?parent=8498"}],"wp:term":[{"taxonomy":"category","embeddable":true,"href":"https:\/\/nahuelproducciones.com.ar\/radioquijano\/wp-json\/wp\/v2\/categories?post=8498"},{"taxonomy":"post_tag","embeddable":true,"href":"https:\/\/nahuelproducciones.com.ar\/radioquijano\/wp-json\/wp\/v2\/tags?post=8498"}],"curies":[{"name":"wp","href":"https:\/\/api.w.org\/{rel}","templated":true}]}}