{"id":8501,"date":"2024-07-23T23:44:55","date_gmt":"2024-07-24T02:44:55","guid":{"rendered":"https:\/\/nahuelproducciones.com.ar\/radioquijano\/?p=8501"},"modified":"2024-07-23T23:44:56","modified_gmt":"2024-07-24T02:44:56","slug":"quijano-estara-en-el-encuentro-provincial-de-directores-de-deportes","status":"publish","type":"post","link":"https:\/\/nahuelproducciones.com.ar\/radioquijano\/quijano-estara-en-el-encuentro-provincial-de-directores-de-deportes\/","title":{"rendered":"Quijano estar\u00e1 en el \u00bb Encuentro Provincial de Directores de Deportes\u00bb."},"content":{"rendered":"\n<p>En comunicaci\u00f3n telef\u00f3nica con RQ99.9Mhz , la Directora de Inclusi\u00f3n Deportiva del municipio, Lic. Florencia Ruax cont\u00f3 que todas las actividades del cronograma anual siguen vigentes e invita a todos a inscribirse para aprovechar las mismas.<\/p>\n\n\n\n<p>Ruax manifest\u00f3 que estar\u00e1 el municipio presente en el Encuentro Provincial de Directores de Deportes en la Ciudad de Salta.<\/p>\n\n\n\n<p>En el encuentro se presentan los diferentes programas deportivos para trabajar este a\u00f1o 2024 en cada municipio .<\/p>\n\n\n\n<p>Se desarrollar\u00e1n mesas de trabajo para profundizar las herramientas que pone a disposici\u00f3n de los municipios el Gobierno provincial.<\/p>\n\n\n\n<p>La Directora de Inclusi\u00f3n Deportiva del municipio compartir\u00e1 experiencias y diversos programas implementados en Quijano. Al finalizar comentar\u00e1 como se desarroll\u00f3 el encuentro.<\/p>\n\n\n\n<p>Escucha la entrevista:<\/p>\n\n\n\n<figure class=\"wp-block-audio\"><audio controls src=\"https:\/\/nahuelproducciones.com.ar\/radioquijano\/wp-content\/uploads\/2024\/07\/23-04-2024-DEPORTE-INCLUSIVO-PRESENTA-ENCUENTRO-TALLER-DE-DANZA.mp3\"><\/audio><\/figure>\n","protected":false},"excerpt":{"rendered":"<p>En comunicaci\u00f3n telef\u00f3nica con RQ99.9Mhz , la Directora de Inclusi\u00f3n Deportiva del municipio, Lic. Florencia Ruax cont\u00f3 que todas las actividades del cronograma anual siguen vigentes e invita a todos a inscribirse para aprovechar las mismas. Ruax manifest\u00f3 que estar\u00e1 el municipio presente en el Encuentro Provincial de Directores de Deportes en la Ciudad de [&hellip;]<\/p>\n","protected":false},"author":8,"featured_media":8508,"comment_status":"open","ping_status":"open","sticky":false,"template":"","format":"standard","meta":{"_monsterinsights_skip_tracking":false,"_monsterinsights_sitenote_active":false,"_monsterinsights_sitenote_note":"","_monsterinsights_sitenote_category":0,"footnotes":""},"categories":[16],"tags":[251,100],"class_list":["post-8501","post","type-post","status-publish","format-standard","has-post-thumbnail","hentry","category-noticias","tag-direccion-de-deportes-de-campo-quijano","tag-municipio-de-campo-quijano"],"yoast_head":"<!-- This site is optimized with the Yoast SEO plugin v20.8 - https:\/\/yoast.com\/wordpress\/plugins\/seo\/ -->\n<title>Quijano estar\u00e1 en el &quot; Encuentro Provincial de Directores de Deportes&quot;. - RQ 99.9<\/title>\n<meta name=\"description\" content=\"Organizado por la Secretar\u00eda de Deportes de la Provincia de Salta.\" \/>\n<meta name=\"robots\" content=\"index, follow, max-snippet:-1, max-image-preview:large, max-video-preview:-1\" \/>\n<link rel=\"canonical\" href=\"https:\/\/nahuelproducciones.com.ar\/radioquijano\/quijano-estara-en-el-encuentro-provincial-de-directores-de-deportes\/\" \/>\n<meta property=\"og:locale\" content=\"es_ES\" \/>\n<meta property=\"og:type\" content=\"article\" \/>\n<meta property=\"og:title\" content=\"Quijano estar\u00e1 en el &quot; Encuentro Provincial de Directores de Deportes&quot;. - RQ 99.9\" \/>\n<meta property=\"og:description\" content=\"Organizado por la Secretar\u00eda de Deportes de la Provincia de Salta.\" \/>\n<meta property=\"og:url\" content=\"https:\/\/nahuelproducciones.com.ar\/radioquijano\/quijano-estara-en-el-encuentro-provincial-de-directores-de-deportes\/\" \/>\n<meta property=\"og:site_name\" content=\"RQ 99.9\" \/>\n<meta property=\"article:publisher\" content=\"https:\/\/www.facebook.com\/nahuelproducciones999\/\" \/>\n<meta property=\"article:published_time\" content=\"2024-07-24T02:44:55+00:00\" \/>\n<meta property=\"article:modified_time\" content=\"2024-07-24T02:44:56+00:00\" \/>\n<meta property=\"og:image\" content=\"https:\/\/nahuelproducciones.com.ar\/radioquijano\/wp-content\/uploads\/2024\/07\/Sin-titulo.png\" \/>\n\t<meta property=\"og:image:width\" content=\"700\" \/>\n\t<meta property=\"og:image:height\" content=\"872\" \/>\n\t<meta property=\"og:image:type\" content=\"image\/png\" \/>\n<meta name=\"author\" content=\"Cecilia Pastrana\" \/>\n<meta name=\"twitter:card\" content=\"summary_large_image\" \/>\n<meta name=\"twitter:creator\" content=\"@nahuproduciones\" \/>\n<meta name=\"twitter:site\" content=\"@nahuproduciones\" \/>\n<meta name=\"twitter:label1\" content=\"Escrito por\" \/>\n\t<meta name=\"twitter:data1\" content=\"Cecilia Pastrana\" \/>\n\t<meta name=\"twitter:label2\" content=\"Tiempo de lectura\" \/>\n\t<meta name=\"twitter:data2\" content=\"1 minuto\" \/>\n<script type=\"application\/ld+json\" class=\"yoast-schema-graph\">{\"@context\":\"https:\/\/schema.org\",\"@graph\":[{\"@type\":\"WebPage\",\"@id\":\"https:\/\/nahuelproducciones.com.ar\/radioquijano\/quijano-estara-en-el-encuentro-provincial-de-directores-de-deportes\/\",\"url\":\"https:\/\/nahuelproducciones.com.ar\/radioquijano\/quijano-estara-en-el-encuentro-provincial-de-directores-de-deportes\/\",\"name\":\"Quijano estar\u00e1 en el \\\" Encuentro Provincial de Directores de Deportes\\\". - RQ 99.9\",\"isPartOf\":{\"@id\":\"https:\/\/nahuelproducciones.com.ar\/radioquijano\/#website\"},\"datePublished\":\"2024-07-24T02:44:55+00:00\",\"dateModified\":\"2024-07-24T02:44:56+00:00\",\"author\":{\"@id\":\"https:\/\/nahuelproducciones.com.ar\/radioquijano\/#\/schema\/person\/e8a4f939e2cb487fe6d0c54042c9d32c\"},\"description\":\"Organizado por la Secretar\u00eda de Deportes de la Provincia de Salta.\",\"breadcrumb\":{\"@id\":\"https:\/\/nahuelproducciones.com.ar\/radioquijano\/quijano-estara-en-el-encuentro-provincial-de-directores-de-deportes\/#breadcrumb\"},\"inLanguage\":\"es\",\"potentialAction\":[{\"@type\":\"ReadAction\",\"target\":[\"https:\/\/nahuelproducciones.com.ar\/radioquijano\/quijano-estara-en-el-encuentro-provincial-de-directores-de-deportes\/\"]}]},{\"@type\":\"BreadcrumbList\",\"@id\":\"https:\/\/nahuelproducciones.com.ar\/radioquijano\/quijano-estara-en-el-encuentro-provincial-de-directores-de-deportes\/#breadcrumb\",\"itemListElement\":[{\"@type\":\"ListItem\",\"position\":1,\"name\":\"Portada\",\"item\":\"https:\/\/nahuelproducciones.com.ar\/radioquijano\/\"},{\"@type\":\"ListItem\",\"position\":2,\"name\":\"Quijano estar\u00e1 en el &#8221; Encuentro Provincial de Directores de Deportes&#8221;.\"}]},{\"@type\":\"WebSite\",\"@id\":\"https:\/\/nahuelproducciones.com.ar\/radioquijano\/#website\",\"url\":\"https:\/\/nahuelproducciones.com.ar\/radioquijano\/\",\"name\":\"RQ 99.9\",\"description\":\"Radio Quijano 99.9 MHz\",\"potentialAction\":[{\"@type\":\"SearchAction\",\"target\":{\"@type\":\"EntryPoint\",\"urlTemplate\":\"https:\/\/nahuelproducciones.com.ar\/radioquijano\/?s={search_term_string}\"},\"query-input\":\"required name=search_term_string\"}],\"inLanguage\":\"es\"},{\"@type\":\"Person\",\"@id\":\"https:\/\/nahuelproducciones.com.ar\/radioquijano\/#\/schema\/person\/e8a4f939e2cb487fe6d0c54042c9d32c\",\"name\":\"Cecilia Pastrana\",\"image\":{\"@type\":\"ImageObject\",\"inLanguage\":\"es\",\"@id\":\"https:\/\/nahuelproducciones.com.ar\/radioquijano\/#\/schema\/person\/image\/\",\"url\":\"https:\/\/secure.gravatar.com\/avatar\/661a3ef63a8488d4f2794ed44af8cf71420f7e106f3072c40125114df5157749?s=96&d=mm&r=g\",\"contentUrl\":\"https:\/\/secure.gravatar.com\/avatar\/661a3ef63a8488d4f2794ed44af8cf71420f7e106f3072c40125114df5157749?s=96&d=mm&r=g\",\"caption\":\"Cecilia Pastrana\"},\"sameAs\":[\"cecy\"],\"url\":\"https:\/\/nahuelproducciones.com.ar\/radioquijano\/author\/cecy\/\"}]}<\/script>\n<!-- \/ Yoast SEO plugin. -->","yoast_head_json":{"title":"Quijano estar\u00e1 en el \" Encuentro Provincial de Directores de Deportes\". - RQ 99.9","description":"Organizado por la Secretar\u00eda de Deportes de la Provincia de Salta.","robots":{"index":"index","follow":"follow","max-snippet":"max-snippet:-1","max-image-preview":"max-image-preview:large","max-video-preview":"max-video-preview:-1"},"canonical":"https:\/\/nahuelproducciones.com.ar\/radioquijano\/quijano-estara-en-el-encuentro-provincial-de-directores-de-deportes\/","og_locale":"es_ES","og_type":"article","og_title":"Quijano estar\u00e1 en el \" Encuentro Provincial de Directores de Deportes\". - RQ 99.9","og_description":"Organizado por la Secretar\u00eda de Deportes de la Provincia de Salta.","og_url":"https:\/\/nahuelproducciones.com.ar\/radioquijano\/quijano-estara-en-el-encuentro-provincial-de-directores-de-deportes\/","og_site_name":"RQ 99.9","article_publisher":"https:\/\/www.facebook.com\/nahuelproducciones999\/","article_published_time":"2024-07-24T02:44:55+00:00","article_modified_time":"2024-07-24T02:44:56+00:00","og_image":[{"width":700,"height":872,"url":"https:\/\/nahuelproducciones.com.ar\/radioquijano\/wp-content\/uploads\/2024\/07\/Sin-titulo.png","type":"image\/png"}],"author":"Cecilia Pastrana","twitter_card":"summary_large_image","twitter_creator":"@nahuproduciones","twitter_site":"@nahuproduciones","twitter_misc":{"Escrito por":"Cecilia Pastrana","Tiempo de lectura":"1 minuto"},"schema":{"@context":"https:\/\/schema.org","@graph":[{"@type":"WebPage","@id":"https:\/\/nahuelproducciones.com.ar\/radioquijano\/quijano-estara-en-el-encuentro-provincial-de-directores-de-deportes\/","url":"https:\/\/nahuelproducciones.com.ar\/radioquijano\/quijano-estara-en-el-encuentro-provincial-de-directores-de-deportes\/","name":"Quijano estar\u00e1 en el \" Encuentro Provincial de Directores de Deportes\". - RQ 99.9","isPartOf":{"@id":"https:\/\/nahuelproducciones.com.ar\/radioquijano\/#website"},"datePublished":"2024-07-24T02:44:55+00:00","dateModified":"2024-07-24T02:44:56+00:00","author":{"@id":"https:\/\/nahuelproducciones.com.ar\/radioquijano\/#\/schema\/person\/e8a4f939e2cb487fe6d0c54042c9d32c"},"description":"Organizado por la Secretar\u00eda de Deportes de la Provincia de Salta.","breadcrumb":{"@id":"https:\/\/nahuelproducciones.com.ar\/radioquijano\/quijano-estara-en-el-encuentro-provincial-de-directores-de-deportes\/#breadcrumb"},"inLanguage":"es","potentialAction":[{"@type":"ReadAction","target":["https:\/\/nahuelproducciones.com.ar\/radioquijano\/quijano-estara-en-el-encuentro-provincial-de-directores-de-deportes\/"]}]},{"@type":"BreadcrumbList","@id":"https:\/\/nahuelproducciones.com.ar\/radioquijano\/quijano-estara-en-el-encuentro-provincial-de-directores-de-deportes\/#breadcrumb","itemListElement":[{"@type":"ListItem","position":1,"name":"Portada","item":"https:\/\/nahuelproducciones.com.ar\/radioquijano\/"},{"@type":"ListItem","position":2,"name":"Quijano estar\u00e1 en el &#8221; Encuentro Provincial de Directores de Deportes&#8221;."}]},{"@type":"WebSite","@id":"https:\/\/nahuelproducciones.com.ar\/radioquijano\/#website","url":"https:\/\/nahuelproducciones.com.ar\/radioquijano\/","name":"RQ 99.9","description":"Radio Quijano 99.9 MHz","potentialAction":[{"@type":"SearchAction","target":{"@type":"EntryPoint","urlTemplate":"https:\/\/nahuelproducciones.com.ar\/radioquijano\/?s={search_term_string}"},"query-input":"required name=search_term_string"}],"inLanguage":"es"},{"@type":"Person","@id":"https:\/\/nahuelproducciones.com.ar\/radioquijano\/#\/schema\/person\/e8a4f939e2cb487fe6d0c54042c9d32c","name":"Cecilia Pastrana","image":{"@type":"ImageObject","inLanguage":"es","@id":"https:\/\/nahuelproducciones.com.ar\/radioquijano\/#\/schema\/person\/image\/","url":"https:\/\/secure.gravatar.com\/avatar\/661a3ef63a8488d4f2794ed44af8cf71420f7e106f3072c40125114df5157749?s=96&d=mm&r=g","contentUrl":"https:\/\/secure.gravatar.com\/avatar\/661a3ef63a8488d4f2794ed44af8cf71420f7e106f3072c40125114df5157749?s=96&d=mm&r=g","caption":"Cecilia Pastrana"},"sameAs":["cecy"],"url":"https:\/\/nahuelproducciones.com.ar\/radioquijano\/author\/cecy\/"}]}},"_links":{"self":[{"href":"https:\/\/nahuelproducciones.com.ar\/radioquijano\/wp-json\/wp\/v2\/posts\/8501","targetHints":{"allow":["GET"]}}],"collection":[{"href":"https:\/\/nahuelproducciones.com.ar\/radioquijano\/wp-json\/wp\/v2\/posts"}],"about":[{"href":"https:\/\/nahuelproducciones.com.ar\/radioquijano\/wp-json\/wp\/v2\/types\/post"}],"author":[{"embeddable":true,"href":"https:\/\/nahuelproducciones.com.ar\/radioquijano\/wp-json\/wp\/v2\/users\/8"}],"replies":[{"embeddable":true,"href":"https:\/\/nahuelproducciones.com.ar\/radioquijano\/wp-json\/wp\/v2\/comments?post=8501"}],"version-history":[{"count":1,"href":"https:\/\/nahuelproducciones.com.ar\/radioquijano\/wp-json\/wp\/v2\/posts\/8501\/revisions"}],"predecessor-version":[{"id":8509,"href":"https:\/\/nahuelproducciones.com.ar\/radioquijano\/wp-json\/wp\/v2\/posts\/8501\/revisions\/8509"}],"wp:featuredmedia":[{"embeddable":true,"href":"https:\/\/nahuelproducciones.com.ar\/radioquijano\/wp-json\/wp\/v2\/media\/8508"}],"wp:attachment":[{"href":"https:\/\/nahuelproducciones.com.ar\/radioquijano\/wp-json\/wp\/v2\/media?parent=8501"}],"wp:term":[{"taxonomy":"category","embeddable":true,"href":"https:\/\/nahuelproducciones.com.ar\/radioquijano\/wp-json\/wp\/v2\/categories?post=8501"},{"taxonomy":"post_tag","embeddable":true,"href":"https:\/\/nahuelproducciones.com.ar\/radioquijano\/wp-json\/wp\/v2\/tags?post=8501"}],"curies":[{"name":"wp","href":"https:\/\/api.w.org\/{rel}","templated":true}]}}