{"id":8512,"date":"2024-07-24T13:54:28","date_gmt":"2024-07-24T16:54:28","guid":{"rendered":"https:\/\/nahuelproducciones.com.ar\/radioquijano\/?p=8512"},"modified":"2024-07-24T14:05:34","modified_gmt":"2024-07-24T17:05:34","slug":"el-25-de-julio-estara-el-operativo-del-programa-mirar-inclusionen-el-municipio","status":"publish","type":"post","link":"https:\/\/nahuelproducciones.com.ar\/radioquijano\/el-25-de-julio-estara-el-operativo-del-programa-mirar-inclusionen-el-municipio\/","title":{"rendered":"El 25 de julio estar\u00e1 el operativo del Programa \u00abMirar Inclusi\u00f3n\u00bben el Municipio."},"content":{"rendered":"\n<p>Funcionarios del Ministerio de Desarrollo Social, junto a representantes de la Fundaci\u00f3n Boreal, llegan a Campo Quijano el d\u00eda 25 de julio. El evento comenzar\u00e1 a las 9.00 en las instalaciones del edificio municipal.<\/p>\n\n\n\n<p>La Directora de la Oficina de mujer y diversidad de g\u00e9nero, Valeria Tolaba en Comunicaci\u00f3n con RQ99.9Mhz cont\u00f3 que como parte de las acciones que despliega el Ministerio de Desarrollo Social en distintos puntos de la Provincia, este 25 de julio realizar\u00e1n el primer operativo socio sanitario, \u00abMirar inclusi\u00f3n\u00bb junto a organismos provinciales que brindar\u00e1n asesoramiento e informaci\u00f3n de los programas vigentes:<\/p>\n\n\n\n<p>&#x27a1;&#xfe0f;Secretar\u00edas de Adultos Mayores: atenci\u00f3n y asesoramiento para el acceso a pol\u00edticas y beneficios que mejoren su calidad de vida.<\/p>\n\n\n\n<p>&#x27a1;&#xfe0f;Secretaria de industria, comercio y empleo: asesoramiento y capacitaci\u00f3n para conformaci\u00f3n de cooperativas, cr\u00e9ditos para cooperativas y mutuales. Herramientas de formaci\u00f3n en oficios para el acceso laboral.<\/p>\n\n\n\n<p>&#x27a1;&#xfe0f;Secretaria de Justicia: asesoramiento y orientaci\u00f3n jur\u00eddico-administrativa gratuita.<\/p>\n\n\n\n<p>&#x27a1;&#xfe0f;Sub- secretaria de medicina social: presencia del cami\u00f3n oncol\u00f3gico para realizaci\u00f3n de estudios para la detecci\u00f3n precoz del c\u00e1ncer de mama y cervicouterino.<\/p>\n\n\n\n<p>&#x27a1;&#xfe0f;Ente de los servicios p\u00fablicos: atenci\u00f3n e inscripci\u00f3n para el acceso a los subsidios de energ\u00eda de luz y gas. Atenci\u00f3n de reclamos de usuarios.<\/p>\n\n\n\n<p>&#x27a1;&#xfe0f;Sub- secretaria de pol\u00edtica alimentaria: informaci\u00f3n y acceso a los requisitos sobre Programa Celiacos, Tais, EAN-Educaci\u00f3n Alimentaria Nutricional, Programa Comer en Familia, Huerta y Compostaje.<\/p>\n\n\n\n<p>&#x27a1;&#xfe0f;Secretaria de modernizaci\u00f3n: acceso a herramientas digitales y plataforma IDDI, que permite realizar tr\u00e1mites de formas remotas, sin necesidad de acudir a una oficina estatal ni imprimir documentos f\u00edsicos.<\/p>\n\n\n\n<p>Escucha la entrevista:<\/p>\n\n\n\n<figure class=\"wp-block-audio\"><audio controls src=\"https:\/\/nahuelproducciones.com.ar\/radioquijano\/wp-content\/uploads\/2024\/07\/24-07-20234-DIRECTORA-DEL-AREA-DE-LA-MUJER-VALERIA-TOLABA-LLEGAN-PROGRAMAS-DEL-MINISTERIO-DE-LA-PROV.-PROGRAMA-MIRAR-INCLUSION.mp3\"><\/audio><\/figure>\n\n\n\n<figure class=\"wp-block-gallery has-nested-images columns-default is-cropped wp-block-gallery-1 is-layout-flex wp-block-gallery-is-layout-flex\">\n<figure class=\"wp-block-image size-large\"><img loading=\"lazy\" decoding=\"async\" width=\"576\" height=\"1024\" data-id=\"8529\" src=\"https:\/\/nahuelproducciones.com.ar\/radioquijano\/wp-content\/uploads\/2024\/07\/WhatsApp-Image-2024-07-24-at-1.48.13-PM-1-1-576x1024.jpeg\" alt=\"\" class=\"wp-image-8529\" srcset=\"https:\/\/nahuelproducciones.com.ar\/radioquijano\/wp-content\/uploads\/2024\/07\/WhatsApp-Image-2024-07-24-at-1.48.13-PM-1-1-576x1024.jpeg 576w, https:\/\/nahuelproducciones.com.ar\/radioquijano\/wp-content\/uploads\/2024\/07\/WhatsApp-Image-2024-07-24-at-1.48.13-PM-1-1-169x300.jpeg 169w, https:\/\/nahuelproducciones.com.ar\/radioquijano\/wp-content\/uploads\/2024\/07\/WhatsApp-Image-2024-07-24-at-1.48.13-PM-1-1-768x1366.jpeg 768w, https:\/\/nahuelproducciones.com.ar\/radioquijano\/wp-content\/uploads\/2024\/07\/WhatsApp-Image-2024-07-24-at-1.48.13-PM-1-1-864x1536.jpeg 864w, https:\/\/nahuelproducciones.com.ar\/radioquijano\/wp-content\/uploads\/2024\/07\/WhatsApp-Image-2024-07-24-at-1.48.13-PM-1-1-150x267.jpeg 150w, https:\/\/nahuelproducciones.com.ar\/radioquijano\/wp-content\/uploads\/2024\/07\/WhatsApp-Image-2024-07-24-at-1.48.13-PM-1-1.jpeg 899w\" sizes=\"auto, (max-width: 576px) 100vw, 576px\" \/><\/figure>\n\n\n\n<figure class=\"wp-block-image size-large\"><img loading=\"lazy\" decoding=\"async\" width=\"576\" height=\"1024\" data-id=\"8533\" src=\"https:\/\/nahuelproducciones.com.ar\/radioquijano\/wp-content\/uploads\/2024\/07\/WhatsApp-Image-2024-07-24-at-1.48.13-PM-2-1-576x1024.jpeg\" alt=\"\" class=\"wp-image-8533\" srcset=\"https:\/\/nahuelproducciones.com.ar\/radioquijano\/wp-content\/uploads\/2024\/07\/WhatsApp-Image-2024-07-24-at-1.48.13-PM-2-1-576x1024.jpeg 576w, https:\/\/nahuelproducciones.com.ar\/radioquijano\/wp-content\/uploads\/2024\/07\/WhatsApp-Image-2024-07-24-at-1.48.13-PM-2-1-169x300.jpeg 169w, https:\/\/nahuelproducciones.com.ar\/radioquijano\/wp-content\/uploads\/2024\/07\/WhatsApp-Image-2024-07-24-at-1.48.13-PM-2-1-768x1366.jpeg 768w, https:\/\/nahuelproducciones.com.ar\/radioquijano\/wp-content\/uploads\/2024\/07\/WhatsApp-Image-2024-07-24-at-1.48.13-PM-2-1-864x1536.jpeg 864w, https:\/\/nahuelproducciones.com.ar\/radioquijano\/wp-content\/uploads\/2024\/07\/WhatsApp-Image-2024-07-24-at-1.48.13-PM-2-1-150x267.jpeg 150w, https:\/\/nahuelproducciones.com.ar\/radioquijano\/wp-content\/uploads\/2024\/07\/WhatsApp-Image-2024-07-24-at-1.48.13-PM-2-1.jpeg 899w\" sizes=\"auto, (max-width: 576px) 100vw, 576px\" \/><\/figure>\n\n\n\n<figure class=\"wp-block-image size-large\"><img loading=\"lazy\" decoding=\"async\" width=\"576\" height=\"1024\" data-id=\"8535\" src=\"https:\/\/nahuelproducciones.com.ar\/radioquijano\/wp-content\/uploads\/2024\/07\/WhatsApp-Image-2024-07-24-at-1.48.14-PM-1-1-576x1024.jpeg\" alt=\"\" class=\"wp-image-8535\" srcset=\"https:\/\/nahuelproducciones.com.ar\/radioquijano\/wp-content\/uploads\/2024\/07\/WhatsApp-Image-2024-07-24-at-1.48.14-PM-1-1-576x1024.jpeg 576w, https:\/\/nahuelproducciones.com.ar\/radioquijano\/wp-content\/uploads\/2024\/07\/WhatsApp-Image-2024-07-24-at-1.48.14-PM-1-1-169x300.jpeg 169w, https:\/\/nahuelproducciones.com.ar\/radioquijano\/wp-content\/uploads\/2024\/07\/WhatsApp-Image-2024-07-24-at-1.48.14-PM-1-1-768x1366.jpeg 768w, https:\/\/nahuelproducciones.com.ar\/radioquijano\/wp-content\/uploads\/2024\/07\/WhatsApp-Image-2024-07-24-at-1.48.14-PM-1-1-864x1536.jpeg 864w, https:\/\/nahuelproducciones.com.ar\/radioquijano\/wp-content\/uploads\/2024\/07\/WhatsApp-Image-2024-07-24-at-1.48.14-PM-1-1-150x267.jpeg 150w, https:\/\/nahuelproducciones.com.ar\/radioquijano\/wp-content\/uploads\/2024\/07\/WhatsApp-Image-2024-07-24-at-1.48.14-PM-1-1.jpeg 899w\" sizes=\"auto, (max-width: 576px) 100vw, 576px\" \/><\/figure>\n\n\n\n<figure class=\"wp-block-image size-large\"><img loading=\"lazy\" decoding=\"async\" width=\"576\" height=\"1024\" data-id=\"8530\" src=\"https:\/\/nahuelproducciones.com.ar\/radioquijano\/wp-content\/uploads\/2024\/07\/WhatsApp-Image-2024-07-24-at-1.48.14-PM-2-1-576x1024.jpeg\" alt=\"\" class=\"wp-image-8530\" srcset=\"https:\/\/nahuelproducciones.com.ar\/radioquijano\/wp-content\/uploads\/2024\/07\/WhatsApp-Image-2024-07-24-at-1.48.14-PM-2-1-576x1024.jpeg 576w, https:\/\/nahuelproducciones.com.ar\/radioquijano\/wp-content\/uploads\/2024\/07\/WhatsApp-Image-2024-07-24-at-1.48.14-PM-2-1-169x300.jpeg 169w, https:\/\/nahuelproducciones.com.ar\/radioquijano\/wp-content\/uploads\/2024\/07\/WhatsApp-Image-2024-07-24-at-1.48.14-PM-2-1-768x1366.jpeg 768w, https:\/\/nahuelproducciones.com.ar\/radioquijano\/wp-content\/uploads\/2024\/07\/WhatsApp-Image-2024-07-24-at-1.48.14-PM-2-1-864x1536.jpeg 864w, https:\/\/nahuelproducciones.com.ar\/radioquijano\/wp-content\/uploads\/2024\/07\/WhatsApp-Image-2024-07-24-at-1.48.14-PM-2-1-150x267.jpeg 150w, https:\/\/nahuelproducciones.com.ar\/radioquijano\/wp-content\/uploads\/2024\/07\/WhatsApp-Image-2024-07-24-at-1.48.14-PM-2-1.jpeg 899w\" sizes=\"auto, (max-width: 576px) 100vw, 576px\" \/><\/figure>\n\n\n\n<figure class=\"wp-block-image size-large\"><img loading=\"lazy\" decoding=\"async\" width=\"576\" height=\"1024\" data-id=\"8531\" src=\"https:\/\/nahuelproducciones.com.ar\/radioquijano\/wp-content\/uploads\/2024\/07\/WhatsApp-Image-2024-07-24-at-1.48.14-PM-3-576x1024.jpeg\" alt=\"\" class=\"wp-image-8531\" srcset=\"https:\/\/nahuelproducciones.com.ar\/radioquijano\/wp-content\/uploads\/2024\/07\/WhatsApp-Image-2024-07-24-at-1.48.14-PM-3-576x1024.jpeg 576w, https:\/\/nahuelproducciones.com.ar\/radioquijano\/wp-content\/uploads\/2024\/07\/WhatsApp-Image-2024-07-24-at-1.48.14-PM-3-169x300.jpeg 169w, https:\/\/nahuelproducciones.com.ar\/radioquijano\/wp-content\/uploads\/2024\/07\/WhatsApp-Image-2024-07-24-at-1.48.14-PM-3-768x1366.jpeg 768w, https:\/\/nahuelproducciones.com.ar\/radioquijano\/wp-content\/uploads\/2024\/07\/WhatsApp-Image-2024-07-24-at-1.48.14-PM-3-864x1536.jpeg 864w, https:\/\/nahuelproducciones.com.ar\/radioquijano\/wp-content\/uploads\/2024\/07\/WhatsApp-Image-2024-07-24-at-1.48.14-PM-3-150x267.jpeg 150w, https:\/\/nahuelproducciones.com.ar\/radioquijano\/wp-content\/uploads\/2024\/07\/WhatsApp-Image-2024-07-24-at-1.48.14-PM-3.jpeg 899w\" sizes=\"auto, (max-width: 576px) 100vw, 576px\" \/><\/figure>\n\n\n\n<figure class=\"wp-block-image size-large\"><img loading=\"lazy\" decoding=\"async\" width=\"576\" height=\"1024\" data-id=\"8534\" src=\"https:\/\/nahuelproducciones.com.ar\/radioquijano\/wp-content\/uploads\/2024\/07\/WhatsApp-Image-2024-07-24-at-1.48.15-PM-1-576x1024.jpeg\" alt=\"\" class=\"wp-image-8534\" srcset=\"https:\/\/nahuelproducciones.com.ar\/radioquijano\/wp-content\/uploads\/2024\/07\/WhatsApp-Image-2024-07-24-at-1.48.15-PM-1-576x1024.jpeg 576w, https:\/\/nahuelproducciones.com.ar\/radioquijano\/wp-content\/uploads\/2024\/07\/WhatsApp-Image-2024-07-24-at-1.48.15-PM-1-169x300.jpeg 169w, https:\/\/nahuelproducciones.com.ar\/radioquijano\/wp-content\/uploads\/2024\/07\/WhatsApp-Image-2024-07-24-at-1.48.15-PM-1-768x1366.jpeg 768w, https:\/\/nahuelproducciones.com.ar\/radioquijano\/wp-content\/uploads\/2024\/07\/WhatsApp-Image-2024-07-24-at-1.48.15-PM-1-864x1536.jpeg 864w, https:\/\/nahuelproducciones.com.ar\/radioquijano\/wp-content\/uploads\/2024\/07\/WhatsApp-Image-2024-07-24-at-1.48.15-PM-1-150x267.jpeg 150w, https:\/\/nahuelproducciones.com.ar\/radioquijano\/wp-content\/uploads\/2024\/07\/WhatsApp-Image-2024-07-24-at-1.48.15-PM-1.jpeg 899w\" sizes=\"auto, (max-width: 576px) 100vw, 576px\" \/><\/figure>\n<\/figure>\n","protected":false},"excerpt":{"rendered":"<p>Funcionarios del Ministerio de Desarrollo Social, junto a representantes de la Fundaci\u00f3n Boreal, llegan a Campo Quijano el d\u00eda 25 de julio. El evento comenzar\u00e1 a las 9.00 en las instalaciones del edificio municipal. La Directora de la Oficina de mujer y diversidad de g\u00e9nero, Valeria Tolaba en Comunicaci\u00f3n con RQ99.9Mhz cont\u00f3 que como parte [&hellip;]<\/p>\n","protected":false},"author":8,"featured_media":8519,"comment_status":"open","ping_status":"open","sticky":false,"template":"","format":"standard","meta":{"_monsterinsights_skip_tracking":false,"_monsterinsights_sitenote_active":false,"_monsterinsights_sitenote_note":"","_monsterinsights_sitenote_category":0,"footnotes":""},"categories":[16],"tags":[1598,1554,100],"class_list":["post-8512","post","type-post","status-publish","format-standard","has-post-thumbnail","hentry","category-noticias","tag-mirar-inclusion","tag-direccion-de-la-oficina-de-la-mujer-y-diversidad-de-genero","tag-municipio-de-campo-quijano"],"yoast_head":"<!-- This site is optimized with the Yoast SEO plugin v20.8 - https:\/\/yoast.com\/wordpress\/plugins\/seo\/ -->\n<title>El 25 de julio estar\u00e1 el operativo del Programa &quot;Mirar Inclusi\u00f3n&quot;en el Municipio. - RQ 99.9<\/title>\n<meta name=\"description\" content=\"El evento comenzar\u00e1 a las 9.00 en las instalaciones del edificio municipal.\" \/>\n<meta name=\"robots\" content=\"index, follow, max-snippet:-1, max-image-preview:large, max-video-preview:-1\" \/>\n<link rel=\"canonical\" href=\"https:\/\/nahuelproducciones.com.ar\/radioquijano\/el-25-de-julio-estara-el-operativo-del-programa-mirar-inclusionen-el-municipio\/\" \/>\n<meta property=\"og:locale\" content=\"es_ES\" \/>\n<meta property=\"og:type\" content=\"article\" \/>\n<meta property=\"og:title\" content=\"El 25 de julio estar\u00e1 el operativo del Programa &quot;Mirar Inclusi\u00f3n&quot;en el Municipio. - RQ 99.9\" \/>\n<meta property=\"og:description\" content=\"El evento comenzar\u00e1 a las 9.00 en las instalaciones del edificio municipal.\" \/>\n<meta property=\"og:url\" content=\"https:\/\/nahuelproducciones.com.ar\/radioquijano\/el-25-de-julio-estara-el-operativo-del-programa-mirar-inclusionen-el-municipio\/\" \/>\n<meta property=\"og:site_name\" content=\"RQ 99.9\" \/>\n<meta property=\"article:publisher\" content=\"https:\/\/www.facebook.com\/nahuelproducciones999\/\" \/>\n<meta property=\"article:published_time\" content=\"2024-07-24T16:54:28+00:00\" \/>\n<meta property=\"article:modified_time\" content=\"2024-07-24T17:05:34+00:00\" \/>\n<meta property=\"og:image\" content=\"https:\/\/nahuelproducciones.com.ar\/radioquijano\/wp-content\/uploads\/2024\/07\/WhatsApp-Image-2024-07-24-at-1.48.13-PM-e1721840543258.jpeg\" \/>\n\t<meta property=\"og:image:width\" content=\"700\" \/>\n\t<meta property=\"og:image:height\" content=\"1245\" \/>\n\t<meta property=\"og:image:type\" content=\"image\/jpeg\" \/>\n<meta name=\"author\" content=\"Cecilia Pastrana\" \/>\n<meta name=\"twitter:card\" content=\"summary_large_image\" \/>\n<meta name=\"twitter:creator\" content=\"@nahuproduciones\" \/>\n<meta name=\"twitter:site\" content=\"@nahuproduciones\" \/>\n<meta name=\"twitter:label1\" content=\"Escrito por\" \/>\n\t<meta name=\"twitter:data1\" content=\"Cecilia Pastrana\" \/>\n\t<meta name=\"twitter:label2\" content=\"Tiempo de lectura\" \/>\n\t<meta name=\"twitter:data2\" content=\"3 minutos\" \/>\n<script type=\"application\/ld+json\" class=\"yoast-schema-graph\">{\"@context\":\"https:\/\/schema.org\",\"@graph\":[{\"@type\":\"WebPage\",\"@id\":\"https:\/\/nahuelproducciones.com.ar\/radioquijano\/el-25-de-julio-estara-el-operativo-del-programa-mirar-inclusionen-el-municipio\/\",\"url\":\"https:\/\/nahuelproducciones.com.ar\/radioquijano\/el-25-de-julio-estara-el-operativo-del-programa-mirar-inclusionen-el-municipio\/\",\"name\":\"El 25 de julio estar\u00e1 el operativo del Programa \\\"Mirar Inclusi\u00f3n\\\"en el Municipio. - RQ 99.9\",\"isPartOf\":{\"@id\":\"https:\/\/nahuelproducciones.com.ar\/radioquijano\/#website\"},\"datePublished\":\"2024-07-24T16:54:28+00:00\",\"dateModified\":\"2024-07-24T17:05:34+00:00\",\"author\":{\"@id\":\"https:\/\/nahuelproducciones.com.ar\/radioquijano\/#\/schema\/person\/e8a4f939e2cb487fe6d0c54042c9d32c\"},\"description\":\"El evento comenzar\u00e1 a las 9.00 en las instalaciones del edificio municipal.\",\"breadcrumb\":{\"@id\":\"https:\/\/nahuelproducciones.com.ar\/radioquijano\/el-25-de-julio-estara-el-operativo-del-programa-mirar-inclusionen-el-municipio\/#breadcrumb\"},\"inLanguage\":\"es\",\"potentialAction\":[{\"@type\":\"ReadAction\",\"target\":[\"https:\/\/nahuelproducciones.com.ar\/radioquijano\/el-25-de-julio-estara-el-operativo-del-programa-mirar-inclusionen-el-municipio\/\"]}]},{\"@type\":\"BreadcrumbList\",\"@id\":\"https:\/\/nahuelproducciones.com.ar\/radioquijano\/el-25-de-julio-estara-el-operativo-del-programa-mirar-inclusionen-el-municipio\/#breadcrumb\",\"itemListElement\":[{\"@type\":\"ListItem\",\"position\":1,\"name\":\"Portada\",\"item\":\"https:\/\/nahuelproducciones.com.ar\/radioquijano\/\"},{\"@type\":\"ListItem\",\"position\":2,\"name\":\"El 25 de julio estar\u00e1 el operativo del Programa &#8220;Mirar Inclusi\u00f3n&#8221;en el Municipio.\"}]},{\"@type\":\"WebSite\",\"@id\":\"https:\/\/nahuelproducciones.com.ar\/radioquijano\/#website\",\"url\":\"https:\/\/nahuelproducciones.com.ar\/radioquijano\/\",\"name\":\"RQ 99.9\",\"description\":\"Radio Quijano 99.9 MHz\",\"potentialAction\":[{\"@type\":\"SearchAction\",\"target\":{\"@type\":\"EntryPoint\",\"urlTemplate\":\"https:\/\/nahuelproducciones.com.ar\/radioquijano\/?s={search_term_string}\"},\"query-input\":\"required name=search_term_string\"}],\"inLanguage\":\"es\"},{\"@type\":\"Person\",\"@id\":\"https:\/\/nahuelproducciones.com.ar\/radioquijano\/#\/schema\/person\/e8a4f939e2cb487fe6d0c54042c9d32c\",\"name\":\"Cecilia Pastrana\",\"image\":{\"@type\":\"ImageObject\",\"inLanguage\":\"es\",\"@id\":\"https:\/\/nahuelproducciones.com.ar\/radioquijano\/#\/schema\/person\/image\/\",\"url\":\"https:\/\/secure.gravatar.com\/avatar\/661a3ef63a8488d4f2794ed44af8cf71420f7e106f3072c40125114df5157749?s=96&d=mm&r=g\",\"contentUrl\":\"https:\/\/secure.gravatar.com\/avatar\/661a3ef63a8488d4f2794ed44af8cf71420f7e106f3072c40125114df5157749?s=96&d=mm&r=g\",\"caption\":\"Cecilia Pastrana\"},\"sameAs\":[\"cecy\"],\"url\":\"https:\/\/nahuelproducciones.com.ar\/radioquijano\/author\/cecy\/\"}]}<\/script>\n<!-- \/ Yoast SEO plugin. -->","yoast_head_json":{"title":"El 25 de julio estar\u00e1 el operativo del Programa \"Mirar Inclusi\u00f3n\"en el Municipio. - RQ 99.9","description":"El evento comenzar\u00e1 a las 9.00 en las instalaciones del edificio municipal.","robots":{"index":"index","follow":"follow","max-snippet":"max-snippet:-1","max-image-preview":"max-image-preview:large","max-video-preview":"max-video-preview:-1"},"canonical":"https:\/\/nahuelproducciones.com.ar\/radioquijano\/el-25-de-julio-estara-el-operativo-del-programa-mirar-inclusionen-el-municipio\/","og_locale":"es_ES","og_type":"article","og_title":"El 25 de julio estar\u00e1 el operativo del Programa \"Mirar Inclusi\u00f3n\"en el Municipio. - RQ 99.9","og_description":"El evento comenzar\u00e1 a las 9.00 en las instalaciones del edificio municipal.","og_url":"https:\/\/nahuelproducciones.com.ar\/radioquijano\/el-25-de-julio-estara-el-operativo-del-programa-mirar-inclusionen-el-municipio\/","og_site_name":"RQ 99.9","article_publisher":"https:\/\/www.facebook.com\/nahuelproducciones999\/","article_published_time":"2024-07-24T16:54:28+00:00","article_modified_time":"2024-07-24T17:05:34+00:00","og_image":[{"width":700,"height":1245,"url":"https:\/\/nahuelproducciones.com.ar\/radioquijano\/wp-content\/uploads\/2024\/07\/WhatsApp-Image-2024-07-24-at-1.48.13-PM-e1721840543258.jpeg","type":"image\/jpeg"}],"author":"Cecilia Pastrana","twitter_card":"summary_large_image","twitter_creator":"@nahuproduciones","twitter_site":"@nahuproduciones","twitter_misc":{"Escrito por":"Cecilia Pastrana","Tiempo de lectura":"3 minutos"},"schema":{"@context":"https:\/\/schema.org","@graph":[{"@type":"WebPage","@id":"https:\/\/nahuelproducciones.com.ar\/radioquijano\/el-25-de-julio-estara-el-operativo-del-programa-mirar-inclusionen-el-municipio\/","url":"https:\/\/nahuelproducciones.com.ar\/radioquijano\/el-25-de-julio-estara-el-operativo-del-programa-mirar-inclusionen-el-municipio\/","name":"El 25 de julio estar\u00e1 el operativo del Programa \"Mirar Inclusi\u00f3n\"en el Municipio. - RQ 99.9","isPartOf":{"@id":"https:\/\/nahuelproducciones.com.ar\/radioquijano\/#website"},"datePublished":"2024-07-24T16:54:28+00:00","dateModified":"2024-07-24T17:05:34+00:00","author":{"@id":"https:\/\/nahuelproducciones.com.ar\/radioquijano\/#\/schema\/person\/e8a4f939e2cb487fe6d0c54042c9d32c"},"description":"El evento comenzar\u00e1 a las 9.00 en las instalaciones del edificio municipal.","breadcrumb":{"@id":"https:\/\/nahuelproducciones.com.ar\/radioquijano\/el-25-de-julio-estara-el-operativo-del-programa-mirar-inclusionen-el-municipio\/#breadcrumb"},"inLanguage":"es","potentialAction":[{"@type":"ReadAction","target":["https:\/\/nahuelproducciones.com.ar\/radioquijano\/el-25-de-julio-estara-el-operativo-del-programa-mirar-inclusionen-el-municipio\/"]}]},{"@type":"BreadcrumbList","@id":"https:\/\/nahuelproducciones.com.ar\/radioquijano\/el-25-de-julio-estara-el-operativo-del-programa-mirar-inclusionen-el-municipio\/#breadcrumb","itemListElement":[{"@type":"ListItem","position":1,"name":"Portada","item":"https:\/\/nahuelproducciones.com.ar\/radioquijano\/"},{"@type":"ListItem","position":2,"name":"El 25 de julio estar\u00e1 el operativo del Programa &#8220;Mirar Inclusi\u00f3n&#8221;en el Municipio."}]},{"@type":"WebSite","@id":"https:\/\/nahuelproducciones.com.ar\/radioquijano\/#website","url":"https:\/\/nahuelproducciones.com.ar\/radioquijano\/","name":"RQ 99.9","description":"Radio Quijano 99.9 MHz","potentialAction":[{"@type":"SearchAction","target":{"@type":"EntryPoint","urlTemplate":"https:\/\/nahuelproducciones.com.ar\/radioquijano\/?s={search_term_string}"},"query-input":"required name=search_term_string"}],"inLanguage":"es"},{"@type":"Person","@id":"https:\/\/nahuelproducciones.com.ar\/radioquijano\/#\/schema\/person\/e8a4f939e2cb487fe6d0c54042c9d32c","name":"Cecilia Pastrana","image":{"@type":"ImageObject","inLanguage":"es","@id":"https:\/\/nahuelproducciones.com.ar\/radioquijano\/#\/schema\/person\/image\/","url":"https:\/\/secure.gravatar.com\/avatar\/661a3ef63a8488d4f2794ed44af8cf71420f7e106f3072c40125114df5157749?s=96&d=mm&r=g","contentUrl":"https:\/\/secure.gravatar.com\/avatar\/661a3ef63a8488d4f2794ed44af8cf71420f7e106f3072c40125114df5157749?s=96&d=mm&r=g","caption":"Cecilia Pastrana"},"sameAs":["cecy"],"url":"https:\/\/nahuelproducciones.com.ar\/radioquijano\/author\/cecy\/"}]}},"_links":{"self":[{"href":"https:\/\/nahuelproducciones.com.ar\/radioquijano\/wp-json\/wp\/v2\/posts\/8512","targetHints":{"allow":["GET"]}}],"collection":[{"href":"https:\/\/nahuelproducciones.com.ar\/radioquijano\/wp-json\/wp\/v2\/posts"}],"about":[{"href":"https:\/\/nahuelproducciones.com.ar\/radioquijano\/wp-json\/wp\/v2\/types\/post"}],"author":[{"embeddable":true,"href":"https:\/\/nahuelproducciones.com.ar\/radioquijano\/wp-json\/wp\/v2\/users\/8"}],"replies":[{"embeddable":true,"href":"https:\/\/nahuelproducciones.com.ar\/radioquijano\/wp-json\/wp\/v2\/comments?post=8512"}],"version-history":[{"count":2,"href":"https:\/\/nahuelproducciones.com.ar\/radioquijano\/wp-json\/wp\/v2\/posts\/8512\/revisions"}],"predecessor-version":[{"id":8536,"href":"https:\/\/nahuelproducciones.com.ar\/radioquijano\/wp-json\/wp\/v2\/posts\/8512\/revisions\/8536"}],"wp:featuredmedia":[{"embeddable":true,"href":"https:\/\/nahuelproducciones.com.ar\/radioquijano\/wp-json\/wp\/v2\/media\/8519"}],"wp:attachment":[{"href":"https:\/\/nahuelproducciones.com.ar\/radioquijano\/wp-json\/wp\/v2\/media?parent=8512"}],"wp:term":[{"taxonomy":"category","embeddable":true,"href":"https:\/\/nahuelproducciones.com.ar\/radioquijano\/wp-json\/wp\/v2\/categories?post=8512"},{"taxonomy":"post_tag","embeddable":true,"href":"https:\/\/nahuelproducciones.com.ar\/radioquijano\/wp-json\/wp\/v2\/tags?post=8512"}],"curies":[{"name":"wp","href":"https:\/\/api.w.org\/{rel}","templated":true}]}}