{"id":8559,"date":"2024-07-26T00:59:45","date_gmt":"2024-07-26T03:59:45","guid":{"rendered":"https:\/\/nahuelproducciones.com.ar\/radioquijano\/?p=8559"},"modified":"2024-07-26T00:59:46","modified_gmt":"2024-07-26T03:59:46","slug":"pago-de-sueldos-a-la-administracion-publica-compensacion-transitoria-docente-y-sueldos-a-estatales","status":"publish","type":"post","link":"https:\/\/nahuelproducciones.com.ar\/radioquijano\/pago-de-sueldos-a-la-administracion-publica-compensacion-transitoria-docente-y-sueldos-a-estatales\/","title":{"rendered":"Pago de Sueldos a la Administraci\u00f3n P\u00fablica: Compensaci\u00f3n Transitoria Docente y sueldos a estatales"},"content":{"rendered":"\n<p>El Gobierno dio a conocer las fechas de pago de los sueldos correspondientes a julio de 2024 para la Administraci\u00f3n P\u00fablica Provincial junto a la Compensaci\u00f3n Transitoria Docente. Se depositar\u00e1n hasta el 3&nbsp;de agosto.&nbsp;<\/p>\n\n\n\n<p>El mi\u00e9rcoles 31 de julio&nbsp;se abonar\u00e1&nbsp;la Compensaci\u00f3n Transitoria Docente (Fondo de Incentivo Docente); el 1 de agosto, los haberes para los sectores de Salud y Seguridad; el 2 de agosto, corresponder\u00e1 al sector de Educaci\u00f3n y el 3 para la Administraci\u00f3n Central, descentralizada y resto de la administraci\u00f3n p\u00fablica.<\/p>\n\n\n\n<p>La totalidad del sector p\u00fablico provincial incluye: Poder Ejecutivo, Legislativo y Judicial, organismos dependientes de estos poderes, organismos descentralizados, aut\u00e1rquicos y otros entes.<\/p>\n\n\n\n<hr class=\"wp-block-separator has-alpha-channel-opacity\"\/>\n\n\n\n<p>Fuente:&nbsp;<strong>Secretar\u00eda de Prensa y Comunicaci\u00f3n<\/strong><\/p>\n","protected":false},"excerpt":{"rendered":"<p>El Gobierno dio a conocer las fechas de pago de los sueldos correspondientes a julio de 2024 para la Administraci\u00f3n P\u00fablica Provincial junto a la Compensaci\u00f3n Transitoria Docente. Se depositar\u00e1n hasta el 3&nbsp;de agosto.&nbsp; El mi\u00e9rcoles 31 de julio&nbsp;se abonar\u00e1&nbsp;la Compensaci\u00f3n Transitoria Docente (Fondo de Incentivo Docente); el 1 de agosto, los haberes para los [&hellip;]<\/p>\n","protected":false},"author":8,"featured_media":8560,"comment_status":"open","ping_status":"open","sticky":false,"template":"","format":"standard","meta":{"_monsterinsights_skip_tracking":false,"_monsterinsights_sitenote_active":false,"_monsterinsights_sitenote_note":"","_monsterinsights_sitenote_category":0,"footnotes":""},"categories":[16],"tags":[100,1502],"class_list":["post-8559","post","type-post","status-publish","format-standard","has-post-thumbnail","hentry","category-noticias","tag-municipio-de-campo-quijano","tag-sueldos-de-la-administracion-publica-provincial"],"yoast_head":"<!-- This site is optimized with the Yoast SEO plugin v20.8 - https:\/\/yoast.com\/wordpress\/plugins\/seo\/ -->\n<title>Pago de Sueldos a la Administraci\u00f3n P\u00fablica: Compensaci\u00f3n Transitoria Docente y sueldos a estatales - RQ 99.9<\/title>\n<meta name=\"description\" content=\"Hasta el 3 de agosto cobrar\u00e1n los sueldos correspondientes a julio de 2024 la totalidad de los empleados p\u00fablicos salte\u00f1os.\" \/>\n<meta name=\"robots\" content=\"index, follow, max-snippet:-1, max-image-preview:large, max-video-preview:-1\" \/>\n<link rel=\"canonical\" href=\"https:\/\/nahuelproducciones.com.ar\/radioquijano\/pago-de-sueldos-a-la-administracion-publica-compensacion-transitoria-docente-y-sueldos-a-estatales\/\" \/>\n<meta property=\"og:locale\" content=\"es_ES\" \/>\n<meta property=\"og:type\" content=\"article\" \/>\n<meta property=\"og:title\" content=\"Pago de Sueldos a la Administraci\u00f3n P\u00fablica: Compensaci\u00f3n Transitoria Docente y sueldos a estatales - RQ 99.9\" \/>\n<meta property=\"og:description\" content=\"Hasta el 3 de agosto cobrar\u00e1n los sueldos correspondientes a julio de 2024 la totalidad de los empleados p\u00fablicos salte\u00f1os.\" \/>\n<meta property=\"og:url\" content=\"https:\/\/nahuelproducciones.com.ar\/radioquijano\/pago-de-sueldos-a-la-administracion-publica-compensacion-transitoria-docente-y-sueldos-a-estatales\/\" \/>\n<meta property=\"og:site_name\" content=\"RQ 99.9\" \/>\n<meta property=\"article:publisher\" content=\"https:\/\/www.facebook.com\/nahuelproducciones999\/\" \/>\n<meta property=\"article:published_time\" content=\"2024-07-26T03:59:45+00:00\" \/>\n<meta property=\"article:modified_time\" content=\"2024-07-26T03:59:46+00:00\" \/>\n<meta property=\"og:image\" content=\"https:\/\/nahuelproducciones.com.ar\/radioquijano\/wp-content\/uploads\/2024\/07\/JUBILADOS-Y-PENSIONADOS-e1721966375749.png\" \/>\n\t<meta property=\"og:image:width\" content=\"700\" \/>\n\t<meta property=\"og:image:height\" content=\"700\" \/>\n\t<meta property=\"og:image:type\" content=\"image\/png\" \/>\n<meta name=\"author\" content=\"Cecilia Pastrana\" \/>\n<meta name=\"twitter:card\" content=\"summary_large_image\" \/>\n<meta name=\"twitter:creator\" content=\"@nahuproduciones\" \/>\n<meta name=\"twitter:site\" content=\"@nahuproduciones\" \/>\n<meta name=\"twitter:label1\" content=\"Escrito por\" \/>\n\t<meta name=\"twitter:data1\" content=\"Cecilia Pastrana\" \/>\n\t<meta name=\"twitter:label2\" content=\"Tiempo de lectura\" \/>\n\t<meta name=\"twitter:data2\" content=\"1 minuto\" \/>\n<script type=\"application\/ld+json\" class=\"yoast-schema-graph\">{\"@context\":\"https:\/\/schema.org\",\"@graph\":[{\"@type\":\"WebPage\",\"@id\":\"https:\/\/nahuelproducciones.com.ar\/radioquijano\/pago-de-sueldos-a-la-administracion-publica-compensacion-transitoria-docente-y-sueldos-a-estatales\/\",\"url\":\"https:\/\/nahuelproducciones.com.ar\/radioquijano\/pago-de-sueldos-a-la-administracion-publica-compensacion-transitoria-docente-y-sueldos-a-estatales\/\",\"name\":\"Pago de Sueldos a la Administraci\u00f3n P\u00fablica: Compensaci\u00f3n Transitoria Docente y sueldos a estatales - RQ 99.9\",\"isPartOf\":{\"@id\":\"https:\/\/nahuelproducciones.com.ar\/radioquijano\/#website\"},\"datePublished\":\"2024-07-26T03:59:45+00:00\",\"dateModified\":\"2024-07-26T03:59:46+00:00\",\"author\":{\"@id\":\"https:\/\/nahuelproducciones.com.ar\/radioquijano\/#\/schema\/person\/e8a4f939e2cb487fe6d0c54042c9d32c\"},\"description\":\"Hasta el 3 de agosto cobrar\u00e1n los sueldos correspondientes a julio de 2024 la totalidad de los empleados p\u00fablicos salte\u00f1os.\",\"breadcrumb\":{\"@id\":\"https:\/\/nahuelproducciones.com.ar\/radioquijano\/pago-de-sueldos-a-la-administracion-publica-compensacion-transitoria-docente-y-sueldos-a-estatales\/#breadcrumb\"},\"inLanguage\":\"es\",\"potentialAction\":[{\"@type\":\"ReadAction\",\"target\":[\"https:\/\/nahuelproducciones.com.ar\/radioquijano\/pago-de-sueldos-a-la-administracion-publica-compensacion-transitoria-docente-y-sueldos-a-estatales\/\"]}]},{\"@type\":\"BreadcrumbList\",\"@id\":\"https:\/\/nahuelproducciones.com.ar\/radioquijano\/pago-de-sueldos-a-la-administracion-publica-compensacion-transitoria-docente-y-sueldos-a-estatales\/#breadcrumb\",\"itemListElement\":[{\"@type\":\"ListItem\",\"position\":1,\"name\":\"Portada\",\"item\":\"https:\/\/nahuelproducciones.com.ar\/radioquijano\/\"},{\"@type\":\"ListItem\",\"position\":2,\"name\":\"Pago de Sueldos a la Administraci\u00f3n P\u00fablica: Compensaci\u00f3n Transitoria Docente y sueldos a estatales\"}]},{\"@type\":\"WebSite\",\"@id\":\"https:\/\/nahuelproducciones.com.ar\/radioquijano\/#website\",\"url\":\"https:\/\/nahuelproducciones.com.ar\/radioquijano\/\",\"name\":\"RQ 99.9\",\"description\":\"Radio Quijano 99.9 MHz\",\"potentialAction\":[{\"@type\":\"SearchAction\",\"target\":{\"@type\":\"EntryPoint\",\"urlTemplate\":\"https:\/\/nahuelproducciones.com.ar\/radioquijano\/?s={search_term_string}\"},\"query-input\":\"required name=search_term_string\"}],\"inLanguage\":\"es\"},{\"@type\":\"Person\",\"@id\":\"https:\/\/nahuelproducciones.com.ar\/radioquijano\/#\/schema\/person\/e8a4f939e2cb487fe6d0c54042c9d32c\",\"name\":\"Cecilia Pastrana\",\"image\":{\"@type\":\"ImageObject\",\"inLanguage\":\"es\",\"@id\":\"https:\/\/nahuelproducciones.com.ar\/radioquijano\/#\/schema\/person\/image\/\",\"url\":\"https:\/\/secure.gravatar.com\/avatar\/661a3ef63a8488d4f2794ed44af8cf71420f7e106f3072c40125114df5157749?s=96&d=mm&r=g\",\"contentUrl\":\"https:\/\/secure.gravatar.com\/avatar\/661a3ef63a8488d4f2794ed44af8cf71420f7e106f3072c40125114df5157749?s=96&d=mm&r=g\",\"caption\":\"Cecilia Pastrana\"},\"sameAs\":[\"cecy\"],\"url\":\"https:\/\/nahuelproducciones.com.ar\/radioquijano\/author\/cecy\/\"}]}<\/script>\n<!-- \/ Yoast SEO plugin. -->","yoast_head_json":{"title":"Pago de Sueldos a la Administraci\u00f3n P\u00fablica: Compensaci\u00f3n Transitoria Docente y sueldos a estatales - RQ 99.9","description":"Hasta el 3 de agosto cobrar\u00e1n los sueldos correspondientes a julio de 2024 la totalidad de los empleados p\u00fablicos salte\u00f1os.","robots":{"index":"index","follow":"follow","max-snippet":"max-snippet:-1","max-image-preview":"max-image-preview:large","max-video-preview":"max-video-preview:-1"},"canonical":"https:\/\/nahuelproducciones.com.ar\/radioquijano\/pago-de-sueldos-a-la-administracion-publica-compensacion-transitoria-docente-y-sueldos-a-estatales\/","og_locale":"es_ES","og_type":"article","og_title":"Pago de Sueldos a la Administraci\u00f3n P\u00fablica: Compensaci\u00f3n Transitoria Docente y sueldos a estatales - RQ 99.9","og_description":"Hasta el 3 de agosto cobrar\u00e1n los sueldos correspondientes a julio de 2024 la totalidad de los empleados p\u00fablicos salte\u00f1os.","og_url":"https:\/\/nahuelproducciones.com.ar\/radioquijano\/pago-de-sueldos-a-la-administracion-publica-compensacion-transitoria-docente-y-sueldos-a-estatales\/","og_site_name":"RQ 99.9","article_publisher":"https:\/\/www.facebook.com\/nahuelproducciones999\/","article_published_time":"2024-07-26T03:59:45+00:00","article_modified_time":"2024-07-26T03:59:46+00:00","og_image":[{"width":700,"height":700,"url":"https:\/\/nahuelproducciones.com.ar\/radioquijano\/wp-content\/uploads\/2024\/07\/JUBILADOS-Y-PENSIONADOS-e1721966375749.png","type":"image\/png"}],"author":"Cecilia Pastrana","twitter_card":"summary_large_image","twitter_creator":"@nahuproduciones","twitter_site":"@nahuproduciones","twitter_misc":{"Escrito por":"Cecilia Pastrana","Tiempo de lectura":"1 minuto"},"schema":{"@context":"https:\/\/schema.org","@graph":[{"@type":"WebPage","@id":"https:\/\/nahuelproducciones.com.ar\/radioquijano\/pago-de-sueldos-a-la-administracion-publica-compensacion-transitoria-docente-y-sueldos-a-estatales\/","url":"https:\/\/nahuelproducciones.com.ar\/radioquijano\/pago-de-sueldos-a-la-administracion-publica-compensacion-transitoria-docente-y-sueldos-a-estatales\/","name":"Pago de Sueldos a la Administraci\u00f3n P\u00fablica: Compensaci\u00f3n Transitoria Docente y sueldos a estatales - RQ 99.9","isPartOf":{"@id":"https:\/\/nahuelproducciones.com.ar\/radioquijano\/#website"},"datePublished":"2024-07-26T03:59:45+00:00","dateModified":"2024-07-26T03:59:46+00:00","author":{"@id":"https:\/\/nahuelproducciones.com.ar\/radioquijano\/#\/schema\/person\/e8a4f939e2cb487fe6d0c54042c9d32c"},"description":"Hasta el 3 de agosto cobrar\u00e1n los sueldos correspondientes a julio de 2024 la totalidad de los empleados p\u00fablicos salte\u00f1os.","breadcrumb":{"@id":"https:\/\/nahuelproducciones.com.ar\/radioquijano\/pago-de-sueldos-a-la-administracion-publica-compensacion-transitoria-docente-y-sueldos-a-estatales\/#breadcrumb"},"inLanguage":"es","potentialAction":[{"@type":"ReadAction","target":["https:\/\/nahuelproducciones.com.ar\/radioquijano\/pago-de-sueldos-a-la-administracion-publica-compensacion-transitoria-docente-y-sueldos-a-estatales\/"]}]},{"@type":"BreadcrumbList","@id":"https:\/\/nahuelproducciones.com.ar\/radioquijano\/pago-de-sueldos-a-la-administracion-publica-compensacion-transitoria-docente-y-sueldos-a-estatales\/#breadcrumb","itemListElement":[{"@type":"ListItem","position":1,"name":"Portada","item":"https:\/\/nahuelproducciones.com.ar\/radioquijano\/"},{"@type":"ListItem","position":2,"name":"Pago de Sueldos a la Administraci\u00f3n P\u00fablica: Compensaci\u00f3n Transitoria Docente y sueldos a estatales"}]},{"@type":"WebSite","@id":"https:\/\/nahuelproducciones.com.ar\/radioquijano\/#website","url":"https:\/\/nahuelproducciones.com.ar\/radioquijano\/","name":"RQ 99.9","description":"Radio Quijano 99.9 MHz","potentialAction":[{"@type":"SearchAction","target":{"@type":"EntryPoint","urlTemplate":"https:\/\/nahuelproducciones.com.ar\/radioquijano\/?s={search_term_string}"},"query-input":"required name=search_term_string"}],"inLanguage":"es"},{"@type":"Person","@id":"https:\/\/nahuelproducciones.com.ar\/radioquijano\/#\/schema\/person\/e8a4f939e2cb487fe6d0c54042c9d32c","name":"Cecilia Pastrana","image":{"@type":"ImageObject","inLanguage":"es","@id":"https:\/\/nahuelproducciones.com.ar\/radioquijano\/#\/schema\/person\/image\/","url":"https:\/\/secure.gravatar.com\/avatar\/661a3ef63a8488d4f2794ed44af8cf71420f7e106f3072c40125114df5157749?s=96&d=mm&r=g","contentUrl":"https:\/\/secure.gravatar.com\/avatar\/661a3ef63a8488d4f2794ed44af8cf71420f7e106f3072c40125114df5157749?s=96&d=mm&r=g","caption":"Cecilia Pastrana"},"sameAs":["cecy"],"url":"https:\/\/nahuelproducciones.com.ar\/radioquijano\/author\/cecy\/"}]}},"_links":{"self":[{"href":"https:\/\/nahuelproducciones.com.ar\/radioquijano\/wp-json\/wp\/v2\/posts\/8559","targetHints":{"allow":["GET"]}}],"collection":[{"href":"https:\/\/nahuelproducciones.com.ar\/radioquijano\/wp-json\/wp\/v2\/posts"}],"about":[{"href":"https:\/\/nahuelproducciones.com.ar\/radioquijano\/wp-json\/wp\/v2\/types\/post"}],"author":[{"embeddable":true,"href":"https:\/\/nahuelproducciones.com.ar\/radioquijano\/wp-json\/wp\/v2\/users\/8"}],"replies":[{"embeddable":true,"href":"https:\/\/nahuelproducciones.com.ar\/radioquijano\/wp-json\/wp\/v2\/comments?post=8559"}],"version-history":[{"count":1,"href":"https:\/\/nahuelproducciones.com.ar\/radioquijano\/wp-json\/wp\/v2\/posts\/8559\/revisions"}],"predecessor-version":[{"id":8561,"href":"https:\/\/nahuelproducciones.com.ar\/radioquijano\/wp-json\/wp\/v2\/posts\/8559\/revisions\/8561"}],"wp:featuredmedia":[{"embeddable":true,"href":"https:\/\/nahuelproducciones.com.ar\/radioquijano\/wp-json\/wp\/v2\/media\/8560"}],"wp:attachment":[{"href":"https:\/\/nahuelproducciones.com.ar\/radioquijano\/wp-json\/wp\/v2\/media?parent=8559"}],"wp:term":[{"taxonomy":"category","embeddable":true,"href":"https:\/\/nahuelproducciones.com.ar\/radioquijano\/wp-json\/wp\/v2\/categories?post=8559"},{"taxonomy":"post_tag","embeddable":true,"href":"https:\/\/nahuelproducciones.com.ar\/radioquijano\/wp-json\/wp\/v2\/tags?post=8559"}],"curies":[{"name":"wp","href":"https:\/\/api.w.org\/{rel}","templated":true}]}}