{"id":856,"date":"2021-05-22T00:10:20","date_gmt":"2021-05-22T03:10:20","guid":{"rendered":"https:\/\/nahuelproducciones.com.ar\/radioquijano\/?p=856"},"modified":"2021-05-22T00:10:22","modified_gmt":"2021-05-22T03:10:22","slug":"que-deben-hacer-los-contactos-estrechos-de-una-persona-con-covid-19","status":"publish","type":"post","link":"https:\/\/nahuelproducciones.com.ar\/radioquijano\/que-deben-hacer-los-contactos-estrechos-de-una-persona-con-covid-19\/","title":{"rendered":"\u00bfQu\u00e9 deben hacer los contactos estrechos de una persona con COVID-19?"},"content":{"rendered":"\n<p>La directora general de la Coordinaci\u00f3n Epidemiol\u00f3gica, Anal\u00eda Acevedo, explic\u00f3 que se llama contacto estrecho a \u201calguien que comparti\u00f3 con una persona que contrajo el virus, mientras estaba sintom\u00e1tica, o durante las 48 horas previas al inicio de s\u00edntomas; sin respetar una distancia m\u00ednima de dos metros y sin barbijo, durante 15 minutos o m\u00e1s\u201d.<\/p>\n\n\n\n<p>Como medida preventiva, el Ministerio de Salud P\u00fablica insta a la persona a aislarse durante 10 d\u00edas, aunque no presente s\u00edntomas.Si el individuo vive con su grupo familiar, debe mantener el aislamiento dentro de una habitaci\u00f3n, no recibir visitas ni compartir con nadie el mate, cubiertos, vasos, tazas, toallas ni objetos de uso personal.Transcurrido este periodo, si no se presentan s\u00edntomas, la persona puede retomar sus actividades cotidianas, extremando los cuidados durante los cuatro d\u00edas subsiguientes al aislamiento.<\/p>\n\n\n\n<p>En relaci\u00f3n a los cuidados individuales, la persona debe lavarse frecuentemente las manos con agua y jab\u00f3n, estornudar y toser en el pliegue del codo, y evitar tocarse los ojos, nariz y boca.<\/p>\n\n\n\n<p>Se aconseja la ventilaci\u00f3n cruzada de todos los espacios del hogar, desinfectar pisos y superficies con un preparado que contenga por cada litro de agua, cuatro cucharadas soperas de lavandina. Respecto a celulares, teclados y otros elementos que no se puedan limpiar con agua y lavandina, se puede utilizar una mezcla de 70% de alcohol con 30% de agua para rociar a los mismos.<\/p>\n\n\n\n<p>Ante la aparici\u00f3n de s\u00edntomas como tos, dolor de garganta, fiebre, dificultad para respirar, dolor de cabeza, dolor muscular, diarrea, v\u00f3mitos; o ante la p\u00e9rdida repentina del olfato o del gusto, debe descargar la aplicaci\u00f3n SaltaCovid, registrarse, reportar sus s\u00edntomas y aguardar el llamado del personal de salud o comunicarse telef\u00f3nicamente al 148.<\/p>\n\n\n\n<p>En el caso de urgencia por dificultad respiratoria o falta de aire; dolor o presi\u00f3n intensa en el pecho, debe llamar al Sistema de Emergencias 911, donde coordinar\u00e1n acciones conjuntas con el SAMEC para brindarle asistencia m\u00e9dica.<\/p>\n\n\n\n<p>Fuente: <a href=\"https:\/\/www.facebook.com\/Hospital-Dr-Francisco-Herrera-Campo-Quijano-2476193842413482\/?__cft__[0]=AZUNlgbYoXaIiRDEa9b6Smdvj22vLk1RrPD6E9rSK3l_DFILY6VimkMfRUH5IwzY8G_IsF-Eux-Hf5yMAZ1bkz7vMm6-NaTSH9C1AhiW44OEgvcvnKLQv1MotcdZVvam7_IQLzG2ksIM1Dfw_pIBpfb5&amp;__tn__=-UC%2CP-R\"><strong>Hospital Dr. Francisco Herrera &#8211; Campo Quijano<\/strong><\/a><\/p>\n\n\n\n<p><a href=\"https:\/\/www.facebook.com\/hashtag\/salta?__eep__=6&amp;__cft__[0]=AZUNlgbYoXaIiRDEa9b6Smdvj22vLk1RrPD6E9rSK3l_DFILY6VimkMfRUH5IwzY8G_IsF-Eux-Hf5yMAZ1bkz7vMm6-NaTSH9C1AhiW44OEgvcvnKLQv1MotcdZVvam7_IQLzG2ksIM1Dfw_pIBpfb5&amp;__tn__=*NK-R\">#salta<\/a><a href=\"https:\/\/www.facebook.com\/hashtag\/salud?__eep__=6&amp;__cft__[0]=AZUNlgbYoXaIiRDEa9b6Smdvj22vLk1RrPD6E9rSK3l_DFILY6VimkMfRUH5IwzY8G_IsF-Eux-Hf5yMAZ1bkz7vMm6-NaTSH9C1AhiW44OEgvcvnKLQv1MotcdZVvam7_IQLzG2ksIM1Dfw_pIBpfb5&amp;__tn__=*NK-R\">#salud<\/a><a href=\"https:\/\/www.facebook.com\/hashtag\/intoxicaci%C3%B3n?__eep__=6&amp;__cft__[0]=AZUNlgbYoXaIiRDEa9b6Smdvj22vLk1RrPD6E9rSK3l_DFILY6VimkMfRUH5IwzY8G_IsF-Eux-Hf5yMAZ1bkz7vMm6-NaTSH9C1AhiW44OEgvcvnKLQv1MotcdZVvam7_IQLzG2ksIM1Dfw_pIBpfb5&amp;__tn__=*NK-R\">#intoxicaci\u00f3n<\/a><a href=\"https:\/\/www.facebook.com\/hashtag\/mon%C3%B3xido?__eep__=6&amp;__cft__[0]=AZUNlgbYoXaIiRDEa9b6Smdvj22vLk1RrPD6E9rSK3l_DFILY6VimkMfRUH5IwzY8G_IsF-Eux-Hf5yMAZ1bkz7vMm6-NaTSH9C1AhiW44OEgvcvnKLQv1MotcdZVvam7_IQLzG2ksIM1Dfw_pIBpfb5&amp;__tn__=*NK-R\">#mon\u00f3xido<\/a><a href=\"https:\/\/www.facebook.com\/hashtag\/pandemia?__eep__=6&amp;__cft__[0]=AZUNlgbYoXaIiRDEa9b6Smdvj22vLk1RrPD6E9rSK3l_DFILY6VimkMfRUH5IwzY8G_IsF-Eux-Hf5yMAZ1bkz7vMm6-NaTSH9C1AhiW44OEgvcvnKLQv1MotcdZVvam7_IQLzG2ksIM1Dfw_pIBpfb5&amp;__tn__=*NK-R\">#pandemia<\/a><a href=\"https:\/\/www.facebook.com\/hashtag\/coronavirus?__eep__=6&amp;__cft__[0]=AZUNlgbYoXaIiRDEa9b6Smdvj22vLk1RrPD6E9rSK3l_DFILY6VimkMfRUH5IwzY8G_IsF-Eux-Hf5yMAZ1bkz7vMm6-NaTSH9C1AhiW44OEgvcvnKLQv1MotcdZVvam7_IQLzG2ksIM1Dfw_pIBpfb5&amp;__tn__=*NK-R\">#coronavirus<\/a><a href=\"https:\/\/www.facebook.com\/hashtag\/covid19?__eep__=6&amp;__cft__[0]=AZUNlgbYoXaIiRDEa9b6Smdvj22vLk1RrPD6E9rSK3l_DFILY6VimkMfRUH5IwzY8G_IsF-Eux-Hf5yMAZ1bkz7vMm6-NaTSH9C1AhiW44OEgvcvnKLQv1MotcdZVvam7_IQLzG2ksIM1Dfw_pIBpfb5&amp;__tn__=*NK-R\">#covid19<\/a><\/p>\n\n\n\n<p><a href=\"#RQ99.9Mhz\">#RQ99.9Mhz<\/a> <a href=\"https:\/\/www.facebook.com\/Radio-Quijano-999-102294874524832\/?ref=pages_you_manage\">Campo Quijano.<\/a><\/p>\n","protected":false},"excerpt":{"rendered":"<p>La directora general de la Coordinaci\u00f3n Epidemiol\u00f3gica, Anal\u00eda Acevedo, explic\u00f3 que se llama contacto estrecho a \u201calguien que comparti\u00f3 con una persona que contrajo el virus, mientras estaba sintom\u00e1tica, o durante las 48 horas previas al inicio de s\u00edntomas; sin respetar una distancia m\u00ednima de dos metros y sin barbijo, durante 15 minutos o m\u00e1s\u201d. [&hellip;]<\/p>\n","protected":false},"author":8,"featured_media":857,"comment_status":"open","ping_status":"open","sticky":false,"template":"","format":"standard","meta":{"_monsterinsights_skip_tracking":false,"_monsterinsights_sitenote_active":false,"_monsterinsights_sitenote_note":"","_monsterinsights_sitenote_category":0,"footnotes":""},"categories":[18,16],"tags":[],"class_list":["post-856","post","type-post","status-publish","format-standard","has-post-thumbnail","hentry","category-covid-19","category-noticias"],"yoast_head":"<!-- This site is optimized with the Yoast SEO plugin v20.8 - https:\/\/yoast.com\/wordpress\/plugins\/seo\/ -->\n<title>\u00bfQu\u00e9 deben hacer los contactos estrechos de una persona con COVID-19? - RQ 99.9<\/title>\n<meta name=\"description\" content=\"Ante la aparici\u00f3n de s\u00edntomas como tos, dolor de garganta, fiebre, dificultad para respirar, dolor de cabeza, dolor muscular, diarrea, v\u00f3mitos; o ante la p\u00e9rdida repentina del olfato o del gusto, debe descargar la aplicaci\u00f3n SaltaCovid, registrarse, reportar sus s\u00edntomas y aguardar el llamado del personal de salud o comunicarse telef\u00f3nicamente al 148.\" \/>\n<meta name=\"robots\" content=\"index, follow, max-snippet:-1, max-image-preview:large, max-video-preview:-1\" \/>\n<link rel=\"canonical\" href=\"https:\/\/nahuelproducciones.com.ar\/radioquijano\/que-deben-hacer-los-contactos-estrechos-de-una-persona-con-covid-19\/\" \/>\n<meta property=\"og:locale\" content=\"es_ES\" \/>\n<meta property=\"og:type\" content=\"article\" \/>\n<meta property=\"og:title\" content=\"\u00bfQu\u00e9 deben hacer los contactos estrechos de una persona con COVID-19? - RQ 99.9\" \/>\n<meta property=\"og:description\" content=\"Ante la aparici\u00f3n de s\u00edntomas como tos, dolor de garganta, fiebre, dificultad para respirar, dolor de cabeza, dolor muscular, diarrea, v\u00f3mitos; o ante la p\u00e9rdida repentina del olfato o del gusto, debe descargar la aplicaci\u00f3n SaltaCovid, registrarse, reportar sus s\u00edntomas y aguardar el llamado del personal de salud o comunicarse telef\u00f3nicamente al 148.\" \/>\n<meta property=\"og:url\" content=\"https:\/\/nahuelproducciones.com.ar\/radioquijano\/que-deben-hacer-los-contactos-estrechos-de-una-persona-con-covid-19\/\" \/>\n<meta property=\"og:site_name\" content=\"RQ 99.9\" \/>\n<meta property=\"article:publisher\" content=\"https:\/\/www.facebook.com\/nahuelproducciones999\/\" \/>\n<meta property=\"article:published_time\" content=\"2021-05-22T03:10:20+00:00\" \/>\n<meta property=\"article:modified_time\" content=\"2021-05-22T03:10:22+00:00\" \/>\n<meta property=\"og:image\" content=\"https:\/\/nahuelproducciones.com.ar\/radioquijano\/wp-content\/uploads\/2021\/05\/contacto-estrechoo.jpg\" \/>\n\t<meta property=\"og:image:width\" content=\"700\" \/>\n\t<meta property=\"og:image:height\" content=\"350\" \/>\n\t<meta property=\"og:image:type\" content=\"image\/jpeg\" \/>\n<meta name=\"author\" content=\"Cecilia Pastrana\" \/>\n<meta name=\"twitter:card\" content=\"summary_large_image\" \/>\n<meta name=\"twitter:creator\" content=\"@nahuproduciones\" \/>\n<meta name=\"twitter:site\" content=\"@nahuproduciones\" \/>\n<meta name=\"twitter:label1\" content=\"Escrito por\" \/>\n\t<meta name=\"twitter:data1\" content=\"Cecilia Pastrana\" \/>\n\t<meta name=\"twitter:label2\" content=\"Tiempo de lectura\" \/>\n\t<meta name=\"twitter:data2\" content=\"2 minutos\" \/>\n<script type=\"application\/ld+json\" class=\"yoast-schema-graph\">{\"@context\":\"https:\/\/schema.org\",\"@graph\":[{\"@type\":\"WebPage\",\"@id\":\"https:\/\/nahuelproducciones.com.ar\/radioquijano\/que-deben-hacer-los-contactos-estrechos-de-una-persona-con-covid-19\/\",\"url\":\"https:\/\/nahuelproducciones.com.ar\/radioquijano\/que-deben-hacer-los-contactos-estrechos-de-una-persona-con-covid-19\/\",\"name\":\"\u00bfQu\u00e9 deben hacer los contactos estrechos de una persona con COVID-19? - RQ 99.9\",\"isPartOf\":{\"@id\":\"https:\/\/nahuelproducciones.com.ar\/radioquijano\/#website\"},\"datePublished\":\"2021-05-22T03:10:20+00:00\",\"dateModified\":\"2021-05-22T03:10:22+00:00\",\"author\":{\"@id\":\"https:\/\/nahuelproducciones.com.ar\/radioquijano\/#\/schema\/person\/e8a4f939e2cb487fe6d0c54042c9d32c\"},\"description\":\"Ante la aparici\u00f3n de s\u00edntomas como tos, dolor de garganta, fiebre, dificultad para respirar, dolor de cabeza, dolor muscular, diarrea, v\u00f3mitos; o ante la p\u00e9rdida repentina del olfato o del gusto, debe descargar la aplicaci\u00f3n SaltaCovid, registrarse, reportar sus s\u00edntomas y aguardar el llamado del personal de salud o comunicarse telef\u00f3nicamente al 148.\",\"breadcrumb\":{\"@id\":\"https:\/\/nahuelproducciones.com.ar\/radioquijano\/que-deben-hacer-los-contactos-estrechos-de-una-persona-con-covid-19\/#breadcrumb\"},\"inLanguage\":\"es\",\"potentialAction\":[{\"@type\":\"ReadAction\",\"target\":[\"https:\/\/nahuelproducciones.com.ar\/radioquijano\/que-deben-hacer-los-contactos-estrechos-de-una-persona-con-covid-19\/\"]}]},{\"@type\":\"BreadcrumbList\",\"@id\":\"https:\/\/nahuelproducciones.com.ar\/radioquijano\/que-deben-hacer-los-contactos-estrechos-de-una-persona-con-covid-19\/#breadcrumb\",\"itemListElement\":[{\"@type\":\"ListItem\",\"position\":1,\"name\":\"Portada\",\"item\":\"https:\/\/nahuelproducciones.com.ar\/radioquijano\/\"},{\"@type\":\"ListItem\",\"position\":2,\"name\":\"\u00bfQu\u00e9 deben hacer los contactos estrechos de una persona con COVID-19?\"}]},{\"@type\":\"WebSite\",\"@id\":\"https:\/\/nahuelproducciones.com.ar\/radioquijano\/#website\",\"url\":\"https:\/\/nahuelproducciones.com.ar\/radioquijano\/\",\"name\":\"RQ 99.9\",\"description\":\"Radio Quijano 99.9 MHz\",\"potentialAction\":[{\"@type\":\"SearchAction\",\"target\":{\"@type\":\"EntryPoint\",\"urlTemplate\":\"https:\/\/nahuelproducciones.com.ar\/radioquijano\/?s={search_term_string}\"},\"query-input\":\"required name=search_term_string\"}],\"inLanguage\":\"es\"},{\"@type\":\"Person\",\"@id\":\"https:\/\/nahuelproducciones.com.ar\/radioquijano\/#\/schema\/person\/e8a4f939e2cb487fe6d0c54042c9d32c\",\"name\":\"Cecilia Pastrana\",\"image\":{\"@type\":\"ImageObject\",\"inLanguage\":\"es\",\"@id\":\"https:\/\/nahuelproducciones.com.ar\/radioquijano\/#\/schema\/person\/image\/\",\"url\":\"https:\/\/secure.gravatar.com\/avatar\/661a3ef63a8488d4f2794ed44af8cf71420f7e106f3072c40125114df5157749?s=96&d=mm&r=g\",\"contentUrl\":\"https:\/\/secure.gravatar.com\/avatar\/661a3ef63a8488d4f2794ed44af8cf71420f7e106f3072c40125114df5157749?s=96&d=mm&r=g\",\"caption\":\"Cecilia Pastrana\"},\"sameAs\":[\"cecy\"],\"url\":\"https:\/\/nahuelproducciones.com.ar\/radioquijano\/author\/cecy\/\"}]}<\/script>\n<!-- \/ Yoast SEO plugin. -->","yoast_head_json":{"title":"\u00bfQu\u00e9 deben hacer los contactos estrechos de una persona con COVID-19? - RQ 99.9","description":"Ante la aparici\u00f3n de s\u00edntomas como tos, dolor de garganta, fiebre, dificultad para respirar, dolor de cabeza, dolor muscular, diarrea, v\u00f3mitos; o ante la p\u00e9rdida repentina del olfato o del gusto, debe descargar la aplicaci\u00f3n SaltaCovid, registrarse, reportar sus s\u00edntomas y aguardar el llamado del personal de salud o comunicarse telef\u00f3nicamente al 148.","robots":{"index":"index","follow":"follow","max-snippet":"max-snippet:-1","max-image-preview":"max-image-preview:large","max-video-preview":"max-video-preview:-1"},"canonical":"https:\/\/nahuelproducciones.com.ar\/radioquijano\/que-deben-hacer-los-contactos-estrechos-de-una-persona-con-covid-19\/","og_locale":"es_ES","og_type":"article","og_title":"\u00bfQu\u00e9 deben hacer los contactos estrechos de una persona con COVID-19? - RQ 99.9","og_description":"Ante la aparici\u00f3n de s\u00edntomas como tos, dolor de garganta, fiebre, dificultad para respirar, dolor de cabeza, dolor muscular, diarrea, v\u00f3mitos; o ante la p\u00e9rdida repentina del olfato o del gusto, debe descargar la aplicaci\u00f3n SaltaCovid, registrarse, reportar sus s\u00edntomas y aguardar el llamado del personal de salud o comunicarse telef\u00f3nicamente al 148.","og_url":"https:\/\/nahuelproducciones.com.ar\/radioquijano\/que-deben-hacer-los-contactos-estrechos-de-una-persona-con-covid-19\/","og_site_name":"RQ 99.9","article_publisher":"https:\/\/www.facebook.com\/nahuelproducciones999\/","article_published_time":"2021-05-22T03:10:20+00:00","article_modified_time":"2021-05-22T03:10:22+00:00","og_image":[{"width":700,"height":350,"url":"https:\/\/nahuelproducciones.com.ar\/radioquijano\/wp-content\/uploads\/2021\/05\/contacto-estrechoo.jpg","type":"image\/jpeg"}],"author":"Cecilia Pastrana","twitter_card":"summary_large_image","twitter_creator":"@nahuproduciones","twitter_site":"@nahuproduciones","twitter_misc":{"Escrito por":"Cecilia Pastrana","Tiempo de lectura":"2 minutos"},"schema":{"@context":"https:\/\/schema.org","@graph":[{"@type":"WebPage","@id":"https:\/\/nahuelproducciones.com.ar\/radioquijano\/que-deben-hacer-los-contactos-estrechos-de-una-persona-con-covid-19\/","url":"https:\/\/nahuelproducciones.com.ar\/radioquijano\/que-deben-hacer-los-contactos-estrechos-de-una-persona-con-covid-19\/","name":"\u00bfQu\u00e9 deben hacer los contactos estrechos de una persona con COVID-19? - RQ 99.9","isPartOf":{"@id":"https:\/\/nahuelproducciones.com.ar\/radioquijano\/#website"},"datePublished":"2021-05-22T03:10:20+00:00","dateModified":"2021-05-22T03:10:22+00:00","author":{"@id":"https:\/\/nahuelproducciones.com.ar\/radioquijano\/#\/schema\/person\/e8a4f939e2cb487fe6d0c54042c9d32c"},"description":"Ante la aparici\u00f3n de s\u00edntomas como tos, dolor de garganta, fiebre, dificultad para respirar, dolor de cabeza, dolor muscular, diarrea, v\u00f3mitos; o ante la p\u00e9rdida repentina del olfato o del gusto, debe descargar la aplicaci\u00f3n SaltaCovid, registrarse, reportar sus s\u00edntomas y aguardar el llamado del personal de salud o comunicarse telef\u00f3nicamente al 148.","breadcrumb":{"@id":"https:\/\/nahuelproducciones.com.ar\/radioquijano\/que-deben-hacer-los-contactos-estrechos-de-una-persona-con-covid-19\/#breadcrumb"},"inLanguage":"es","potentialAction":[{"@type":"ReadAction","target":["https:\/\/nahuelproducciones.com.ar\/radioquijano\/que-deben-hacer-los-contactos-estrechos-de-una-persona-con-covid-19\/"]}]},{"@type":"BreadcrumbList","@id":"https:\/\/nahuelproducciones.com.ar\/radioquijano\/que-deben-hacer-los-contactos-estrechos-de-una-persona-con-covid-19\/#breadcrumb","itemListElement":[{"@type":"ListItem","position":1,"name":"Portada","item":"https:\/\/nahuelproducciones.com.ar\/radioquijano\/"},{"@type":"ListItem","position":2,"name":"\u00bfQu\u00e9 deben hacer los contactos estrechos de una persona con COVID-19?"}]},{"@type":"WebSite","@id":"https:\/\/nahuelproducciones.com.ar\/radioquijano\/#website","url":"https:\/\/nahuelproducciones.com.ar\/radioquijano\/","name":"RQ 99.9","description":"Radio Quijano 99.9 MHz","potentialAction":[{"@type":"SearchAction","target":{"@type":"EntryPoint","urlTemplate":"https:\/\/nahuelproducciones.com.ar\/radioquijano\/?s={search_term_string}"},"query-input":"required name=search_term_string"}],"inLanguage":"es"},{"@type":"Person","@id":"https:\/\/nahuelproducciones.com.ar\/radioquijano\/#\/schema\/person\/e8a4f939e2cb487fe6d0c54042c9d32c","name":"Cecilia Pastrana","image":{"@type":"ImageObject","inLanguage":"es","@id":"https:\/\/nahuelproducciones.com.ar\/radioquijano\/#\/schema\/person\/image\/","url":"https:\/\/secure.gravatar.com\/avatar\/661a3ef63a8488d4f2794ed44af8cf71420f7e106f3072c40125114df5157749?s=96&d=mm&r=g","contentUrl":"https:\/\/secure.gravatar.com\/avatar\/661a3ef63a8488d4f2794ed44af8cf71420f7e106f3072c40125114df5157749?s=96&d=mm&r=g","caption":"Cecilia Pastrana"},"sameAs":["cecy"],"url":"https:\/\/nahuelproducciones.com.ar\/radioquijano\/author\/cecy\/"}]}},"_links":{"self":[{"href":"https:\/\/nahuelproducciones.com.ar\/radioquijano\/wp-json\/wp\/v2\/posts\/856","targetHints":{"allow":["GET"]}}],"collection":[{"href":"https:\/\/nahuelproducciones.com.ar\/radioquijano\/wp-json\/wp\/v2\/posts"}],"about":[{"href":"https:\/\/nahuelproducciones.com.ar\/radioquijano\/wp-json\/wp\/v2\/types\/post"}],"author":[{"embeddable":true,"href":"https:\/\/nahuelproducciones.com.ar\/radioquijano\/wp-json\/wp\/v2\/users\/8"}],"replies":[{"embeddable":true,"href":"https:\/\/nahuelproducciones.com.ar\/radioquijano\/wp-json\/wp\/v2\/comments?post=856"}],"version-history":[{"count":1,"href":"https:\/\/nahuelproducciones.com.ar\/radioquijano\/wp-json\/wp\/v2\/posts\/856\/revisions"}],"predecessor-version":[{"id":858,"href":"https:\/\/nahuelproducciones.com.ar\/radioquijano\/wp-json\/wp\/v2\/posts\/856\/revisions\/858"}],"wp:featuredmedia":[{"embeddable":true,"href":"https:\/\/nahuelproducciones.com.ar\/radioquijano\/wp-json\/wp\/v2\/media\/857"}],"wp:attachment":[{"href":"https:\/\/nahuelproducciones.com.ar\/radioquijano\/wp-json\/wp\/v2\/media?parent=856"}],"wp:term":[{"taxonomy":"category","embeddable":true,"href":"https:\/\/nahuelproducciones.com.ar\/radioquijano\/wp-json\/wp\/v2\/categories?post=856"},{"taxonomy":"post_tag","embeddable":true,"href":"https:\/\/nahuelproducciones.com.ar\/radioquijano\/wp-json\/wp\/v2\/tags?post=856"}],"curies":[{"name":"wp","href":"https:\/\/api.w.org\/{rel}","templated":true}]}}