{"id":8567,"date":"2024-07-31T11:24:09","date_gmt":"2024-07-31T14:24:09","guid":{"rendered":"https:\/\/nahuelproducciones.com.ar\/radioquijano\/?p=8567"},"modified":"2024-07-31T11:24:10","modified_gmt":"2024-07-31T14:24:10","slug":"1-de-agosto-ofrenda-a-la-madre-tierra","status":"publish","type":"post","link":"https:\/\/nahuelproducciones.com.ar\/radioquijano\/1-de-agosto-ofrenda-a-la-madre-tierra\/","title":{"rendered":"1 de Agosto: Ofrenda a la Madre Tierra.\u00a0"},"content":{"rendered":"\n<p>Cada 1 de agosto, los\u00a0pueblos andinos\u00a0de Am\u00e9rica del Sur celebran el D\u00eda de la Pachamama o\u00a0Madre Tierra\u00a0para dar las gracias por el buen tiempo, la abundancia, los animales y la cosecha.<\/p>\n\n\n\n<p>\u00a0Como cada a\u00f1o, realizaremos el tradicional convite en la plaza Mart\u00edn Fierro a partir de las 9.00 horas dijo el Director de Casa de la Cultura , Profesor Javier Gonz\u00e1lez , en comunicaci\u00f3n con RQ99.9Mhz. <\/p>\n\n\n\n<p>Esta ceremonia se enriquece con el legado ancestral con la gratitud de la comunidad, por todo lo que ella transmite y conserva de generaci\u00f3n en generaci\u00f3n.<\/p>\n\n\n\n<p>\u00abKusilla, kusilla, Pachamama\u00bb<\/p>\n\n\n\n<p>Escucha la entrevista en donde se hablan tambi\u00e9n otros temas:<\/p>\n\n\n\n<figure class=\"wp-block-audio\"><audio controls src=\"https:\/\/nahuelproducciones.com.ar\/radioquijano\/wp-content\/uploads\/2024\/07\/29-07-2024-PROF.-JAVIER-GONZALES-DIRECTOR-DE-CULTUTA-TEMA-CONDOR-Y-PACHAMAMA.mp3\"><\/audio><\/figure>\n","protected":false},"excerpt":{"rendered":"<p>Cada 1 de agosto, los\u00a0pueblos andinos\u00a0de Am\u00e9rica del Sur celebran el D\u00eda de la Pachamama o\u00a0Madre Tierra\u00a0para dar las gracias por el buen tiempo, la abundancia, los animales y la cosecha. \u00a0Como cada a\u00f1o, realizaremos el tradicional convite en la plaza Mart\u00edn Fierro a partir de las 9.00 horas dijo el Director de Casa de [&hellip;]<\/p>\n","protected":false},"author":8,"featured_media":8569,"comment_status":"open","ping_status":"open","sticky":false,"template":"","format":"standard","meta":{"_monsterinsights_skip_tracking":false,"_monsterinsights_sitenote_active":false,"_monsterinsights_sitenote_note":"","_monsterinsights_sitenote_category":0,"footnotes":""},"categories":[2,16],"tags":[1447,100],"class_list":["post-8567","post","type-post","status-publish","format-standard","has-post-thumbnail","hentry","category-cultura","category-noticias","tag-director-de-cultura-del-municipio-de-campo-quijano","tag-municipio-de-campo-quijano"],"yoast_head":"<!-- This site is optimized with the Yoast SEO plugin v20.8 - https:\/\/yoast.com\/wordpress\/plugins\/seo\/ -->\n<title>1 de Agosto: Ofrenda a la Madre Tierra.\u00a0 - RQ 99.9<\/title>\n<meta name=\"description\" content=\"&quot;Kusilla, kusilla, Pachamama&quot;\" \/>\n<meta name=\"robots\" content=\"index, follow, max-snippet:-1, max-image-preview:large, max-video-preview:-1\" \/>\n<link rel=\"canonical\" href=\"https:\/\/nahuelproducciones.com.ar\/radioquijano\/1-de-agosto-ofrenda-a-la-madre-tierra\/\" \/>\n<meta property=\"og:locale\" content=\"es_ES\" \/>\n<meta property=\"og:type\" content=\"article\" \/>\n<meta property=\"og:title\" content=\"1 de Agosto: Ofrenda a la Madre Tierra.\u00a0 - RQ 99.9\" \/>\n<meta property=\"og:description\" content=\"&quot;Kusilla, kusilla, Pachamama&quot;\" \/>\n<meta property=\"og:url\" content=\"https:\/\/nahuelproducciones.com.ar\/radioquijano\/1-de-agosto-ofrenda-a-la-madre-tierra\/\" \/>\n<meta property=\"og:site_name\" content=\"RQ 99.9\" \/>\n<meta property=\"article:publisher\" content=\"https:\/\/www.facebook.com\/nahuelproducciones999\/\" \/>\n<meta property=\"article:published_time\" content=\"2024-07-31T14:24:09+00:00\" \/>\n<meta property=\"article:modified_time\" content=\"2024-07-31T14:24:10+00:00\" \/>\n<meta property=\"og:image\" content=\"https:\/\/nahuelproducciones.com.ar\/radioquijano\/wp-content\/uploads\/2024\/07\/453235797_897154615774283_8349408507946722442_n-e1722435812651.jpg\" \/>\n\t<meta property=\"og:image:width\" content=\"700\" \/>\n\t<meta property=\"og:image:height\" content=\"701\" \/>\n\t<meta property=\"og:image:type\" content=\"image\/jpeg\" \/>\n<meta name=\"author\" content=\"Cecilia Pastrana\" \/>\n<meta name=\"twitter:card\" content=\"summary_large_image\" \/>\n<meta name=\"twitter:creator\" content=\"@nahuproduciones\" \/>\n<meta name=\"twitter:site\" content=\"@nahuproduciones\" \/>\n<meta name=\"twitter:label1\" content=\"Escrito por\" \/>\n\t<meta name=\"twitter:data1\" content=\"Cecilia Pastrana\" \/>\n\t<meta name=\"twitter:label2\" content=\"Tiempo de lectura\" \/>\n\t<meta name=\"twitter:data2\" content=\"1 minuto\" \/>\n<script type=\"application\/ld+json\" class=\"yoast-schema-graph\">{\"@context\":\"https:\/\/schema.org\",\"@graph\":[{\"@type\":\"WebPage\",\"@id\":\"https:\/\/nahuelproducciones.com.ar\/radioquijano\/1-de-agosto-ofrenda-a-la-madre-tierra\/\",\"url\":\"https:\/\/nahuelproducciones.com.ar\/radioquijano\/1-de-agosto-ofrenda-a-la-madre-tierra\/\",\"name\":\"1 de Agosto: Ofrenda a la Madre Tierra.\u00a0 - RQ 99.9\",\"isPartOf\":{\"@id\":\"https:\/\/nahuelproducciones.com.ar\/radioquijano\/#website\"},\"datePublished\":\"2024-07-31T14:24:09+00:00\",\"dateModified\":\"2024-07-31T14:24:10+00:00\",\"author\":{\"@id\":\"https:\/\/nahuelproducciones.com.ar\/radioquijano\/#\/schema\/person\/e8a4f939e2cb487fe6d0c54042c9d32c\"},\"description\":\"\\\"Kusilla, kusilla, Pachamama\\\"\",\"breadcrumb\":{\"@id\":\"https:\/\/nahuelproducciones.com.ar\/radioquijano\/1-de-agosto-ofrenda-a-la-madre-tierra\/#breadcrumb\"},\"inLanguage\":\"es\",\"potentialAction\":[{\"@type\":\"ReadAction\",\"target\":[\"https:\/\/nahuelproducciones.com.ar\/radioquijano\/1-de-agosto-ofrenda-a-la-madre-tierra\/\"]}]},{\"@type\":\"BreadcrumbList\",\"@id\":\"https:\/\/nahuelproducciones.com.ar\/radioquijano\/1-de-agosto-ofrenda-a-la-madre-tierra\/#breadcrumb\",\"itemListElement\":[{\"@type\":\"ListItem\",\"position\":1,\"name\":\"Portada\",\"item\":\"https:\/\/nahuelproducciones.com.ar\/radioquijano\/\"},{\"@type\":\"ListItem\",\"position\":2,\"name\":\"1 de Agosto: Ofrenda a la Madre Tierra.\u00a0\"}]},{\"@type\":\"WebSite\",\"@id\":\"https:\/\/nahuelproducciones.com.ar\/radioquijano\/#website\",\"url\":\"https:\/\/nahuelproducciones.com.ar\/radioquijano\/\",\"name\":\"RQ 99.9\",\"description\":\"Radio Quijano 99.9 MHz\",\"potentialAction\":[{\"@type\":\"SearchAction\",\"target\":{\"@type\":\"EntryPoint\",\"urlTemplate\":\"https:\/\/nahuelproducciones.com.ar\/radioquijano\/?s={search_term_string}\"},\"query-input\":\"required name=search_term_string\"}],\"inLanguage\":\"es\"},{\"@type\":\"Person\",\"@id\":\"https:\/\/nahuelproducciones.com.ar\/radioquijano\/#\/schema\/person\/e8a4f939e2cb487fe6d0c54042c9d32c\",\"name\":\"Cecilia Pastrana\",\"image\":{\"@type\":\"ImageObject\",\"inLanguage\":\"es\",\"@id\":\"https:\/\/nahuelproducciones.com.ar\/radioquijano\/#\/schema\/person\/image\/\",\"url\":\"https:\/\/secure.gravatar.com\/avatar\/661a3ef63a8488d4f2794ed44af8cf71420f7e106f3072c40125114df5157749?s=96&d=mm&r=g\",\"contentUrl\":\"https:\/\/secure.gravatar.com\/avatar\/661a3ef63a8488d4f2794ed44af8cf71420f7e106f3072c40125114df5157749?s=96&d=mm&r=g\",\"caption\":\"Cecilia Pastrana\"},\"sameAs\":[\"cecy\"],\"url\":\"https:\/\/nahuelproducciones.com.ar\/radioquijano\/author\/cecy\/\"}]}<\/script>\n<!-- \/ Yoast SEO plugin. -->","yoast_head_json":{"title":"1 de Agosto: Ofrenda a la Madre Tierra.\u00a0 - RQ 99.9","description":"\"Kusilla, kusilla, Pachamama\"","robots":{"index":"index","follow":"follow","max-snippet":"max-snippet:-1","max-image-preview":"max-image-preview:large","max-video-preview":"max-video-preview:-1"},"canonical":"https:\/\/nahuelproducciones.com.ar\/radioquijano\/1-de-agosto-ofrenda-a-la-madre-tierra\/","og_locale":"es_ES","og_type":"article","og_title":"1 de Agosto: Ofrenda a la Madre Tierra.\u00a0 - RQ 99.9","og_description":"\"Kusilla, kusilla, Pachamama\"","og_url":"https:\/\/nahuelproducciones.com.ar\/radioquijano\/1-de-agosto-ofrenda-a-la-madre-tierra\/","og_site_name":"RQ 99.9","article_publisher":"https:\/\/www.facebook.com\/nahuelproducciones999\/","article_published_time":"2024-07-31T14:24:09+00:00","article_modified_time":"2024-07-31T14:24:10+00:00","og_image":[{"width":700,"height":701,"url":"https:\/\/nahuelproducciones.com.ar\/radioquijano\/wp-content\/uploads\/2024\/07\/453235797_897154615774283_8349408507946722442_n-e1722435812651.jpg","type":"image\/jpeg"}],"author":"Cecilia Pastrana","twitter_card":"summary_large_image","twitter_creator":"@nahuproduciones","twitter_site":"@nahuproduciones","twitter_misc":{"Escrito por":"Cecilia Pastrana","Tiempo de lectura":"1 minuto"},"schema":{"@context":"https:\/\/schema.org","@graph":[{"@type":"WebPage","@id":"https:\/\/nahuelproducciones.com.ar\/radioquijano\/1-de-agosto-ofrenda-a-la-madre-tierra\/","url":"https:\/\/nahuelproducciones.com.ar\/radioquijano\/1-de-agosto-ofrenda-a-la-madre-tierra\/","name":"1 de Agosto: Ofrenda a la Madre Tierra.\u00a0 - RQ 99.9","isPartOf":{"@id":"https:\/\/nahuelproducciones.com.ar\/radioquijano\/#website"},"datePublished":"2024-07-31T14:24:09+00:00","dateModified":"2024-07-31T14:24:10+00:00","author":{"@id":"https:\/\/nahuelproducciones.com.ar\/radioquijano\/#\/schema\/person\/e8a4f939e2cb487fe6d0c54042c9d32c"},"description":"\"Kusilla, kusilla, Pachamama\"","breadcrumb":{"@id":"https:\/\/nahuelproducciones.com.ar\/radioquijano\/1-de-agosto-ofrenda-a-la-madre-tierra\/#breadcrumb"},"inLanguage":"es","potentialAction":[{"@type":"ReadAction","target":["https:\/\/nahuelproducciones.com.ar\/radioquijano\/1-de-agosto-ofrenda-a-la-madre-tierra\/"]}]},{"@type":"BreadcrumbList","@id":"https:\/\/nahuelproducciones.com.ar\/radioquijano\/1-de-agosto-ofrenda-a-la-madre-tierra\/#breadcrumb","itemListElement":[{"@type":"ListItem","position":1,"name":"Portada","item":"https:\/\/nahuelproducciones.com.ar\/radioquijano\/"},{"@type":"ListItem","position":2,"name":"1 de Agosto: Ofrenda a la Madre Tierra.\u00a0"}]},{"@type":"WebSite","@id":"https:\/\/nahuelproducciones.com.ar\/radioquijano\/#website","url":"https:\/\/nahuelproducciones.com.ar\/radioquijano\/","name":"RQ 99.9","description":"Radio Quijano 99.9 MHz","potentialAction":[{"@type":"SearchAction","target":{"@type":"EntryPoint","urlTemplate":"https:\/\/nahuelproducciones.com.ar\/radioquijano\/?s={search_term_string}"},"query-input":"required name=search_term_string"}],"inLanguage":"es"},{"@type":"Person","@id":"https:\/\/nahuelproducciones.com.ar\/radioquijano\/#\/schema\/person\/e8a4f939e2cb487fe6d0c54042c9d32c","name":"Cecilia Pastrana","image":{"@type":"ImageObject","inLanguage":"es","@id":"https:\/\/nahuelproducciones.com.ar\/radioquijano\/#\/schema\/person\/image\/","url":"https:\/\/secure.gravatar.com\/avatar\/661a3ef63a8488d4f2794ed44af8cf71420f7e106f3072c40125114df5157749?s=96&d=mm&r=g","contentUrl":"https:\/\/secure.gravatar.com\/avatar\/661a3ef63a8488d4f2794ed44af8cf71420f7e106f3072c40125114df5157749?s=96&d=mm&r=g","caption":"Cecilia Pastrana"},"sameAs":["cecy"],"url":"https:\/\/nahuelproducciones.com.ar\/radioquijano\/author\/cecy\/"}]}},"_links":{"self":[{"href":"https:\/\/nahuelproducciones.com.ar\/radioquijano\/wp-json\/wp\/v2\/posts\/8567","targetHints":{"allow":["GET"]}}],"collection":[{"href":"https:\/\/nahuelproducciones.com.ar\/radioquijano\/wp-json\/wp\/v2\/posts"}],"about":[{"href":"https:\/\/nahuelproducciones.com.ar\/radioquijano\/wp-json\/wp\/v2\/types\/post"}],"author":[{"embeddable":true,"href":"https:\/\/nahuelproducciones.com.ar\/radioquijano\/wp-json\/wp\/v2\/users\/8"}],"replies":[{"embeddable":true,"href":"https:\/\/nahuelproducciones.com.ar\/radioquijano\/wp-json\/wp\/v2\/comments?post=8567"}],"version-history":[{"count":1,"href":"https:\/\/nahuelproducciones.com.ar\/radioquijano\/wp-json\/wp\/v2\/posts\/8567\/revisions"}],"predecessor-version":[{"id":8570,"href":"https:\/\/nahuelproducciones.com.ar\/radioquijano\/wp-json\/wp\/v2\/posts\/8567\/revisions\/8570"}],"wp:featuredmedia":[{"embeddable":true,"href":"https:\/\/nahuelproducciones.com.ar\/radioquijano\/wp-json\/wp\/v2\/media\/8569"}],"wp:attachment":[{"href":"https:\/\/nahuelproducciones.com.ar\/radioquijano\/wp-json\/wp\/v2\/media?parent=8567"}],"wp:term":[{"taxonomy":"category","embeddable":true,"href":"https:\/\/nahuelproducciones.com.ar\/radioquijano\/wp-json\/wp\/v2\/categories?post=8567"},{"taxonomy":"post_tag","embeddable":true,"href":"https:\/\/nahuelproducciones.com.ar\/radioquijano\/wp-json\/wp\/v2\/tags?post=8567"}],"curies":[{"name":"wp","href":"https:\/\/api.w.org\/{rel}","templated":true}]}}