{"id":8582,"date":"2024-08-04T00:17:39","date_gmt":"2024-08-04T03:17:39","guid":{"rendered":"https:\/\/nahuelproducciones.com.ar\/radioquijano\/?p=8582"},"modified":"2024-08-04T00:17:40","modified_gmt":"2024-08-04T03:17:40","slug":"en-campo-quijano-el-gobierno-asistira-a-personas-que-atraviesan-situaciones-de-violencia-por-motivos-de-genero","status":"publish","type":"post","link":"https:\/\/nahuelproducciones.com.ar\/radioquijano\/en-campo-quijano-el-gobierno-asistira-a-personas-que-atraviesan-situaciones-de-violencia-por-motivos-de-genero\/","title":{"rendered":"En Campo Quijano, el Gobierno asistir\u00e1 a personas que atraviesan situaciones de violencia por motivos de g\u00e9nero."},"content":{"rendered":"\n<p>La Secretar\u00eda de las Mujeres, G\u00e9neros y Diversidad, en coordinaci\u00f3n con la Oficina de la Mujer y Diversidad de G\u00e9nero de Campo Quijano, asesorar\u00e1 en ese municipio a personas que atraviesan situaciones de violencia por motivos de g\u00e9nero. El encuentro ser\u00e1 el mi\u00e9rcoles 14 de agosto, de 9 a 13, en la Casa de la Cultura, ubicada en calle 9 de Julio 499, y en el marco del programa \u201c\u00a1Aqu\u00ed, para vos!\u201d.&nbsp;<\/p>\n\n\n\n<p>La iniciativa, lanzada en febrero de este a\u00f1o, se lleva adelante permanentemente en los barrios Limache, San Benito, Casta\u00f1ares, y San Lorenzo-Atocha, y de forma itinerante en distintos municipios; en cada uno de los dispositivos de atenci\u00f3n se encuentra un equipo interdisciplinario que, junto a la operadora sociocomunitaria de la zona, brinda escucha, asesoramiento y acompa\u00f1amiento.<\/p>\n\n\n\n<p>Funciona los lunes en el CIC de Limache, de 9 a 13; los mi\u00e9rcoles en la Iglesia Eterna Roca Evang\u00e9lica, de 15 a 18; los jueves en San Lorenzo-Atocha, de 9 a 13; y en el CIC de San Benito, de 15 a 18. Y se present\u00f3 en San Ram\u00f3n de la Nueva Or\u00e1n, General G\u00fcemes, Rosario de la Frontera, San Jos\u00e9 de los Cerrillos, Aguaray, Rosario de Lerma, La Merced, y Cafayate.&nbsp;<\/p>\n\n\n\n<p>En la oportunidad, se ofrecer\u00e1n tambi\u00e9n charlas sobre cuota alimentaria y violencia econ\u00f3mica a vecinas que tengan dudas y consultas al respecto, y acerca de crianzas respetuosas sin violencia destinada a aquellas y aquellos que tengan tareas de cuidado a su cargo y que hayan atravesado violencia.<\/p>\n\n\n\n<hr class=\"wp-block-separator has-alpha-channel-opacity\"\/>\n\n\n\n<p>Fuente:&nbsp;<strong>Secretaria de Prensa y Comunicaci\u00f3n<\/strong><\/p>\n","protected":false},"excerpt":{"rendered":"<p>La Secretar\u00eda de las Mujeres, G\u00e9neros y Diversidad, en coordinaci\u00f3n con la Oficina de la Mujer y Diversidad de G\u00e9nero de Campo Quijano, asesorar\u00e1 en ese municipio a personas que atraviesan situaciones de violencia por motivos de g\u00e9nero. El encuentro ser\u00e1 el mi\u00e9rcoles 14 de agosto, de 9 a 13, en la Casa de la [&hellip;]<\/p>\n","protected":false},"author":8,"featured_media":8583,"comment_status":"open","ping_status":"open","sticky":false,"template":"","format":"standard","meta":{"_monsterinsights_skip_tracking":false,"_monsterinsights_sitenote_active":false,"_monsterinsights_sitenote_note":"","_monsterinsights_sitenote_category":0,"footnotes":""},"categories":[16],"tags":[100,1603],"class_list":["post-8582","post","type-post","status-publish","format-standard","has-post-thumbnail","hentry","category-noticias","tag-municipio-de-campo-quijano","tag-oficina-de-la-mujer-y-diversidad-de-genero-de-campo-quijano"],"yoast_head":"<!-- This site is optimized with the Yoast SEO plugin v20.8 - https:\/\/yoast.com\/wordpress\/plugins\/seo\/ -->\n<title>En Campo Quijano, el Gobierno asistir\u00e1 a personas que atraviesan situaciones de violencia por motivos de g\u00e9nero. - RQ 99.9<\/title>\n<meta name=\"description\" content=\"Ser\u00e1 el mi\u00e9rcoles 14 de agosto, de 9 a 13, en la Casa de la Cultura, y en el marco del programa \u201c\u00a1Aqu\u00ed, para vos!\u201d, que lleva adelante la Secretar\u00eda de las Mujeres, G\u00e9neros y Diversidad.\" \/>\n<meta name=\"robots\" content=\"index, follow, max-snippet:-1, max-image-preview:large, max-video-preview:-1\" \/>\n<link rel=\"canonical\" href=\"https:\/\/nahuelproducciones.com.ar\/radioquijano\/en-campo-quijano-el-gobierno-asistira-a-personas-que-atraviesan-situaciones-de-violencia-por-motivos-de-genero\/\" \/>\n<meta property=\"og:locale\" content=\"es_ES\" \/>\n<meta property=\"og:type\" content=\"article\" \/>\n<meta property=\"og:title\" content=\"En Campo Quijano, el Gobierno asistir\u00e1 a personas que atraviesan situaciones de violencia por motivos de g\u00e9nero. - RQ 99.9\" \/>\n<meta property=\"og:description\" content=\"Ser\u00e1 el mi\u00e9rcoles 14 de agosto, de 9 a 13, en la Casa de la Cultura, y en el marco del programa \u201c\u00a1Aqu\u00ed, para vos!\u201d, que lleva adelante la Secretar\u00eda de las Mujeres, G\u00e9neros y Diversidad.\" \/>\n<meta property=\"og:url\" content=\"https:\/\/nahuelproducciones.com.ar\/radioquijano\/en-campo-quijano-el-gobierno-asistira-a-personas-que-atraviesan-situaciones-de-violencia-por-motivos-de-genero\/\" \/>\n<meta property=\"og:site_name\" content=\"RQ 99.9\" \/>\n<meta property=\"article:publisher\" content=\"https:\/\/www.facebook.com\/nahuelproducciones999\/\" \/>\n<meta property=\"article:published_time\" content=\"2024-08-04T03:17:39+00:00\" \/>\n<meta property=\"article:modified_time\" content=\"2024-08-04T03:17:40+00:00\" \/>\n<meta property=\"og:image\" content=\"https:\/\/nahuelproducciones.com.ar\/radioquijano\/wp-content\/uploads\/2024\/08\/96988-en-campo-quijano-el-gobierno-asistira-a-personas-que-atraviesan-situaciones-de-violencia-por-motivos-de-genero-e1722741453906.jpeg\" \/>\n\t<meta property=\"og:image:width\" content=\"700\" \/>\n\t<meta property=\"og:image:height\" content=\"394\" \/>\n\t<meta property=\"og:image:type\" content=\"image\/jpeg\" \/>\n<meta name=\"author\" content=\"Cecilia Pastrana\" \/>\n<meta name=\"twitter:card\" content=\"summary_large_image\" \/>\n<meta name=\"twitter:creator\" content=\"@nahuproduciones\" \/>\n<meta name=\"twitter:site\" content=\"@nahuproduciones\" \/>\n<meta name=\"twitter:label1\" content=\"Escrito por\" \/>\n\t<meta name=\"twitter:data1\" content=\"Cecilia Pastrana\" \/>\n\t<meta name=\"twitter:label2\" content=\"Tiempo de lectura\" \/>\n\t<meta name=\"twitter:data2\" content=\"2 minutos\" \/>\n<script type=\"application\/ld+json\" class=\"yoast-schema-graph\">{\"@context\":\"https:\/\/schema.org\",\"@graph\":[{\"@type\":\"WebPage\",\"@id\":\"https:\/\/nahuelproducciones.com.ar\/radioquijano\/en-campo-quijano-el-gobierno-asistira-a-personas-que-atraviesan-situaciones-de-violencia-por-motivos-de-genero\/\",\"url\":\"https:\/\/nahuelproducciones.com.ar\/radioquijano\/en-campo-quijano-el-gobierno-asistira-a-personas-que-atraviesan-situaciones-de-violencia-por-motivos-de-genero\/\",\"name\":\"En Campo Quijano, el Gobierno asistir\u00e1 a personas que atraviesan situaciones de violencia por motivos de g\u00e9nero. - RQ 99.9\",\"isPartOf\":{\"@id\":\"https:\/\/nahuelproducciones.com.ar\/radioquijano\/#website\"},\"datePublished\":\"2024-08-04T03:17:39+00:00\",\"dateModified\":\"2024-08-04T03:17:40+00:00\",\"author\":{\"@id\":\"https:\/\/nahuelproducciones.com.ar\/radioquijano\/#\/schema\/person\/e8a4f939e2cb487fe6d0c54042c9d32c\"},\"description\":\"Ser\u00e1 el mi\u00e9rcoles 14 de agosto, de 9 a 13, en la Casa de la Cultura, y en el marco del programa \u201c\u00a1Aqu\u00ed, para vos!\u201d, que lleva adelante la Secretar\u00eda de las Mujeres, G\u00e9neros y Diversidad.\",\"breadcrumb\":{\"@id\":\"https:\/\/nahuelproducciones.com.ar\/radioquijano\/en-campo-quijano-el-gobierno-asistira-a-personas-que-atraviesan-situaciones-de-violencia-por-motivos-de-genero\/#breadcrumb\"},\"inLanguage\":\"es\",\"potentialAction\":[{\"@type\":\"ReadAction\",\"target\":[\"https:\/\/nahuelproducciones.com.ar\/radioquijano\/en-campo-quijano-el-gobierno-asistira-a-personas-que-atraviesan-situaciones-de-violencia-por-motivos-de-genero\/\"]}]},{\"@type\":\"BreadcrumbList\",\"@id\":\"https:\/\/nahuelproducciones.com.ar\/radioquijano\/en-campo-quijano-el-gobierno-asistira-a-personas-que-atraviesan-situaciones-de-violencia-por-motivos-de-genero\/#breadcrumb\",\"itemListElement\":[{\"@type\":\"ListItem\",\"position\":1,\"name\":\"Portada\",\"item\":\"https:\/\/nahuelproducciones.com.ar\/radioquijano\/\"},{\"@type\":\"ListItem\",\"position\":2,\"name\":\"En Campo Quijano, el Gobierno asistir\u00e1 a personas que atraviesan situaciones de violencia por motivos de g\u00e9nero.\"}]},{\"@type\":\"WebSite\",\"@id\":\"https:\/\/nahuelproducciones.com.ar\/radioquijano\/#website\",\"url\":\"https:\/\/nahuelproducciones.com.ar\/radioquijano\/\",\"name\":\"RQ 99.9\",\"description\":\"Radio Quijano 99.9 MHz\",\"potentialAction\":[{\"@type\":\"SearchAction\",\"target\":{\"@type\":\"EntryPoint\",\"urlTemplate\":\"https:\/\/nahuelproducciones.com.ar\/radioquijano\/?s={search_term_string}\"},\"query-input\":\"required name=search_term_string\"}],\"inLanguage\":\"es\"},{\"@type\":\"Person\",\"@id\":\"https:\/\/nahuelproducciones.com.ar\/radioquijano\/#\/schema\/person\/e8a4f939e2cb487fe6d0c54042c9d32c\",\"name\":\"Cecilia Pastrana\",\"image\":{\"@type\":\"ImageObject\",\"inLanguage\":\"es\",\"@id\":\"https:\/\/nahuelproducciones.com.ar\/radioquijano\/#\/schema\/person\/image\/\",\"url\":\"https:\/\/secure.gravatar.com\/avatar\/661a3ef63a8488d4f2794ed44af8cf71420f7e106f3072c40125114df5157749?s=96&d=mm&r=g\",\"contentUrl\":\"https:\/\/secure.gravatar.com\/avatar\/661a3ef63a8488d4f2794ed44af8cf71420f7e106f3072c40125114df5157749?s=96&d=mm&r=g\",\"caption\":\"Cecilia Pastrana\"},\"sameAs\":[\"cecy\"],\"url\":\"https:\/\/nahuelproducciones.com.ar\/radioquijano\/author\/cecy\/\"}]}<\/script>\n<!-- \/ Yoast SEO plugin. -->","yoast_head_json":{"title":"En Campo Quijano, el Gobierno asistir\u00e1 a personas que atraviesan situaciones de violencia por motivos de g\u00e9nero. - RQ 99.9","description":"Ser\u00e1 el mi\u00e9rcoles 14 de agosto, de 9 a 13, en la Casa de la Cultura, y en el marco del programa \u201c\u00a1Aqu\u00ed, para vos!\u201d, que lleva adelante la Secretar\u00eda de las Mujeres, G\u00e9neros y Diversidad.","robots":{"index":"index","follow":"follow","max-snippet":"max-snippet:-1","max-image-preview":"max-image-preview:large","max-video-preview":"max-video-preview:-1"},"canonical":"https:\/\/nahuelproducciones.com.ar\/radioquijano\/en-campo-quijano-el-gobierno-asistira-a-personas-que-atraviesan-situaciones-de-violencia-por-motivos-de-genero\/","og_locale":"es_ES","og_type":"article","og_title":"En Campo Quijano, el Gobierno asistir\u00e1 a personas que atraviesan situaciones de violencia por motivos de g\u00e9nero. - RQ 99.9","og_description":"Ser\u00e1 el mi\u00e9rcoles 14 de agosto, de 9 a 13, en la Casa de la Cultura, y en el marco del programa \u201c\u00a1Aqu\u00ed, para vos!\u201d, que lleva adelante la Secretar\u00eda de las Mujeres, G\u00e9neros y Diversidad.","og_url":"https:\/\/nahuelproducciones.com.ar\/radioquijano\/en-campo-quijano-el-gobierno-asistira-a-personas-que-atraviesan-situaciones-de-violencia-por-motivos-de-genero\/","og_site_name":"RQ 99.9","article_publisher":"https:\/\/www.facebook.com\/nahuelproducciones999\/","article_published_time":"2024-08-04T03:17:39+00:00","article_modified_time":"2024-08-04T03:17:40+00:00","og_image":[{"width":700,"height":394,"url":"https:\/\/nahuelproducciones.com.ar\/radioquijano\/wp-content\/uploads\/2024\/08\/96988-en-campo-quijano-el-gobierno-asistira-a-personas-que-atraviesan-situaciones-de-violencia-por-motivos-de-genero-e1722741453906.jpeg","type":"image\/jpeg"}],"author":"Cecilia Pastrana","twitter_card":"summary_large_image","twitter_creator":"@nahuproduciones","twitter_site":"@nahuproduciones","twitter_misc":{"Escrito por":"Cecilia Pastrana","Tiempo de lectura":"2 minutos"},"schema":{"@context":"https:\/\/schema.org","@graph":[{"@type":"WebPage","@id":"https:\/\/nahuelproducciones.com.ar\/radioquijano\/en-campo-quijano-el-gobierno-asistira-a-personas-que-atraviesan-situaciones-de-violencia-por-motivos-de-genero\/","url":"https:\/\/nahuelproducciones.com.ar\/radioquijano\/en-campo-quijano-el-gobierno-asistira-a-personas-que-atraviesan-situaciones-de-violencia-por-motivos-de-genero\/","name":"En Campo Quijano, el Gobierno asistir\u00e1 a personas que atraviesan situaciones de violencia por motivos de g\u00e9nero. - RQ 99.9","isPartOf":{"@id":"https:\/\/nahuelproducciones.com.ar\/radioquijano\/#website"},"datePublished":"2024-08-04T03:17:39+00:00","dateModified":"2024-08-04T03:17:40+00:00","author":{"@id":"https:\/\/nahuelproducciones.com.ar\/radioquijano\/#\/schema\/person\/e8a4f939e2cb487fe6d0c54042c9d32c"},"description":"Ser\u00e1 el mi\u00e9rcoles 14 de agosto, de 9 a 13, en la Casa de la Cultura, y en el marco del programa \u201c\u00a1Aqu\u00ed, para vos!\u201d, que lleva adelante la Secretar\u00eda de las Mujeres, G\u00e9neros y Diversidad.","breadcrumb":{"@id":"https:\/\/nahuelproducciones.com.ar\/radioquijano\/en-campo-quijano-el-gobierno-asistira-a-personas-que-atraviesan-situaciones-de-violencia-por-motivos-de-genero\/#breadcrumb"},"inLanguage":"es","potentialAction":[{"@type":"ReadAction","target":["https:\/\/nahuelproducciones.com.ar\/radioquijano\/en-campo-quijano-el-gobierno-asistira-a-personas-que-atraviesan-situaciones-de-violencia-por-motivos-de-genero\/"]}]},{"@type":"BreadcrumbList","@id":"https:\/\/nahuelproducciones.com.ar\/radioquijano\/en-campo-quijano-el-gobierno-asistira-a-personas-que-atraviesan-situaciones-de-violencia-por-motivos-de-genero\/#breadcrumb","itemListElement":[{"@type":"ListItem","position":1,"name":"Portada","item":"https:\/\/nahuelproducciones.com.ar\/radioquijano\/"},{"@type":"ListItem","position":2,"name":"En Campo Quijano, el Gobierno asistir\u00e1 a personas que atraviesan situaciones de violencia por motivos de g\u00e9nero."}]},{"@type":"WebSite","@id":"https:\/\/nahuelproducciones.com.ar\/radioquijano\/#website","url":"https:\/\/nahuelproducciones.com.ar\/radioquijano\/","name":"RQ 99.9","description":"Radio Quijano 99.9 MHz","potentialAction":[{"@type":"SearchAction","target":{"@type":"EntryPoint","urlTemplate":"https:\/\/nahuelproducciones.com.ar\/radioquijano\/?s={search_term_string}"},"query-input":"required name=search_term_string"}],"inLanguage":"es"},{"@type":"Person","@id":"https:\/\/nahuelproducciones.com.ar\/radioquijano\/#\/schema\/person\/e8a4f939e2cb487fe6d0c54042c9d32c","name":"Cecilia Pastrana","image":{"@type":"ImageObject","inLanguage":"es","@id":"https:\/\/nahuelproducciones.com.ar\/radioquijano\/#\/schema\/person\/image\/","url":"https:\/\/secure.gravatar.com\/avatar\/661a3ef63a8488d4f2794ed44af8cf71420f7e106f3072c40125114df5157749?s=96&d=mm&r=g","contentUrl":"https:\/\/secure.gravatar.com\/avatar\/661a3ef63a8488d4f2794ed44af8cf71420f7e106f3072c40125114df5157749?s=96&d=mm&r=g","caption":"Cecilia Pastrana"},"sameAs":["cecy"],"url":"https:\/\/nahuelproducciones.com.ar\/radioquijano\/author\/cecy\/"}]}},"_links":{"self":[{"href":"https:\/\/nahuelproducciones.com.ar\/radioquijano\/wp-json\/wp\/v2\/posts\/8582","targetHints":{"allow":["GET"]}}],"collection":[{"href":"https:\/\/nahuelproducciones.com.ar\/radioquijano\/wp-json\/wp\/v2\/posts"}],"about":[{"href":"https:\/\/nahuelproducciones.com.ar\/radioquijano\/wp-json\/wp\/v2\/types\/post"}],"author":[{"embeddable":true,"href":"https:\/\/nahuelproducciones.com.ar\/radioquijano\/wp-json\/wp\/v2\/users\/8"}],"replies":[{"embeddable":true,"href":"https:\/\/nahuelproducciones.com.ar\/radioquijano\/wp-json\/wp\/v2\/comments?post=8582"}],"version-history":[{"count":1,"href":"https:\/\/nahuelproducciones.com.ar\/radioquijano\/wp-json\/wp\/v2\/posts\/8582\/revisions"}],"predecessor-version":[{"id":8584,"href":"https:\/\/nahuelproducciones.com.ar\/radioquijano\/wp-json\/wp\/v2\/posts\/8582\/revisions\/8584"}],"wp:featuredmedia":[{"embeddable":true,"href":"https:\/\/nahuelproducciones.com.ar\/radioquijano\/wp-json\/wp\/v2\/media\/8583"}],"wp:attachment":[{"href":"https:\/\/nahuelproducciones.com.ar\/radioquijano\/wp-json\/wp\/v2\/media?parent=8582"}],"wp:term":[{"taxonomy":"category","embeddable":true,"href":"https:\/\/nahuelproducciones.com.ar\/radioquijano\/wp-json\/wp\/v2\/categories?post=8582"},{"taxonomy":"post_tag","embeddable":true,"href":"https:\/\/nahuelproducciones.com.ar\/radioquijano\/wp-json\/wp\/v2\/tags?post=8582"}],"curies":[{"name":"wp","href":"https:\/\/api.w.org\/{rel}","templated":true}]}}