{"id":8588,"date":"2024-08-04T00:28:37","date_gmt":"2024-08-04T03:28:37","guid":{"rendered":"https:\/\/nahuelproducciones.com.ar\/radioquijano\/?p=8588"},"modified":"2024-08-04T00:28:39","modified_gmt":"2024-08-04T03:28:39","slug":"este-mes-continuan-las-capacitaciones-gratuitas-de-formacion-destinadas-al-sector-turistico","status":"publish","type":"post","link":"https:\/\/nahuelproducciones.com.ar\/radioquijano\/este-mes-continuan-las-capacitaciones-gratuitas-de-formacion-destinadas-al-sector-turistico\/","title":{"rendered":"Este mes contin\u00faan las capacitaciones gratuitas de formaci\u00f3n destinadas al sector tur\u00edstico."},"content":{"rendered":"\n<p>En el marco del Plan Integral de Capacitaciones Tur\u00edsticas, el Ministerio de Turismo y Deportes junto a las c\u00e1maras y sindicatos del sector brindar\u00e1n, durante el mes de agosto, capacitaciones gratuitas bajo dos modalidades:&nbsp;virtual y&nbsp;presencial.<\/p>\n\n\n\n<p>El sector p\u00fablico y privado vinculado a la actividad podr\u00e1n acceder durante el mes de agosto a los siguientes cursos gratuitos:<\/p>\n\n\n\n<p>&#8211;&nbsp;Gastronom\u00eda y Sustentabilidad, las cocinas salte\u00f1as hacia el km 0: 5 de agosto. Dictado por Olga LubeL de Fundaci\u00f3n Yac\u00f3n, destinado a emprendedores gastron\u00f3micos. Virtual.<\/p>\n\n\n\n<p>&#8211;&nbsp;Introducci\u00f3n a la Sustentabilidad en Turismo Aventura: 6, 13, 19 y 26 de agosto. Dictado por Marcelo Molinillo, destinado a gu\u00edas y prestadores de turismo aventura. Virtual.<\/p>\n\n\n\n<p>&#8211;&nbsp;El Pasado Prehisp\u00e1nico en la Quebrada de las Conchas: 7 de agosto. Dictado por la Dra. Rossana Ledesma, &nbsp;Lic. Mar\u00eda Jimena Villarroel y Lic. Rodrigo Cardozo, destinado a prestadores de turismo. Virtual.<\/p>\n\n\n\n<p>&#8211;&nbsp;Introducci\u00f3n a la Gesti\u00f3n de Proyectos Sustentables: 8 de agosto. Dictado por Ing. Gabriela L\u00f3pez, destinado a prestadores de turismo. Virtual.<\/p>\n\n\n\n<p>&#8211;&nbsp;Primeros Auxilios: 8 y 9 de agosto en Seclantas. Dictado por el Dr. Rodolfo Pastore, destinado a gu\u00edas y prestadores de turismo. Presencial.<\/p>\n\n\n\n<p>&#8211;&nbsp;Gastronom\u00eda y Sustentabilidad, &nbsp;las cocinas salte\u00f1as hacia el km 0: 12 de agosto. Dictado por Olga LubeL de Fundaci\u00f3n Yac\u00f3n, destinado a emprendedores gastron\u00f3micos. Virtual.<\/p>\n\n\n\n<p>&#8211;&nbsp;Servicio de calidad en el sal\u00f3n comedor: 14 de agosto en Cafayate. Dictado por Luis Artimes R\u00edos de CHG, destinado a prestadores gastron\u00f3micos y hoteleros.<\/p>\n\n\n\n<p>&#8211;&nbsp;Cosmovisi\u00f3n y Cosmogon\u00eda de la Cultura Andina en el NOA: 15 de agosto en Salta Capital. Dictado por Lic Katia Gibaja, destinado a gu\u00edas y prestadores de turismo. Presencial.<\/p>\n\n\n\n<p>&#8211;&nbsp;Gesti\u00f3n de Proyectos Sustentables: 15 de agosto. Dictado por Ing. Gabriela L\u00f3pez, destinado a prestadores de turismo. Virtual.<\/p>\n\n\n\n<p>&#8211;&nbsp;Primeros Auxilios: 16 de agosto en San Carlos. Dictado por el Dr. Rodolfo Pastore, destinado a gu\u00edas y prestadores de turismo. Presencial.<\/p>\n\n\n\n<p>&#8211; Gastronom\u00eda y Sustentabilidad, las cocinas salte\u00f1as hacia el km 0: 19 de agosto. Dictado por Olga LubeL de Fundaci\u00f3n Yac\u00f3n, destinado a emprendedores gastron\u00f3micos. Virtual.<\/p>\n\n\n\n<p>&#8211;&nbsp;Salta un Destino Sostenible. C\u00e1lculo de la Huella de Carbono: 21 de agosto. Dictado por Ing. Carolina Isola de FEGHRA, destinado a emprendedores hoteleros y gastron\u00f3micos. Virtual.<\/p>\n\n\n\n<p>&#8211; Gesti\u00f3n de Proyectos Sustentables: 22 de agosto. Dictado por Ing. Gabriela L\u00f3pez, destinado a prestadores de turismo. Virtual.<\/p>\n\n\n\n<p>&#8211;&nbsp;Primeros Auxilios: 23 de agosto en Salta Capital. Dictado por el Dr. Rodolfo Pastore, destinado a gu\u00edas y prestadores de turismo. Presencial.<\/p>\n\n\n\n<p>&#8211;&nbsp;Gastronom\u00eda y Sustentabilidad, las cocinas salte\u00f1as hacia el km 0: 26 de agosto. Dictado por Olga Lubel&nbsp;de Fundaci\u00f3n Yac\u00f3n, destinado a emprendedores gastron\u00f3micos. Virtual.<\/p>\n\n\n\n<p>&#8211;&nbsp;Gesti\u00f3n de Proyectos Sustentables: 29 de agosto. Dictado por Ing. Gabriela L\u00f3pez, destinado a prestadores de turismo. Virtual.<\/p>\n\n\n\n<p>Los interesados en estas actividades podr\u00e1n obtener m\u00e1s informaci\u00f3n y registrar su inscripci\u00f3n v\u00eda mail dirigi\u00e9ndose a&nbsp;capacitacion@turismosalta.gov.ar.<\/p>\n\n\n\n<hr class=\"wp-block-separator has-alpha-channel-opacity\"\/>\n\n\n\n<p>Fuente:&nbsp;<strong>Secretar\u00eda de Prensa y Comunicaci\u00f3n<\/strong><\/p>\n","protected":false},"excerpt":{"rendered":"<p>En el marco del Plan Integral de Capacitaciones Tur\u00edsticas, el Ministerio de Turismo y Deportes junto a las c\u00e1maras y sindicatos del sector brindar\u00e1n, durante el mes de agosto, capacitaciones gratuitas bajo dos modalidades:&nbsp;virtual y&nbsp;presencial. El sector p\u00fablico y privado vinculado a la actividad podr\u00e1n acceder durante el mes de agosto a los siguientes cursos [&hellip;]<\/p>\n","protected":false},"author":8,"featured_media":8589,"comment_status":"open","ping_status":"open","sticky":false,"template":"","format":"standard","meta":{"_monsterinsights_skip_tracking":false,"_monsterinsights_sitenote_active":false,"_monsterinsights_sitenote_note":"","_monsterinsights_sitenote_category":0,"footnotes":""},"categories":[16],"tags":[1604,100,1605],"class_list":["post-8588","post","type-post","status-publish","format-standard","has-post-thumbnail","hentry","category-noticias","tag-capacitaciones-gratuitas","tag-municipio-de-campo-quijano","tag-sector-turistico"],"yoast_head":"<!-- This site is optimized with the Yoast SEO plugin v20.8 - https:\/\/yoast.com\/wordpress\/plugins\/seo\/ -->\n<title>Este mes contin\u00faan las capacitaciones gratuitas de formaci\u00f3n destinadas al sector tur\u00edstico. - RQ 99.9<\/title>\n<meta name=\"description\" content=\"Con el objeto de contribuir a la formaci\u00f3n profesional de los prestadores del sector tur\u00edstico y mejorar la calidad en la prestaci\u00f3n de los servicios, durante agosto se realizar\u00e1n distintos cursos, de manera gratuita. Mayor informaci\u00f3n e inscripciones por correo electr\u00f3nico.\" \/>\n<meta name=\"robots\" content=\"index, follow, max-snippet:-1, max-image-preview:large, max-video-preview:-1\" \/>\n<link rel=\"canonical\" href=\"https:\/\/nahuelproducciones.com.ar\/radioquijano\/este-mes-continuan-las-capacitaciones-gratuitas-de-formacion-destinadas-al-sector-turistico\/\" \/>\n<meta property=\"og:locale\" content=\"es_ES\" \/>\n<meta property=\"og:type\" content=\"article\" \/>\n<meta property=\"og:title\" content=\"Este mes contin\u00faan las capacitaciones gratuitas de formaci\u00f3n destinadas al sector tur\u00edstico. - RQ 99.9\" \/>\n<meta property=\"og:description\" content=\"Con el objeto de contribuir a la formaci\u00f3n profesional de los prestadores del sector tur\u00edstico y mejorar la calidad en la prestaci\u00f3n de los servicios, durante agosto se realizar\u00e1n distintos cursos, de manera gratuita. Mayor informaci\u00f3n e inscripciones por correo electr\u00f3nico.\" \/>\n<meta property=\"og:url\" content=\"https:\/\/nahuelproducciones.com.ar\/radioquijano\/este-mes-continuan-las-capacitaciones-gratuitas-de-formacion-destinadas-al-sector-turistico\/\" \/>\n<meta property=\"og:site_name\" content=\"RQ 99.9\" \/>\n<meta property=\"article:publisher\" content=\"https:\/\/www.facebook.com\/nahuelproducciones999\/\" \/>\n<meta property=\"article:published_time\" content=\"2024-08-04T03:28:37+00:00\" \/>\n<meta property=\"article:modified_time\" content=\"2024-08-04T03:28:39+00:00\" \/>\n<meta property=\"og:image\" content=\"https:\/\/nahuelproducciones.com.ar\/radioquijano\/wp-content\/uploads\/2024\/08\/97020-este-mes-continuan-las-capacitaciones-gratuitas-de-formacion-destinadas-al-sector-turistico-e1722742105409.jpg\" \/>\n\t<meta property=\"og:image:width\" content=\"700\" \/>\n\t<meta property=\"og:image:height\" content=\"394\" \/>\n\t<meta property=\"og:image:type\" content=\"image\/jpeg\" \/>\n<meta name=\"author\" content=\"Cecilia Pastrana\" \/>\n<meta name=\"twitter:card\" content=\"summary_large_image\" \/>\n<meta name=\"twitter:creator\" content=\"@nahuproduciones\" \/>\n<meta name=\"twitter:site\" content=\"@nahuproduciones\" \/>\n<meta name=\"twitter:label1\" content=\"Escrito por\" \/>\n\t<meta name=\"twitter:data1\" content=\"Cecilia Pastrana\" \/>\n\t<meta name=\"twitter:label2\" content=\"Tiempo de lectura\" \/>\n\t<meta name=\"twitter:data2\" content=\"3 minutos\" \/>\n<script type=\"application\/ld+json\" class=\"yoast-schema-graph\">{\"@context\":\"https:\/\/schema.org\",\"@graph\":[{\"@type\":\"WebPage\",\"@id\":\"https:\/\/nahuelproducciones.com.ar\/radioquijano\/este-mes-continuan-las-capacitaciones-gratuitas-de-formacion-destinadas-al-sector-turistico\/\",\"url\":\"https:\/\/nahuelproducciones.com.ar\/radioquijano\/este-mes-continuan-las-capacitaciones-gratuitas-de-formacion-destinadas-al-sector-turistico\/\",\"name\":\"Este mes contin\u00faan las capacitaciones gratuitas de formaci\u00f3n destinadas al sector tur\u00edstico. - RQ 99.9\",\"isPartOf\":{\"@id\":\"https:\/\/nahuelproducciones.com.ar\/radioquijano\/#website\"},\"datePublished\":\"2024-08-04T03:28:37+00:00\",\"dateModified\":\"2024-08-04T03:28:39+00:00\",\"author\":{\"@id\":\"https:\/\/nahuelproducciones.com.ar\/radioquijano\/#\/schema\/person\/e8a4f939e2cb487fe6d0c54042c9d32c\"},\"description\":\"Con el objeto de contribuir a la formaci\u00f3n profesional de los prestadores del sector tur\u00edstico y mejorar la calidad en la prestaci\u00f3n de los servicios, durante agosto se realizar\u00e1n distintos cursos, de manera gratuita. Mayor informaci\u00f3n e inscripciones por correo electr\u00f3nico.\",\"breadcrumb\":{\"@id\":\"https:\/\/nahuelproducciones.com.ar\/radioquijano\/este-mes-continuan-las-capacitaciones-gratuitas-de-formacion-destinadas-al-sector-turistico\/#breadcrumb\"},\"inLanguage\":\"es\",\"potentialAction\":[{\"@type\":\"ReadAction\",\"target\":[\"https:\/\/nahuelproducciones.com.ar\/radioquijano\/este-mes-continuan-las-capacitaciones-gratuitas-de-formacion-destinadas-al-sector-turistico\/\"]}]},{\"@type\":\"BreadcrumbList\",\"@id\":\"https:\/\/nahuelproducciones.com.ar\/radioquijano\/este-mes-continuan-las-capacitaciones-gratuitas-de-formacion-destinadas-al-sector-turistico\/#breadcrumb\",\"itemListElement\":[{\"@type\":\"ListItem\",\"position\":1,\"name\":\"Portada\",\"item\":\"https:\/\/nahuelproducciones.com.ar\/radioquijano\/\"},{\"@type\":\"ListItem\",\"position\":2,\"name\":\"Este mes contin\u00faan las capacitaciones gratuitas de formaci\u00f3n destinadas al sector tur\u00edstico.\"}]},{\"@type\":\"WebSite\",\"@id\":\"https:\/\/nahuelproducciones.com.ar\/radioquijano\/#website\",\"url\":\"https:\/\/nahuelproducciones.com.ar\/radioquijano\/\",\"name\":\"RQ 99.9\",\"description\":\"Radio Quijano 99.9 MHz\",\"potentialAction\":[{\"@type\":\"SearchAction\",\"target\":{\"@type\":\"EntryPoint\",\"urlTemplate\":\"https:\/\/nahuelproducciones.com.ar\/radioquijano\/?s={search_term_string}\"},\"query-input\":\"required name=search_term_string\"}],\"inLanguage\":\"es\"},{\"@type\":\"Person\",\"@id\":\"https:\/\/nahuelproducciones.com.ar\/radioquijano\/#\/schema\/person\/e8a4f939e2cb487fe6d0c54042c9d32c\",\"name\":\"Cecilia Pastrana\",\"image\":{\"@type\":\"ImageObject\",\"inLanguage\":\"es\",\"@id\":\"https:\/\/nahuelproducciones.com.ar\/radioquijano\/#\/schema\/person\/image\/\",\"url\":\"https:\/\/secure.gravatar.com\/avatar\/661a3ef63a8488d4f2794ed44af8cf71420f7e106f3072c40125114df5157749?s=96&d=mm&r=g\",\"contentUrl\":\"https:\/\/secure.gravatar.com\/avatar\/661a3ef63a8488d4f2794ed44af8cf71420f7e106f3072c40125114df5157749?s=96&d=mm&r=g\",\"caption\":\"Cecilia Pastrana\"},\"sameAs\":[\"cecy\"],\"url\":\"https:\/\/nahuelproducciones.com.ar\/radioquijano\/author\/cecy\/\"}]}<\/script>\n<!-- \/ Yoast SEO plugin. -->","yoast_head_json":{"title":"Este mes contin\u00faan las capacitaciones gratuitas de formaci\u00f3n destinadas al sector tur\u00edstico. - RQ 99.9","description":"Con el objeto de contribuir a la formaci\u00f3n profesional de los prestadores del sector tur\u00edstico y mejorar la calidad en la prestaci\u00f3n de los servicios, durante agosto se realizar\u00e1n distintos cursos, de manera gratuita. Mayor informaci\u00f3n e inscripciones por correo electr\u00f3nico.","robots":{"index":"index","follow":"follow","max-snippet":"max-snippet:-1","max-image-preview":"max-image-preview:large","max-video-preview":"max-video-preview:-1"},"canonical":"https:\/\/nahuelproducciones.com.ar\/radioquijano\/este-mes-continuan-las-capacitaciones-gratuitas-de-formacion-destinadas-al-sector-turistico\/","og_locale":"es_ES","og_type":"article","og_title":"Este mes contin\u00faan las capacitaciones gratuitas de formaci\u00f3n destinadas al sector tur\u00edstico. - RQ 99.9","og_description":"Con el objeto de contribuir a la formaci\u00f3n profesional de los prestadores del sector tur\u00edstico y mejorar la calidad en la prestaci\u00f3n de los servicios, durante agosto se realizar\u00e1n distintos cursos, de manera gratuita. Mayor informaci\u00f3n e inscripciones por correo electr\u00f3nico.","og_url":"https:\/\/nahuelproducciones.com.ar\/radioquijano\/este-mes-continuan-las-capacitaciones-gratuitas-de-formacion-destinadas-al-sector-turistico\/","og_site_name":"RQ 99.9","article_publisher":"https:\/\/www.facebook.com\/nahuelproducciones999\/","article_published_time":"2024-08-04T03:28:37+00:00","article_modified_time":"2024-08-04T03:28:39+00:00","og_image":[{"width":700,"height":394,"url":"https:\/\/nahuelproducciones.com.ar\/radioquijano\/wp-content\/uploads\/2024\/08\/97020-este-mes-continuan-las-capacitaciones-gratuitas-de-formacion-destinadas-al-sector-turistico-e1722742105409.jpg","type":"image\/jpeg"}],"author":"Cecilia Pastrana","twitter_card":"summary_large_image","twitter_creator":"@nahuproduciones","twitter_site":"@nahuproduciones","twitter_misc":{"Escrito por":"Cecilia Pastrana","Tiempo de lectura":"3 minutos"},"schema":{"@context":"https:\/\/schema.org","@graph":[{"@type":"WebPage","@id":"https:\/\/nahuelproducciones.com.ar\/radioquijano\/este-mes-continuan-las-capacitaciones-gratuitas-de-formacion-destinadas-al-sector-turistico\/","url":"https:\/\/nahuelproducciones.com.ar\/radioquijano\/este-mes-continuan-las-capacitaciones-gratuitas-de-formacion-destinadas-al-sector-turistico\/","name":"Este mes contin\u00faan las capacitaciones gratuitas de formaci\u00f3n destinadas al sector tur\u00edstico. - RQ 99.9","isPartOf":{"@id":"https:\/\/nahuelproducciones.com.ar\/radioquijano\/#website"},"datePublished":"2024-08-04T03:28:37+00:00","dateModified":"2024-08-04T03:28:39+00:00","author":{"@id":"https:\/\/nahuelproducciones.com.ar\/radioquijano\/#\/schema\/person\/e8a4f939e2cb487fe6d0c54042c9d32c"},"description":"Con el objeto de contribuir a la formaci\u00f3n profesional de los prestadores del sector tur\u00edstico y mejorar la calidad en la prestaci\u00f3n de los servicios, durante agosto se realizar\u00e1n distintos cursos, de manera gratuita. Mayor informaci\u00f3n e inscripciones por correo electr\u00f3nico.","breadcrumb":{"@id":"https:\/\/nahuelproducciones.com.ar\/radioquijano\/este-mes-continuan-las-capacitaciones-gratuitas-de-formacion-destinadas-al-sector-turistico\/#breadcrumb"},"inLanguage":"es","potentialAction":[{"@type":"ReadAction","target":["https:\/\/nahuelproducciones.com.ar\/radioquijano\/este-mes-continuan-las-capacitaciones-gratuitas-de-formacion-destinadas-al-sector-turistico\/"]}]},{"@type":"BreadcrumbList","@id":"https:\/\/nahuelproducciones.com.ar\/radioquijano\/este-mes-continuan-las-capacitaciones-gratuitas-de-formacion-destinadas-al-sector-turistico\/#breadcrumb","itemListElement":[{"@type":"ListItem","position":1,"name":"Portada","item":"https:\/\/nahuelproducciones.com.ar\/radioquijano\/"},{"@type":"ListItem","position":2,"name":"Este mes contin\u00faan las capacitaciones gratuitas de formaci\u00f3n destinadas al sector tur\u00edstico."}]},{"@type":"WebSite","@id":"https:\/\/nahuelproducciones.com.ar\/radioquijano\/#website","url":"https:\/\/nahuelproducciones.com.ar\/radioquijano\/","name":"RQ 99.9","description":"Radio Quijano 99.9 MHz","potentialAction":[{"@type":"SearchAction","target":{"@type":"EntryPoint","urlTemplate":"https:\/\/nahuelproducciones.com.ar\/radioquijano\/?s={search_term_string}"},"query-input":"required name=search_term_string"}],"inLanguage":"es"},{"@type":"Person","@id":"https:\/\/nahuelproducciones.com.ar\/radioquijano\/#\/schema\/person\/e8a4f939e2cb487fe6d0c54042c9d32c","name":"Cecilia Pastrana","image":{"@type":"ImageObject","inLanguage":"es","@id":"https:\/\/nahuelproducciones.com.ar\/radioquijano\/#\/schema\/person\/image\/","url":"https:\/\/secure.gravatar.com\/avatar\/661a3ef63a8488d4f2794ed44af8cf71420f7e106f3072c40125114df5157749?s=96&d=mm&r=g","contentUrl":"https:\/\/secure.gravatar.com\/avatar\/661a3ef63a8488d4f2794ed44af8cf71420f7e106f3072c40125114df5157749?s=96&d=mm&r=g","caption":"Cecilia Pastrana"},"sameAs":["cecy"],"url":"https:\/\/nahuelproducciones.com.ar\/radioquijano\/author\/cecy\/"}]}},"_links":{"self":[{"href":"https:\/\/nahuelproducciones.com.ar\/radioquijano\/wp-json\/wp\/v2\/posts\/8588","targetHints":{"allow":["GET"]}}],"collection":[{"href":"https:\/\/nahuelproducciones.com.ar\/radioquijano\/wp-json\/wp\/v2\/posts"}],"about":[{"href":"https:\/\/nahuelproducciones.com.ar\/radioquijano\/wp-json\/wp\/v2\/types\/post"}],"author":[{"embeddable":true,"href":"https:\/\/nahuelproducciones.com.ar\/radioquijano\/wp-json\/wp\/v2\/users\/8"}],"replies":[{"embeddable":true,"href":"https:\/\/nahuelproducciones.com.ar\/radioquijano\/wp-json\/wp\/v2\/comments?post=8588"}],"version-history":[{"count":1,"href":"https:\/\/nahuelproducciones.com.ar\/radioquijano\/wp-json\/wp\/v2\/posts\/8588\/revisions"}],"predecessor-version":[{"id":8590,"href":"https:\/\/nahuelproducciones.com.ar\/radioquijano\/wp-json\/wp\/v2\/posts\/8588\/revisions\/8590"}],"wp:featuredmedia":[{"embeddable":true,"href":"https:\/\/nahuelproducciones.com.ar\/radioquijano\/wp-json\/wp\/v2\/media\/8589"}],"wp:attachment":[{"href":"https:\/\/nahuelproducciones.com.ar\/radioquijano\/wp-json\/wp\/v2\/media?parent=8588"}],"wp:term":[{"taxonomy":"category","embeddable":true,"href":"https:\/\/nahuelproducciones.com.ar\/radioquijano\/wp-json\/wp\/v2\/categories?post=8588"},{"taxonomy":"post_tag","embeddable":true,"href":"https:\/\/nahuelproducciones.com.ar\/radioquijano\/wp-json\/wp\/v2\/tags?post=8588"}],"curies":[{"name":"wp","href":"https:\/\/api.w.org\/{rel}","templated":true}]}}