{"id":8591,"date":"2024-08-06T08:20:22","date_gmt":"2024-08-06T11:20:22","guid":{"rendered":"https:\/\/nahuelproducciones.com.ar\/radioquijano\/?p=8591"},"modified":"2024-08-06T08:20:22","modified_gmt":"2024-08-06T11:20:22","slug":"10-de-agostocicloturismo-familiar","status":"publish","type":"post","link":"https:\/\/nahuelproducciones.com.ar\/radioquijano\/10-de-agostocicloturismo-familiar\/","title":{"rendered":"10 de agosto:Cicloturismo familiar"},"content":{"rendered":"\n<p>Este s\u00e1bado 10 de agosto, en el marco del mes de las infancias se realizar\u00e1 una jornada de Cicloturismo Familiar en el municipio de Campo Quijano.<\/p>\n\n\n\n<p>En comunicaci\u00f3n telef\u00f3nica con RQ99.9Mhz , la Directora de Inclusi\u00f3n Deportiva del municipio, Lic. Florencia Ruax\u00a0invito a todas las familias a sumarse a recorrer nuestro municipio sobre ruedas y disfrutar de un paseo en bicicleta por lugares emblem\u00e1ticos.<\/p>\n\n\n\n<p>Record\u00f3 que por los vientos fuertes del s\u00e1bado 3 de agosto se suspendieron las actividades al aire libre y reprogramaron para seguridad de los que participarian de los mismos.<\/p>\n\n\n\n<p>La concentraci\u00f3n ser\u00e1 a las 15:00 horas en la Estaci\u00f3n de Trenes de Campo Quijano.<\/p>\n\n\n\n<p>La Actividad es gratuita y pueden inscribirse  en la Direcci\u00f3n de Deportes e Inclusi\u00f3n Deportiva (ex. Col. Ing. Maury). Tambi\u00e9n pueden hacerlo en estos n\u00fameros de celular 3875 908757 y 3874 186371<\/p>\n\n\n\n<p>Escucha la entrevista:<\/p>\n\n\n\n<figure class=\"wp-block-audio\"><audio controls src=\"https:\/\/nahuelproducciones.com.ar\/radioquijano\/wp-content\/uploads\/2024\/08\/5-08-2024-LORENCIA-RUAX-DIRECORA-DE-DEPORTE-INCLUSIVO-TEMA-REACTIVA-ACTIVIDADES-SUSPENDIDAS-POR-EL-VIENTO.mp3\"><\/audio><\/figure>\n","protected":false},"excerpt":{"rendered":"<p>Este s\u00e1bado 10 de agosto, en el marco del mes de las infancias se realizar\u00e1 una jornada de Cicloturismo Familiar en el municipio de Campo Quijano. En comunicaci\u00f3n telef\u00f3nica con RQ99.9Mhz , la Directora de Inclusi\u00f3n Deportiva del municipio, Lic. Florencia Ruax\u00a0invito a todas las familias a sumarse a recorrer nuestro municipio sobre ruedas y [&hellip;]<\/p>\n","protected":false},"author":8,"featured_media":8594,"comment_status":"open","ping_status":"open","sticky":false,"template":"","format":"standard","meta":{"_monsterinsights_skip_tracking":false,"_monsterinsights_sitenote_active":false,"_monsterinsights_sitenote_note":"","_monsterinsights_sitenote_category":0,"footnotes":""},"categories":[16],"tags":[251,100],"class_list":["post-8591","post","type-post","status-publish","format-standard","has-post-thumbnail","hentry","category-noticias","tag-direccion-de-deportes-de-campo-quijano","tag-municipio-de-campo-quijano"],"yoast_head":"<!-- This site is optimized with the Yoast SEO plugin v20.8 - https:\/\/yoast.com\/wordpress\/plugins\/seo\/ -->\n<title>10 de agosto:Cicloturismo familiar - RQ 99.9<\/title>\n<meta name=\"description\" content=\"La concentraci\u00f3n ser\u00e1 a las 15:00 horas en la Estaci\u00f3n de Trenes de Campo Quijano\" \/>\n<meta name=\"robots\" content=\"index, follow, max-snippet:-1, max-image-preview:large, max-video-preview:-1\" \/>\n<link rel=\"canonical\" href=\"https:\/\/nahuelproducciones.com.ar\/radioquijano\/10-de-agostocicloturismo-familiar\/\" \/>\n<meta property=\"og:locale\" content=\"es_ES\" \/>\n<meta property=\"og:type\" content=\"article\" \/>\n<meta property=\"og:title\" content=\"10 de agosto:Cicloturismo familiar - RQ 99.9\" \/>\n<meta property=\"og:description\" content=\"La concentraci\u00f3n ser\u00e1 a las 15:00 horas en la Estaci\u00f3n de Trenes de Campo Quijano\" \/>\n<meta property=\"og:url\" content=\"https:\/\/nahuelproducciones.com.ar\/radioquijano\/10-de-agostocicloturismo-familiar\/\" \/>\n<meta property=\"og:site_name\" content=\"RQ 99.9\" \/>\n<meta property=\"article:publisher\" content=\"https:\/\/www.facebook.com\/nahuelproducciones999\/\" \/>\n<meta property=\"article:published_time\" content=\"2024-08-06T11:20:22+00:00\" \/>\n<meta property=\"og:image\" content=\"https:\/\/nahuelproducciones.com.ar\/radioquijano\/wp-content\/uploads\/2024\/08\/454378845_901587195331025_3066084157118625617_n-e1722943215724.jpg\" \/>\n\t<meta property=\"og:image:width\" content=\"700\" \/>\n\t<meta property=\"og:image:height\" content=\"875\" \/>\n\t<meta property=\"og:image:type\" content=\"image\/jpeg\" \/>\n<meta name=\"author\" content=\"Cecilia Pastrana\" \/>\n<meta name=\"twitter:card\" content=\"summary_large_image\" \/>\n<meta name=\"twitter:creator\" content=\"@nahuproduciones\" \/>\n<meta name=\"twitter:site\" content=\"@nahuproduciones\" \/>\n<meta name=\"twitter:label1\" content=\"Escrito por\" \/>\n\t<meta name=\"twitter:data1\" content=\"Cecilia Pastrana\" \/>\n\t<meta name=\"twitter:label2\" content=\"Tiempo de lectura\" \/>\n\t<meta name=\"twitter:data2\" content=\"1 minuto\" \/>\n<script type=\"application\/ld+json\" class=\"yoast-schema-graph\">{\"@context\":\"https:\/\/schema.org\",\"@graph\":[{\"@type\":\"WebPage\",\"@id\":\"https:\/\/nahuelproducciones.com.ar\/radioquijano\/10-de-agostocicloturismo-familiar\/\",\"url\":\"https:\/\/nahuelproducciones.com.ar\/radioquijano\/10-de-agostocicloturismo-familiar\/\",\"name\":\"10 de agosto:Cicloturismo familiar - RQ 99.9\",\"isPartOf\":{\"@id\":\"https:\/\/nahuelproducciones.com.ar\/radioquijano\/#website\"},\"datePublished\":\"2024-08-06T11:20:22+00:00\",\"dateModified\":\"2024-08-06T11:20:22+00:00\",\"author\":{\"@id\":\"https:\/\/nahuelproducciones.com.ar\/radioquijano\/#\/schema\/person\/e8a4f939e2cb487fe6d0c54042c9d32c\"},\"description\":\"La concentraci\u00f3n ser\u00e1 a las 15:00 horas en la Estaci\u00f3n de Trenes de Campo Quijano\",\"breadcrumb\":{\"@id\":\"https:\/\/nahuelproducciones.com.ar\/radioquijano\/10-de-agostocicloturismo-familiar\/#breadcrumb\"},\"inLanguage\":\"es\",\"potentialAction\":[{\"@type\":\"ReadAction\",\"target\":[\"https:\/\/nahuelproducciones.com.ar\/radioquijano\/10-de-agostocicloturismo-familiar\/\"]}]},{\"@type\":\"BreadcrumbList\",\"@id\":\"https:\/\/nahuelproducciones.com.ar\/radioquijano\/10-de-agostocicloturismo-familiar\/#breadcrumb\",\"itemListElement\":[{\"@type\":\"ListItem\",\"position\":1,\"name\":\"Portada\",\"item\":\"https:\/\/nahuelproducciones.com.ar\/radioquijano\/\"},{\"@type\":\"ListItem\",\"position\":2,\"name\":\"10 de agosto:Cicloturismo familiar\"}]},{\"@type\":\"WebSite\",\"@id\":\"https:\/\/nahuelproducciones.com.ar\/radioquijano\/#website\",\"url\":\"https:\/\/nahuelproducciones.com.ar\/radioquijano\/\",\"name\":\"RQ 99.9\",\"description\":\"Radio Quijano 99.9 MHz\",\"potentialAction\":[{\"@type\":\"SearchAction\",\"target\":{\"@type\":\"EntryPoint\",\"urlTemplate\":\"https:\/\/nahuelproducciones.com.ar\/radioquijano\/?s={search_term_string}\"},\"query-input\":\"required name=search_term_string\"}],\"inLanguage\":\"es\"},{\"@type\":\"Person\",\"@id\":\"https:\/\/nahuelproducciones.com.ar\/radioquijano\/#\/schema\/person\/e8a4f939e2cb487fe6d0c54042c9d32c\",\"name\":\"Cecilia Pastrana\",\"image\":{\"@type\":\"ImageObject\",\"inLanguage\":\"es\",\"@id\":\"https:\/\/nahuelproducciones.com.ar\/radioquijano\/#\/schema\/person\/image\/\",\"url\":\"https:\/\/secure.gravatar.com\/avatar\/661a3ef63a8488d4f2794ed44af8cf71420f7e106f3072c40125114df5157749?s=96&d=mm&r=g\",\"contentUrl\":\"https:\/\/secure.gravatar.com\/avatar\/661a3ef63a8488d4f2794ed44af8cf71420f7e106f3072c40125114df5157749?s=96&d=mm&r=g\",\"caption\":\"Cecilia Pastrana\"},\"sameAs\":[\"cecy\"],\"url\":\"https:\/\/nahuelproducciones.com.ar\/radioquijano\/author\/cecy\/\"}]}<\/script>\n<!-- \/ Yoast SEO plugin. -->","yoast_head_json":{"title":"10 de agosto:Cicloturismo familiar - RQ 99.9","description":"La concentraci\u00f3n ser\u00e1 a las 15:00 horas en la Estaci\u00f3n de Trenes de Campo Quijano","robots":{"index":"index","follow":"follow","max-snippet":"max-snippet:-1","max-image-preview":"max-image-preview:large","max-video-preview":"max-video-preview:-1"},"canonical":"https:\/\/nahuelproducciones.com.ar\/radioquijano\/10-de-agostocicloturismo-familiar\/","og_locale":"es_ES","og_type":"article","og_title":"10 de agosto:Cicloturismo familiar - RQ 99.9","og_description":"La concentraci\u00f3n ser\u00e1 a las 15:00 horas en la Estaci\u00f3n de Trenes de Campo Quijano","og_url":"https:\/\/nahuelproducciones.com.ar\/radioquijano\/10-de-agostocicloturismo-familiar\/","og_site_name":"RQ 99.9","article_publisher":"https:\/\/www.facebook.com\/nahuelproducciones999\/","article_published_time":"2024-08-06T11:20:22+00:00","og_image":[{"width":700,"height":875,"url":"https:\/\/nahuelproducciones.com.ar\/radioquijano\/wp-content\/uploads\/2024\/08\/454378845_901587195331025_3066084157118625617_n-e1722943215724.jpg","type":"image\/jpeg"}],"author":"Cecilia Pastrana","twitter_card":"summary_large_image","twitter_creator":"@nahuproduciones","twitter_site":"@nahuproduciones","twitter_misc":{"Escrito por":"Cecilia Pastrana","Tiempo de lectura":"1 minuto"},"schema":{"@context":"https:\/\/schema.org","@graph":[{"@type":"WebPage","@id":"https:\/\/nahuelproducciones.com.ar\/radioquijano\/10-de-agostocicloturismo-familiar\/","url":"https:\/\/nahuelproducciones.com.ar\/radioquijano\/10-de-agostocicloturismo-familiar\/","name":"10 de agosto:Cicloturismo familiar - RQ 99.9","isPartOf":{"@id":"https:\/\/nahuelproducciones.com.ar\/radioquijano\/#website"},"datePublished":"2024-08-06T11:20:22+00:00","dateModified":"2024-08-06T11:20:22+00:00","author":{"@id":"https:\/\/nahuelproducciones.com.ar\/radioquijano\/#\/schema\/person\/e8a4f939e2cb487fe6d0c54042c9d32c"},"description":"La concentraci\u00f3n ser\u00e1 a las 15:00 horas en la Estaci\u00f3n de Trenes de Campo Quijano","breadcrumb":{"@id":"https:\/\/nahuelproducciones.com.ar\/radioquijano\/10-de-agostocicloturismo-familiar\/#breadcrumb"},"inLanguage":"es","potentialAction":[{"@type":"ReadAction","target":["https:\/\/nahuelproducciones.com.ar\/radioquijano\/10-de-agostocicloturismo-familiar\/"]}]},{"@type":"BreadcrumbList","@id":"https:\/\/nahuelproducciones.com.ar\/radioquijano\/10-de-agostocicloturismo-familiar\/#breadcrumb","itemListElement":[{"@type":"ListItem","position":1,"name":"Portada","item":"https:\/\/nahuelproducciones.com.ar\/radioquijano\/"},{"@type":"ListItem","position":2,"name":"10 de agosto:Cicloturismo familiar"}]},{"@type":"WebSite","@id":"https:\/\/nahuelproducciones.com.ar\/radioquijano\/#website","url":"https:\/\/nahuelproducciones.com.ar\/radioquijano\/","name":"RQ 99.9","description":"Radio Quijano 99.9 MHz","potentialAction":[{"@type":"SearchAction","target":{"@type":"EntryPoint","urlTemplate":"https:\/\/nahuelproducciones.com.ar\/radioquijano\/?s={search_term_string}"},"query-input":"required name=search_term_string"}],"inLanguage":"es"},{"@type":"Person","@id":"https:\/\/nahuelproducciones.com.ar\/radioquijano\/#\/schema\/person\/e8a4f939e2cb487fe6d0c54042c9d32c","name":"Cecilia Pastrana","image":{"@type":"ImageObject","inLanguage":"es","@id":"https:\/\/nahuelproducciones.com.ar\/radioquijano\/#\/schema\/person\/image\/","url":"https:\/\/secure.gravatar.com\/avatar\/661a3ef63a8488d4f2794ed44af8cf71420f7e106f3072c40125114df5157749?s=96&d=mm&r=g","contentUrl":"https:\/\/secure.gravatar.com\/avatar\/661a3ef63a8488d4f2794ed44af8cf71420f7e106f3072c40125114df5157749?s=96&d=mm&r=g","caption":"Cecilia Pastrana"},"sameAs":["cecy"],"url":"https:\/\/nahuelproducciones.com.ar\/radioquijano\/author\/cecy\/"}]}},"_links":{"self":[{"href":"https:\/\/nahuelproducciones.com.ar\/radioquijano\/wp-json\/wp\/v2\/posts\/8591","targetHints":{"allow":["GET"]}}],"collection":[{"href":"https:\/\/nahuelproducciones.com.ar\/radioquijano\/wp-json\/wp\/v2\/posts"}],"about":[{"href":"https:\/\/nahuelproducciones.com.ar\/radioquijano\/wp-json\/wp\/v2\/types\/post"}],"author":[{"embeddable":true,"href":"https:\/\/nahuelproducciones.com.ar\/radioquijano\/wp-json\/wp\/v2\/users\/8"}],"replies":[{"embeddable":true,"href":"https:\/\/nahuelproducciones.com.ar\/radioquijano\/wp-json\/wp\/v2\/comments?post=8591"}],"version-history":[{"count":1,"href":"https:\/\/nahuelproducciones.com.ar\/radioquijano\/wp-json\/wp\/v2\/posts\/8591\/revisions"}],"predecessor-version":[{"id":8595,"href":"https:\/\/nahuelproducciones.com.ar\/radioquijano\/wp-json\/wp\/v2\/posts\/8591\/revisions\/8595"}],"wp:featuredmedia":[{"embeddable":true,"href":"https:\/\/nahuelproducciones.com.ar\/radioquijano\/wp-json\/wp\/v2\/media\/8594"}],"wp:attachment":[{"href":"https:\/\/nahuelproducciones.com.ar\/radioquijano\/wp-json\/wp\/v2\/media?parent=8591"}],"wp:term":[{"taxonomy":"category","embeddable":true,"href":"https:\/\/nahuelproducciones.com.ar\/radioquijano\/wp-json\/wp\/v2\/categories?post=8591"},{"taxonomy":"post_tag","embeddable":true,"href":"https:\/\/nahuelproducciones.com.ar\/radioquijano\/wp-json\/wp\/v2\/tags?post=8591"}],"curies":[{"name":"wp","href":"https:\/\/api.w.org\/{rel}","templated":true}]}}